{"id":374028,"date":"2026-04-30T13:34:23","date_gmt":"2026-04-30T12:34:23","guid":{"rendered":"https:\/\/zakrasnejsivimperk.cz\/?p=374028"},"modified":"2026-04-30T13:34:23","modified_gmt":"2026-04-30T12:34:23","slug":"jaroslav-stefec-zavazky-cr-vuci-nato","status":"publish","type":"post","link":"https:\/\/zakrasnejsivimperk.cz\/?p=374028","title":{"rendered":"JAROSLAV \u0160TEFEC: Z\u00e1vazky \u010cR v\u016f\u010di NATO"},"content":{"rendered":"<h6>Mainstreamov\u00e1 m\u00e9dia v posledn\u00ed dob\u011b neust\u00e1le om\u00edlaj\u00ed \u00fadajn\u00e9 \u201enepln\u011bn\u00ed z\u00e1vazk\u016f \u010cR v\u016f\u010di NATO\u201c. P\u00ed\u0161\u00ed o tom tabloidy Novinky a Seznam Zpr\u00e1vy, zkrachoval\u00fd politolog Fiala i ne pr\u00e1v\u011b pravdomluvn\u00e1 b\u00fdval\u00e1 ministryn\u011b obrany \u010cernochov\u00e1, z jej\u00edho\u017e neblah\u00e9ho p\u016fsoben\u00ed se bude resort obrany \u010cR je\u0161t\u011b dlouho vzpamatov\u00e1vat, se chv\u00e1l\u00ed, \u017ee za jejich vl\u00e1dy \u201ebylo l\u00e9pe\u201c. A z\u00e1vazky se plnily.<\/h6>\n<p><img loading=\"lazy\" decoding=\"async\" class=\"size-medium wp-image-273661 alignright\" src=\"https:\/\/zakrasnejsivimperk.cz\/wp-content\/uploads\/2023\/02\/22\/jaroslav-stefec-243x300.png\" alt=\"\" width=\"243\" height=\"300\" srcset=\"https:\/\/zakrasnejsivimperk.cz\/wp-content\/uploads\/2023\/02\/22\/jaroslav-stefec-243x300.png 243w, https:\/\/zakrasnejsivimperk.cz\/wp-content\/uploads\/2023\/02\/22\/jaroslav-stefec-290x357.png 290w, https:\/\/zakrasnejsivimperk.cz\/wp-content\/uploads\/2023\/02\/22\/jaroslav-stefec.png 292w\" sizes=\"(max-width: 243px) 100vw, 243px\" \/>Jak m\u00e9dia, tak vy\u010dp\u011bl\u00e9 politick\u00e9 celebrity l\u017eou. \u010cR toti\u017e v\u016f\u010di NATO \u017e\u00e1dn\u00e9 z\u00e1vazky nem\u00e1. Jedin\u00fd z\u00e1vazek, platn\u00fd pro v\u0161echny signat\u00e1\u0159e Severoatlantick\u00e9 smlouvy, je vyj\u00e1d\u0159en v jej\u00edm \u010dl\u00e1nku 1: \u201eSmluvn\u00ed strany SE ZAVAZUJ\u00cd, jak je uvedeno v Chart\u011b OSN, urovn\u00e1vat ve\u0161ker\u00e9 mezin\u00e1rodn\u00ed spory, v nich\u017e mohou b\u00fdt \u00fa\u010dastny, m\u00edrov\u00fdmi prost\u0159edky tak, aby nebyl ohro\u017een mezin\u00e1rodn\u00ed m\u00edr, bezpe\u010dnost a spravedlnost, a zdr\u017eet se ve sv\u00fdch mezin\u00e1rodn\u00edch vztaz\u00edch hrozby silou nebo pou\u017eit\u00ed s\u00edly jak\u00fdmkoli zp\u016fsobem neslu\u010diteln\u00fdm s c\u00edli OSN.\u201c<\/p>\n<p>\u017d\u00e1dn\u00fd jin\u00fd \u010dl\u00e1nek t\u00e9to smlouvy nen\u00ed pro jej\u00ed signat\u00e1\u0159e z\u00e1vazn\u00fd. Ani \u010dl\u00e1nek 3, podle n\u011bho\u017e \u201e\u2026 budou smluvn\u00ed strany jednotliv\u011b i spole\u010dn\u011b st\u00e1lou a \u00fa\u010dinnou sv\u00e9pomoc\u00ed a vz\u00e1jemnou v\u00fdpomoc\u00ed udr\u017eovat a rozv\u00edjet svoji individu\u00e1ln\u00ed i kolektivn\u00ed schopnost odolat ozbrojen\u00e9mu \u00fatoku\u201c, ani na\u0161imi \u201elibtardy\u201c neust\u00e1le vz\u00fdvan\u00fd \u010dl\u00e1nek 5 o \u00fadajn\u00e9 \u201evz\u00e1jemn\u00e9 pomoci\u201c. Jeho zn\u011bn\u00ed ponech\u00e1v\u00e1 v\u00fdhradn\u011b na v\u016fli jednotliv\u00fdch signat\u00e1\u0159\u016f, v jak\u00e9 form\u011b a rozsahu se zapoj\u00ed do p\u0159\u00edpadn\u00fdch ozbrojen\u00fdch konflikt\u016f \u201e\u2026 s c\u00edlem obnovit a zachovat bezpe\u010dnost severoatlantick\u00e9ho prostoru\u201c. Do n\u011bho\u017e ov\u0161em nespad\u00e1 ani St\u0159edn\u00ed v\u00fdchod, ani Ukrajina, kter\u00e1 nen\u00ed \u010dlenskou zem\u00ed NATO. Po\u010d\u00ednaje \u010dl\u00e1nkem 2 maj\u00ed v\u0161echna ostatn\u00ed ustanoven\u00ed Severoatlantick\u00e9 smlouvy charakter pouh\u00fdch deklaratorn\u00edch ujedn\u00e1n\u00ed, jejich\u017e pln\u011bn\u00ed je pr\u00e1vn\u011b nevymahateln\u00e9.<\/p>\n<p>Pro \u010desk\u00fd st\u00e1t, resp. pro jeho vl\u00e1du, v\u0161ak existuje jeden z\u00e1sadn\u00ed z\u00e1vazek. Ten je definovan\u00fd v paragrafu 9, odstavec 1 z\u00e1kona o ozbrojen\u00fdch sil\u00e1ch takto: \u201eZ\u00e1kladn\u00edm \u00fakolem ozbrojen\u00fdch sil je p\u0159ipravovat se k obran\u011b \u010cesk\u00e9 republiky a br\u00e1nit ji proti vn\u011bj\u0161\u00edmu napaden\u00ed.\u201c Zavazuje \u010desk\u00e9 vl\u00e1dy, ministerstvo obrany a gener\u00e1ln\u00ed \u0161t\u00e1b kontinu\u00e1ln\u011b vytv\u00e1\u0159et takov\u00e9 podm\u00ednky, aby arm\u00e1da mohla \u00fa\u010dinn\u011b br\u00e1nit \u010desk\u00fd st\u00e1t a jeho ob\u010dany, ani\u017e by ov\u0161em identifikoval, co je m\u00edn\u011bno t\u00edm \u201evn\u011bj\u0161\u00edm napaden\u00edm\u201c. \u010cesk\u00e9 republice toti\u017e chyb\u00ed dva z\u00e1sadn\u00ed dokumenty &#8211; obrann\u00e1 doktr\u00edna, identifikuj\u00edc\u00ed bez ideologick\u00e9ho prizmatu re\u00e1ln\u00e9 hrozby, jejich\u017e eliminace se neobejde bez funk\u010dn\u00ed arm\u00e1dy, a obrann\u00e1 strategie, vymezuj\u00edc\u00ed p\u0159\u00edstupy k jejich eliminaci.<\/p>\n<p>Hrozeb, k jejich\u017e eliminaci m\u016f\u017ee \u010desk\u00fd st\u00e1t pot\u0159ebovat arm\u00e1du, je opravdu hodn\u011b. \u017dijeme ve sv\u011bt\u011b, kter\u00fd je v\u0161echno, jen ne bezpe\u010dn\u00fd. Ke star\u00fdm hrozb\u00e1m, na kter\u00e9 jsme sice zapomn\u011bli, ale st\u00e1le existuj\u00ed, p\u0159ibyly nov\u00e9, o nich\u017e jsme je\u0161t\u011b p\u0159ed p\u00e1r lety nem\u011bli ani pon\u011bt\u00ed. Zji\u0161t\u011bn\u00ed, \u017ee nejsme p\u0159ipraveni \u010delit nejen nov\u00fdm, ale ani t\u011bm star\u00fdm, pozapomenut\u00fdm hrozb\u00e1m, je v mnoha ohledech frustruj\u00edc\u00ed, av\u0161ak logick\u00e9. Nikdo se jim nev\u011bnoval. Pokus\u00edm se n\u011bkter\u00e9 z nich nast\u00ednit spolu s p\u0159ipravenost\u00ed ozbrojen\u00fdch sil jim \u010delit.<\/p>\n<p>Mezi nejz\u00e1va\u017en\u011bj\u0161\u00ed hrozby bezesporu pat\u0159\u00ed proveden\u00ed jednoho nebo n\u011bkolika jadern\u00fdch \u00fader\u016f na \u00fazem\u00ed \u010cR, zam\u011b\u0159en\u00fdch na zni\u010den\u00ed m\u00edst velen\u00ed a \u0159\u00edzen\u00ed A\u010cR \/ NATO a hlavn\u00edch logistick\u00fdch uzl\u016f na na\u0161em \u00fazem\u00ed v r\u00e1mci v\u00e1lky NATO s Ruskou federac\u00ed. Jej\u00ed konkr\u00e9tn\u00ed projekce by mohla m\u00edt nap\u0159\u00edklad formu jadern\u00e9ho v\u00fdbuchu hlavice o mohutnosti 500 kt ve v\u00fd\u0161ce 100 km nad st\u0159edem \u010cR, jej\u00ed\u017e EMP by spolehliv\u011b vy\u0159adilo ve\u0161kerou nechr\u00e1n\u011bnou elektroniku i rozvodnou s\u00ed\u0165 na \u00fazem\u00ed cel\u00e9ho st\u00e1tu. Tuto hrozbu nem\u00e1me sebemen\u0161\u00ed \u0161anci jakkoliv odvr\u00e1tit a \u010desk\u00e1 arm\u00e1da nen\u00ed p\u0159ipravena j\u00ed ani \u010delit, ani pomoci obyvatelstvu v kritick\u00e9m obdob\u00ed po jej\u00ed realizaci. Nem\u00e1 k tomu dostatek technick\u00fdch prost\u0159edk\u016f (centr\u00e1ly, spojovac\u00ed a dopravn\u00ed prost\u0159edky, schopn\u00e9 odolat EMP, odmo\u0159ovac\u00ed soupravy, nouzov\u00e9 \u00fakryty obyvatelstva), ani poln\u00edch nemocnic, z\u00e1sob l\u00e9k\u016f, potravin, vody atd.<\/p>\n<p>Dal\u0161\u00ed konkr\u00e9tn\u00ed hrozbou je pokus ukrajinsk\u00e9 arm\u00e1dy st\u00e1hnout se na \u00fazem\u00ed Evropy v p\u0159\u00edpad\u011b prohran\u00e9 v\u00e1lky s Ruskou federac\u00ed, a to i za cenu pou\u017eit\u00ed vojensk\u00e9 s\u00edly. \u010cesk\u00e1 arm\u00e1da nen\u00ed v\u016fbec p\u0159ipravena \u010delit vojensk\u00e9mu vstupu vycvi\u010den\u00fdch a motivovan\u00fdch bojov\u00fdch jednotek na \u00fazem\u00ed \u010cR ani samostatn\u011b, ani v r\u00e1mci spojeneck\u00fdch svazk\u016f. Aktivace \u010dl\u00e1nku 5 smlouvy o NATO by byla bezp\u0159edm\u011btn\u00e1, proto\u017ee t\u00e9mu\u017e probl\u00e9mu by \u010delily i mnoh\u00e9 dal\u0161\u00ed zem\u011b Aliance.<\/p>\n<p>Dal\u0161\u00ed hrozbou je propuknut\u00ed n\u00e1bo\u017eensk\u00fdch v\u00e1lek v z\u00e1padn\u00ed Evrop\u011b, doprov\u00e1zen\u00e9 snahou ozbrojen\u00fdch guerillov\u00fdch skupin pronikat na \u00fazem\u00ed \u010cR a z\u00edskat zde z\u00e1zem\u00ed. Ozbrojen\u00e9 s\u00edly \u010cR nejsou na tuto eventualitu v\u016fbec p\u0159ipravov\u00e1ny a cvi\u010deny. Situace by vy\u017eadovala \u00fazkou spolupr\u00e1ci speci\u00e1ln\u00edch sil A\u010cR s Polic\u00ed \u010cR a s arm\u00e1dami sousedn\u00edch st\u00e1t\u016f, zejm\u00e9na Polska a Slovenska. Aktivace \u010dl\u00e1nku 5 nepad\u00e1 do \u00favahy, proto\u017ee by se t\u00fdkala v\u011bt\u0161iny z\u00e1padn\u00edch zem\u00ed EU.<\/p>\n<p>V d\u00e9ledob\u00e9m horizontu m\u016f\u017ee doj\u00edt k situaci, kdy se Polsko rozhodne op\u011bt z\u00edskat v\u00fdchodn\u00ed \u010d\u00e1st T\u011b\u0161\u00ednska, kterou anektovalo v r\u00e1mci paktu s nacistick\u00fdm N\u011bmeckem v roce 1938. Vojensk\u00e9 s\u00edle Polska nem\u00e1 A\u010cR \u0161anci \u010delit, je t\u0159eba podobnou mo\u017enost vylou\u010dit diplomatick\u00fdmi cestami. Na tuto hrozbu nejsou ani \u010cR jako st\u00e1t, ani A\u010cR v\u016fbec p\u0159ipraveny.<\/p>\n<p>\u010cesk\u00e1 arm\u00e1da nen\u00ed p\u0159ipravena \u010delit ani hrozb\u00e1m nevojensk\u00e9ho charakteru. T\u011bmi mohou b\u00fdt nap\u0159\u00edklad teroristick\u00e9 \u00fatoky na \u00fazem\u00ed \u010cR, prov\u00e1d\u011bn\u00e9 pomoc\u00ed dron\u016f, aktivace organizovan\u00fdch zlo\u010dineck\u00fdch skupin do stavu, vy\u017eaduj\u00edc\u00edho nasazen\u00ed arm\u00e1dy (viz situace v Belgii, kde politick\u00e9 veden\u00ed zva\u017euje nasazen\u00ed arm\u00e1dy dokonce i v srdci EU a NATO, hlavn\u00edm m\u011bst\u011b Bruselu, nebo situace v USA, kde arm\u00e1da a n\u00e1rodn\u00ed garda vstupuje do zlo\u010dinci ovl\u00e1dan\u00fdch m\u011bst), katastrofy typu povodn\u00ed \u010di atmosf\u00e9rick\u00fdch jev\u016f (torn\u00e1da apod.), pr\u016fmyslov\u00e9 hav\u00e1rie velk\u00e9ho rozsahu, p\u0159\u00edpadn\u011b rozs\u00e1hl\u00fd blackout, zasahuj\u00edc\u00ed cel\u00e9 \u00fazem\u00ed \u010cR, nebo jeho podstatnou \u010d\u00e1st.<\/p>\n<p>Na eliminaci v\u00fd\u0161e uveden\u00fdch i dal\u0161\u00edch potenci\u00e1ln\u00edch hrozeb, vy\u017eaduj\u00edc\u00edch \u00fazkou sou\u010dinnost arm\u00e1dy, policie, v\u0161ech slo\u017eek IZS a tak\u00e9 maxim\u00e1ln\u00ed m\u00edru zapojen\u00ed obyvatelstva, nejsou ani ozbrojen\u00e9 s\u00edly, ani IZS, ani ob\u010dan\u00e9 v\u016fbec p\u0159ipraveni. Nejsou na n\u011b p\u0159ipraveny ani vl\u00e1da, ani st\u00e1tn\u00ed spr\u00e1va. Mnoh\u00e9 z nich dosud nejsou ofici\u00e1ln\u011b ani pojmenov\u00e1ny, ani deklarov\u00e1ny jako hrozby, vy\u017eaduj\u00edc\u00ed anga\u017eov\u00e1n\u00ed arm\u00e1dy. Novin\u00e1\u0159i a zkrachoval\u00ed politici, volaj\u00edc\u00ed po \u201edodr\u017een\u00ed z\u00e1vazk\u016f v\u016f\u010di NATO ve v\u00fddaj\u00edch na zbrojen\u00ed\u201c, tak v\u016fbec netu\u0161\u00ed, do \u010deho vlastn\u011b tyto \u201ev\u00fddaje\u201c investovat.<\/p>\n<p>Netu\u0161\u00ed, \u017ee sv\u00fdmi \u201ev\u00fdlevy\u201c jen posiluj\u00ed korup\u010dn\u00ed \u0159et\u011bzce, buj\u00edc\u00ed kolem \u010desk\u00e9ho ministerstva obrany a \u017ee pen\u011bzi, vyhazovan\u00fdmi za nesmysln\u00e9 a p\u0159edra\u017een\u00e9 n\u00e1kupy zahrani\u010dn\u00edch zbran\u00ed, \u010cR vlastn\u011b financuje v\u00fdstavbu ciz\u00edch (potenci\u00e1ln\u011b nebezpe\u010dn\u00fdch) arm\u00e1d, ani\u017e by sebem\u00e9n\u011b zv\u00fd\u0161ila schopnosti sv\u00e9 arm\u00e1dy a bezpe\u010dnost \u010desk\u00fdch ob\u010dan\u016f. V\u0161echno je toti\u017e o lidech. Pokud se arm\u00e1d\u011b nepoda\u0159\u00ed z\u00edskat dostatek lid\u00ed, ochotn\u00fdch br\u00e1nit \u010cR, ztr\u00e1c\u00ed smysl i jak\u00e9koliv, by\u0165 sebev\u011bt\u0161\u00ed investice do technologi\u00ed a sofistikovan\u00e9 v\u00fdzbroje. Nebude ji toti\u017e m\u00edt kdo ovl\u00e1dat.<\/p>\n<p>&nbsp;<\/p>\n<p><strong>FB \u2013\u00a0<\/strong><strong><a href=\"https:\/\/www.facebook.com\/profile.php?id=100016828963330\" target=\"_blank\" rel=\"noopener\">Jaroslav \u0160TEFEC<\/a>, vojensk\u00fd analytik<\/strong><\/p>\n<hr \/>\n<p>&nbsp;<\/p>\n<p><img loading=\"lazy\" decoding=\"async\" class=\"aligncenter wp-image-331071 size-large\" src=\"https:\/\/zakrasnejsivimperk.cz\/wp-content\/uploads\/2024\/12\/08\/stefec-cena-1024x659.jpg\" alt=\"\" width=\"700\" height=\"450\" srcset=\"https:\/\/zakrasnejsivimperk.cz\/wp-content\/uploads\/2024\/12\/08\/stefec-cena-1024x659.jpg 1024w, https:\/\/zakrasnejsivimperk.cz\/wp-content\/uploads\/2024\/12\/08\/stefec-cena-300x193.jpg 300w, https:\/\/zakrasnejsivimperk.cz\/wp-content\/uploads\/2024\/12\/08\/stefec-cena-768x494.jpg 768w, https:\/\/zakrasnejsivimperk.cz\/wp-content\/uploads\/2024\/12\/08\/stefec-cena-100x65.jpg 100w, https:\/\/zakrasnejsivimperk.cz\/wp-content\/uploads\/2024\/12\/08\/stefec-cena-555x357.jpg 555w, https:\/\/zakrasnejsivimperk.cz\/wp-content\/uploads\/2024\/12\/08\/stefec-cena-750x483.jpg 750w, https:\/\/zakrasnejsivimperk.cz\/wp-content\/uploads\/2024\/12\/08\/stefec-cena.jpg 1100w\" sizes=\"(max-width: 700px) 100vw, 700px\" \/><\/p>\n<hr \/>\n<p>&nbsp;<\/p>\n<h4>Jin\u00e9 \u010dl\u00e1nky autora:<\/h4>\n<h6 class=\"entry-title\"><a href=\"https:\/\/zakrasnejsivimperk.cz\/?p=373088\" target=\"_blank\" rel=\"noopener\">JAROSLAV \u0160TEFEC: \u201cAmerika na prvn\u00edm m\u00edst\u011b\u201d<\/a><\/h6>\n<h6 class=\"entry-title\"><a href=\"https:\/\/zakrasnejsivimperk.cz\/?p=372813\" target=\"_blank\" rel=\"noopener\">JAROSLAV \u0160TEFEC: Gagarinova mise se nesmazateln\u011b zapsala do sv\u011btov\u00e9 historie<\/a><\/h6>\n<h6 class=\"entry-title\"><a href=\"https:\/\/zakrasnejsivimperk.cz\/?p=368323\" target=\"_blank\" rel=\"noopener\">JAROSLAV \u0160TEFEC: Voly\u0148sk\u00fd masakr. Nezapom\u00ednejme!<\/a><\/h6>\n<h6 class=\"entry-title\"><a href=\"https:\/\/zakrasnejsivimperk.cz\/?p=367595\" target=\"_blank\" rel=\"noopener\">JAROSLAV \u0160TEFEC: Co vlastn\u011b cht\u011bj\u00ed? Zvr\u00e1tit demokratick\u00e9 volby?<\/a><\/h6>\n<h6 class=\"entry-title\"><a href=\"https:\/\/zakrasnejsivimperk.cz\/?p=367448\" target=\"_blank\" rel=\"noopener\">JAROSLAV \u0160TEFEC: Kdo je a \u010deho je schopn\u00fd Petr Kol\u00e1\u0159, \u201cstvo\u0159itel\u201d Petra Pavla<\/a><\/h6>\n<h6 class=\"entry-title\"><a href=\"https:\/\/zakrasnejsivimperk.cz\/?p=366998\" target=\"_blank\" rel=\"noopener\">JAROSLAV \u0160TEFEC: Takhle m\u016f\u017ee p\u0159em\u00fd\u0161let jen vy\u0161inut\u00fd magor<\/a><\/h6>\n<h6 class=\"entry-title\"><a href=\"https:\/\/zakrasnejsivimperk.cz\/?p=363371\" target=\"_blank\" rel=\"noopener\">JAROSLAV \u0160TEFEC: Ur\u010dit\u011b n\u00e1s \u010dek\u00e1 zaj\u00edmav\u00fd advent. A to i d\u00edky d\u011bn\u00ed u n\u00e1s doma<\/a><\/h6>\n<h6 class=\"entry-title\"><a href=\"https:\/\/zakrasnejsivimperk.cz\/?p=362557\" target=\"_blank\" rel=\"noopener\">JAROSLAV \u0160TEFEC: Hrozby z ne\u0159\u00edzen\u00e9 imigrace ze zem\u00ed St\u0159edn\u00edho v\u00fdchodu a Afriky<\/a><\/h6>\n<h6 class=\"entry-title\"><a href=\"https:\/\/zakrasnejsivimperk.cz\/?p=362997\" target=\"_blank\" rel=\"noopener\">JAROSLAV \u0160TEFEC: Je\u0161t\u011b jednou ke kauze \u0161mejd\u016f<\/a><\/h6>\n<h6 class=\"entry-title\"><a href=\"https:\/\/zakrasnejsivimperk.cz\/?p=362914\" target=\"_blank\" rel=\"noopener\">JAROSLAV \u0160TEFEC: O co v t\u00e9to h\u0159e vlastn\u011b jde?<\/a><\/h6>\n<h6 class=\"entry-title\"><a href=\"https:\/\/zakrasnejsivimperk.cz\/?p=361564\" target=\"_blank\" rel=\"noopener\">JAROSLAV \u0160TEFEC: Ukrajina, zem\u011b prolezl\u00e1 korupc\u00ed, v n\u00ed\u017e miz\u00ed pen\u00edze i v\u011bcn\u00e1 pomoc ze zahrani\u010d\u00ed jako v bezedn\u00e9 \u010dern\u00e9 d\u00ed\u0159e<\/a><\/h6>\n<h6 class=\"entry-title\"><a href=\"https:\/\/zakrasnejsivimperk.cz\/?p=361115\" target=\"_blank\" rel=\"noopener\">JAROSLAV \u0160TEFEC: Kolik vlastn\u011b existuje \u010cesk\u00fdch republik?<\/a><\/h6>\n<h6 class=\"entry-title\"><a href=\"https:\/\/zakrasnejsivimperk.cz\/?p=361439\" target=\"_blank\" rel=\"noopener\">JAROSLAV \u0160TEFEC: Nechceme v\u00e1lku, nechceme v n\u00ed um\u00edrat, nebo do n\u00ed pos\u00edlat na smrt na\u0161e d\u011bti<\/a><\/h6>\n<h6 class=\"entry-title\"><a href=\"https:\/\/zakrasnejsivimperk.cz\/?p=360913\" target=\"_blank\" rel=\"noopener\">JAROSLAV \u0160TEFEC: N\u011bkdo Donaldovy pl\u00e1ny prost\u011b zaplatit mus\u00ed<\/a><\/h6>\n<h6 class=\"entry-title\"><a href=\"https:\/\/zakrasnejsivimperk.cz\/?p=360780\" target=\"_blank\" rel=\"noopener\">JAROSLAV \u0160TEFEC: Hold state\u010dn\u00e9mu \u010dlov\u011bku<\/a><\/h6>\n<h6 class=\"entry-title\"><a href=\"https:\/\/zakrasnejsivimperk.cz\/?p=360728\" target=\"_blank\" rel=\"noopener\">JAROSLAV \u0160TEFEC: \u201cJaj, ha sme v p\u00e9rdeli, pane hr\u00e1b\u011b!\u201d<\/a><\/h6>\n<h6 class=\"entry-title\"><a href=\"https:\/\/zakrasnejsivimperk.cz\/?p=359705\" target=\"_blank\" rel=\"noopener\">JAROSLAV \u0160TEFEC: Pon\u00ed\u017een\u00fd \u017eebr\u00e1k za plotem B\u00edl\u00e9ho domu<\/a><\/h6>\n<h6 class=\"entry-title\"><a href=\"https:\/\/zakrasnejsivimperk.cz\/?p=359300\" target=\"_blank\" rel=\"noopener\">JAROSLAV \u0160TEFEC: Tomahawky pro Ukrajinu<\/a><\/h6>\n<h6 class=\"entry-title\"><a href=\"https:\/\/zakrasnejsivimperk.cz\/?p=359085\" target=\"_blank\" rel=\"noopener\">JAROSLAV \u0160TEFEC: \u201eNezn\u00e1m\u00e9 podez\u0159el\u00e9 drony\u201c<\/a><\/h6>\n<h6 class=\"entry-title\"><a href=\"https:\/\/zakrasnejsivimperk.cz\/?p=357780\" target=\"_blank\" rel=\"noopener\">JAROSLAV \u0160TEFEC: \u201cK\u0161eft stolet\u00ed\u201d krvav\u011b zaplat\u00ed st\u00e1ty EU v\u010detn\u011b n\u00e1s<\/a><\/h6>\n<h6 class=\"entry-title\"><a href=\"https:\/\/zakrasnejsivimperk.cz\/?p=357313\" target=\"_blank\" rel=\"noopener\">JAROSLAV \u0160TEFEC: Biskupov\u00e9 zasahuj\u00ed do pravidel demokratick\u00fdch voleb<\/a><\/h6>\n<h6 class=\"entry-title\"><a href=\"https:\/\/zakrasnejsivimperk.cz\/?p=357491\" target=\"_blank\" rel=\"noopener\">JAROSLAV \u0160TEFEC: Petr Pavel dr\u017e\u00ed pevn\u011b linii p\u016fvodn\u011b sov\u011btsk\u00fdch, dnes rusk\u00fdch zpravodajsk\u00fdch slu\u017eeb, k nim\u017e sv\u00e9ho \u010dasu pat\u0159il<\/a><\/h6>\n<h6 class=\"entry-title\"><a href=\"https:\/\/zakrasnejsivimperk.cz\/?p=357315\" target=\"_blank\" rel=\"noopener\">JAROSLAV \u0160TEFEC: V\u0161eobecn\u00e1 mobilizace 23. z\u00e1\u0159\u00ed 1938<\/a><\/h6>\n<h6 class=\"entry-title\"><a href=\"https:\/\/zakrasnejsivimperk.cz\/?p=356924\" target=\"_blank\" rel=\"noopener\">JAROSLAV \u0160TEFEC: Trump u kr\u00e1le a \u010desk\u00fd mainstream<\/a><\/h6>\n<h6 class=\"entry-title\"><a href=\"https:\/\/zakrasnejsivimperk.cz\/?p=356852\" target=\"_blank\" rel=\"noopener\">JAROSLAV \u0160TEFEC: Sm\u011b\u0161n\u00fd klaun na demonstraci<\/a><\/h6>\n<h6 class=\"entry-title\"><a href=\"https:\/\/zakrasnejsivimperk.cz\/?p=356360\" target=\"_blank\" rel=\"noopener\">JAROSLAV \u0160TEFEC: Drony nad Polskem<\/a><\/h6>\n<h6 class=\"entry-title\"><a href=\"https:\/\/zakrasnejsivimperk.cz\/?p=356119\" target=\"_blank\" rel=\"noopener\">JAROSLAV \u0160TEFEC: Vladim\u00edr Putin jednozna\u010dn\u011b vymezil podm\u00ednky, za nich\u017e je Rusko p\u0159ipraveno vojenskou operaci na Ukrajin\u011b ukon\u010dit<\/a><\/h6>\n<h6 class=\"entry-title\"><a href=\"https:\/\/zakrasnejsivimperk.cz\/?p=355252\" target=\"_blank\" rel=\"noopener\">JAROSLAV \u0160TEFEC: \u201cZ\u00e1zra\u010dn\u00e1\u201d ukrajinsk\u00e1 zbra\u0148? V\u0161echno je jinak<\/a><\/h6>\n<h6 class=\"entry-title\"><a href=\"https:\/\/zakrasnejsivimperk.cz\/?p=353180\" target=\"_blank\" rel=\"noopener\">JAROSLAV \u0160TEFEC: Osmdes\u00e1t let od svr\u017een\u00ed atomov\u00e9 pumy na japonsk\u00e9 m\u011bsto Hiro\u0161ima<\/a><\/h6>\n<h6 class=\"entry-title\"><a href=\"https:\/\/zakrasnejsivimperk.cz\/?p=352873\" target=\"_blank\" rel=\"noopener\">JAROSLAV \u0160TEFEC: Vladim\u00edr Zelensk\u00fd je fakticky mrtv\u00fd mu\u017e<\/a><\/h6>\n<h6 class=\"entry-title\"><a href=\"https:\/\/zakrasnejsivimperk.cz\/?p=352658\" target=\"_blank\" rel=\"noopener\">JAROSLAV \u0160TEFEC: Trumpova situace po p\u016fl roce vl\u00e1dy za\u010d\u00edn\u00e1 p\u0159ipom\u00ednat jeho minul\u00e9 volebn\u00ed obdob\u00ed<\/a><\/h6>\n<h6 class=\"entry-title\"><a href=\"https:\/\/zakrasnejsivimperk.cz\/?p=351072\" target=\"_blank\" rel=\"noopener\">JAROSLAV \u0160TEFEC: Nabub\u0159el\u00e1 drzost n\u011bmeck\u00e9ho kancl\u00e9\u0159e<\/a><\/h6>\n<h6 class=\"entry-title\"><a href=\"https:\/\/zakrasnejsivimperk.cz\/?p=350508\" target=\"_blank\" rel=\"noopener\">JAROSLAV \u0160TEFEC: \u010cuk a Gek za to asi opravdu nem\u016f\u017eou<\/a><\/h6>\n<h6><a href=\"https:\/\/zakrasnejsivimperk.cz\/?p=349824\" target=\"_blank\" rel=\"noopener\">JAROSLAV \u0160TEFEC: Budoucnost m\u00e1me jasn\u011b nalajnovanou. Jenom pro n\u00e1s, lidi, co tu \u017eijeme, pro na\u0161e d\u011bti a vnuky, tu nevid\u00edm nic p\u011bkn\u00e9ho. V\u016fbec nic<\/a><\/h6>\n<h6 class=\"entry-title\"><a href=\"https:\/\/zakrasnejsivimperk.cz\/?p=349679\" target=\"_blank\" rel=\"noopener\">JAROSLAV \u0160TEFEC: Zd\u00e1nliv\u00e9 drama na St\u0159edn\u00edm v\u00fdchod\u011b na\u0161t\u011bst\u00ed m\u011blo rychl\u00fd konec<\/a><\/h6>\n<h6 class=\"entry-title\"><a href=\"https:\/\/zakrasnejsivimperk.cz\/?p=349438\" target=\"_blank\" rel=\"noopener\">JAROSLAV \u0160TEFEC: Velk\u00e1 vlasteneck\u00e1 a \u00fatok na \u00cdr\u00e1n<\/a><\/h6>\n<h6 class=\"entry-title\"><a href=\"https:\/\/zakrasnejsivimperk.cz\/?p=348563\" target=\"_blank\" rel=\"noopener\">JAROSLAV \u0160TEFEC: Poln\u00ed kuchyn\u011b madam \u010cernochov\u00e9<\/a><\/h6>\n<h6 class=\"entry-title\"><a href=\"https:\/\/zakrasnejsivimperk.cz\/?p=348548\" target=\"_blank\" rel=\"noopener\">JAROSLAV \u0160TEFEC: Rakety na \u00cdr\u00e1n a konflikt na Ukrajin\u011b<\/a><\/h6>\n<h6 class=\"entry-title\"><a href=\"https:\/\/zakrasnejsivimperk.cz\/?p=348517\" target=\"_blank\" rel=\"noopener\">JAROSLAV \u0160TEFEC: Izraelsk\u00fd \u00fatok na \u00cdr\u00e1n je projevem suver\u00e9nn\u00ed zahrani\u010dn\u00ed politiky<\/a><\/h6>\n<h6 class=\"entry-title\"><a href=\"https:\/\/zakrasnejsivimperk.cz\/?p=348109\" target=\"_blank\" rel=\"noopener\">JAROSLAV \u0160TEFEC: Vzpoura migrant\u016f a \u010desk\u00e1 arm\u00e1da<\/a><\/h6>\n<h6 class=\"entry-title\"><a href=\"https:\/\/zakrasnejsivimperk.cz\/?p=346263\" target=\"_blank\" rel=\"noopener\">JAROSLAV \u0160TEFEC: Donald Trump n\u00e1s zradil?<\/a><\/h6>\n<h6 class=\"entry-title\"><a href=\"https:\/\/zakrasnejsivimperk.cz\/?p=343043\" target=\"_blank\" rel=\"noopener\">JAROSLAV \u0160TEFEC: P\u00e1r dn\u00ed klidu a pohody si zaslou\u017e\u00edme<\/a><\/h6>\n<h6 class=\"entry-title\"><a href=\"https:\/\/zakrasnejsivimperk.cz\/?p=341760\" target=\"_blank\" rel=\"noopener\">JAROSLAV \u0160TEFEC: \u201cP\u0159edsude\u010dn\u00e1 nen\u00e1vist\u201d<\/a><\/h6>\n<h6 class=\"entry-title\"><a href=\"https:\/\/zakrasnejsivimperk.cz\/?p=341192\" target=\"_blank\" rel=\"noopener\">JAROSLAV \u0160TEFEC: Gener\u00e1l \u0158ehka ve slu\u0161iv\u00fdch mask\u00e1\u010d\u00edch napochodoval mezi poslance, m\u011bl b\u00fdt okam\u017eit\u011b vyk\u00e1z\u00e1n<\/a><\/h6>\n<h6 class=\"entry-title\"><a href=\"https:\/\/zakrasnejsivimperk.cz\/?p=340860\" target=\"_blank\" rel=\"noopener\">Vl\u00e1dn\u00ed \u010cT n\u00e1m za na\u0161e pen\u00edze milostiv\u011b p\u0159ibl\u00ed\u017eila podpis z\u00e1vazku t\u0159\u00ed du\u0161evn\u00edch velik\u00e1n\u016f<\/a><\/h6>\n<h6 class=\"entry-title\"><a href=\"https:\/\/zakrasnejsivimperk.cz\/?p=340848\" target=\"_blank\" rel=\"noopener\">JAROSLAV \u0160TEFEC: \u0160estadvacet let od \u201chumanit\u00e1rn\u00edho bombardov\u00e1n\u00ed\u201d<\/a><\/h6>\n<h6 class=\"entry-title\"><a href=\"https:\/\/zakrasnejsivimperk.cz\/?p=340602\" target=\"_blank\" rel=\"noopener\">JAROSLAV \u0160TEFEC: Kdyby se \u010cR a \u010c\u00edna rozhodly postavit spole\u010dn\u011b d\u00e1lnici Praha \u2013 Peking, potkaly by se jejich stavebn\u00ed t\u00fdmy u Kol\u00edna!<\/a><\/h6>\n<h6 class=\"entry-title\"><a href=\"https:\/\/zakrasnejsivimperk.cz\/?p=340343\" target=\"_blank\" rel=\"noopener\">JAROSLAV \u0160TEFEC: Budou \u010de\u0161t\u00ed voj\u00e1c\u00ed um\u00edrat na Ukrajin\u011b za z\u00e1jmy britsk\u00fdch bank\u00e9\u0159\u016f a nadn\u00e1rodn\u00edch korporac\u00ed m\u00edsto ukrajinsk\u00fdch mu\u017e\u016f, kter\u00fdm se na Ukrajinu viditeln\u011b nechce?<\/a><\/h6>\n<h6 class=\"entry-title\"><a href=\"https:\/\/zakrasnejsivimperk.cz\/?p=339935\" target=\"_blank\" rel=\"noopener\">JAROSLAV \u0160TEFEC: Zat\u00edmco gener\u00e1l \u0158ehka nejsp\u00ed\u0161 sn\u00ed o tom, jak, podoben Janu \u017di\u017ekovi, pot\u00e1hne v \u010dele \u010desk\u00e9ho arm\u00e1dn\u00edho kontingentu v sestav\u011b arm\u00e1d EU na Rusa, aby zachr\u00e1nil Evropu, politici vyjedn\u00e1vaj\u00ed dal\u0161\u00ed a dal\u0161\u00ed nesmysln\u00e9 stamiliardov\u00e9 n\u00e1kupy<\/a><\/h6>\n<h6 class=\"entry-title\"><a href=\"https:\/\/zakrasnejsivimperk.cz\/?p=339674\" target=\"_blank\" rel=\"noopener\">JAROSLAV \u0160TEFEC: Parti\u010dka fanatik\u016f si za\u010dala hr\u00e1t na v\u00e1lku. Jejich \u0161\u00edlen\u00e1 politika dovedla Evropu k mor\u00e1ln\u00edmu, ekonomick\u00e9mu a bezpe\u010dnostn\u00edmu kolapsu a te\u010f se obrac\u00ed proti nim<\/a><\/h6>\n<h6 class=\"entry-title\"><a href=\"https:\/\/zakrasnejsivimperk.cz\/?p=339088\" target=\"_blank\" rel=\"noopener\">JAROSLAV \u0160TEFEC: Pro\u010d byl Zelensk\u00fd p\u0159i \u201ezlomov\u00e9m\u201c jedn\u00e1n\u00ed s Trumpem tak ne\u010dekan\u011b sebejist\u00fd<\/a><\/h6>\n<h6 class=\"entry-title\"><a href=\"https:\/\/zakrasnejsivimperk.cz\/?p=338989\" target=\"_blank\" rel=\"noopener\">JAROSLAV \u0160TEFEC: M\u00e1 veden\u00ed st\u00e1tu \u010deskou arm\u00e1du skute\u010dn\u011b pod kontrolou?<\/a><\/h6>\n<h6 class=\"entry-title\"><a href=\"https:\/\/zakrasnejsivimperk.cz\/?p=338902\" target=\"_blank\" rel=\"noopener\">JAROSLAV \u0160TEFEC: M\u016f\u017ee v Evrop\u011b vzniknout velk\u00e1 v\u00e1lka, kter\u00e1 by n\u00e1s mohla t\u011b\u017ece zas\u00e1hnout?<\/a><\/h6>\n<h6 class=\"entry-title\"><a href=\"https:\/\/zakrasnejsivimperk.cz\/?p=338092\" target=\"_blank\" rel=\"noopener\">JAROSLAV \u0160TEFEC: Pro\u010d nebyli ti \u010di oni pozv\u00e1ni a o co na dvou f\u00f3rech vlastn\u011b \u0161lo?<\/a><\/h6>\n<h6 class=\"entry-title\"><a href=\"https:\/\/zakrasnejsivimperk.cz\/?p=337199\" target=\"_blank\" rel=\"noopener\">JAROSLAV \u0160TEFEC: Co sd\u011blil Trump Putinovi<\/a><\/h6>\n<h6 class=\"entry-title\"><a href=\"https:\/\/zakrasnejsivimperk.cz\/?p=336530\" target=\"_blank\" rel=\"noopener\">JAROSLAV \u0160TEFEC: Zelensk\u00e9ho ultim\u00e1tum<\/a><\/h6>\n<h6 class=\"entry-title\"><a href=\"https:\/\/zakrasnejsivimperk.cz\/?p=336230\" target=\"_blank\" rel=\"noopener\">JAROSLAV \u0160TEFEC: Hybridn\u00ed v\u00e1lka. Co tento term\u00edn znamen\u00e1 a jak vznikl?<\/a><\/h6>\n<h6 class=\"entry-title\"><a href=\"https:\/\/zakrasnejsivimperk.cz\/?p=335651\" target=\"_blank\" rel=\"noopener\">JAROSLAV \u0160TEFEC: USA dostanou co cht\u011bj\u00ed, Rusko a \u010c\u00edna si ukousnou sv\u016fj d\u00edl, a Evropa \u2026<\/a><\/h6>\n<h6 class=\"entry-title\"><a href=\"https:\/\/zakrasnejsivimperk.cz\/?p=334834\" target=\"_blank\" rel=\"noopener\">JAROSLAV \u0160TEFEC: Donald Trump, \u010dty\u0159ic\u00e1t\u00fd sedm\u00fd prezident USA<\/a><\/h6>\n<h6 class=\"entry-title\"><a href=\"https:\/\/zakrasnejsivimperk.cz\/?p=334099\" target=\"_blank\" rel=\"noopener\">JAROSLAV \u0160TEFEC: Existuje syst\u00e9m ochrany obyvatel \u010cR p\u0159ed n\u00e1sledky velk\u00fdch katastrof?<\/a><\/h6>\n<h6 class=\"entry-title\"><a href=\"https:\/\/zakrasnejsivimperk.cz\/?p=333612\" target=\"_blank\" rel=\"noopener\">JAROSLAV \u0160TEFEC: Politick\u00e9 figurky postihuje zvl\u00e1\u0161tn\u00ed choroba<\/a><\/h6>\n<h6 class=\"entry-title\"><a href=\"https:\/\/zakrasnejsivimperk.cz\/?p=333386\" target=\"_blank\" rel=\"noopener\">JAROSLAV \u0160TEFEC: Zaj\u00edmav\u00e1 mapa cen elekt\u0159iny nap\u0159\u00ed\u010d EU v roce 2024. Na to, \u017ee jsme \u010dist\u00ed v\u00fdvozci \u2026<\/a><\/h6>\n<h6 class=\"entry-title\"><a href=\"https:\/\/zakrasnejsivimperk.cz\/?p=333400\" target=\"_blank\" rel=\"noopener\">JAROSLAV \u0160TEFEC: Dosti drsn\u00fd za\u010d\u00e1tek nov\u00e9ho roku<\/a><\/h6>\n<h6 class=\"entry-title\"><a href=\"https:\/\/zakrasnejsivimperk.cz\/?p=333397\" target=\"_blank\" rel=\"noopener\">JAROSLAV \u0160TEFEC: V\u0161echno nejlep\u0161\u00ed v tom nov\u00e9m roce 2025!<\/a><\/h6>\n<h6 class=\"entry-title\"><a href=\"https:\/\/zakrasnejsivimperk.cz\/?p=332029\" target=\"_blank\" rel=\"noopener\">JAROSLAV \u0160TEFEC: D\u011bn\u00ed kolem n\u00e1s n\u00e1m p\u0159\u00edli\u0161 v\u00e1no\u010dn\u00edho klidu a m\u00edru neslibuje<\/a><\/h6>\n<h6 class=\"entry-title\"><a href=\"https:\/\/zakrasnejsivimperk.cz\/?p=331323\" target=\"_blank\" rel=\"noopener\">JAROSLAV \u0160TEFEC: Evropa, jak jsme ji znali, kon\u010d\u00ed v ag\u00f3nii strachu a zapomn\u011bn\u00ed<\/a><\/h6>\n<h6 class=\"entry-title\"><a href=\"https:\/\/zakrasnejsivimperk.cz\/?p=331311\" target=\"_blank\" rel=\"noopener\">JAROSLAV \u0160TEFEC: \u201cTak n\u00e1m padla S\u00fdrie, pan\u00ed Millerov\u00e1!\u201d<\/a><\/h6>\n<h6 class=\"entry-title\"><a href=\"https:\/\/zakrasnejsivimperk.cz\/?p=330174\" target=\"_blank\" rel=\"noopener\">JAROSLAV \u0160TEFEC: Je \u010das zamyslet se, co ud\u011bl\u00e1me s na\u0161imi fanatiky<\/a><\/h6>\n<h6 class=\"entry-title\"><a href=\"https:\/\/zakrasnejsivimperk.cz\/?p=329182\" target=\"_blank\" rel=\"noopener\">JAROSLAV \u0160TEFEC: Na\u0161e v\u011bci do na\u0161ich rukou<\/a><\/h6>\n<h6 class=\"entry-title\"><a href=\"https:\/\/zakrasnejsivimperk.cz\/?p=328569\" target=\"_blank\" rel=\"noopener\">JAROSLAV \u0160TEFEC: Tomahawky pro Zelensk\u00e9ho?<\/a><\/h6>\n<h6 class=\"entry-title\"><a href=\"https:\/\/zakrasnejsivimperk.cz\/?p=328332\" target=\"_blank\" rel=\"noopener\">JAROSLAV \u0160TEFEC: Nechceme v\u00e1lku, nechceme v n\u00ed um\u00edrat, nebo do n\u00ed pos\u00edlat na smrt na\u0161e d\u011bti. Ale mus\u00edme pro to i n\u011bco ud\u011blat<\/a><\/h6>\n<h6 class=\"entry-title\"><a href=\"https:\/\/zakrasnejsivimperk.cz\/?p=328006\" target=\"_blank\" rel=\"noopener\">JAROSLAV \u0160TEFEC: \u010cekaj\u00ed n\u00e1s opravdu zaj\u00edmav\u00e9 \u010dasy. Trump toti\u017e nebude m\u00edt na Evropu \u010das<\/a><\/h6>\n<h6 class=\"entry-title\"><a href=\"https:\/\/zakrasnejsivimperk.cz\/?p=325914\" target=\"_blank\" rel=\"noopener\">JAROSLAV \u0160TEFEC: V\u00e1lka na Ukrajin\u011b a zm\u011bna my\u0161len\u00ed naprost\u00e9 v\u011bt\u0161iny soudn\u00fdch evropsk\u00fdch politik\u016f<\/a><\/h6>\n<h6 class=\"entry-title\"><a href=\"https:\/\/zakrasnejsivimperk.cz\/?p=325305\" target=\"_blank\" rel=\"noopener\">JAROSLAV \u0160TEFEC: Dne\u0161n\u00ed BIS jako by fungovala po vzoru Ha\u0161kova Pepka Vysko\u010de<\/a><\/h6>\n<h6 class=\"entry-title\"><a href=\"https:\/\/zakrasnejsivimperk.cz\/?p=324815\" target=\"_blank\" rel=\"noopener\">JAROSLAV \u0160TEFEC: Petr Pavel p\u0159edstavil sv\u016fj c\u00edl \u201cpumpnout\u201d \u010desk\u00fd st\u00e1t o dal\u0161\u00ed pen\u00edze<\/a><\/h6>\n<h6 class=\"entry-title\"><a href=\"https:\/\/zakrasnejsivimperk.cz\/?p=324254\" target=\"_blank\" rel=\"noopener\">JAROSLAV \u0160TEFEC: \u2026 trouby v\u00e1lky op\u011bt hlasit\u011b duj\u00ed a r\u016fzn\u00ed troubov\u00e9 se n\u00e1m sna\u017e\u00ed namluvit, \u017ee v\u00e1lka je v\u011bc pot\u0159ebn\u00e1\u2026<\/a><\/h6>\n<h6 class=\"entry-title\"><a href=\"https:\/\/zakrasnejsivimperk.cz\/?p=322567\" target=\"_blank\" rel=\"noopener\">JAROSLAV \u0160TEFEC: Povodn\u011b a st\u00edha\u010dky<\/a><\/h6>\n<h6 class=\"entry-title\"><a href=\"https:\/\/zakrasnejsivimperk.cz\/?p=320634\" target=\"_blank\" rel=\"noopener\">JAROSLAV \u0160TEFEC: \u010cesk\u00e9 muni\u010dn\u00ed iniciativ\u011b roste zdatn\u00e1 konkurence<\/a><\/h6>\n<h6><a href=\"https:\/\/zakrasnejsivimperk.cz\/?p=320034\" target=\"_blank\" rel=\"noopener\">JAROSLAV \u0160TEFEC: Poselstv\u00ed senior\u016f<\/a><\/h6>\n<h6><a href=\"https:\/\/zakrasnejsivimperk.cz\/?p=319522\" target=\"_blank\" rel=\"noopener\">JAROSLAV \u0160TEFEC: V\u00edt\u011bzstv\u00ed Izraele je v z\u00e1jmu n\u00e1s v\u0161ech, v z\u00e1jmu p\u0159e\u017eit\u00ed Evropy<\/a><\/h6>\n<h6><a href=\"https:\/\/zakrasnejsivimperk.cz\/?p=319348\" target=\"_blank\" rel=\"noopener\">JAROSLAV \u0160TEFEC: Na\u0161e mal\u00e1 zemi\u010dka u\u017e d\u00e1vno nen\u00ed suver\u00e9nn\u00ed zem\u00ed s vlastn\u00ed arm\u00e1dou, polici\u00ed a chr\u00e1n\u011bn\u00fdmi st\u00e1tn\u00edmi hranicemi<\/a><\/h6>\n<h6><a href=\"https:\/\/zakrasnejsivimperk.cz\/?p=319645\" target=\"_blank\" rel=\"noopener\">JAROSLAV \u0160TEFEC: Jak u\u017eite\u010dn\u00fdch m\u016f\u017ee b\u00fdt pouh\u00fdch 100 kg trhaviny v 80 let star\u00e9 leteck\u00e9 pum\u011b, kdy\u017e se spr\u00e1vn\u011b propagandisticky a medi\u00e1ln\u011b uchop\u00ed!<\/a><\/h6>\n<h6><a href=\"https:\/\/zakrasnejsivimperk.cz\/?p=319117\" target=\"_blank\" rel=\"noopener\">JAROSLAV \u0160TEFEC: Jakou n\u00e1m tahle parta vlastn\u011b p\u0159ipravuje budoucnost?<\/a><\/h6>\n<h6><a href=\"https:\/\/zakrasnejsivimperk.cz\/?p=319188\" target=\"_blank\" rel=\"noopener\">JAROSLAV \u0160TEFEC: Odpov\u011b\u010f na ot\u00e1zku: Co byste navrhoval, pane \u0160tef\u010de?<\/a><\/h6>\n<h6><a href=\"https:\/\/zakrasnejsivimperk.cz\/?p=319114\" target=\"_blank\" rel=\"noopener\">JAROSLAV \u0160TEFEC: Jak v N\u011bmecku, tak brzy i u n\u00e1s?<\/a><\/h6>\n<h6><a href=\"https:\/\/zakrasnejsivimperk.cz\/?p=318742\" target=\"_blank\" rel=\"noopener\">JAROSLAV \u0160TEFEC: Politici nejsou v\u0161emocn\u00fdmi p\u00e1ny nad \u017eivotem a smrt\u00ed n\u00e1s, kte\u0159\u00ed tady s nimi mus\u00edme \u017e\u00edt<\/a><\/h6>\n<h6><a href=\"https:\/\/zakrasnejsivimperk.cz\/?p=318462\" target=\"_blank\" rel=\"noopener\">JAROSLAV \u0160TEFEC: Dnes ve\u010der budu trochu slavit a vzpom\u00ednat<\/a><\/h6>\n<h6><a href=\"https:\/\/zakrasnejsivimperk.cz\/?p=316944\" target=\"_blank\" rel=\"noopener\">JAROSLAV \u0160TEFEC: Kyjev bude nejsp\u00ed\u0161 muset na sliby Petra Pavla zapomenout<\/a><\/h6>\n<h6><a href=\"https:\/\/zakrasnejsivimperk.cz\/?p=316946\" target=\"_blank\" rel=\"noopener\">JAROSLAV \u0160TEFEC: Hiro\u0161imsk\u00e1 trag\u00e9die. Nesm\u00edme zapomenout<\/a><\/h6>\n<h6><a href=\"https:\/\/zakrasnejsivimperk.cz\/?p=316604\" target=\"_blank\" rel=\"noopener\">JAROSLAV \u0160TEFEC: P\u0159\u00edpad, na kter\u00e9m lze velmi dob\u0159e demonstrovat pravd\u011bpodobnou budoucnost v\u00fdvoje vztah\u016f mezi muslimsk\u00fdmi imigranty a n\u00e1mi, p\u016fvodn\u00edmi obyvateli evropsk\u00fdch zem\u00ed<\/a><\/h6>\n<h6><a href=\"https:\/\/zakrasnejsivimperk.cz\/?p=313577\" target=\"_blank\" rel=\"noopener\">JAROSLAV \u0160TEFEC: M\u00e1me se na co t\u011b\u0161it. A m\u016f\u017eeme za to pod\u011bkovat Raku\u0161anovi. Dokonce osobn\u011b!<\/a><\/h6>\n<h6><a href=\"https:\/\/zakrasnejsivimperk.cz\/?p=312920\" target=\"_blank\" rel=\"noopener\">JAROSLAV \u0160TEFEC: Vypov\u011bzme smlouvu o n\u00e1kupu letadel. \u010c\u00edm d\u0159\u00edve, t\u00edm l\u00e9pe<\/a><\/h6>\n<h6><a href=\"https:\/\/zakrasnejsivimperk.cz\/?p=312884\" target=\"_blank\" rel=\"noopener\">JAROSLAV \u0160TEFEC: Vzkaz pro Janu \u010cernochovou a jej\u00ed \u201chv\u011bzdn\u00fd t\u00fdm\u201d<\/a><\/h6>\n<h6><a href=\"https:\/\/zakrasnejsivimperk.cz\/?p=312528\" target=\"_blank\" rel=\"noopener\">JAROSLAV \u0160TEFEC: O prudk\u00e9m n\u00e1r\u016fstu po\u010dtu imigrant\u016f muslimsk\u00e9ho vyzn\u00e1n\u00ed<\/a><\/h6>\n<h6><a href=\"https:\/\/zakrasnejsivimperk.cz\/?p=312288\" target=\"_blank\" rel=\"noopener\">JAROSLAV \u0160TEFEC: Glob\u00e1ln\u00ed oteplov\u00e1n\u00ed prost\u0159ednictv\u00edm NATO<\/a><\/h6>\n<h6><a href=\"https:\/\/zakrasnejsivimperk.cz\/?p=311966\" target=\"_blank\" rel=\"noopener\">JAROSLAV \u0160TEFEC: Sta\u010d\u00ed se ostatn\u011b proj\u00edt Bruselem, aby soudn\u00fd \u010dlov\u011bk vid\u011bl, kam Evropa sm\u011b\u0159uje<\/a><\/h6>\n<h6><a href=\"https:\/\/zakrasnejsivimperk.cz\/?p=311893\" target=\"_blank\" rel=\"noopener\">JAROSLAV \u0160TEFEC: Vlhk\u00e9 sny Petra Pavla o mo\u017en\u00e9 nominaci Jany \u010cernochov\u00e9\u2026 podle v\u0161eho definitivn\u011b padly<\/a><\/h6>\n<h6><a href=\"https:\/\/zakrasnejsivimperk.cz\/?p=311906\" target=\"_blank\" rel=\"noopener\">JAROSLAV \u0160TEFEC: Tohle u\u017e za\u010d\u00edn\u00e1 opravdu smrd\u011bt. Tady skute\u010dn\u011b kon\u010d\u00ed legrace<\/a><\/h6>\n<h6><a href=\"https:\/\/zakrasnejsivimperk.cz\/?p=311213\" target=\"_blank\" rel=\"noopener\">JAROSLAV \u0160TEFEC: Chciv\u00e1lka \u010cernochov\u00e1, Ka\u0161p\u00e1rkova Kalupinka na pozici ministra obrany \u010cR, bude m\u00edt nejsp\u00ed\u0161 probl\u00e9m. Mo\u017en\u00e1 i dva. Nebo t\u0159i<\/a><\/h6>\n<h6><a href=\"https:\/\/zakrasnejsivimperk.cz\/?p=310728\" target=\"_blank\" rel=\"noopener\">JAROSLAV \u0160TEFEC: Existuj\u00ed ale tak\u00e9 \u201en\u00e1hodn\u00e1 \u00famrt\u00ed\u201c a \u201enorm\u00e1ln\u00ed sebevra\u017edy\u201c, z nich\u017e nen\u00e1hodnost a nenorm\u00e1lnost \u010di\u0161\u00ed na sto hon\u016f<\/a><\/h6>\n<h6><a href=\"https:\/\/zakrasnejsivimperk.cz\/?p=310730\" target=\"_blank\" rel=\"noopener\">JAROSLAV \u0160TEFEC: Vzpom\u00ednka na Lidice st\u00e1le \u017eije a snahy o jej\u00ed vymaz\u00e1n\u00ed se m\u00edjej\u00ed \u00fa\u010dinkem<\/a><\/h6>\n<h6 class=\"entry-title\"><a href=\"https:\/\/zakrasnejsivimperk.cz\/?p=309755\" target=\"_blank\" rel=\"noopener\">JAROSLAV \u0160TEFEC: Nem\u00e1me funk\u010dn\u00ed syst\u00e9m ochrany obyvatelstva a nikdo se ani nenam\u00e1h\u00e1 p\u0159edst\u00edrat, \u017ee n\u011bjak\u00fd vytv\u00e1\u0159\u00edme<\/a><\/h6>\n<h6><a href=\"https:\/\/zakrasnejsivimperk.cz\/?p=309757\" target=\"_blank\" rel=\"noopener\">JAROSLAV \u0160TEFEC: Kdy\u017e v Mannheimu m\u016f\u017ee isl\u00e1msk\u00fd fanatik pobodat n\u011bkolik lid\u00ed a zab\u00edt policistu, tak my to v Praze p\u0159ebijeme vy\u0161\u0161\u00ed kartou<\/a><\/h6>\n<h6><a href=\"https:\/\/zakrasnejsivimperk.cz\/?p=308435\" target=\"_blank\" rel=\"noopener\">JAROSLAV \u0160TEFEC: \u2026Douf\u00e1m, \u017ee nebudeme muset \u010dekat a\u017e do prvn\u00ed des\u00edtky mrtv\u00fdch po vzdu\u0161n\u00e9m \u00fatoku na lidmi nabit\u00fd fotbalov\u00fd stadion Sparty\u2026<\/a><\/h6>\n<h6><a href=\"https:\/\/zakrasnejsivimperk.cz\/?p=308300\" target=\"_blank\" rel=\"noopener\">JAROSLAV \u0160TEFEC: P\u0159ed na\u0161ima o\u010dima prob\u00edh\u00e1 zlomov\u00fd boj o budoucnost lidsk\u00e9 civilizace<\/a><\/h6>\n<h6><a href=\"https:\/\/zakrasnejsivimperk.cz\/?p=307505\" target=\"_blank\" rel=\"noopener\">JAROSLAV \u0160TEFEC: Dostihla n\u00e1s realita na\u0161\u00ed p\u0159\u00edslu\u0161nosti k tzv. \u201ez\u00e1padn\u00ed civilizaci\u201c, v n\u00ed\u017e je obvykl\u00e9 zbavovat se nepohodln\u00fdch lid\u00ed jejich likvidac\u00ed, a to v\u010detn\u011b vrcholov\u00fdch politik\u016f<\/a><\/h6>\n<h6><a href=\"https:\/\/zakrasnejsivimperk.cz\/?p=305531\" target=\"_blank\" rel=\"noopener\">JAROSLAV \u0160TEFEC: O co v t\u00e9to jejich v\u00e1lce jde, co je to za v\u00e1lku a kdo proti komu ji vlastn\u011b vede?<\/a><\/h6>\n<hr \/>\n<p>&nbsp;<\/p>\n","protected":false},"excerpt":{"rendered":"<p>Mainstreamov\u00e1 m\u00e9dia <\/p>\n","protected":false},"author":2,"featured_media":374154,"comment_status":"open","ping_status":"open","sticky":false,"template":"","format":"gallery","meta":{"footnotes":""},"categories":[11,85],"tags":[],"jetpack_featured_media_url":"https:\/\/zakrasnejsivimperk.cz\/wp-content\/uploads\/2026\/04\/30\/stefec-300426.jpg","_links":{"self":[{"href":"https:\/\/zakrasnejsivimperk.cz\/index.php?rest_route=\/wp\/v2\/posts\/374028"}],"collection":[{"href":"https:\/\/zakrasnejsivimperk.cz\/index.php?rest_route=\/wp\/v2\/posts"}],"about":[{"href":"https:\/\/zakrasnejsivimperk.cz\/index.php?rest_route=\/wp\/v2\/types\/post"}],"author":[{"embeddable":true,"href":"https:\/\/zakrasnejsivimperk.cz\/index.php?rest_route=\/wp\/v2\/users\/2"}],"replies":[{"embeddable":true,"href":"https:\/\/zakrasnejsivimperk.cz\/index.php?rest_route=%2Fwp%2Fv2%2Fcomments&post=374028"}],"version-history":[{"count":2,"href":"https:\/\/zakrasnejsivimperk.cz\/index.php?rest_route=\/wp\/v2\/posts\/374028\/revisions"}],"predecessor-version":[{"id":374155,"href":"https:\/\/zakrasnejsivimperk.cz\/index.php?rest_route=\/wp\/v2\/posts\/374028\/revisions\/374155"}],"wp:featuredmedia":[{"embeddable":true,"href":"https:\/\/zakrasnejsivimperk.cz\/index.php?rest_route=\/wp\/v2\/media\/374154"}],"wp:attachment":[{"href":"https:\/\/zakrasnejsivimperk.cz\/index.php?rest_route=%2Fwp%2Fv2%2Fmedia&parent=374028"}],"wp:term":[{"taxonomy":"category","embeddable":true,"href":"https:\/\/zakrasnejsivimperk.cz\/index.php?rest_route=%2Fwp%2Fv2%2Fcategories&post=374028"},{"taxonomy":"post_tag","embeddable":true,"href":"https:\/\/zakrasnejsivimperk.cz\/index.php?rest_route=%2Fwp%2Fv2%2Ftags&post=374028"}],"curies":[{"name":"wp","href":"https:\/\/api.w.org\/{rel}","templated":true}]}}