{"id":374018,"date":"2026-04-30T10:29:05","date_gmt":"2026-04-30T09:29:05","guid":{"rendered":"https:\/\/zakrasnejsivimperk.cz\/?p=374018"},"modified":"2026-04-30T13:30:28","modified_gmt":"2026-04-30T12:30:28","slug":"na-dren-steinbrenerova-tiskarna-a-vyrcena-veta-pani-starostky-bud-to-nevedela-nebo-to-vedela","status":"publish","type":"post","link":"https:\/\/zakrasnejsivimperk.cz\/?p=374018","title":{"rendered":"NA D\u0158E\u0147: Steinbrenerova tisk\u00e1rna a vy\u0159\u010den\u00e1 v\u011bta pan\u00ed starostky &#8211; bu\u010f to nev\u011bd\u011bla, nebo to v\u011bd\u011bla"},"content":{"rendered":"<h6>Tahle kr\u00e1tk\u00e1 \u00favaha bude o jedn\u00e9 v\u011bt\u011b, kter\u00e1 8. z\u00e1\u0159\u00ed 2025 zazn\u011bla na zastupitelstvu m\u011bsta Vimperk a kterou si m\u016f\u017ee ka\u017ed\u00fd poslechnout, proto\u017ee\u00a0<strong>jej\u00ed z\u00e1znam pov\u011bsilo na sv\u016fj web samo m\u011bsto<\/strong>\u00a0(<a href=\"https:\/\/www.vimperk.cz\/zastupitelstvo-mesta\/os-50\" target=\"_blank\" rel=\"noopener nofollow ugc\">vimperk.cz, sekce Zastupitelstvo m\u011bsta<\/a>). Otev\u0159ete bod 13 programu (revitalizace Steinbrenerov\u00fdch tisk\u00e1ren) a v jednu chv\u00edli pan\u00ed starostka Jaroslava Martanov\u00e1 doslova \u0159ekne:<\/h6>\n<h4><em>\u201ePam\u00e1tkov\u00fd \u00fa\u0159ad nikdy nedovol\u00ed zbour\u00e1n\u00ed Steinbrenerovy tisk\u00e1rny. Nikdy. A ani to nedovolil. On pouze dovolil zbourat \u010d\u00e1st t\u011bch tisk\u00e1ren\u2026\u201d<\/em><\/h4>\n<p><img loading=\"lazy\" decoding=\"async\" class=\"size-full wp-image-373922 alignright\" src=\"https:\/\/zakrasnejsivimperk.cz\/wp-content\/uploads\/2026\/04\/27\/logo-krasnejsi-cb.jpg\" alt=\"\" width=\"200\" height=\"200\" srcset=\"https:\/\/zakrasnejsivimperk.cz\/wp-content\/uploads\/2026\/04\/27\/logo-krasnejsi-cb.jpg 200w, https:\/\/zakrasnejsivimperk.cz\/wp-content\/uploads\/2026\/04\/27\/logo-krasnejsi-cb-150x150.jpg 150w\" sizes=\"(max-width: 200px) 100vw, 200px\" \/>Zn\u00ed to autoritativn\u011b. A o to v\u00edc p\u0159ekvap\u00ed, \u017ee ta v\u011bta nesed\u00ed, a\u0165 si ji vezmete z kter\u00e9koliv strany.<\/p>\n<p><strong>Strana prvn\u00ed \u2014 co o tom \u0159\u00edk\u00e1 z\u00e1kon.<\/strong>\u00a0Otev\u0159ete si na\u00a0<strong><a href=\"https:\/\/www.zakonyprolidi.cz\/cs\/1987-20\" target=\"_blank\" rel=\"noopener nofollow ugc\">zakonyprolidi.cz<\/a><\/strong>\u00a0z\u00e1kon \u010d. 20\/1987 Sb., o st\u00e1tn\u00ed pam\u00e1tkov\u00e9 p\u00e9\u010di, paragraf 14. P\u00ed\u0161e se v n\u011bm naprosto jasn\u011b: o demolici domu \u2014 a\u0165 u\u017e je kulturn\u00ed pam\u00e1tkou, nebo \u201ejen\u201d stoj\u00ed v pam\u00e1tkov\u00e9 z\u00f3n\u011b \u2014 rozhoduje\u00a0<strong>obecn\u00ed \u00fa\u0159ad obce s roz\u0161\u00ed\u0159enou p\u016fsobnost\u00ed<\/strong>. To je v p\u0159ekladu\u00a0<strong>stavebn\u00ed \u00fa\u0159ad ve Vimperku<\/strong>, p\u0159\u00edpadn\u011b krajsk\u00fd \u00fa\u0159ad. N\u00e1rodn\u00ed pam\u00e1tkov\u00fd \u00fastav, kter\u00e9mu v\u0161ichni \u0159\u00edk\u00e1me \u201epam\u00e1tk\u00e1\u0159i\u201d, je podle \u00a7 32 t\u00e9ho\u017e z\u00e1kona <strong>odborn\u00e1 organizace<\/strong>\u00a0\u2014 od slova\u00a0<em>odborn\u00e1<\/em>, ne\u00a0<em>rozhodovac\u00ed<\/em>. Vyjad\u0159uje se, rad\u00ed, doporu\u010duje. Ale <strong>dovolit<\/strong>\u00a0nebo\u00a0<strong>zak\u00e1zat<\/strong>\u00a0demolici nesm\u00ed. Nem\u00e1 k tomu z\u00e1konn\u00e9 pr\u00e1vo.<\/p>\n<p>Jin\u00fdmi slovy: instituce, kterou pan\u00ed starostka cituje jako tu, kter\u00e1 n\u011bco <em>\u201enikdy nedovol\u00ed\u201d,<\/em>\u00a0na takovou v\u011bc v\u016fbec nem\u00e1 pravomoc. Je to, jako kdyby \u0159ekla, \u017ee da\u0148ov\u00e1 kontrola j\u00ed nedovol\u00ed p\u0159emalovat v kuchyni st\u011bnu \u2014 da\u0148ov\u00e1 kontrola tam ze z\u00e1kona nem\u00e1 co mluvit.<\/p>\n<p><strong>Strana druh\u00e1 \u2014 co najdete v evidenci.<\/strong>\u00a0N\u00e1rodn\u00ed pam\u00e1tkov\u00fd \u00fastav vede ve\u0159ejnou datab\u00e1zi kulturn\u00edch pam\u00e1tek na\u00a0<strong><a href=\"https:\/\/pamatkovykatalog.cz\/\" target=\"_blank\" rel=\"noopener nofollow ugc\">pamatkovykatalog.cz<\/a><\/strong>. Pro Vimperk tam najdete t\u0159eba\u00a0<strong><a href=\"https:\/\/pamatkovykatalog.cz\/zamek-vimperk-14750786\" target=\"_blank\" rel=\"noopener nofollow ugc\">z\u00e1mek<\/a>,<\/strong>\u00a0<strong><a href=\"https:\/\/pamatkovykatalog.cz\/kulturni-dum-vimperk-13450891\" target=\"_blank\" rel=\"noopener nofollow ugc\">kulturn\u00ed d\u016fm<\/a><\/strong>\u00a0nebo\u00a0<strong><a href=\"https:\/\/pamatkovykatalog.cz\/mestsky-dum-14524594\" target=\"_blank\" rel=\"noopener nofollow ugc\">m\u011bstsk\u00fd d\u016fm<\/a>.<\/strong> Co tam ale nenajdete, je\u00a0<strong>Steinbrenerova tisk\u00e1rna<\/strong>. Nen\u00ed to kulturn\u00ed pam\u00e1tka. Stoj\u00ed v m\u011bstsk\u00e9 pam\u00e1tkov\u00e9 z\u00f3n\u011b (vyhl\u00e1\u0161en\u00e9 v roce 1990), ale to je n\u011bco jin\u00e9ho \u2014 to je obecn\u011bj\u0161\u00ed ochrana cel\u00e9 m\u011bstsk\u00e9 \u010d\u00e1sti, ne ochrana konkr\u00e9tn\u00ed budovy. A v t\u00e9 obecn\u00e9 ochran\u011b, jak u\u017e v\u00edme z p\u0159edchoz\u00edho odstavce, \u201epam\u00e1tk\u00e1\u0159i\u201d o demolic\u00edch nerozhoduj\u00ed.<\/p>\n<p><strong>Strana t\u0159et\u00ed \u2014 co o tom \u0159ekli sami pam\u00e1tk\u00e1\u0159i.<\/strong>\u00a0Kdy\u017e si redakce\u00a0<em>Za kr\u00e1sn\u011bj\u0161\u00ed Vimperk<\/em> napsala p\u0159\u00edmo na NP\u00da a zeptala se, jak\u00e9 stanovisko k demolici Steinbrenerovy tisk\u00e1rny vydali, \u0159editel \u010deskobud\u011bjovick\u00e9ho pracovi\u0161t\u011b Daniel \u0160nejd v z\u00e1sad\u011b odpov\u011bd\u011bl: \u017e\u00e1dn\u00e9. <em>\u201eK odborn\u00e9mu vyj\u00e1d\u0159en\u00ed postr\u00e1d\u00e1me dostate\u010dn\u00fd pr\u00e1vn\u00ed podklad \u2014 nejde o kulturn\u00ed pam\u00e1tku.\u201d<\/em>Pln\u00e9 zn\u011bn\u00ed je\u00a0<strong><a href=\"https:\/\/zakrasnejsivimperk.cz\/?p=359433\" rel=\"ugc\">v \u010dl\u00e1nku na zakrasnejsivimperk.cz<\/a><\/strong>, ale podstatn\u00e9 je, \u017ee\u00a0<strong>stejnou odpov\u011b\u010f dostane kdokoli, kdo si stejn\u00fd dotaz po\u0161le s\u00e1m.<\/strong>\u00a0Nen\u00ed to n\u00e1zor redakce ani n\u00e1zor opozice \u2014 je to pr\u00e1vn\u00ed stav, kter\u00fd NP\u00da ani jinak odpov\u011bd\u011bt nem\u016f\u017ee.<\/p>\n<p><strong>A te\u010f zp\u00e1tky k t\u00e9 v\u011bt\u011b.<\/strong> Kdy\u017e se starostka odvol\u00e1v\u00e1 na <em>\u201ez\u00e1kaz pam\u00e1tk\u00e1\u0159\u016f\u201d<\/em> u objektu, kter\u00fd (a) nikdy v evidenci kulturn\u00edch pam\u00e1tek nebyl, (b) o jeho\u017e demolici by pam\u00e1tk\u00e1\u0159i ani rozhodovat nemohli, (c) a u n\u011bho\u017e sami pam\u00e1tk\u00e1\u0159i p\u00edsemn\u011b sd\u011bluj\u00ed, \u017ee se k tomu vyj\u00e1d\u0159it nemaj\u00ed pr\u00e1vn\u00ed podklad \u2014 pak \u010dlov\u011bk vlastn\u011b nev\u00ed, co si o tom m\u00e1 myslet. Bu\u010f pan\u00ed starostka p\u0159esn\u011b nev\u00ed, co stavebn\u00ed z\u00e1kon a z\u00e1kon o pam\u00e1tkov\u00e9 p\u00e9\u010di \u0159\u00edkaj\u00ed (co\u017e by u \u010dlov\u011bka, kter\u00fd Vimperk vede n\u011bkolik\u00e1t\u00e9 volebn\u00ed obdob\u00ed a stoj\u00ed v \u010dele \u00fa\u0159adu, kter\u00fd tu agendu d\u011bl\u00e1, bylo v jist\u00e9 m\u00ed\u0159e p\u0159ekvapiv\u00e9), <strong>anebo to v\u00ed a \u0159ekla to stejn\u011b.<\/strong>\u00a0\u017d\u00e1dn\u00e1 t\u0159et\u00ed mo\u017enost se mi tam nevejde a budu r\u00e1d, pokud m\u011b n\u011bkdo z radnice oprav\u00ed.<\/p>\n<p>Nen\u00ed to o \u0161tvanici na konkr\u00e9tn\u00ed osobu. Je to o tom, \u017ee na zastupitelstvu \u2014 a tedy de facto i ve vztahu k ob\u010dan\u016fm \u2014 by m\u011bly platit ov\u011b\u0159iteln\u00e9 v\u011bci. Pokud je \u0159e\u010deno n\u011bco, co t\u0159i prim\u00e1rn\u00ed zdroje nez\u00e1visle vyvracej\u00ed (z\u00e1kon, evidence, vyj\u00e1d\u0159en\u00ed samotn\u00fdch pam\u00e1tk\u00e1\u0159\u016f), pat\u0159\u00ed se to na p\u0159\u00ed\u0161t\u00edm zased\u00e1n\u00ed uv\u00e9st na pravou m\u00edru. <strong>A jako ob\u010dan\u00e9 Vimperka na tu omluvu nebo opravu klidn\u011b po\u010dk\u00e1me.<\/strong><\/p>\n<p><strong>Kdy\u017e si to chcete ov\u011b\u0159it sami:<\/strong><\/p>\n<ul>\n<li><strong><a href=\"https:\/\/www.vimperk.cz\/zastupitelstvo-mesta\/os-50\" target=\"_blank\" rel=\"noopener nofollow ugc\">Zvukov\u00fd z\u00e1znam zased\u00e1n\u00ed zastupitelstva \u2014 vimperk.cz<\/a><\/strong><\/li>\n<li><strong><a href=\"https:\/\/www.zakonyprolidi.cz\/cs\/1987-20\" target=\"_blank\" rel=\"noopener nofollow ugc\">Z\u00e1kon \u010d. 20\/1987 Sb. o st\u00e1tn\u00ed pam\u00e1tkov\u00e9 p\u00e9\u010di<\/a><\/strong><\/li>\n<li><strong><a href=\"https:\/\/pamatkovykatalog.cz\/\" target=\"_blank\" rel=\"noopener nofollow ugc\">Pam\u00e1tkov\u00fd katalog NP\u00da<\/a><\/strong><\/li>\n<li><strong><a href=\"https:\/\/www.npu.cz\/cs\/uop-ceske-budejovice\" target=\"_blank\" rel=\"noopener nofollow ugc\">NP\u00da \u2014 \u00fazemn\u00ed pracovi\u0161t\u011b \u010cesk\u00e9 Bud\u011bjovice<\/a><\/strong><\/li>\n<li><strong><a href=\"https:\/\/zakrasnejsivimperk.cz\/?p=359433\" rel=\"ugc\">\u010cl\u00e1nek \u201eStarostka nem\u00e1 pravdu. Pam\u00e1tk\u00e1\u0159i jej\u00ed slova nepotvrdili\u201d<\/a><\/strong><\/li>\n<\/ul>\n<p><strong>(bv)<\/strong><\/p>\n<hr \/>\n<p>&nbsp;<\/p>\n<h4>\u010ct\u011bte tak\u00e9:<\/h4>\n<h6 class=\"entry-title\"><a href=\"https:\/\/zakrasnejsivimperk.cz\/?p=373826\" target=\"_blank\" rel=\"noopener\">NA\u0160E M\u011aSTO VIMPERK \u2013 Z REDAK\u010cN\u00cd PO\u0160TY: Pravomocn\u00e9, vykonateln\u00e9 a osm let nespln\u011bn\u00e9. Steinbrenerova tisk\u00e1rna ve Vimperku \u2014 kdy\u017e \u00fa\u0159ad na\u0159\u00edd\u00ed zbourat d\u016fm a m\u011bsto ho potom koup\u00ed<\/a><\/h6>\n<hr \/>\n<p>&nbsp;<\/p>\n<h4>D\u0159e\u0148ov\u00fd archiv:<\/h4>\n<h6 class=\"entry-title\"><a href=\"https:\/\/zakrasnejsivimperk.cz\/?p=373913\" target=\"_blank\" rel=\"noopener\">NA D\u0158E\u0147: Tabulka za p\u016fl milionu. O tom, jak Vimperk rozd\u011bluje pen\u00edze na kulturu a co se stane, kdy\u017e se ta\u00a0tabulka\u00a0p\u0159e\u010dte \u0159\u00e1dek po \u0159\u00e1dku<\/a><\/h6>\n<hr \/>\n<p>&nbsp;<\/p>\n","protected":false},"excerpt":{"rendered":"<p>Tahle kr\u00e1tk\u00e1 <\/p>\n","protected":false},"author":2,"featured_media":374020,"comment_status":"open","ping_status":"open","sticky":false,"template":"","format":"gallery","meta":{"footnotes":""},"categories":[11,107,108],"tags":[],"jetpack_featured_media_url":"https:\/\/zakrasnejsivimperk.cz\/wp-content\/uploads\/2026\/04\/28\/na-dren-tiskarna.jpg","_links":{"self":[{"href":"https:\/\/zakrasnejsivimperk.cz\/index.php?rest_route=\/wp\/v2\/posts\/374018"}],"collection":[{"href":"https:\/\/zakrasnejsivimperk.cz\/index.php?rest_route=\/wp\/v2\/posts"}],"about":[{"href":"https:\/\/zakrasnejsivimperk.cz\/index.php?rest_route=\/wp\/v2\/types\/post"}],"author":[{"embeddable":true,"href":"https:\/\/zakrasnejsivimperk.cz\/index.php?rest_route=\/wp\/v2\/users\/2"}],"replies":[{"embeddable":true,"href":"https:\/\/zakrasnejsivimperk.cz\/index.php?rest_route=%2Fwp%2Fv2%2Fcomments&post=374018"}],"version-history":[{"count":3,"href":"https:\/\/zakrasnejsivimperk.cz\/index.php?rest_route=\/wp\/v2\/posts\/374018\/revisions"}],"predecessor-version":[{"id":374023,"href":"https:\/\/zakrasnejsivimperk.cz\/index.php?rest_route=\/wp\/v2\/posts\/374018\/revisions\/374023"}],"wp:featuredmedia":[{"embeddable":true,"href":"https:\/\/zakrasnejsivimperk.cz\/index.php?rest_route=\/wp\/v2\/media\/374020"}],"wp:attachment":[{"href":"https:\/\/zakrasnejsivimperk.cz\/index.php?rest_route=%2Fwp%2Fv2%2Fmedia&parent=374018"}],"wp:term":[{"taxonomy":"category","embeddable":true,"href":"https:\/\/zakrasnejsivimperk.cz\/index.php?rest_route=%2Fwp%2Fv2%2Fcategories&post=374018"},{"taxonomy":"post_tag","embeddable":true,"href":"https:\/\/zakrasnejsivimperk.cz\/index.php?rest_route=%2Fwp%2Fv2%2Ftags&post=374018"}],"curies":[{"name":"wp","href":"https:\/\/api.w.org\/{rel}","templated":true}]}}