{"id":373999,"date":"2026-04-28T11:09:44","date_gmt":"2026-04-28T10:09:44","guid":{"rendered":"https:\/\/zakrasnejsivimperk.cz\/?p=373999"},"modified":"2026-04-28T11:10:03","modified_gmt":"2026-04-28T10:10:03","slug":"cvvm-ceska-verejnost-o-soucasne-situaci-v-iranu-brezen-duben-2026","status":"publish","type":"post","link":"https:\/\/zakrasnejsivimperk.cz\/?p=373999","title":{"rendered":"CVVM: \u010cesk\u00e1 ve\u0159ejnost o sou\u010dasn\u00e9 situaci v \u00cdr\u00e1nu \u2013 b\u0159ezen\/duben 2026"},"content":{"rendered":"<p><img loading=\"lazy\" decoding=\"async\" class=\"aligncenter wp-image-313201 size-full\" src=\"https:\/\/zakrasnejsivimperk.cz\/wp-content\/uploads\/2024\/07\/04\/cvvm.jpg\" alt=\"\" width=\"586\" height=\"146\" srcset=\"https:\/\/zakrasnejsivimperk.cz\/wp-content\/uploads\/2024\/07\/04\/cvvm.jpg 586w, https:\/\/zakrasnejsivimperk.cz\/wp-content\/uploads\/2024\/07\/04\/cvvm-300x75.jpg 300w\" sizes=\"(max-width: 586px) 100vw, 586px\" \/><\/p>\n<p>&nbsp;<\/p>\n<div class=\"f2c-article-perex\">\n<h6>Z\u00e1jem o v\u00fdvoj aktu\u00e1ln\u00ed situace na Bl\u00edzk\u00e9m v\u00fdchod\u011b, tj. konflikt mezi \u00cdr\u00e1nem na jedn\u00e9 stran\u011b, a USA a Izraelem na stran\u011b druh\u00e9, projevily t\u00e9m\u011b\u0159 dv\u011b t\u0159etiny \u010desk\u00e9 ve\u0159ejnosti (64 %), v\u00edce ne\u017e t\u0159etinu (36 %) pak tento konflikt nezaj\u00edm\u00e1.<\/h6>\n<p>Nadpolovi\u010dn\u00ed v\u011bt\u0161ina \u010desk\u00e9 ve\u0159ejnosti soud\u00ed, \u017ee \u00fatok na \u00cdr\u00e1n, kter\u00fd USA a Izrael spole\u010dn\u011b provedly 28. \u00fanora 2026, nebyl ani opr\u00e1vn\u011bn\u00fd, ani p\u0159im\u011b\u0159en\u00fd. Konkr\u00e9tn\u011b o neopr\u00e1vn\u011bnosti je p\u0159esv\u011bd\u010deno 59 % \u010desk\u00fdch ob\u010dan\u016f, shodn\u011b 59 % se domn\u00edv\u00e1, \u017ee nebyl p\u0159im\u011b\u0159en\u00fd.<\/p>\n<p>V\u00edce ne\u017e polovina \u010desk\u00e9 ve\u0159ejnosti uv\u00e1d\u00ed, \u017ee za vznikem a vystup\u0148ov\u00e1n\u00edm konfliktu mezi USA a Izraelem na jedn\u00e9 stran\u011b, a \u00cdr\u00e1ne na stran\u011b druh\u00e9, stoj\u00ed p\u0159edev\u0161\u00edm USA (52 %). V\u00edce ne\u017e \u010dtvrtina ve\u0159ejnosti v\u011b\u0159\u00ed, \u017ee na vin\u011b je p\u0159edev\u0161\u00edm \u00cdr\u00e1n (28 %), m\u00e9n\u011b ne\u017e \u010dtvrtina (23 %) vid\u00ed vinu p\u0159edev\u0161\u00edm na stran\u011b Izraele.<\/p>\n<\/div>\n<div class=\"f2cprintmessages fulltext\">\n<p>U \u010desk\u00e9 ve\u0159ejnosti p\u0159eva\u017euje m\u00edn\u011bn\u00ed, \u017ee aktu\u00e1ln\u00ed konflikt mezi \u00cdr\u00e1nem na jedn\u00e9 stran\u011b a USA a Izraelem na stran\u011b druh\u00e9 p\u0159edstavuje hrozbu. T\u00e9m\u011b\u0159 dev\u011bt z deseti \u010desk\u00fdch ob\u010dan\u016f (87 %) se domn\u00edv\u00e1, \u017ee je konflikt hrozbou pro sv\u011btov\u00fd m\u00edr.<\/p>\n<p>T\u00e9m\u011b\u0159 t\u0159i \u010dtvrtiny obyvatel \u010cR star\u0161\u00edch 15 let (73 %) uvedly, \u017ee tento konflikt ohro\u017euje evropskou bezpe\u010dnost. Nejm\u00e9n\u011b \u010dasto vn\u00edmali respondenti konflikt jako ohro\u017een\u00ed bezpe\u010dnosti \u010cesk\u00e9 republiky, i tak si ale nadpolovi\u010dn\u00ed v\u011bt\u0161ina ve\u0159ejnosti (52 %) mysl\u00ed, \u017ee ohro\u017een\u00ed p\u0159edstavuje.<\/p>\n<ul>\n<li class=\"pdf\">Cel\u00e1 tiskov\u00e1 zpr\u00e1va ke sta\u017een\u00ed zde:\u00a0<strong><a href=\"https:\/\/cvvm.soc.cas.cz\/images\/articles\/files\/6228\/pm260427.pdf\" target=\"_blank\" rel=\"noopener\">pm260427.pdf<\/a><\/strong><\/li>\n<li class=\"code\">V\u0161echny zpr\u00e1vy z tohoto v\u00fdzkumu:\u00a0<strong><a class=\"research_code_link\" href=\"https:\/\/cvvm.soc.cas.cz\/vyhledavani?q=+PNS_2603\" target=\"_blank\" rel=\"noopener\">PNS_2603<\/a><\/strong><\/li>\n<\/ul>\n<\/div>\n<p><strong>(tz-cvvm)<\/strong><\/p>\n<hr \/>\n<p>&nbsp;<\/p>\n","protected":false},"excerpt":{"rendered":"<p>&nbsp; Z\u00e1jem <\/p>\n","protected":false},"author":2,"featured_media":313203,"comment_status":"open","ping_status":"open","sticky":false,"template":"","format":"gallery","meta":{"footnotes":""},"categories":[178,11],"tags":[],"jetpack_featured_media_url":"https:\/\/zakrasnejsivimperk.cz\/wp-content\/uploads\/2024\/07\/04\/ram-cvvm.jpg","_links":{"self":[{"href":"https:\/\/zakrasnejsivimperk.cz\/index.php?rest_route=\/wp\/v2\/posts\/373999"}],"collection":[{"href":"https:\/\/zakrasnejsivimperk.cz\/index.php?rest_route=\/wp\/v2\/posts"}],"about":[{"href":"https:\/\/zakrasnejsivimperk.cz\/index.php?rest_route=\/wp\/v2\/types\/post"}],"author":[{"embeddable":true,"href":"https:\/\/zakrasnejsivimperk.cz\/index.php?rest_route=\/wp\/v2\/users\/2"}],"replies":[{"embeddable":true,"href":"https:\/\/zakrasnejsivimperk.cz\/index.php?rest_route=%2Fwp%2Fv2%2Fcomments&post=373999"}],"version-history":[{"count":1,"href":"https:\/\/zakrasnejsivimperk.cz\/index.php?rest_route=\/wp\/v2\/posts\/373999\/revisions"}],"predecessor-version":[{"id":374000,"href":"https:\/\/zakrasnejsivimperk.cz\/index.php?rest_route=\/wp\/v2\/posts\/373999\/revisions\/374000"}],"wp:featuredmedia":[{"embeddable":true,"href":"https:\/\/zakrasnejsivimperk.cz\/index.php?rest_route=\/wp\/v2\/media\/313203"}],"wp:attachment":[{"href":"https:\/\/zakrasnejsivimperk.cz\/index.php?rest_route=%2Fwp%2Fv2%2Fmedia&parent=373999"}],"wp:term":[{"taxonomy":"category","embeddable":true,"href":"https:\/\/zakrasnejsivimperk.cz\/index.php?rest_route=%2Fwp%2Fv2%2Fcategories&post=373999"},{"taxonomy":"post_tag","embeddable":true,"href":"https:\/\/zakrasnejsivimperk.cz\/index.php?rest_route=%2Fwp%2Fv2%2Ftags&post=373999"}],"curies":[{"name":"wp","href":"https:\/\/api.w.org\/{rel}","templated":true}]}}