{"id":373991,"date":"2026-04-28T10:57:14","date_gmt":"2026-04-28T09:57:14","guid":{"rendered":"https:\/\/zakrasnejsivimperk.cz\/?p=373991"},"modified":"2026-04-28T10:57:14","modified_gmt":"2026-04-28T09:57:14","slug":"aktualni-komentar-erika-besta-cesko-kazassky-kamaradsoft","status":"publish","type":"post","link":"https:\/\/zakrasnejsivimperk.cz\/?p=373991","title":{"rendered":"AKTU\u00c1LN\u00cd KOMENT\u00c1\u0158 ERIKA BESTA: \u010cesko-kaza\u0161sk\u00fd kamar\u00e1d\u0161oft"},"content":{"rendered":"<h6>Dne\u0161n\u00ed n\u00e1v\u0161t\u011bva Andreje Babi\u0161e v\u00a0Kazachst\u00e1nu bude u\u017e druhou ze strany \u010desk\u00e9ho premi\u00e9ra za posledn\u00ed t\u0159i roky. Po setk\u00e1n\u00ed s\u00a0kaza\u0161sk\u00fdm prezidentem\u00a0<a href=\"https:\/\/www.akorda.kz\/en\/president-kassym-jomart-tokayev-receives-czech-prime-minister-petr-fiala-253646\" target=\"_blank\" rel=\"noopener\">Kasymem-\u017domartem Tokajevem<\/a>\u00a0a\u00a0premi\u00e9rem\u00a0<a href=\"https:\/\/primeminister.kz\/en\/news\/prospects-for-strengthening-kazakhstan-czech-cooperation-in-trade-engineering-and-energy-discussed-by-alikhan-smailov-and-petr-fiala-23843\" target=\"_blank\" rel=\"noopener\">Alichanem Smajlovem<\/a>\u00a0dne 24. dubna 2023 Petr Fiala uvedl, \u017ee cel\u00e1 Evropsk\u00e1 unie m\u00e1 z\u00e1jem na rozvoji u\u017e\u0161\u00edch vztah\u016f se St\u0159edn\u00ed Asi\u00ed a\u00a0\u017ee \u010desko-kaza\u0161sk\u00e9 vztahy jsou pil\u00ed\u0159em t\u00e9to spolupr\u00e1ce. Vzhledem ke geografick\u00e9 a\u00a0geopolitick\u00e9 poloze sv\u00e9 zem\u011b mus\u00ed Tokajev um\u011bt zdatn\u011b man\u00e9vrovat. Kazachst\u00e1n je nejv\u011bt\u0161\u00ed vnitrozemskou zem\u00ed sv\u011bta a\u00a0je sev\u0159en\u00e1 mezi Ruskem a\u00a0\u010c\u00ednou. Z\u00e1lusk na n\u011bj maj\u00ed i\u00a0Spojen\u00e9 st\u00e1ty. Tokajev se 6. listopadu lo\u0148sk\u00e9ho roku setkal\u00a0<a href=\"https:\/\/www.whitehouse.gov\/gallery\/president-donald-trump-meets-with-president-of-the-republic-of-kazakhstan-kassym-jomart-tokayev-in-the-oval-office\/\" target=\"_blank\" rel=\"noopener\">v B\u00edl\u00e9m dom\u011b s\u00a0Donaldem Trumpem<\/a>, co\u017e vedlo k\u00a0\u201enov\u00e9 \u00e9\u0159e\u201c bilater\u00e1ln\u00edch vztah\u016f a\u00a0k \u201epr\u016flomov\u00fdm obchodn\u00edm dohod\u00e1m\u201c. Tokajev v\u0161ak tak\u00e9 hovo\u0159\u00ed o\u00a0\u201e<a href=\"https:\/\/www.akorda.kz\/en\/president-kassym-jomart-tokayevs-state-of-the-nation-address-to-the-people-of-kazakhstan-kazakhstan-in-the-era-of-artificial-intelligence-current-challenges-and-solutions-through-digital-transformation-1083029\" target=\"_blank\" rel=\"noopener\">destruktivn\u00edch globalistick\u00fdch sil\u00e1ch<\/a>\u201c a\u00a0o tom, \u017ee \u201e<a href=\"https:\/\/nationalinterest.org\/feature\/kazakhstan-us-partnership\" target=\"_blank\" rel=\"noopener\">suverenita<\/a>\u00a0nem\u016f\u017ee b\u00fdt vn\u00edm\u00e1na jako p\u0159\u00edt\u011b\u017e\u201c. V\u00edc ne\u017e jen obchodn\u00ed dohody m\u016f\u017ee dnes Tokajev Babi\u0161ovi nab\u00eddnout mo\u017en\u00e1 i\u00a0radu, jak se pohybovat po \u0161pi\u010dk\u00e1ch ve st\u00ednu sv\u011btov\u00fdch gigant\u016f.<\/h6>\n<h6><strong>Erik BEST<\/strong><\/h6>\n<hr \/>\n<p>&nbsp;<\/p>\n<p><strong><img loading=\"lazy\" decoding=\"async\" class=\"size-full wp-image-136426 alignleft\" src=\"https:\/\/zakrasnejsivimperk.cz\/wp-content\/uploads\/2018\/07\/28\/erik-best.jpg\" alt=\"\" width=\"248\" height=\"279\" \/>Erik Best<\/strong>\u00a0<em>se narodil 11. \u0159\u00edjna 1962 v Severn\u00ed Karol\u00edn\u011b na v\u00fdchod\u011b Spojen\u00fdch st\u00e1t\u016f. Prakticky cel\u00e9 d\u011btstv\u00ed v\u0161ak pro\u017eil v Montan\u011b, na severoz\u00e1pad\u011b USA, kam se jeho rodi\u010de p\u0159est\u011bhovali kr\u00e1tce po jeho narozen\u00ed. V roce 1985 absolvoval s bakal\u00e1\u0159sk\u00fdm titulem z v\u00fdchodoevropsk\u00fdch studi\u00ed na Georgetown University School of Foreign Service. B\u011bhem tohoto studia se zam\u011b\u0159oval na rusk\u00fd jazyk, v \u010dem\u017e pokra\u010doval i na Middlebury College ve Vermontu, kde z\u00edskal magistersk\u00fd titul. V r\u00e1mci vzd\u011bl\u00e1v\u00e1n\u00ed t\u00e9to univerzit\u011b dvakr\u00e1t studijn\u011b pob\u00fdval letech 1983 a 1984 v Moskv\u011b. V dal\u0161\u00edch letech studoval obchod na University of North Carolina. Titul MBA zde z\u00edskal v roce 1987. Erik Best se v \u010cesku o\u017eenil. Jeho man\u017eelka Dita je \u010desk\u00e9ho p\u016fvodu. Spole\u010dn\u011b vychov\u00e1vaj\u00ed \u010dty\u0159i d\u011bt\u00ed. V Praze podle vlastn\u00edch slov \u017eije od \u00fanora roku 1991. P\u0159esn\u011b rok pot\u00e9 zde za\u010dal pro m\u00edstn\u00ed anglicky hovo\u0159\u00edc\u00ed komunitu vyd\u00e1vat denn\u00ed zpravodaj Fleet Sheet, stru\u010dn\u00fd p\u0159ehled vybran\u00fdch zpr\u00e1v z \u010desk\u00e9ho tisku. P\u016fvodn\u011b p\u0159edpokl\u00e1dal, \u017ee v\u011bt\u0161ina cizinc\u016f Prahu je\u0161t\u011b p\u0159ed rokem 2000 opust\u00ed, tak\u017ee jeho vydavatelsk\u00e9 vize nem\u011bly horizont del\u0161\u00ed ne\u017e \u0161est let. K \u017e\u00e1dn\u00e9mu odchodu cizinc\u016f z \u010cesk\u00e9 republiky v\u0161ak nedo\u0161lo a Fleet Sheet nav\u00edc postupn\u011b p\u0159il\u00e1kal i \u010desk\u00e9 p\u0159edplatitele. N\u00e1klad bulletinu se proto zv\u011bt\u0161il a vych\u00e1z\u00ed doposud. Sv\u00e9 po\u010d\u00e1te\u010dn\u00ed tuzemsk\u00e9 podnikatelsk\u00e9 aktivity zah\u00e1jil Erik Best na ja\u0159e 1992 jako \u017eivnostn\u00edk. Na podzim 1994 zalo\u017eil spole\u010dnost The Bohemia Daily Standard, jej\u00edm\u017e je jednatelem a spolumajitelem. V roce 2000 zalo\u017eil se svoj\u00ed man\u017eelkou Ditou Bestovou nakladatelstv\u00ed E. S. Best, kter\u00e9 je ofici\u00e1ln\u00edm vydavatelem obou zpravodaj\u016f. S rozvojem internetu toti\u017e Erik Best za\u010d\u00e1tkem tis\u00edcilet\u00ed roz\u0161\u00ed\u0159il sv\u00e9 publika\u010dn\u00ed aktivity a od roku 2001 vyd\u00e1v\u00e1 je\u0161t\u011b elektronick\u00fd Final Word. Od roku 2010 existuje i jeho \u010desk\u00e1 mutace. Final Word je kr\u00e1tk\u00fd a origin\u00e1ln\u00ed denn\u00ed koment\u00e1\u0159 p\u0159ipraven\u00fd t\u00fdmem Erika Besta, v\u011bnovan\u00fd v\u00fdznamn\u00fdm ekonomick\u00fdm a politick\u00fdm t\u00e9mat\u016fm posledn\u00edch dn\u016f. Pr\u00e1v\u011b d\u00edky sv\u00e9mu elektronick\u00e9mu bulletinu Final Word vstoupil Erik Best do \u0161ir\u0161\u00edho pov\u011bdom\u00ed \u010desk\u00e9 ve\u0159ejnosti a za\u010dal b\u00fdt zv\u00e1n do \u010desk\u00fdch rozhlasov\u00fdch a televizn\u00edch po\u0159ad\u016f. V letech 2011\u20132013 publikoval sv\u00e9 post\u0159ehy tak\u00e9 na blogu Aktu\u00e1ln\u011b.cz. Prezident republiky Milo\u0161 Zeman ud\u011blil 28. \u0159\u00edjna 2018 Eriku Bestovi st\u00e1tn\u00ed vyznamen\u00e1n\u00ed \u2013 medaili Za z\u00e1sluhy o st\u00e1t.<\/em><\/p>\n<hr \/>\n<p>&nbsp;<\/p>\n","protected":false},"excerpt":{"rendered":"<p>Dne\u0161n\u00ed n\u00e1v\u0161t\u011bva <\/p>\n","protected":false},"author":2,"featured_media":373992,"comment_status":"open","ping_status":"open","sticky":false,"template":"","format":"gallery","meta":{"footnotes":""},"categories":[159,11],"tags":[],"jetpack_featured_media_url":"https:\/\/zakrasnejsivimperk.cz\/wp-content\/uploads\/2026\/04\/28\/best-280426.jpg","_links":{"self":[{"href":"https:\/\/zakrasnejsivimperk.cz\/index.php?rest_route=\/wp\/v2\/posts\/373991"}],"collection":[{"href":"https:\/\/zakrasnejsivimperk.cz\/index.php?rest_route=\/wp\/v2\/posts"}],"about":[{"href":"https:\/\/zakrasnejsivimperk.cz\/index.php?rest_route=\/wp\/v2\/types\/post"}],"author":[{"embeddable":true,"href":"https:\/\/zakrasnejsivimperk.cz\/index.php?rest_route=\/wp\/v2\/users\/2"}],"replies":[{"embeddable":true,"href":"https:\/\/zakrasnejsivimperk.cz\/index.php?rest_route=%2Fwp%2Fv2%2Fcomments&post=373991"}],"version-history":[{"count":1,"href":"https:\/\/zakrasnejsivimperk.cz\/index.php?rest_route=\/wp\/v2\/posts\/373991\/revisions"}],"predecessor-version":[{"id":373993,"href":"https:\/\/zakrasnejsivimperk.cz\/index.php?rest_route=\/wp\/v2\/posts\/373991\/revisions\/373993"}],"wp:featuredmedia":[{"embeddable":true,"href":"https:\/\/zakrasnejsivimperk.cz\/index.php?rest_route=\/wp\/v2\/media\/373992"}],"wp:attachment":[{"href":"https:\/\/zakrasnejsivimperk.cz\/index.php?rest_route=%2Fwp%2Fv2%2Fmedia&parent=373991"}],"wp:term":[{"taxonomy":"category","embeddable":true,"href":"https:\/\/zakrasnejsivimperk.cz\/index.php?rest_route=%2Fwp%2Fv2%2Fcategories&post=373991"},{"taxonomy":"post_tag","embeddable":true,"href":"https:\/\/zakrasnejsivimperk.cz\/index.php?rest_route=%2Fwp%2Fv2%2Ftags&post=373991"}],"curies":[{"name":"wp","href":"https:\/\/api.w.org\/{rel}","templated":true}]}}