{"id":373965,"date":"2026-05-01T12:48:56","date_gmt":"2026-05-01T11:48:56","guid":{"rendered":"https:\/\/zakrasnejsivimperk.cz\/?p=373965"},"modified":"2026-05-01T12:48:56","modified_gmt":"2026-05-01T11:48:56","slug":"reci-cisel-skolstvi-v-jihoceskem-kraji-ve-skolnim-roce-2025-2026","status":"publish","type":"post","link":"https:\/\/zakrasnejsivimperk.cz\/?p=373965","title":{"rendered":"\u0158E\u010c\u00cd \u010c\u00cdSEL: \u0160kolstv\u00ed v Jiho\u010desk\u00e9m kraji ve \u0161koln\u00edm roce 2025\/2026"},"content":{"rendered":"<p><img loading=\"lazy\" decoding=\"async\" class=\"aligncenter wp-image-219756 size-large\" src=\"https:\/\/zakrasnejsivimperk.cz\/wp-content\/uploads\/2021\/03\/29\/\u010ds\u00fa-logo-1024x277.png\" alt=\"\" width=\"700\" height=\"189\" srcset=\"https:\/\/zakrasnejsivimperk.cz\/wp-content\/uploads\/2021\/03\/29\/\u010ds\u00fa-logo-1024x277.png 1024w, https:\/\/zakrasnejsivimperk.cz\/wp-content\/uploads\/2021\/03\/29\/\u010ds\u00fa-logo-300x81.png 300w, https:\/\/zakrasnejsivimperk.cz\/wp-content\/uploads\/2021\/03\/29\/\u010ds\u00fa-logo-768x208.png 768w, https:\/\/zakrasnejsivimperk.cz\/wp-content\/uploads\/2021\/03\/29\/\u010ds\u00fa-logo.png 1280w\" sizes=\"(max-width: 700px) 100vw, 700px\" \/><\/p>\n<p>&nbsp;<\/p>\n<h6><strong>Ve \u0161koln\u00edm roce 2025\/2026 se v\u00a0Jiho\u010desk\u00e9m kraji dle \u00fadaj\u016f Ministerstva \u0161kolstv\u00ed, ml\u00e1\u00adde\u017ee a\u00a0t\u011blov\u00fdchovy (M\u0160MT) vyu\u010duje na\u00a0333\u00a0mate\u0159sk\u00fdch \u0161kol\u00e1ch a\u00a0270\u00a0z\u00e1kladn\u00edch \u0161kol\u00e1ch. Celkem\u00a091\u00a0st\u0159edn\u00edch \u0161kol poskytuje\u00a0st\u0159edo\u0161kolsk\u00e9 vzd\u011bl\u00e1n\u00ed a dal\u0161\u00ed vzd\u011bl\u00e1n\u00ed nab\u00edz\u00ed 14\u00a0vy\u0161\u0161\u00edch odborn\u00fdch \u0161kol. Vysoko\u0161kolsk\u00e9 vzd\u011bl\u00e1n\u00ed v\u00a0kraji poskytuj\u00ed\u00a0\u010dty\u0159i vysok\u00e9 \u0161koly. Po\u010det d\u011bt\u00ed nav\u0161t\u011bvuj\u00edc\u00edch mate\u0159sk\u00e9 \u0161koly se meziro\u010dn\u011b sn\u00ed\u017eil o\u00a04,3\u00a0%, na\u00a0z\u00e1klad\u00adn\u00edch \u0161kol\u00e1ch je po\u010det \u017e\u00e1k\u016f t\u00e9m\u011b\u0159 stejn\u00fd jako v\u00a0p\u0159edchoz\u00edm roce, na st\u0159edn\u00edch \u0161kol\u00e1ch se po\u010det studuj\u00edc\u00edch zv\u00fd\u0161il o\u00a02,3\u00a0%.<\/strong><\/h6>\n<h1 style=\"text-align: center;\"><a href=\"https:\/\/csu.gov.cz\/jhc\/skolstvi-v-jihoceskem-kraji-ve-skolnim-roce-20252026\" target=\"_blank\" rel=\"noopener\">CEL\u00c1 ZPR\u00c1VA<\/a><\/h1>\n<p><strong>(tz-\u010ds\u00fa)<\/strong><\/p>\n<hr \/>\n<p>&nbsp;<\/p>\n","protected":false},"excerpt":{"rendered":"<p>&nbsp; Ve <\/p>\n","protected":false},"author":2,"featured_media":373966,"comment_status":"open","ping_status":"open","sticky":false,"template":"","format":"gallery","meta":{"footnotes":""},"categories":[109,175],"tags":[],"jetpack_featured_media_url":"https:\/\/zakrasnejsivimperk.cz\/wp-content\/uploads\/2026\/04\/28\/ram-skolstvi.jpg","_links":{"self":[{"href":"https:\/\/zakrasnejsivimperk.cz\/index.php?rest_route=\/wp\/v2\/posts\/373965"}],"collection":[{"href":"https:\/\/zakrasnejsivimperk.cz\/index.php?rest_route=\/wp\/v2\/posts"}],"about":[{"href":"https:\/\/zakrasnejsivimperk.cz\/index.php?rest_route=\/wp\/v2\/types\/post"}],"author":[{"embeddable":true,"href":"https:\/\/zakrasnejsivimperk.cz\/index.php?rest_route=\/wp\/v2\/users\/2"}],"replies":[{"embeddable":true,"href":"https:\/\/zakrasnejsivimperk.cz\/index.php?rest_route=%2Fwp%2Fv2%2Fcomments&post=373965"}],"version-history":[{"count":1,"href":"https:\/\/zakrasnejsivimperk.cz\/index.php?rest_route=\/wp\/v2\/posts\/373965\/revisions"}],"predecessor-version":[{"id":373967,"href":"https:\/\/zakrasnejsivimperk.cz\/index.php?rest_route=\/wp\/v2\/posts\/373965\/revisions\/373967"}],"wp:featuredmedia":[{"embeddable":true,"href":"https:\/\/zakrasnejsivimperk.cz\/index.php?rest_route=\/wp\/v2\/media\/373966"}],"wp:attachment":[{"href":"https:\/\/zakrasnejsivimperk.cz\/index.php?rest_route=%2Fwp%2Fv2%2Fmedia&parent=373965"}],"wp:term":[{"taxonomy":"category","embeddable":true,"href":"https:\/\/zakrasnejsivimperk.cz\/index.php?rest_route=%2Fwp%2Fv2%2Fcategories&post=373965"},{"taxonomy":"post_tag","embeddable":true,"href":"https:\/\/zakrasnejsivimperk.cz\/index.php?rest_route=%2Fwp%2Fv2%2Ftags&post=373965"}],"curies":[{"name":"wp","href":"https:\/\/api.w.org\/{rel}","templated":true}]}}