{"id":373916,"date":"2026-04-27T18:40:50","date_gmt":"2026-04-27T17:40:50","guid":{"rendered":"https:\/\/zakrasnejsivimperk.cz\/?p=373916"},"modified":"2026-04-27T18:40:50","modified_gmt":"2026-04-27T17:40:50","slug":"strakonicka-televize-ze-zivota-mesta-na-soutoku-volynky-a-otavy-18-2026","status":"publish","type":"post","link":"https:\/\/zakrasnejsivimperk.cz\/?p=373916","title":{"rendered":"STRAKONICK\u00c1 TELEVIZE: Ze \u017eivota m\u011bsta na soutoku Voly\u0148ky a Otavy \u2013 18\/2026"},"content":{"rendered":"<h1 style=\"text-align: center;\">Video otev\u0159ete kliknut\u00edm na obr\u00e1zek:<\/h1>\n<p>&nbsp;<\/p>\n<p><a href=\"https:\/\/youtu.be\/nTeIckox8n4\" target=\"_blank\" rel=\"noopener\"><img loading=\"lazy\" decoding=\"async\" class=\"aligncenter wp-image-373917 size-full\" src=\"https:\/\/zakrasnejsivimperk.cz\/wp-content\/uploads\/2026\/04\/27\/sttv-1826.jpg\" alt=\"\" width=\"1100\" height=\"614\" srcset=\"https:\/\/zakrasnejsivimperk.cz\/wp-content\/uploads\/2026\/04\/27\/sttv-1826.jpg 1100w, https:\/\/zakrasnejsivimperk.cz\/wp-content\/uploads\/2026\/04\/27\/sttv-1826-300x167.jpg 300w, https:\/\/zakrasnejsivimperk.cz\/wp-content\/uploads\/2026\/04\/27\/sttv-1826-1024x572.jpg 1024w, https:\/\/zakrasnejsivimperk.cz\/wp-content\/uploads\/2026\/04\/27\/sttv-1826-768x429.jpg 768w, https:\/\/zakrasnejsivimperk.cz\/wp-content\/uploads\/2026\/04\/27\/sttv-1826-640x357.jpg 640w, https:\/\/zakrasnejsivimperk.cz\/wp-content\/uploads\/2026\/04\/27\/sttv-1826-865x483.jpg 865w\" sizes=\"(max-width: 1100px) 100vw, 1100px\" \/><\/a><\/p>\n<p>&nbsp;<\/p>\n<h6>Charita Strakonice dokon\u010dila rozs\u00e1hlou rekonstrukci a p\u0159\u00edstavbu Domu klidn\u00e9ho st\u00e1\u0159\u00ed sv. Anny v Sousedovic\u00edch. Byli jsme u toho, kdy\u017e speci\u00e1ln\u011b cvi\u010den\u00ed psi p\u00e1trali v\u00a0Zechovic\u00edch po poh\u0159e\u0161ovan\u00fdch osob\u00e1ch za asistence dobrovoln\u00fdch hasi\u010d\u016f a profesion\u00e1ln\u00edch zdravotn\u00edk\u016f. Spring Classic, to je takzvan\u00e1 setinov\u00e1 rally pro historick\u00e9 automobily. Jej\u00ed 7. ro\u010dn\u00edk zavedl z\u00e1vodn\u00edky po del\u0161\u00ed dob\u011b i do Strakonic a okol\u00ed.<\/h6>\n<p>&nbsp;<\/p>\n<p><strong>(sttv)<\/strong><\/p>\n<p>(red) \u2013 Za kr\u00e1sn\u011bj\u0161\u00ed Vimperk<\/p>\n<hr \/>\n<p>&nbsp;<\/p>\n","protected":false},"excerpt":{"rendered":"<p>Video otev\u0159ete <\/p>\n","protected":false},"author":2,"featured_media":373917,"comment_status":"open","ping_status":"open","sticky":false,"template":"","format":"gallery","meta":{"footnotes":""},"categories":[128,131],"tags":[],"jetpack_featured_media_url":"https:\/\/zakrasnejsivimperk.cz\/wp-content\/uploads\/2026\/04\/27\/sttv-1826.jpg","_links":{"self":[{"href":"https:\/\/zakrasnejsivimperk.cz\/index.php?rest_route=\/wp\/v2\/posts\/373916"}],"collection":[{"href":"https:\/\/zakrasnejsivimperk.cz\/index.php?rest_route=\/wp\/v2\/posts"}],"about":[{"href":"https:\/\/zakrasnejsivimperk.cz\/index.php?rest_route=\/wp\/v2\/types\/post"}],"author":[{"embeddable":true,"href":"https:\/\/zakrasnejsivimperk.cz\/index.php?rest_route=\/wp\/v2\/users\/2"}],"replies":[{"embeddable":true,"href":"https:\/\/zakrasnejsivimperk.cz\/index.php?rest_route=%2Fwp%2Fv2%2Fcomments&post=373916"}],"version-history":[{"count":1,"href":"https:\/\/zakrasnejsivimperk.cz\/index.php?rest_route=\/wp\/v2\/posts\/373916\/revisions"}],"predecessor-version":[{"id":373918,"href":"https:\/\/zakrasnejsivimperk.cz\/index.php?rest_route=\/wp\/v2\/posts\/373916\/revisions\/373918"}],"wp:featuredmedia":[{"embeddable":true,"href":"https:\/\/zakrasnejsivimperk.cz\/index.php?rest_route=\/wp\/v2\/media\/373917"}],"wp:attachment":[{"href":"https:\/\/zakrasnejsivimperk.cz\/index.php?rest_route=%2Fwp%2Fv2%2Fmedia&parent=373916"}],"wp:term":[{"taxonomy":"category","embeddable":true,"href":"https:\/\/zakrasnejsivimperk.cz\/index.php?rest_route=%2Fwp%2Fv2%2Fcategories&post=373916"},{"taxonomy":"post_tag","embeddable":true,"href":"https:\/\/zakrasnejsivimperk.cz\/index.php?rest_route=%2Fwp%2Fv2%2Ftags&post=373916"}],"curies":[{"name":"wp","href":"https:\/\/api.w.org\/{rel}","templated":true}]}}