{"id":373904,"date":"2026-04-27T13:19:36","date_gmt":"2026-04-27T12:19:36","guid":{"rendered":"https:\/\/zakrasnejsivimperk.cz\/?p=373904"},"modified":"2026-04-27T13:21:57","modified_gmt":"2026-04-27T12:21:57","slug":"jizni-cechy-v-pisku-se-pripravuje-20-rocnik-akce-sochy-z-pisku","status":"publish","type":"post","link":"https:\/\/zakrasnejsivimperk.cz\/?p=373904","title":{"rendered":"JI\u017dN\u00cd \u010cECHY: V P\u00edsku u Otavy se p\u0159ipravuje dvac\u00e1t\u00fd ro\u010dn\u00edk akce Sochy z p\u00edsku"},"content":{"rendered":"<p><img loading=\"lazy\" decoding=\"async\" class=\"aligncenter wp-image-373905 size-full\" src=\"https:\/\/zakrasnejsivimperk.cz\/wp-content\/uploads\/2026\/04\/27\/sochy-z-pisku-1.jpg\" alt=\"\" width=\"1366\" height=\"911\" srcset=\"https:\/\/zakrasnejsivimperk.cz\/wp-content\/uploads\/2026\/04\/27\/sochy-z-pisku-1.jpg 1366w, https:\/\/zakrasnejsivimperk.cz\/wp-content\/uploads\/2026\/04\/27\/sochy-z-pisku-1-300x200.jpg 300w, https:\/\/zakrasnejsivimperk.cz\/wp-content\/uploads\/2026\/04\/27\/sochy-z-pisku-1-1024x683.jpg 1024w, https:\/\/zakrasnejsivimperk.cz\/wp-content\/uploads\/2026\/04\/27\/sochy-z-pisku-1-768x512.jpg 768w, https:\/\/zakrasnejsivimperk.cz\/wp-content\/uploads\/2026\/04\/27\/sochy-z-pisku-1-535x357.jpg 535w, https:\/\/zakrasnejsivimperk.cz\/wp-content\/uploads\/2026\/04\/27\/sochy-z-pisku-1-724x483.jpg 724w\" sizes=\"(max-width: 1366px) 100vw, 1366px\" \/><\/p>\n<p>&nbsp;<\/p>\n<h6>Na n\u00e1plavce \u0159eky Otavy za\u010dne na konci dubna vznikat jubilejn\u00ed 20. ro\u010dn\u00edk obl\u00edben\u00e9 v\u00fdstavy Sochy z p\u00edsku v P\u00edsku. Leto\u0161n\u00ed t\u00e9ma \u201eOtava plyne, P\u00edsek tvo\u0159\u00ed\u201c propojuje historii, p\u0159\u00edrodu i sou\u010dasn\u00fd \u017eivot m\u011bsta. Pod veden\u00edm Mariana Mar\u0161\u00e1lka bude d\u00edla tvo\u0159it t\u00fdm zku\u0161en\u00fdch socha\u0159\u016f \u2013 Josef Faltus, Jaroslav Fuka a Roman Miku\u0161.<\/h6>\n<p><em>\u201eV n\u00e1sleduj\u00edc\u00edch t\u00fddnech vznikne soubor d\u011bl, kter\u00fd vypr\u00e1v\u00ed p\u0159\u00edb\u011bh \u0159eky Otavy jako \u017eivotod\u00e1rn\u00e9 tepny regionu. Slavnostn\u00ed otev\u0159en\u00ed v\u00fdstavy se uskute\u010dn\u00ed 20. kv\u011btna ve 14:00. Sochy budou na n\u00e1plavce celou letn\u00ed turistickou sezonu,\u201c<\/em> \u0159ekla Edita Ku\u010derov\u00e1 z odboru \u0161kolstv\u00ed a kultury.<\/p>\n<p>Ve \u010dtvrtek 30. dubna za\u010dne prvn\u00ed etapa nav\u00e1\u017een\u00ed p\u00edsku ke Kamenn\u00e9mu mostu, na kterou nav\u00e1\u017ee formov\u00e1n\u00ed z\u00e1kladn\u00edch blok\u016f. Druh\u00e1 etapa je v pl\u00e1nu 6. kv\u011btna. Socha\u0159sk\u00e9 pr\u00e1ce budou prob\u00edhat od za\u010d\u00e1tku kv\u011btna a\u017e do 19. kv\u011btna. Z celkov\u00fdch sto tun p\u00edsku um\u011blci vytvo\u0159\u00ed p\u011bt velk\u00fdch a t\u0159i men\u0161\u00ed sochy.<\/p>\n<p><em>\u201eN\u00e1v\u0161t\u011bvn\u00edci mohou sledovat vznik soch p\u0159\u00edmo na m\u00edst\u011b \u2013 od zhut\u0148ov\u00e1n\u00ed p\u00edsku p\u0159es postupn\u00e9 tvarov\u00e1n\u00ed a\u017e po fin\u00e1ln\u00ed detaily. Ve dnech 7. a\u017e 19. kv\u011btna se nav\u00edc ve vybran\u00fdch dnech uskute\u010dn\u00ed odpoledn\u00ed workshopy pro rodiny s d\u011btmi, a to v z\u00e1vislosti na po\u010das\u00ed,\u201c<\/em> poznamenala Edita Ku\u010derov\u00e1.<\/p>\n<p>Dominantou cel\u00e9 v\u00fdstavy bude personifikace \u0159eky Otavy \u2013 nejv\u011bt\u0161\u00ed socha vysok\u00e1 3,5 metru, kter\u00e1 otev\u00edr\u00e1 cel\u00fd p\u0159\u00edb\u011bh a symbolicky p\u0159edstavuje \u0159eku neodmysliteln\u011b spojenou s m\u011bstem P\u00edsek. \u201e<em>Dal\u0161\u00ed leto\u0161n\u00ed motivy p\u0159ipomenou Kelty jako prvn\u00ed r\u00fd\u017eovn\u00edky zlata, vznik m\u011bsta v\u010detn\u011b legendy o Jelen\u00edm most\u011b, Kamenn\u00fd most i sou\u010dasn\u00fd P\u00edsek. P\u00edseck\u00e1 v\u011b\u017e se p\u0159edstav\u00ed jako symbolick\u00fd \u201astroj \u010dasu\u2018 a propoj\u00ed v\u00fdstavu s akc\u00ed P\u00edskovi\u0161t\u011b, kter\u00e1 se kon\u00e1 od 22. do 24. kv\u011btna,\u201c<\/em> dodala Edita Ku\u010derov\u00e1.<\/p>\n<p>Dal\u0161\u00ed informace jsou k dispozici na webu <a href=\"https:\/\/www.pisek.eu\/cs\/top-cile\/sochy-z-pisku-v-pisku-2026\/\" target=\"_blank\" rel=\"noopener\"><strong>www.pisek.eu\/sochy.<\/strong><\/a><\/p>\n<p>&nbsp;<\/p>\n<p><strong>Petra M\u011a\u0160\u0164ANOV\u00c1, M\u011bsto P\u00edsek<\/strong><\/p>\n<p>Foto: M\u011bsto P\u00edsek<\/p>\n<p>&nbsp;<\/p>\n<p><img loading=\"lazy\" decoding=\"async\" class=\"aligncenter wp-image-373906 size-full\" src=\"https:\/\/zakrasnejsivimperk.cz\/wp-content\/uploads\/2026\/04\/27\/sochy-z-pisku-2.jpg\" alt=\"\" width=\"1366\" height=\"911\" srcset=\"https:\/\/zakrasnejsivimperk.cz\/wp-content\/uploads\/2026\/04\/27\/sochy-z-pisku-2.jpg 1366w, https:\/\/zakrasnejsivimperk.cz\/wp-content\/uploads\/2026\/04\/27\/sochy-z-pisku-2-300x200.jpg 300w, https:\/\/zakrasnejsivimperk.cz\/wp-content\/uploads\/2026\/04\/27\/sochy-z-pisku-2-1024x683.jpg 1024w, https:\/\/zakrasnejsivimperk.cz\/wp-content\/uploads\/2026\/04\/27\/sochy-z-pisku-2-768x512.jpg 768w, https:\/\/zakrasnejsivimperk.cz\/wp-content\/uploads\/2026\/04\/27\/sochy-z-pisku-2-535x357.jpg 535w, https:\/\/zakrasnejsivimperk.cz\/wp-content\/uploads\/2026\/04\/27\/sochy-z-pisku-2-724x483.jpg 724w\" sizes=\"(max-width: 1366px) 100vw, 1366px\" \/><\/p>\n<hr \/>\n<p>&nbsp;<\/p>\n<h4>Dal\u0161\u00ed informace z P\u00edsku:<\/h4>\n<h6 class=\"entry-title\"><a href=\"https:\/\/zakrasnejsivimperk.cz\/?p=373313\" target=\"_blank\" rel=\"noopener\">JI\u017dN\u00cd \u010cECHY: V P\u00edsku zah\u00e1jili stavbu sportovn\u00ed haly pro \u0161koly a sportovce<\/a><\/h6>\n<h6 class=\"entry-title\"><a href=\"https:\/\/zakrasnejsivimperk.cz\/?p=372718\" target=\"_blank\" rel=\"noopener\">JI\u017dN\u00cd \u010cECHY: M\u011bsto P\u00edsek vyhla\u0161uje p\u00e1t\u00fd ro\u010dn\u00edk participativn\u00edho rozpo\u010dtu<\/a><\/h6>\n<h6 class=\"entry-title\"><a href=\"https:\/\/zakrasnejsivimperk.cz\/?p=373197\" target=\"_blank\" rel=\"noopener\">JI\u017dN\u00cd \u010cECHY: Sd\u00edlen\u00e9 elektroauto si ve m\u011bst\u011b P\u00edsku rychle na\u0161lo p\u0159\u00edznivce<\/a><\/h6>\n<h6 class=\"entry-title\"><a href=\"https:\/\/zakrasnejsivimperk.cz\/?p=372472\" target=\"_blank\" rel=\"noopener\">JI\u017dN\u00cd \u010cECHY: Do K\u0159i\u017e\u00edkovy elektr\u00e1rny se po renovaci vracej\u00ed Francisovy turb\u00edny<\/a><\/h6>\n<h6 class=\"entry-title\"><a href=\"https:\/\/zakrasnejsivimperk.cz\/?p=371038\" target=\"_blank\" rel=\"noopener\">JI\u017dN\u00cd \u010cECHY: M\u011bsto P\u00edsek instalovalo speci\u00e1ln\u00ed budky pro dudka chocholat\u00e9ho<\/a><\/h6>\n<h6 class=\"entry-title\"><a href=\"https:\/\/zakrasnejsivimperk.cz\/?p=369810\" target=\"_blank\" rel=\"noopener\">JI\u017dN\u00cd \u010cECHY: M\u011bsto P\u00edsek zah\u00e1j\u00ed stavbu et\u00e1\u017eov\u00e9ho parkovi\u0161t\u011b na s\u00eddli\u0161ti Jih<\/a><\/h6>\n<h6 class=\"entry-title\"><a href=\"https:\/\/zakrasnejsivimperk.cz\/?p=369363\" target=\"_blank\" rel=\"noopener\">JI\u017dN\u00cd \u010cECHY: V okol\u00ed P\u00edsku vyrostly bari\u00e9ry, kter\u00e9 maj\u00ed ochr\u00e1nit oboj\u017eiveln\u00edky<\/a><\/h6>\n<h6 class=\"entry-title\"><a href=\"https:\/\/zakrasnejsivimperk.cz\/?p=368996\" target=\"_blank\" rel=\"noopener\">JI\u017dN\u00cd \u010cECHY: Budky pro sokoly um\u00edstili na kom\u00edny tepl\u00e1rny, dravci si je u\u017e na\u0161li<\/a><\/h6>\n<h6 class=\"entry-title\"><a href=\"https:\/\/zakrasnejsivimperk.cz\/?p=368359\" target=\"_blank\" rel=\"noopener\">JI\u017dN\u00cd \u010cECHY: Cenu starosty m\u011bsta P\u00edsek obdr\u017e\u00ed Petra Jandov\u00e1, kter\u00e1 dlouh\u00e1 l\u00e9ta vedla p\u00edseck\u00e9 ma\u017eoretky<\/a><\/h6>\n<h6 class=\"entry-title\"><a href=\"https:\/\/zakrasnejsivimperk.cz\/?p=366994\" target=\"_blank\" rel=\"noopener\">JI\u017dN\u00cd \u010cECHY: P\u00edsek loni rekordn\u011b investoval. Rozvoj m\u011bsta letos pokra\u010duje bez ohro\u017een\u00ed finan\u010dn\u00ed stability<\/a><\/h6>\n<h6 class=\"entry-title\"><a href=\"https:\/\/zakrasnejsivimperk.cz\/?p=366990\" target=\"_blank\" rel=\"noopener\">JI\u017dN\u00cd \u010cECHY: Z\u00e1jem o sd\u00edlen\u00e1 kola roste, stoup\u00e1 po\u010det u\u017eivatel\u016f i v\u00fdp\u016fj\u010dek<\/a><\/h6>\n<h6 class=\"entry-title\"><a href=\"https:\/\/zakrasnejsivimperk.cz\/?p=364422\" target=\"_blank\" rel=\"noopener\">JI\u017dN\u00cd \u010cECHY: Cena vodn\u00e9ho a sto\u010dn\u00e9ho v P\u00edsku od ledna jen m\u00edrn\u011b vzroste<\/a><\/h6>\n<h6 class=\"entry-title\"><a href=\"https:\/\/zakrasnejsivimperk.cz\/?p=363714\" target=\"_blank\" rel=\"noopener\">JI\u017dN\u00cd \u010cECHY: M\u011bsto P\u00edsek \u010dekaj\u00ed tak\u00e9 v nadch\u00e1zej\u00edc\u00edm roce rekordn\u00ed investice<\/a><\/h6>\n<h6 class=\"entry-title\"><a href=\"https:\/\/zakrasnejsivimperk.cz\/?p=362078\" target=\"_blank\" rel=\"noopener\">JI\u017dN\u00cd \u010cECHY: Cena tepla v P\u00edsku p\u0159\u00ed\u0161t\u00ed rok vzroste kv\u016fli emisn\u00edm povolenk\u00e1m<\/a><\/h6>\n<h6 class=\"entry-title\"><a href=\"https:\/\/zakrasnejsivimperk.cz\/?p=360958\" target=\"_blank\" rel=\"noopener\">JI\u017dN\u00cd \u010cECHY: Za\u010dne k\u00e1cen\u00ed topolov\u00e9 aleje, pr\u00e1ce omez\u00ed dopravu a uzav\u0159ou chodn\u00edk<\/a><\/h6>\n<h6 class=\"entry-title\"><a href=\"https:\/\/zakrasnejsivimperk.cz\/?p=358326\" target=\"_blank\" rel=\"noopener\">JI\u017dN\u00cd \u010cECHY: Ob\u010dan\u00e9 v referendu rozhodli, \u017ee se ZEVO v P\u00edsku stav\u011bt nebude<\/a><\/h6>\n<h6 class=\"entry-title\"><a href=\"https:\/\/zakrasnejsivimperk.cz\/?p=357941\" target=\"_blank\" rel=\"noopener\">JI\u017dN\u00cd \u010cECHY: Nedaleko Kamenn\u00e9ho mostu v P\u00edsku vyrostlo poetick\u00e9 mluv\u00edtko<\/a><\/h6>\n<h6 class=\"entry-title\"><a href=\"https:\/\/zakrasnejsivimperk.cz\/?p=354839\" target=\"_blank\" rel=\"noopener\">JI\u017dN\u00cd \u010cECHY: V P\u00edsku za\u010dne zanedlouho jezdit prvn\u00ed sd\u00edlen\u00e9 elektroauto<\/a><\/h6>\n<h6 class=\"entry-title\"><a href=\"https:\/\/zakrasnejsivimperk.cz\/?p=354536\" target=\"_blank\" rel=\"noopener\">JI\u017dN\u00cd \u010cECHY: \u010c\u00e1st ulice bude uzav\u0159ena del\u0161\u00ed dobu kv\u016fli skryt\u00fdm kavern\u00e1m<\/a><\/h6>\n<h6 class=\"entry-title\"><a href=\"https:\/\/zakrasnejsivimperk.cz\/?p=354024\" target=\"_blank\" rel=\"noopener\">JI\u017dN\u00cd \u010cECHY: M\u011bsto P\u00edsek vyp\u00ed\u0161e v\u00fdb\u011brov\u00e9 \u0159\u00edzen\u00ed na stavbu nov\u00e9 sportovn\u00ed haly<\/a><\/h6>\n<h6 class=\"entry-title\"><a href=\"https:\/\/zakrasnejsivimperk.cz\/?p=354021\" target=\"_blank\" rel=\"noopener\">JI\u017dN\u00cd \u010cECHY: V P\u00edsku se bude konat referendum, rozhodne o stavb\u011b ZEVO<\/a><\/h6>\n<h6 class=\"entry-title\"><a href=\"https:\/\/zakrasnejsivimperk.cz\/?p=353152\" target=\"_blank\" rel=\"noopener\">JI\u017dN\u00cd \u010cECHY: V P\u00edsku jdou s dobou. M\u011bsto o\u017e\u00edv\u00e1 d\u00edky modern\u00edm technologi\u00edm<\/a><\/h6>\n<h6 class=\"entry-title\"><a href=\"https:\/\/zakrasnejsivimperk.cz\/?p=351578\" target=\"_blank\" rel=\"noopener\">JI\u017dN\u00cd \u010cECHY: M\u011bsto P\u00edsek chce zrekonstruovat l\u00e1vku p\u0159es \u0159eku Otavu na Porty\u010di<\/a><\/h6>\n<h6 class=\"entry-title\"><a href=\"https:\/\/zakrasnejsivimperk.cz\/?p=351582\" target=\"_blank\" rel=\"noopener\">JI\u017dN\u00cd \u010cECHY: Topolov\u00e1 alej je ve \u0161patn\u00e9m stavu, star\u00e9 stromy proto nahrad\u00ed nov\u00e9<\/a><\/h6>\n<h6 class=\"entry-title\"><a href=\"https:\/\/zakrasnejsivimperk.cz\/?p=347222\" target=\"_blank\" rel=\"noopener\">JI\u017dN\u00cd \u010cECHY: V P\u00edsku otev\u0159eli zrekonstruovan\u00e9 d\u011btsk\u00e9 dopravn\u00ed h\u0159i\u0161t\u011b. Provoz zah\u00e1j\u00ed 1. \u010dervna<\/a><\/h6>\n<h6 class=\"entry-title\"><a href=\"https:\/\/zakrasnejsivimperk.cz\/?p=345947\" target=\"_blank\" rel=\"noopener\">JI\u017dN\u00cd \u010cECHY: P\u00edskov\u00e9 sochy dokon\u010deny \u2013 svoboda m\u00e1 mnoho podob<\/a><\/h6>\n<h6 class=\"entry-title\"><a href=\"https:\/\/zakrasnejsivimperk.cz\/?p=344992\" target=\"_blank\" rel=\"noopener\">JI\u017dN\u00cd \u010cECHY: 19. ro\u010dn\u00edk. Ve m\u011bst\u011b P\u00edsku op\u011bt po roce vyrostou ob\u0159\u00ed sochy z p\u00edsku<\/a><\/h6>\n<h6 class=\"entry-title\"><a href=\"https:\/\/zakrasnejsivimperk.cz\/?p=343831\" target=\"_blank\" rel=\"noopener\">JI\u017dN\u00cd \u010cECHY: N\u00e1v\u0161t\u011bvn\u00edci leto\u0161n\u00edho P\u00edskovi\u0161t\u011b se v\u017eij\u00ed do role rekreant\u016f v roce \u00b425<\/a><\/h6>\n<h6 class=\"entry-title\"><a href=\"https:\/\/zakrasnejsivimperk.cz\/?p=343589\" target=\"_blank\" rel=\"noopener\">JI\u017dN\u00cd \u010cECHY: Den Zem\u011b si P\u00edsek p\u0159ipomene dvoudenn\u00ed akc\u00ed s bohat\u00fdm programem<\/a><\/h6>\n<h6 class=\"entry-title\"><a href=\"https:\/\/zakrasnejsivimperk.cz\/?p=341941\" target=\"_blank\" rel=\"noopener\">JI\u017dN\u00cd \u010cECHY: M\u011bsto P\u00edsek letos na ja\u0159e zah\u00e1j\u00ed stavbu nov\u00e9 okru\u017en\u00ed k\u0159i\u017eovatky<\/a><\/h6>\n<h6 class=\"entry-title\"><a href=\"https:\/\/zakrasnejsivimperk.cz\/?p=340901\" target=\"_blank\" rel=\"noopener\">JI\u017dN\u00cd \u010cECHY: Ohro\u017een\u00fd rak \u0159\u00ed\u010dn\u00ed byl vysazen do rybn\u00edka Na Fleka\u010dk\u00e1ch v Semic\u00edch, doplnil ho karas obecn\u00fd<\/a><\/h6>\n<h6 class=\"entry-title\"><a href=\"https:\/\/zakrasnejsivimperk.cz\/?p=340047\" target=\"_blank\" rel=\"noopener\">JI\u017dN\u00cd \u010cECHY: Na Otav\u011b v P\u00edsku bude prvn\u00ed \u201echytr\u00fd ryb\u00ed p\u0159echod\u201c v republice<\/a><\/h6>\n<h6 class=\"entry-title\"><a href=\"https:\/\/zakrasnejsivimperk.cz\/?p=339188\" target=\"_blank\" rel=\"noopener\">JI\u017dN\u00cd \u010cECHY: Spole\u010dnost AISIN finan\u010dn\u011b podpo\u0159\u00ed rekonstrukci d\u011btsk\u00e9ho dopravn\u00edho h\u0159i\u0161t\u011b v P\u00edsku<\/a><\/h6>\n<h6 class=\"entry-title\"><a href=\"https:\/\/zakrasnejsivimperk.cz\/?p=338841\" target=\"_blank\" rel=\"noopener\">JI\u017dN\u00cd \u010cECHY: Do ulic m\u011bsta P\u00edsku se po zimn\u00ed pauze op\u011bt vracej\u00ed sd\u00edlen\u00e1 kola<\/a><\/h6>\n<h6 class=\"entry-title\"><a href=\"https:\/\/zakrasnejsivimperk.cz\/?p=338538\" target=\"_blank\" rel=\"noopener\">JI\u017dN\u00cd \u010cECHY: P\u00edskovi\u0161t\u011b jako oslava stolet\u00e9ho v\u00fdro\u010d\u00ed od vynalezen\u00ed rekreace<\/a><\/h6>\n<h6 class=\"entry-title\"><a href=\"https:\/\/zakrasnejsivimperk.cz\/?p=338536\" target=\"_blank\" rel=\"noopener\">JI\u017dN\u00cd \u010cECHY: P\u00edsek se chyst\u00e1 na jarn\u00ed kastraci toulav\u00fdch ko\u010dek ve m\u011bst\u011b<\/a><\/h6>\n<h6 class=\"entry-title\"><a href=\"https:\/\/zakrasnejsivimperk.cz\/?p=337818\" target=\"_blank\" rel=\"noopener\">JI\u017dN\u00cd \u010cECHY: ZEVO P\u00edsek vyhl\u00e1silo miliardov\u00fd tendr na v\u00fdstavbu za\u0159\u00edzen\u00ed pro energetick\u00e9 vyu\u017eit\u00ed odpad\u016f<\/a><\/h6>\n<h6 class=\"entry-title\"><a href=\"https:\/\/zakrasnejsivimperk.cz\/?p=337374\" target=\"_blank\" rel=\"noopener\">JI\u017dN\u00cd \u010cECHY: ZEVO P\u00edsek z\u0159izuje pracovn\u00ed skupinu pro v\u011bt\u0161\u00ed pr\u016fhlednost projektu<\/a><\/h6>\n<h6 class=\"entry-title\"><a href=\"https:\/\/zakrasnejsivimperk.cz\/?p=336713\" target=\"_blank\" rel=\"noopener\">JI\u017dN\u00cd \u010cECHY: M\u011bsto P\u00edsek chce vybudovat v \u010cechov\u011b ulici ordinace pro zuba\u0159e<\/a><\/h6>\n<h6 class=\"entry-title\"><a href=\"https:\/\/zakrasnejsivimperk.cz\/?p=336058\" target=\"_blank\" rel=\"noopener\">JI\u017dN\u00cd \u010cECHY: Nejprve demolice star\u00e9 t\u011blocvi\u010dny a pak stavba nov\u00e9ho pavilonu<\/a><\/h6>\n<h6 class=\"entry-title\"><a href=\"https:\/\/zakrasnejsivimperk.cz\/?p=334090\" target=\"_blank\" rel=\"noopener\">JI\u017dN\u00cd \u010cECHY: Za\u010d\u00edn\u00e1 v\u00fdstavba nov\u00e9ho pavilonu u p\u00edseck\u00e9 Z\u0160 Tom\u00e1\u0161e \u0160obra<\/a><\/h6>\n<h6 class=\"entry-title\"><a href=\"https:\/\/zakrasnejsivimperk.cz\/?p=332919\" target=\"_blank\" rel=\"noopener\">JI\u017dN\u00cd \u010cECHY: \u010ctvrt\u00fd ro\u010dn\u00edk participativn\u00edho rozpo\u010dtu pro dev\u011bt r\u016fzn\u00fdch projekt\u016f<\/a><\/h6>\n<h6 class=\"entry-title\"><a href=\"https:\/\/zakrasnejsivimperk.cz\/?p=332770\" target=\"_blank\" rel=\"noopener\">JI\u017dN\u00cd \u010cECHY: Podeps\u00e1no. Stavba nov\u00e9ho baz\u00e9nu v P\u00edsku za\u010dne v lednu 2025<\/a><\/h6>\n<h6 class=\"entry-title\"><a href=\"https:\/\/zakrasnejsivimperk.cz\/?p=329968\" target=\"_blank\" rel=\"noopener\">JI\u017dN\u00cd \u010cECHY: M\u011bsto P\u00edsek vybralo dodavatele stavby nov\u00e9ho plaveck\u00e9ho baz\u00e9nu<\/a><\/h6>\n<h6 class=\"entry-title\"><a href=\"https:\/\/zakrasnejsivimperk.cz\/?p=327506\" target=\"_blank\" rel=\"noopener\">JI\u017dN\u00cd \u010cECHY: Na Lesn\u00edm h\u0159bitov\u011b vznikl vzpom\u00ednkov\u00fd prostor M\u00edsto v srdci<\/a><\/h6>\n<h6 class=\"entry-title\"><a href=\"https:\/\/zakrasnejsivimperk.cz\/?p=327274\" target=\"_blank\" rel=\"noopener\">JI\u017dN\u00cd \u010cECHY: \u010ctvrt\u00fd ro\u010dn\u00edk Participativn\u00edho rozpo\u010dtu m\u011bsta P\u00edsek m\u00ed\u0159\u00ed do fin\u00e1le<\/a><\/h6>\n<h6 class=\"entry-title\"><a href=\"https:\/\/zakrasnejsivimperk.cz\/?p=324703\" target=\"_blank\" rel=\"noopener\">JI\u017dN\u00cd \u010cECHY: M\u011bsto P\u00edsek chyst\u00e1 podzimn\u00ed odchyt a kastraci toulav\u00fdch ko\u010dek<\/a><\/h6>\n<h6 class=\"entry-title\"><a href=\"https:\/\/zakrasnejsivimperk.cz\/?p=323351\" target=\"_blank\" rel=\"noopener\">JI\u017dN\u00cd \u010cECHY: M\u011bsto P\u00edsek otev\u0159elo na okraji s\u00eddli\u0161t\u011b Porty\u010d zcela nov\u00fd skatepark<\/a><\/h6>\n<h6 class=\"entry-title\"><a href=\"https:\/\/zakrasnejsivimperk.cz\/?p=322666\" target=\"_blank\" rel=\"noopener\">JI\u017dN\u00cd \u010cECHY: Jiho\u010desk\u00fd kraj a nemocnice p\u0159ipravuj\u00ed prostory pro zubn\u00ed kliniku<\/a><\/h6>\n<h6 class=\"entry-title\"><a href=\"https:\/\/zakrasnejsivimperk.cz\/?p=321055\" target=\"_blank\" rel=\"noopener\">JI\u017dN\u00cd \u010cECHY: P\u00edsek z\u00edskal st\u0159\u00edbro v mezin\u00e1rodn\u00ed sout\u011b\u017ei kvetouc\u00edch s\u00eddel<\/a><\/h6>\n<h6><a href=\"https:\/\/zakrasnejsivimperk.cz\/?p=314537\" target=\"_blank\" rel=\"noopener\">JI\u017dN\u00cd \u010cECHY: V P\u00edsku cht\u011bj\u00ed na podzim zah\u00e1jit obnovu d\u011btsk\u00e9ho dopravn\u00edho h\u0159i\u0161t\u011b<\/a><\/h6>\n<h6><a href=\"https:\/\/zakrasnejsivimperk.cz\/?p=314535\" target=\"_blank\" rel=\"noopener\">JI\u017dN\u00cd \u010cECHY: V P\u00edsku by mohlo p\u0159\u00ed\u0161t\u00ed rok jezdit sd\u00edlen\u00e9 auto, \u0159\u00edk\u00e1 radnice<\/a><\/h6>\n<h6><a href=\"https:\/\/zakrasnejsivimperk.cz\/?p=314353\" target=\"_blank\" rel=\"noopener\">JI\u017dN\u00cd \u010cECHY: Do leto\u0161n\u00edho participativn\u00edho rozpo\u010dtu lid\u00e9 p\u0159ihl\u00e1sili 11 projekt\u016f<\/a><\/h6>\n<h6><a href=\"https:\/\/zakrasnejsivimperk.cz\/?p=312554\" target=\"_blank\" rel=\"noopener\">JI\u017dN\u00cd \u010cECHY: Zaji\u0161t\u011bn\u00e1 lezeck\u00e1 cesta, nov\u00e1 atrakce na V\u00e1clavsk\u00fdch skal\u00e1ch<\/a><\/h6>\n<h6><a href=\"https:\/\/zakrasnejsivimperk.cz\/?p=312486\" target=\"_blank\" rel=\"noopener\">JI\u017dN\u00cd \u010cECHY: 1200 metr\u016f. Nov\u00e1 cyklostezka spoj\u00ed m\u011bsto P\u00edsek s obc\u00ed Semice<\/a><\/h6>\n<h6><a href=\"https:\/\/zakrasnejsivimperk.cz\/?p=312203\" target=\"_blank\" rel=\"noopener\">JI\u017dN\u00cd \u010cECHY: L\u00e9to v p\u00edseck\u00e9 Sladovn\u011b bude op\u011bt pln\u00e9 nev\u0161edn\u00edch z\u00e1\u017eitk\u016f<\/a><\/h6>\n<h6><a href=\"https:\/\/zakrasnejsivimperk.cz\/?p=311355\" target=\"_blank\" rel=\"noopener\">JI\u017dN\u00cd \u010cECHY: Sladovna P\u00edsek obh\u00e1jila certifik\u00e1t Domov pro u\u010den\u00ed ve 21. stolet\u00ed<\/a><\/h6>\n<h6><a href=\"https:\/\/zakrasnejsivimperk.cz\/?p=311055\" target=\"_blank\" rel=\"noopener\">JI\u017dN\u00cd \u010cECHY: P\u00edsek za\u010dne s p\u0159estavbou star\u00e9 vod\u00e1rny. Vznikne kemp s t\u011blocvi\u010dnou<\/a><\/h6>\n<h6><a href=\"https:\/\/zakrasnejsivimperk.cz\/?p=309226\" target=\"_blank\" rel=\"noopener\">JI\u017dN\u00cd \u010cECHY: P\u00edsek vym\u011bn\u00ed zhruba 900 sv\u011bteln\u00fdch zdroj\u016f ve\u0159ejn\u00e9ho osv\u011btlen\u00ed<\/a><\/h6>\n<h6><a href=\"https:\/\/zakrasnejsivimperk.cz\/?p=308460\" target=\"_blank\" rel=\"noopener\">JI\u017dN\u00cd \u010cECHY: M\u011bstsk\u00e1 slavnost Dotkni se P\u00edsku letos nab\u00eddne krom\u011b koncert\u016f i pouli\u010dn\u00ed divadlo nebo oh\u0148ovou show<\/a><\/h6>\n<h6><a href=\"https:\/\/zakrasnejsivimperk.cz\/?p=307291\" target=\"_blank\" rel=\"noopener\">JI\u017dN\u00cd \u010cECHY: Otev\u0159en\u00ed galerie Sochy z p\u00edsku v P\u00edsku 2024 se uskute\u010dn\u00ed v p\u00e1tek 17. kv\u011btna<\/a><\/h6>\n<h6><a href=\"https:\/\/zakrasnejsivimperk.cz\/?p=305135\" target=\"_blank\" rel=\"noopener\">JI\u017dN\u00cd \u010cECHY: P\u00edskov\u00e9 sochy za\u010dali um\u011blci tvo\u0159it u\u017e tento t\u00fdden<\/a><\/h6>\n<h6><a href=\"https:\/\/zakrasnejsivimperk.cz\/?p=305717\" target=\"_blank\" rel=\"noopener\">JI\u017dN\u00cd \u010cECHY: M\u011bsto P\u00edsek vyhl\u00e1s\u00ed grantov\u00fd program Vs\u00e1kniSe ur\u010den\u00fd ob\u010dan\u016fm<\/a><\/h6>\n<hr \/>\n<p>&nbsp;<\/p>\n","protected":false},"excerpt":{"rendered":"<p>&nbsp; Na <\/p>\n","protected":false},"author":2,"featured_media":373905,"comment_status":"open","ping_status":"open","sticky":false,"template":"","format":"gallery","meta":{"footnotes":""},"categories":[69],"tags":[],"jetpack_featured_media_url":"https:\/\/zakrasnejsivimperk.cz\/wp-content\/uploads\/2026\/04\/27\/sochy-z-pisku-1.jpg","_links":{"self":[{"href":"https:\/\/zakrasnejsivimperk.cz\/index.php?rest_route=\/wp\/v2\/posts\/373904"}],"collection":[{"href":"https:\/\/zakrasnejsivimperk.cz\/index.php?rest_route=\/wp\/v2\/posts"}],"about":[{"href":"https:\/\/zakrasnejsivimperk.cz\/index.php?rest_route=\/wp\/v2\/types\/post"}],"author":[{"embeddable":true,"href":"https:\/\/zakrasnejsivimperk.cz\/index.php?rest_route=\/wp\/v2\/users\/2"}],"replies":[{"embeddable":true,"href":"https:\/\/zakrasnejsivimperk.cz\/index.php?rest_route=%2Fwp%2Fv2%2Fcomments&post=373904"}],"version-history":[{"count":5,"href":"https:\/\/zakrasnejsivimperk.cz\/index.php?rest_route=\/wp\/v2\/posts\/373904\/revisions"}],"predecessor-version":[{"id":373911,"href":"https:\/\/zakrasnejsivimperk.cz\/index.php?rest_route=\/wp\/v2\/posts\/373904\/revisions\/373911"}],"wp:featuredmedia":[{"embeddable":true,"href":"https:\/\/zakrasnejsivimperk.cz\/index.php?rest_route=\/wp\/v2\/media\/373905"}],"wp:attachment":[{"href":"https:\/\/zakrasnejsivimperk.cz\/index.php?rest_route=%2Fwp%2Fv2%2Fmedia&parent=373904"}],"wp:term":[{"taxonomy":"category","embeddable":true,"href":"https:\/\/zakrasnejsivimperk.cz\/index.php?rest_route=%2Fwp%2Fv2%2Fcategories&post=373904"},{"taxonomy":"post_tag","embeddable":true,"href":"https:\/\/zakrasnejsivimperk.cz\/index.php?rest_route=%2Fwp%2Fv2%2Ftags&post=373904"}],"curies":[{"name":"wp","href":"https:\/\/api.w.org\/{rel}","templated":true}]}}