{"id":373901,"date":"2026-04-27T13:11:48","date_gmt":"2026-04-27T12:11:48","guid":{"rendered":"https:\/\/zakrasnejsivimperk.cz\/?p=373901"},"modified":"2026-04-27T13:11:48","modified_gmt":"2026-04-27T12:11:48","slug":"jihoceska-televize-nejzajimavejsi-udalosti-z-jihu-cech-17-tyden-2026","status":"publish","type":"post","link":"https:\/\/zakrasnejsivimperk.cz\/?p=373901","title":{"rendered":"JIHO\u010cESK\u00c1 TELEVIZE: Nejzaj\u00edmav\u011bj\u0161\u00ed ud\u00e1losti z jihu \u010cech \u2013 17. t\u00fdden 2026"},"content":{"rendered":"<h1 style=\"text-align: center;\">Video otev\u0159ete kliknut\u00edm na obr\u00e1zek:<\/h1>\n<p>&nbsp;<\/p>\n<p><a href=\"https:\/\/youtu.be\/nBYAxvbiLvo\" target=\"_blank\" rel=\"noopener\"><img loading=\"lazy\" decoding=\"async\" class=\"aligncenter wp-image-373902 size-full\" src=\"https:\/\/zakrasnejsivimperk.cz\/wp-content\/uploads\/2026\/04\/27\/v-kraji-1726.jpg\" alt=\"\" width=\"1100\" height=\"616\" srcset=\"https:\/\/zakrasnejsivimperk.cz\/wp-content\/uploads\/2026\/04\/27\/v-kraji-1726.jpg 1100w, https:\/\/zakrasnejsivimperk.cz\/wp-content\/uploads\/2026\/04\/27\/v-kraji-1726-300x168.jpg 300w, https:\/\/zakrasnejsivimperk.cz\/wp-content\/uploads\/2026\/04\/27\/v-kraji-1726-1024x573.jpg 1024w, https:\/\/zakrasnejsivimperk.cz\/wp-content\/uploads\/2026\/04\/27\/v-kraji-1726-768x430.jpg 768w, https:\/\/zakrasnejsivimperk.cz\/wp-content\/uploads\/2026\/04\/27\/v-kraji-1726-638x357.jpg 638w, https:\/\/zakrasnejsivimperk.cz\/wp-content\/uploads\/2026\/04\/27\/v-kraji-1726-863x483.jpg 863w\" sizes=\"(max-width: 1100px) 100vw, 1100px\" \/><\/a><\/p>\n<p>&nbsp;<\/p>\n<p><strong>(jtv)<\/strong><\/p>\n<p><strong>(red) \u2013 Za kr\u00e1sn\u011bj\u0161\u00ed Vimperk<\/strong><\/p>\n<hr \/>\n<p>&nbsp;<\/p>\n","protected":false},"excerpt":{"rendered":"<p>Video otev\u0159ete <\/p>\n","protected":false},"author":2,"featured_media":373902,"comment_status":"open","ping_status":"open","sticky":false,"template":"","format":"gallery","meta":{"footnotes":""},"categories":[19,130],"tags":[],"jetpack_featured_media_url":"https:\/\/zakrasnejsivimperk.cz\/wp-content\/uploads\/2026\/04\/27\/v-kraji-1726.jpg","_links":{"self":[{"href":"https:\/\/zakrasnejsivimperk.cz\/index.php?rest_route=\/wp\/v2\/posts\/373901"}],"collection":[{"href":"https:\/\/zakrasnejsivimperk.cz\/index.php?rest_route=\/wp\/v2\/posts"}],"about":[{"href":"https:\/\/zakrasnejsivimperk.cz\/index.php?rest_route=\/wp\/v2\/types\/post"}],"author":[{"embeddable":true,"href":"https:\/\/zakrasnejsivimperk.cz\/index.php?rest_route=\/wp\/v2\/users\/2"}],"replies":[{"embeddable":true,"href":"https:\/\/zakrasnejsivimperk.cz\/index.php?rest_route=%2Fwp%2Fv2%2Fcomments&post=373901"}],"version-history":[{"count":1,"href":"https:\/\/zakrasnejsivimperk.cz\/index.php?rest_route=\/wp\/v2\/posts\/373901\/revisions"}],"predecessor-version":[{"id":373903,"href":"https:\/\/zakrasnejsivimperk.cz\/index.php?rest_route=\/wp\/v2\/posts\/373901\/revisions\/373903"}],"wp:featuredmedia":[{"embeddable":true,"href":"https:\/\/zakrasnejsivimperk.cz\/index.php?rest_route=\/wp\/v2\/media\/373902"}],"wp:attachment":[{"href":"https:\/\/zakrasnejsivimperk.cz\/index.php?rest_route=%2Fwp%2Fv2%2Fmedia&parent=373901"}],"wp:term":[{"taxonomy":"category","embeddable":true,"href":"https:\/\/zakrasnejsivimperk.cz\/index.php?rest_route=%2Fwp%2Fv2%2Fcategories&post=373901"},{"taxonomy":"post_tag","embeddable":true,"href":"https:\/\/zakrasnejsivimperk.cz\/index.php?rest_route=%2Fwp%2Fv2%2Ftags&post=373901"}],"curies":[{"name":"wp","href":"https:\/\/api.w.org\/{rel}","templated":true}]}}