{"id":373889,"date":"2026-04-27T12:54:20","date_gmt":"2026-04-27T11:54:20","guid":{"rendered":"https:\/\/zakrasnejsivimperk.cz\/?p=373889"},"modified":"2026-04-27T12:54:20","modified_gmt":"2026-04-27T11:54:20","slug":"nase-mesto-vimperk-informace-z-radnice-modernizace-zimniho-stadionu-muze-zacit","status":"publish","type":"post","link":"https:\/\/zakrasnejsivimperk.cz\/?p=373889","title":{"rendered":"NA\u0160E M\u011aSTO VIMPERK \u2013 INFORMACE Z RADNICE: Modernizace zimn\u00edho stadionu m\u016f\u017ee za\u010d\u00edt"},"content":{"rendered":"<p><img loading=\"lazy\" decoding=\"async\" class=\"aligncenter wp-image-369389 size-full\" src=\"https:\/\/zakrasnejsivimperk.cz\/wp-content\/uploads\/2026\/02\/27\/zs-vpk-nyni-1.jpg\" alt=\"\" width=\"1214\" height=\"911\" srcset=\"https:\/\/zakrasnejsivimperk.cz\/wp-content\/uploads\/2026\/02\/27\/zs-vpk-nyni-1.jpg 1214w, https:\/\/zakrasnejsivimperk.cz\/wp-content\/uploads\/2026\/02\/27\/zs-vpk-nyni-1-300x225.jpg 300w, https:\/\/zakrasnejsivimperk.cz\/wp-content\/uploads\/2026\/02\/27\/zs-vpk-nyni-1-1024x768.jpg 1024w, https:\/\/zakrasnejsivimperk.cz\/wp-content\/uploads\/2026\/02\/27\/zs-vpk-nyni-1-768x576.jpg 768w, https:\/\/zakrasnejsivimperk.cz\/wp-content\/uploads\/2026\/02\/27\/zs-vpk-nyni-1-476x357.jpg 476w, https:\/\/zakrasnejsivimperk.cz\/wp-content\/uploads\/2026\/02\/27\/zs-vpk-nyni-1-644x483.jpg 644w\" sizes=\"(max-width: 1214px) 100vw, 1214px\" \/><\/p>\n<p>&nbsp;<\/p>\n<h6>Zastupitel\u00e9 Jiho\u010desk\u00e9ho kraje ve \u010dtvrtek 23. dubna 2026 schv\u00e1lili dotace z Krajsk\u00e9ho investi\u010dn\u00edho fondu a na vimpersk\u00fd zimn\u00ed stadion p\u0159id\u011blili 10 mil. K\u010d. N\u00e1klady na p\u0159ipravenou 1. etapu modernizace budou \u010dinit celkem 30 mil. K\u010d. M\u011bsto m\u00e1 je\u0161t\u011b po\u017e\u00e1d\u00e1no o dal\u0161\u00ed dotaci u N\u00e1rodn\u00ed sportovn\u00ed agentury.<\/h6>\n<p><em>\u201ePl\u00e1n se st\u00e1v\u00e1 skute\u010dnost\u00ed. Do zimn\u00edho stadionu se pust\u00edme okam\u017eit\u011b. Jsme toti\u017e dob\u0159e p\u0159ipraveni. Ji\u017e m\u00e1me vybranou stavebn\u00ed firmu, na pond\u011bl\u00ed 27. dubna je svol\u00e1no vimpersk\u00e9 zastupitelstvo, aby schv\u00e1lilo p\u0159\u00edslu\u0161n\u00e9 rozpo\u010dtov\u00e9 zm\u011bny, a 11. kv\u011btna si zhotovitel m\u016f\u017ee p\u0159evz\u00edt staveni\u0161t\u011b,\u201c<\/em> uvedl vimpersk\u00fd m\u00edstostarosta Zden\u011bk Kuncl. Ji\u017e t\u00fdden p\u0159edt\u00edm bude stavebn\u00ed firma prov\u00e1d\u011bt sond\u00e1\u017e st\u0159echy, dal\u0161\u00ed pr\u016fzkum a p\u0159\u00edpravy k zah\u00e1jen\u00ed stavby.<\/p>\n<p><em>\u201eJsme si v\u011bdomi, \u017ee rekonstrukce je \u010dasov\u011b n\u00e1ro\u010dn\u00e1, a proto byla zah\u00e1jena jedn\u00e1n\u00ed se zhotovitelem d\u0159\u00edve, ne\u017e bude podeps\u00e1na smlouva. Velice pe\u010dliv\u011b jsme prob\u00edrali \u010dasov\u00fd harmonogram, etapizaci prac\u00ed, dokon\u010dovac\u00ed pr\u00e1ce a nezbytn\u00fd \u010das na kolaudaci stavby. Na\u0161im spole\u010dn\u00fdm c\u00edlem je otev\u0159\u00edt zimn\u00ed stadion pro hokejisty co nejd\u0159\u00edve. D\u016fle\u017eit\u00fdm krokem pro odstartov\u00e1n\u00ed rekonstrukce je schv\u00e1len\u00ed rozpo\u010dtov\u00fdch opat\u0159en\u00ed na zased\u00e1n\u00ed zastupitelstva m\u011bsta,\u201c<\/em> uvedla vimpersk\u00e1 starostka Jaroslava Martanov\u00e1.<\/p>\n<p>Stavba ovlivn\u00ed za\u010d\u00e1tek sezony na zimn\u00edm stadionu, kter\u00e1 obvykle startuje v druh\u00e9 polovin\u011b srpna. Stavebn\u00ed pr\u00e1ce by m\u011bly b\u00fdt dokon\u010deny do konce \u0159\u00edjna.<\/p>\n<p>Prvn\u00ed etapa modernizace vimpersk\u00e9ho zimn\u00edho stadionu spo\u010d\u00edv\u00e1 v zateplen\u00ed a opl\u00e1\u0161t\u011bn\u00ed st\u0159echy, severn\u00ed fas\u00e1dy a \u010d\u00e1sti v\u00fdchodn\u00ed fas\u00e1dy. Stadion tak\u00e9 dostane novou vzduchotechniku. C\u00edlem je \u010d\u00e1ste\u010dn\u011b zlep\u0161it energetickou n\u00e1ro\u010dnost na chlazen\u00ed plochy, omezit ml\u017een\u00ed nad ledem a zabr\u00e1nit kondenzaci vody pod st\u0159echou.<\/p>\n<p>Celkov\u00e1 rekonstrukce stadionu je odhadov\u00e1na na 70 mil. K\u010d a je rozf\u00e1zov\u00e1na podle studie z roku 2022. Kv\u016fli vysok\u00fdm n\u00e1klad\u016fm se m\u011bsto sna\u017e\u00ed vyu\u017e\u00edvat dota\u010dn\u00ed podpory. Stadion ostatn\u011b neslou\u017e\u00ed jen Vimper\u00e1k\u016fm, ale \u0161irok\u00e9mu okol\u00ed.<\/p>\n<p>&nbsp;<\/p>\n<p><strong>Milan BRABEC, vedouc\u00ed komunikace m\u011bsta<\/strong><\/p>\n<p>Foto: M\u011bsto Vimperk<\/p>\n<p>&nbsp;<\/p>\n<p><img loading=\"lazy\" decoding=\"async\" class=\"aligncenter wp-image-369388 size-full\" src=\"https:\/\/zakrasnejsivimperk.cz\/wp-content\/uploads\/2026\/02\/27\/zs-vpk-2.jpg\" alt=\"\" width=\"1696\" height=\"911\" srcset=\"https:\/\/zakrasnejsivimperk.cz\/wp-content\/uploads\/2026\/02\/27\/zs-vpk-2.jpg 1696w, https:\/\/zakrasnejsivimperk.cz\/wp-content\/uploads\/2026\/02\/27\/zs-vpk-2-300x161.jpg 300w, https:\/\/zakrasnejsivimperk.cz\/wp-content\/uploads\/2026\/02\/27\/zs-vpk-2-1024x550.jpg 1024w, https:\/\/zakrasnejsivimperk.cz\/wp-content\/uploads\/2026\/02\/27\/zs-vpk-2-768x413.jpg 768w, https:\/\/zakrasnejsivimperk.cz\/wp-content\/uploads\/2026\/02\/27\/zs-vpk-2-1536x825.jpg 1536w, https:\/\/zakrasnejsivimperk.cz\/wp-content\/uploads\/2026\/02\/27\/zs-vpk-2-665x357.jpg 665w, https:\/\/zakrasnejsivimperk.cz\/wp-content\/uploads\/2026\/02\/27\/zs-vpk-2-899x483.jpg 899w\" sizes=\"(max-width: 1696px) 100vw, 1696px\" \/><\/p>\n<p>&nbsp;<\/p>\n<p><img loading=\"lazy\" decoding=\"async\" class=\"aligncenter wp-image-369387 size-full\" src=\"https:\/\/zakrasnejsivimperk.cz\/wp-content\/uploads\/2026\/02\/27\/zs-vpk-1.jpg\" alt=\"\" width=\"1694\" height=\"911\" srcset=\"https:\/\/zakrasnejsivimperk.cz\/wp-content\/uploads\/2026\/02\/27\/zs-vpk-1.jpg 1694w, https:\/\/zakrasnejsivimperk.cz\/wp-content\/uploads\/2026\/02\/27\/zs-vpk-1-300x161.jpg 300w, https:\/\/zakrasnejsivimperk.cz\/wp-content\/uploads\/2026\/02\/27\/zs-vpk-1-1024x551.jpg 1024w, https:\/\/zakrasnejsivimperk.cz\/wp-content\/uploads\/2026\/02\/27\/zs-vpk-1-768x413.jpg 768w, https:\/\/zakrasnejsivimperk.cz\/wp-content\/uploads\/2026\/02\/27\/zs-vpk-1-1536x826.jpg 1536w, https:\/\/zakrasnejsivimperk.cz\/wp-content\/uploads\/2026\/02\/27\/zs-vpk-1-664x357.jpg 664w, https:\/\/zakrasnejsivimperk.cz\/wp-content\/uploads\/2026\/02\/27\/zs-vpk-1-898x483.jpg 898w\" sizes=\"(max-width: 1694px) 100vw, 1694px\" \/><\/p>\n<hr \/>\n<p>&nbsp;<\/p>\n","protected":false},"excerpt":{"rendered":"<p>&nbsp; Zastupitel\u00e9 <\/p>\n","protected":false},"author":2,"featured_media":373890,"comment_status":"open","ping_status":"open","sticky":false,"template":"","format":"gallery","meta":{"footnotes":""},"categories":[179],"tags":[],"jetpack_featured_media_url":"https:\/\/zakrasnejsivimperk.cz\/wp-content\/uploads\/2026\/04\/27\/nove-zs.jpg","_links":{"self":[{"href":"https:\/\/zakrasnejsivimperk.cz\/index.php?rest_route=\/wp\/v2\/posts\/373889"}],"collection":[{"href":"https:\/\/zakrasnejsivimperk.cz\/index.php?rest_route=\/wp\/v2\/posts"}],"about":[{"href":"https:\/\/zakrasnejsivimperk.cz\/index.php?rest_route=\/wp\/v2\/types\/post"}],"author":[{"embeddable":true,"href":"https:\/\/zakrasnejsivimperk.cz\/index.php?rest_route=\/wp\/v2\/users\/2"}],"replies":[{"embeddable":true,"href":"https:\/\/zakrasnejsivimperk.cz\/index.php?rest_route=%2Fwp%2Fv2%2Fcomments&post=373889"}],"version-history":[{"count":1,"href":"https:\/\/zakrasnejsivimperk.cz\/index.php?rest_route=\/wp\/v2\/posts\/373889\/revisions"}],"predecessor-version":[{"id":373891,"href":"https:\/\/zakrasnejsivimperk.cz\/index.php?rest_route=\/wp\/v2\/posts\/373889\/revisions\/373891"}],"wp:featuredmedia":[{"embeddable":true,"href":"https:\/\/zakrasnejsivimperk.cz\/index.php?rest_route=\/wp\/v2\/media\/373890"}],"wp:attachment":[{"href":"https:\/\/zakrasnejsivimperk.cz\/index.php?rest_route=%2Fwp%2Fv2%2Fmedia&parent=373889"}],"wp:term":[{"taxonomy":"category","embeddable":true,"href":"https:\/\/zakrasnejsivimperk.cz\/index.php?rest_route=%2Fwp%2Fv2%2Fcategories&post=373889"},{"taxonomy":"post_tag","embeddable":true,"href":"https:\/\/zakrasnejsivimperk.cz\/index.php?rest_route=%2Fwp%2Fv2%2Ftags&post=373889"}],"curies":[{"name":"wp","href":"https:\/\/api.w.org\/{rel}","templated":true}]}}