{"id":373886,"date":"2026-04-27T11:39:46","date_gmt":"2026-04-27T10:39:46","guid":{"rendered":"https:\/\/zakrasnejsivimperk.cz\/?p=373886"},"modified":"2026-04-27T11:39:46","modified_gmt":"2026-04-27T10:39:46","slug":"reci-cisel-duvera-v-ekonomiku-odrazi-aktualni-nejistotu-podnikatelu-a-obavy-domacnosti","status":"publish","type":"post","link":"https:\/\/zakrasnejsivimperk.cz\/?p=373886","title":{"rendered":"\u0158E\u010c\u00cd \u010c\u00cdSEL: D\u016fv\u011bra v\u202fekonomiku odr\u00e1\u017e\u00ed aktu\u00e1ln\u00ed nejistotu podnikatel\u016f a obavy dom\u00e1cnost\u00ed"},"content":{"rendered":"<p><img loading=\"lazy\" decoding=\"async\" class=\"aligncenter wp-image-219756 size-large\" src=\"https:\/\/zakrasnejsivimperk.cz\/wp-content\/uploads\/2021\/03\/29\/\u010ds\u00fa-logo-1024x277.png\" alt=\"\" width=\"700\" height=\"189\" srcset=\"https:\/\/zakrasnejsivimperk.cz\/wp-content\/uploads\/2021\/03\/29\/\u010ds\u00fa-logo-1024x277.png 1024w, https:\/\/zakrasnejsivimperk.cz\/wp-content\/uploads\/2021\/03\/29\/\u010ds\u00fa-logo-300x81.png 300w, https:\/\/zakrasnejsivimperk.cz\/wp-content\/uploads\/2021\/03\/29\/\u010ds\u00fa-logo-768x208.png 768w, https:\/\/zakrasnejsivimperk.cz\/wp-content\/uploads\/2021\/03\/29\/\u010ds\u00fa-logo.png 1280w\" sizes=\"(max-width: 700px) 100vw, 700px\" \/><\/p>\n<p>&nbsp;<\/p>\n<h6>Souhrnn\u00fd indik\u00e1tor d\u016fv\u011bry (indik\u00e1tor ekonomick\u00e9ho sentimentu), vyj\u00e1d\u0159en\u00fd bazick\u00fdm indexem, se v\u202fdubnu mezim\u011bs\u00ed\u010dn\u011b m\u00edrn\u011b sn\u00ed\u017eil o 0,8 bodu na hodnotu 101,3, p\u0159i rozd\u00edln\u00e9m v\u00fdvoji obou jeho slo\u017eek. Zat\u00edmco indik\u00e1tor d\u016fv\u011bry podnikatel\u016f z\u016fstal na sv\u00e9 b\u0159eznov\u00e9 \u00farovni (100,4), indik\u00e1tor d\u016fv\u011bry spot\u0159ebitel\u016f poklesl o 4,4 bodu na hodnotu 106,0.<\/h6>\n<p><em>\u201eD\u016fv\u011bra podnikatel\u016f v\u202fekonomiku se v\u202fdubnu mezim\u011bs\u00ed\u010dn\u011b nezm\u011bnila. Mnoh\u00e9 podnikatele dlouhodob\u011b limituje nedostate\u010dn\u00e1 popt\u00e1vka a v\u202fn\u011bkter\u00fdch odv\u011btv\u00edch tak\u00e9 nedostatek kvalifikovan\u00fdch zam\u011bstnanc\u016f. Je\u0161t\u011b v\u00fdrazn\u011bj\u0161\u00ed bari\u00e9rou r\u016fstu produkce ne\u017e doposud se st\u00e1v\u00e1 i\u202fzhor\u0161uj\u00edc\u00ed se geopolitick\u00e1 situace, kter\u00e1 m\u00e1, mimo jin\u00e9, v\u00fdrazn\u00fd vliv na rostouc\u00ed ceny vstup\u016f,\u201c<\/em> uvedl Ji\u0159\u00ed Obst, vedouc\u00ed odd\u011blen\u00ed konjunktur\u00e1ln\u00edch pr\u016fzkum\u016f \u010cS\u00da.<\/p>\n<p><em>\u201eD\u016fv\u011bra spot\u0159ebitel\u016f se oproti b\u0159eznu sn\u00ed\u017eila. Dom\u00e1cnosti se ob\u00e1vaj\u00ed zhor\u0161en\u00ed celkov\u00e9 hospod\u00e1\u0159sk\u00e9 situace v\u202f\u010cesku, ale i jejich vlastn\u00ed finan\u010dn\u00ed situace. Negativn\u011b lze hodnotit i v\u00fdrazn\u011b vy\u0161\u0161\u00ed obavy spot\u0159ebitel\u016f z\u202fdal\u0161\u00edho r\u016fstu cen, jejich\u017e p\u0159\u00ed\u010dinou je p\u0159edev\u0161\u00edm sou\u010dasn\u00e1 geopolitick\u00e1 situace,\u201c<\/em>\u202fsd\u011blila Anastasija Neradov\u00e1 z\u202fodd\u011blen\u00ed konjunktur\u00e1ln\u00edch pr\u016fzkum\u016f \u010cS\u00da.<\/p>\n<p>Dal\u0161\u00ed podrobnosti naleznete na webu \u010cS\u00da:\u00a0<a href=\"https:\/\/csu.gov.cz\/rychle-informace\/konjunkturalni-pruzkumy-duben-2026\" target=\"_blank\" rel=\"noopener\"><strong>https:\/\/csu.gov.cz\/rychle-informace\/konjunkturalni-pruzkumy-duben-2026<\/strong><\/a><\/p>\n<p><strong>(tz-\u010ds\u00fa)<\/strong><\/p>\n<hr \/>\n<p>&nbsp;<\/p>\n","protected":false},"excerpt":{"rendered":"<p>&nbsp; Souhrnn\u00fd <\/p>\n","protected":false},"author":2,"featured_media":373887,"comment_status":"open","ping_status":"open","sticky":false,"template":"","format":"gallery","meta":{"footnotes":""},"categories":[178,175],"tags":[],"jetpack_featured_media_url":"https:\/\/zakrasnejsivimperk.cz\/wp-content\/uploads\/2026\/04\/27\/ram-csu.jpg","_links":{"self":[{"href":"https:\/\/zakrasnejsivimperk.cz\/index.php?rest_route=\/wp\/v2\/posts\/373886"}],"collection":[{"href":"https:\/\/zakrasnejsivimperk.cz\/index.php?rest_route=\/wp\/v2\/posts"}],"about":[{"href":"https:\/\/zakrasnejsivimperk.cz\/index.php?rest_route=\/wp\/v2\/types\/post"}],"author":[{"embeddable":true,"href":"https:\/\/zakrasnejsivimperk.cz\/index.php?rest_route=\/wp\/v2\/users\/2"}],"replies":[{"embeddable":true,"href":"https:\/\/zakrasnejsivimperk.cz\/index.php?rest_route=%2Fwp%2Fv2%2Fcomments&post=373886"}],"version-history":[{"count":1,"href":"https:\/\/zakrasnejsivimperk.cz\/index.php?rest_route=\/wp\/v2\/posts\/373886\/revisions"}],"predecessor-version":[{"id":373888,"href":"https:\/\/zakrasnejsivimperk.cz\/index.php?rest_route=\/wp\/v2\/posts\/373886\/revisions\/373888"}],"wp:featuredmedia":[{"embeddable":true,"href":"https:\/\/zakrasnejsivimperk.cz\/index.php?rest_route=\/wp\/v2\/media\/373887"}],"wp:attachment":[{"href":"https:\/\/zakrasnejsivimperk.cz\/index.php?rest_route=%2Fwp%2Fv2%2Fmedia&parent=373886"}],"wp:term":[{"taxonomy":"category","embeddable":true,"href":"https:\/\/zakrasnejsivimperk.cz\/index.php?rest_route=%2Fwp%2Fv2%2Fcategories&post=373886"},{"taxonomy":"post_tag","embeddable":true,"href":"https:\/\/zakrasnejsivimperk.cz\/index.php?rest_route=%2Fwp%2Fv2%2Ftags&post=373886"}],"curies":[{"name":"wp","href":"https:\/\/api.w.org\/{rel}","templated":true}]}}