{"id":373883,"date":"2026-04-27T11:33:22","date_gmt":"2026-04-27T10:33:22","guid":{"rendered":"https:\/\/zakrasnejsivimperk.cz\/?p=373883"},"modified":"2026-04-27T11:33:22","modified_gmt":"2026-04-27T10:33:22","slug":"aktualni-komentar-erika-besta-babisovo-nepratelske-prevzeti-motoristu","status":"publish","type":"post","link":"https:\/\/zakrasnejsivimperk.cz\/?p=373883","title":{"rendered":"AKTU\u00c1LN\u00cd KOMENT\u00c1\u0158 ERIKA BESTA: Babi\u0161ovo nep\u0159\u00e1telsk\u00e9 p\u0159evzet\u00ed Motorist\u016f"},"content":{"rendered":"<h6>V\u00a0\u0161ir\u0161\u00edm kontextu jsou reakce premi\u00e9ra\u00a0<a href=\"https:\/\/www.youtube.com\/live\/aPC-9jnn35c?t=4737s\" target=\"_blank\" rel=\"noopener\">Andreje Babi\u0161e<\/a>\u00a0a\u00a0ministra pro sport\u00a0<a href=\"https:\/\/www.youtube.com\/live\/oJ_-86Xdedk?t=57s\" target=\"_blank\" rel=\"noopener\">Borise \u0160\u0165astn\u00e9ho<\/a>\u00a0na v\u00fdrok vl\u00e1dn\u00edho zmocn\u011bnce pro Green Deal Filipa Turka o\u00a0\u201ederatizaci\u201c a\u00a0\u201eparazitech\u201c na \u010dty\u0159ech ministersk\u00fdch resortech spadaj\u00edc\u00edch pod Motoristy mnohem v\u00fdznamn\u011bj\u0161\u00ed ne\u017e samotn\u00e9 Turkovo prohl\u00e1\u0161en\u00ed. Babi\u0161 uvedl, \u017ee takov\u00e9 \u0159e\u010di jsou nep\u0159ijateln\u00e9 a\u00a0\u017ee jeho vl\u00e1da si \u00fa\u0159edn\u00edk\u016f v\u00e1\u017e\u00ed. \u0160\u0165astn\u00fd, kter\u00fd vede poslaneck\u00fd klub Motorist\u00e9 sob\u011b, nev\u00e1hal Turk\u016fv v\u00fdrok p\u0159irovnat k\u00a0r\u00e9torice Adolfa Hitlera. Babi\u0161 i\u00a0\u0160\u0165astn\u00fd p\u0159itom mohli snadno argumentovat, stejn\u011b jako Turek a\u00a0p\u0159edseda Motorist\u016f Petr Macinka, \u017ee Turek mluvil o\u00a0aktivistech, nikoli o\u00a0\u00fa\u0159edn\u00edc\u00edch. Prvn\u00ed m\u00edstop\u0159edseda ODS\u00a0<a href=\"https:\/\/www.respekt.cz\/rozhovor\/opustili-jsme-domaci-temata-a-nechali-jsme-si-vnutit-fialovu-bidu-rika-druhy-muz-ods\" target=\"_blank\" rel=\"noopener\">Tom\u00e1\u0161 Portl\u00edk<\/a>\u00a0\u0159ekl v\u00a0\u00fanoru Respektu, \u017ee ani nev\u00ed, jestli je \u0160\u0165astn\u00fd v\u00edce Motorista, nebo \u010dlen hnut\u00ed ANO. A\u00a0pr\u00e1v\u011b o\u00a0to tu jde. \u0160\u0165astn\u00fd spolupracuje s\u00a0Babi\u0161em na p\u0159evzet\u00ed Motorist\u016f od Turka a\u00a0Macinky, a\u00a0v\u0161ichni, kdo doufaj\u00ed, \u017ee ve\u0159ejn\u00e9 zostuzen\u00ed Turka Babi\u0161e oslab\u00ed, ve skute\u010dnosti Babi\u0161ovi pom\u00e1haj\u00ed upevnit jeho moc v\u00a0koalici.<\/h6>\n<h6><strong>Erik BEST<\/strong><\/h6>\n<hr \/>\n<p>&nbsp;<\/p>\n<p><strong><img loading=\"lazy\" decoding=\"async\" class=\"size-full wp-image-136426 alignleft\" src=\"https:\/\/zakrasnejsivimperk.cz\/wp-content\/uploads\/2018\/07\/28\/erik-best.jpg\" alt=\"\" width=\"248\" height=\"279\" \/>Erik Best<\/strong>\u00a0<em>se narodil 11. \u0159\u00edjna 1962 v Severn\u00ed Karol\u00edn\u011b na v\u00fdchod\u011b Spojen\u00fdch st\u00e1t\u016f. Prakticky cel\u00e9 d\u011btstv\u00ed v\u0161ak pro\u017eil v Montan\u011b, na severoz\u00e1pad\u011b USA, kam se jeho rodi\u010de p\u0159est\u011bhovali kr\u00e1tce po jeho narozen\u00ed. V roce 1985 absolvoval s bakal\u00e1\u0159sk\u00fdm titulem z v\u00fdchodoevropsk\u00fdch studi\u00ed na Georgetown University School of Foreign Service. B\u011bhem tohoto studia se zam\u011b\u0159oval na rusk\u00fd jazyk, v \u010dem\u017e pokra\u010doval i na Middlebury College ve Vermontu, kde z\u00edskal magistersk\u00fd titul. V r\u00e1mci vzd\u011bl\u00e1v\u00e1n\u00ed t\u00e9to univerzit\u011b dvakr\u00e1t studijn\u011b pob\u00fdval letech 1983 a 1984 v Moskv\u011b. V dal\u0161\u00edch letech studoval obchod na University of North Carolina. Titul MBA zde z\u00edskal v roce 1987. Erik Best se v \u010cesku o\u017eenil. Jeho man\u017eelka Dita je \u010desk\u00e9ho p\u016fvodu. Spole\u010dn\u011b vychov\u00e1vaj\u00ed \u010dty\u0159i d\u011bt\u00ed. V Praze podle vlastn\u00edch slov \u017eije od \u00fanora roku 1991. P\u0159esn\u011b rok pot\u00e9 zde za\u010dal pro m\u00edstn\u00ed anglicky hovo\u0159\u00edc\u00ed komunitu vyd\u00e1vat denn\u00ed zpravodaj Fleet Sheet, stru\u010dn\u00fd p\u0159ehled vybran\u00fdch zpr\u00e1v z \u010desk\u00e9ho tisku. P\u016fvodn\u011b p\u0159edpokl\u00e1dal, \u017ee v\u011bt\u0161ina cizinc\u016f Prahu je\u0161t\u011b p\u0159ed rokem 2000 opust\u00ed, tak\u017ee jeho vydavatelsk\u00e9 vize nem\u011bly horizont del\u0161\u00ed ne\u017e \u0161est let. K \u017e\u00e1dn\u00e9mu odchodu cizinc\u016f z \u010cesk\u00e9 republiky v\u0161ak nedo\u0161lo a Fleet Sheet nav\u00edc postupn\u011b p\u0159il\u00e1kal i \u010desk\u00e9 p\u0159edplatitele. N\u00e1klad bulletinu se proto zv\u011bt\u0161il a vych\u00e1z\u00ed doposud. Sv\u00e9 po\u010d\u00e1te\u010dn\u00ed tuzemsk\u00e9 podnikatelsk\u00e9 aktivity zah\u00e1jil Erik Best na ja\u0159e 1992 jako \u017eivnostn\u00edk. Na podzim 1994 zalo\u017eil spole\u010dnost The Bohemia Daily Standard, jej\u00edm\u017e je jednatelem a spolumajitelem. V roce 2000 zalo\u017eil se svoj\u00ed man\u017eelkou Ditou Bestovou nakladatelstv\u00ed E. S. Best, kter\u00e9 je ofici\u00e1ln\u00edm vydavatelem obou zpravodaj\u016f. S rozvojem internetu toti\u017e Erik Best za\u010d\u00e1tkem tis\u00edcilet\u00ed roz\u0161\u00ed\u0159il sv\u00e9 publika\u010dn\u00ed aktivity a od roku 2001 vyd\u00e1v\u00e1 je\u0161t\u011b elektronick\u00fd Final Word. Od roku 2010 existuje i jeho \u010desk\u00e1 mutace. Final Word je kr\u00e1tk\u00fd a origin\u00e1ln\u00ed denn\u00ed koment\u00e1\u0159 p\u0159ipraven\u00fd t\u00fdmem Erika Besta, v\u011bnovan\u00fd v\u00fdznamn\u00fdm ekonomick\u00fdm a politick\u00fdm t\u00e9mat\u016fm posledn\u00edch dn\u016f. Pr\u00e1v\u011b d\u00edky sv\u00e9mu elektronick\u00e9mu bulletinu Final Word vstoupil Erik Best do \u0161ir\u0161\u00edho pov\u011bdom\u00ed \u010desk\u00e9 ve\u0159ejnosti a za\u010dal b\u00fdt zv\u00e1n do \u010desk\u00fdch rozhlasov\u00fdch a televizn\u00edch po\u0159ad\u016f. V letech 2011\u20132013 publikoval sv\u00e9 post\u0159ehy tak\u00e9 na blogu Aktu\u00e1ln\u011b.cz. Prezident republiky Milo\u0161 Zeman ud\u011blil 28. \u0159\u00edjna 2018 Eriku Bestovi st\u00e1tn\u00ed vyznamen\u00e1n\u00ed \u2013 medaili Za z\u00e1sluhy o st\u00e1t.<\/em><\/p>\n<hr \/>\n<p>&nbsp;<\/p>\n","protected":false},"excerpt":{"rendered":"<p>V\u00a0\u0161ir\u0161\u00edm kontextu <\/p>\n","protected":false},"author":2,"featured_media":373884,"comment_status":"open","ping_status":"open","sticky":false,"template":"","format":"gallery","meta":{"footnotes":""},"categories":[159,11],"tags":[],"jetpack_featured_media_url":"https:\/\/zakrasnejsivimperk.cz\/wp-content\/uploads\/2026\/04\/27\/best-270426.jpg","_links":{"self":[{"href":"https:\/\/zakrasnejsivimperk.cz\/index.php?rest_route=\/wp\/v2\/posts\/373883"}],"collection":[{"href":"https:\/\/zakrasnejsivimperk.cz\/index.php?rest_route=\/wp\/v2\/posts"}],"about":[{"href":"https:\/\/zakrasnejsivimperk.cz\/index.php?rest_route=\/wp\/v2\/types\/post"}],"author":[{"embeddable":true,"href":"https:\/\/zakrasnejsivimperk.cz\/index.php?rest_route=\/wp\/v2\/users\/2"}],"replies":[{"embeddable":true,"href":"https:\/\/zakrasnejsivimperk.cz\/index.php?rest_route=%2Fwp%2Fv2%2Fcomments&post=373883"}],"version-history":[{"count":1,"href":"https:\/\/zakrasnejsivimperk.cz\/index.php?rest_route=\/wp\/v2\/posts\/373883\/revisions"}],"predecessor-version":[{"id":373885,"href":"https:\/\/zakrasnejsivimperk.cz\/index.php?rest_route=\/wp\/v2\/posts\/373883\/revisions\/373885"}],"wp:featuredmedia":[{"embeddable":true,"href":"https:\/\/zakrasnejsivimperk.cz\/index.php?rest_route=\/wp\/v2\/media\/373884"}],"wp:attachment":[{"href":"https:\/\/zakrasnejsivimperk.cz\/index.php?rest_route=%2Fwp%2Fv2%2Fmedia&parent=373883"}],"wp:term":[{"taxonomy":"category","embeddable":true,"href":"https:\/\/zakrasnejsivimperk.cz\/index.php?rest_route=%2Fwp%2Fv2%2Fcategories&post=373883"},{"taxonomy":"post_tag","embeddable":true,"href":"https:\/\/zakrasnejsivimperk.cz\/index.php?rest_route=%2Fwp%2Fv2%2Ftags&post=373883"}],"curies":[{"name":"wp","href":"https:\/\/api.w.org\/{rel}","templated":true}]}}