{"id":373874,"date":"2026-04-27T08:45:20","date_gmt":"2026-04-27T07:45:20","guid":{"rendered":"https:\/\/zakrasnejsivimperk.cz\/?p=373874"},"modified":"2026-04-27T08:46:08","modified_gmt":"2026-04-27T07:46:08","slug":"vseobecna-zdravotni-pojistovna-pozdni-prihlaseni-zamestnance-ke-zdravotnimu-pojisteni","status":"publish","type":"post","link":"https:\/\/zakrasnejsivimperk.cz\/?p=373874","title":{"rendered":"V\u0160EOBECN\u00c1 ZDRAVOTN\u00cd POJI\u0160\u0164OVNA: Pozdn\u00ed p\u0159ihl\u00e1\u0161en\u00ed zam\u011bstnance ke zdravotn\u00edmu poji\u0161t\u011bn\u00ed"},"content":{"rendered":"<p><img loading=\"lazy\" decoding=\"async\" class=\"aligncenter wp-image-201756 size-full\" src=\"https:\/\/zakrasnejsivimperk.cz\/wp-content\/uploads\/2020\/08\/31\/vzp-logo.png\" alt=\"\" width=\"646\" height=\"223\" srcset=\"https:\/\/zakrasnejsivimperk.cz\/wp-content\/uploads\/2020\/08\/31\/vzp-logo.png 646w, https:\/\/zakrasnejsivimperk.cz\/wp-content\/uploads\/2020\/08\/31\/vzp-logo-300x104.png 300w\" sizes=\"(max-width: 646px) 100vw, 646px\" \/><\/p>\n<h6 style=\"text-align: center;\">OT\u00c1ZKA:<\/h6>\n<h6 style=\"text-align: center;\"><a name=\"-wm-_Hlk220056348\"><\/a><b>Uzav\u0159ela jsem pracovn\u00ed pom\u011br k 1. 5., ale zam\u011bstnavatel m\u011b kv\u016fli st\u00e1tn\u00edmu sv\u00e1tku p\u0159ihl\u00e1sil k platb\u011b za zdravotn\u00ed poji\u0161t\u011bn\u00ed a\u017e od 2. 5. Postupoval spr\u00e1vn\u011b, nebo to m\u00e1 pro m\u011b n\u011bjak\u00e9 d\u016fsledky?<\/b><\/h6>\n<h6 style=\"text-align: center;\">ODPOV\u011a\u010e:<\/h6>\n<p class=\"-wm-Normlnmini\">Pokud jste uzav\u0159ela pracovn\u00ed pom\u011br s \u00fa\u010dinnost\u00ed od\u00a0<strong>1. 5.<\/strong>, ale v\u00e1\u0161 zam\u011bstnavatel v\u00e1s k platb\u011b zdravotn\u00edho poji\u0161t\u011bn\u00ed p\u0159ihl\u00e1sil a\u017e\u00a0<strong>od 2. 5<\/strong>, pak postup p\u0159i pln\u011bn\u00ed\u00a0<strong><a href=\"https:\/\/www.vzp.cz\/platci\/informace\/zamestnavatel\/povinnosti-zamestnavatele\/oznamovaci-povinnost\" target=\"_blank\" rel=\"noopener\">oznamovac\u00ed povinnosti<\/a><\/strong>\u00a0nebyl v souladu se stanoven\u00fdm z\u00e1konem.\u00a0<b>Pro \u00fa\u010dely ve\u0159ejn\u00e9ho zdravotn\u00edho poji\u0161t\u011bn\u00ed se za\u00a0<strong>den n\u00e1stupu do zam\u011bstn\u00e1n\u00ed<\/strong><\/b>\u00a0<b>pova\u017euje ten den, od kter\u00e9ho podle pracovn\u00ed smlouvy vznik\u00e1 pracovn\u00ed pom\u011br, nikoli den, kdy zam\u011bstnanec fyzicky do pr\u00e1ce nastoup\u00ed.<\/b>\u00a0Zam\u011bstnavatel v\u00e1s tedy m\u011bl p\u0159ihl\u00e1sit k<b>\u00a0<strong>1. 5.<\/strong><\/b>, a to bez ohledu na skute\u010dnost, \u017ee na tento den p\u0159ipad\u00e1 st\u00e1tn\u00ed sv\u00e1tek.\u00a0<b>Den n\u00e1stupu do zam\u011bstn\u00e1n\u00ed je z\u00e1rove\u0148 dnem vzniku povinnosti zam\u011bstnavatele hradit za v\u00e1s jako za zam\u011bstnance pojistn\u00e9.<\/b><\/p>\n<p class=\"-wm-Normlnmini\"><b>M\u016f\u017ee mi kv\u016fli pozdn\u00edmu p\u0159ihl\u00e1\u0161en\u00ed vzniknout dluh na zdravotn\u00edm poji\u0161t\u011bn\u00ed?<\/b><\/p>\n<p class=\"-wm-MsoNormal\"><b>Jste-li zam\u011bstnanec pracuj\u00edc\u00ed na z\u00e1klad\u011b pracovn\u00ed smlouvy<\/b>\u00a0(obvykle na hlavn\u00ed pracovn\u00ed pom\u011br nebo na DPP \u010di DP\u010c)\u00a0<b>a nem\u00e1te \u017e\u00e1dnou dal\u0161\u00ed v\u00fdd\u011ble\u010dnou \u010dinnost, nem\u00e1 pro v\u00e1s pozdn\u00ed p\u0159ihl\u00e1\u0161en\u00ed zam\u011bstnavatelem \u017e\u00e1dn\u00e9 d\u016fsledky.<\/b>\u00a0<b>Pojistn\u00e9 za v\u00e1s pro dan\u00fd m\u011bs\u00edc hrad\u00ed zam\u011bstnavatel a nen\u00ed podstatn\u00e9, \u017ee zam\u011bstn\u00e1n\u00ed netrv\u00e1 cel\u00fd kalend\u00e1\u0159n\u00ed m\u011bs\u00edc.<\/b>\u00a0A\u00a0to a\u0165 \u0161lo o\u00a0zm\u011bnu zam\u011bstn\u00e1n\u00ed (nap\u0159. jedno skon\u010dilo 30.\u00a04. a\u00a0do druh\u00e9ho jste nastoupila 2.\u00a05.), nebo o\u00a0prvn\u00ed zam\u011bstn\u00e1n\u00ed, kdy jste do sv\u00e9ho n\u00e1stupu nap\u0159. studovala \u010di byla nezam\u011bstnan\u00e1 a\u00a0pojistn\u00e9 za v\u00e1s hradil st\u00e1t. V\u00a0dob\u011b, kdy nejste zam\u011bstnan\u00e1, nepodnik\u00e1te ani za v\u00e1s pojistn\u00e9 nehrad\u00ed st\u00e1t, jste sice pova\u017eov\u00e1na za tzv. osobu bez zdaniteln\u00fdch p\u0159\u00edjm\u016f (OBZP), ale\u00a0OBZP hrad\u00ed pojistn\u00e9 v\u017edy jen za cel\u00e9 kalend\u00e1\u0159n\u00ed m\u011bs\u00edce, tj.\u00a0nedopl\u00e1c\u00ed jednotliv\u00e9 dny.<\/p>\n<p class=\"-wm-Normlnmini\"><b>Slo\u017eit\u011bj\u0161\u00ed je v\u0161ak situace v p\u0159\u00edpad\u011b, pokud krom\u011b zam\u011bstn\u00e1n\u00ed jste tak\u00e9\u00a0<strong>OSV\u010c vykon\u00e1vaj\u00edc\u00ed vedlej\u0161\u00ed samostatnou v\u00fdd\u011ble\u010dnou \u010dinnost<\/strong><\/b>. Jestli\u017ee p\u0159i zam\u011bstn\u00e1n\u00ed podnik\u00e1te a\u00a0hlavn\u00edm zdrojem va\u0161ich p\u0159\u00edjm\u016f je zam\u011bstn\u00e1n\u00ed,\u00a0<a href=\"https:\/\/www.vzp.cz\/platci\/informace\/osvc\/zalohy-na-pojistne\/kdo-nemusi-platit-zalohy-na-pojistne\" target=\"_blank\" rel=\"noopener\"><strong>nemus\u00edte jako OSV\u010c platit z\u00e1lohy<\/strong>\u00a0<\/a>na pojistn\u00e9 ani\u00a0<strong><a href=\"https:\/\/www.vzp.cz\/platci\/informace\/osvc\/zalohy-na-pojistne\/na-koho-se-nevztahuje-povinnost-platit-zalohy-alespon-v-minimalni-vysi\" target=\"_blank\" rel=\"noopener\">nemus\u00edte dodr\u017eet\u00a0minim\u00e1ln\u00ed vym\u011b\u0159ovac\u00ed z\u00e1klad<\/a>.<\/strong> Podm\u00ednkou v\u0161ak je, \u017ee soub\u011bh samostatn\u00e9 v\u00fdd\u011ble\u010dn\u00e9 \u010dinnosti a zam\u011bstn\u00e1n\u00ed trv\u00e1 po\u00a0cel\u00fd\u00a0kalend\u00e1\u0159n\u00ed m\u011bs\u00edc.\u00a0<b>Jedin\u00fd den v\u00fdpadku tedy m\u016f\u017ee zp\u016fsobit nutnost zm\u011bnu ohl\u00e1sit\u00a0<strong>poji\u0161\u0165ovn\u011b a\u00a0za dan\u00fd m\u011bs\u00edc\u00a0<\/strong><\/b><a href=\"https:\/\/www.vzp.cz\/platci\/informace\/osvc\/zalohy-na-pojistne\/co-muze-ovlivnit-platbu-zaloh\" target=\"_blank\" rel=\"noopener\"><b>zaplatit jako OSV\u010c z\u00e1lohu na pojistn\u00e9<\/b><\/a><strong>.<\/strong><b><\/b><\/p>\n<p class=\"-wm-Normlnmini\"><b>Jak si mohu ov\u011b\u0159it, \u017ee zam\u011bstnavatel za m\u011b hrad\u00ed zdravotn\u00ed poji\u0161t\u011bn\u00ed?<\/b><\/p>\n<p class=\"-wm-Normlnmini\">Zam\u011bstnavatel m\u00e1 ze z\u00e1kona povinnost ozn\u00e1mit zdravotn\u00ed poji\u0161\u0165ovn\u011b v\u00e1\u0161 n\u00e1stup do zam\u011bstn\u00e1n\u00ed i jeho ukon\u010den\u00ed, a to nejpozd\u011bji do 8 dn\u016f od vzniku t\u00e9to skute\u010dnosti.\u00a0<b>Zda v\u00e1s zam\u011bstnavatel u VZP skute\u010dn\u011b nahl\u00e1sil a \u0159\u00e1dn\u011b za v\u00e1s odv\u00e1d\u00ed pojistn\u00e9, si m\u016f\u017eete ov\u011b\u0159it n\u011bkolika zp\u016fsoby.<\/b>\u00a0Nejrychlej\u0161\u00ed je online kontrola prost\u0159ednictv\u00edm aplikace\u00a0<strong><a href=\"https:\/\/www.vzp.cz\/e-vzp\/moje-vzp\" target=\"_blank\" rel=\"noopener\">Moje VZP<\/a><\/strong>, kde na hlavn\u00ed str\u00e1nce okam\u017eit\u011b uvid\u00edte, k\u00fdm je za v\u00e1s pojistn\u00e9 hrazeno. Informaci si m\u016f\u017eete ov\u011b\u0159it tak\u00e9 na\u00a0<strong><a href=\"https:\/\/www.vzp.cz\/kontakty\" target=\"_blank\" rel=\"noopener\">infolince VZP \u010di e\u2011mailem<\/a><\/strong>, nebo m\u016f\u017eete nav\u0161t\u00edvit\u00a0<strong><a href=\"https:\/\/www.vzp.cz\/kontakty\/pobocky\" target=\"_blank\" rel=\"noopener\">pobo\u010dku VZP<\/a><\/strong><b><\/b><\/p>\n<p class=\"-wm-MsoNoSpacing\"><b>\u00a0(vzp)<\/b><\/p>\n<hr \/>\n<p>&nbsp;<\/p>\n","protected":false},"excerpt":{"rendered":"<p>OT\u00c1ZKA: Uzav\u0159ela <\/p>\n","protected":false},"author":2,"featured_media":373875,"comment_status":"open","ping_status":"open","sticky":false,"template":"","format":"gallery","meta":{"footnotes":""},"categories":[88],"tags":[],"jetpack_featured_media_url":"https:\/\/zakrasnejsivimperk.cz\/wp-content\/uploads\/2026\/04\/27\/ram-vzp.jpg","_links":{"self":[{"href":"https:\/\/zakrasnejsivimperk.cz\/index.php?rest_route=\/wp\/v2\/posts\/373874"}],"collection":[{"href":"https:\/\/zakrasnejsivimperk.cz\/index.php?rest_route=\/wp\/v2\/posts"}],"about":[{"href":"https:\/\/zakrasnejsivimperk.cz\/index.php?rest_route=\/wp\/v2\/types\/post"}],"author":[{"embeddable":true,"href":"https:\/\/zakrasnejsivimperk.cz\/index.php?rest_route=\/wp\/v2\/users\/2"}],"replies":[{"embeddable":true,"href":"https:\/\/zakrasnejsivimperk.cz\/index.php?rest_route=%2Fwp%2Fv2%2Fcomments&post=373874"}],"version-history":[{"count":2,"href":"https:\/\/zakrasnejsivimperk.cz\/index.php?rest_route=\/wp\/v2\/posts\/373874\/revisions"}],"predecessor-version":[{"id":373877,"href":"https:\/\/zakrasnejsivimperk.cz\/index.php?rest_route=\/wp\/v2\/posts\/373874\/revisions\/373877"}],"wp:featuredmedia":[{"embeddable":true,"href":"https:\/\/zakrasnejsivimperk.cz\/index.php?rest_route=\/wp\/v2\/media\/373875"}],"wp:attachment":[{"href":"https:\/\/zakrasnejsivimperk.cz\/index.php?rest_route=%2Fwp%2Fv2%2Fmedia&parent=373874"}],"wp:term":[{"taxonomy":"category","embeddable":true,"href":"https:\/\/zakrasnejsivimperk.cz\/index.php?rest_route=%2Fwp%2Fv2%2Fcategories&post=373874"},{"taxonomy":"post_tag","embeddable":true,"href":"https:\/\/zakrasnejsivimperk.cz\/index.php?rest_route=%2Fwp%2Fv2%2Ftags&post=373874"}],"curies":[{"name":"wp","href":"https:\/\/api.w.org\/{rel}","templated":true}]}}