{"id":373833,"date":"2026-04-26T13:49:57","date_gmt":"2026-04-26T12:49:57","guid":{"rendered":"https:\/\/zakrasnejsivimperk.cz\/?p=373833"},"modified":"2026-04-26T13:50:40","modified_gmt":"2026-04-26T12:50:40","slug":"cesky-hydrometeorologicky-ustav-predpoved-pocasi-na-tyden-od-27-dubna-do-3-kvetna","status":"publish","type":"post","link":"https:\/\/zakrasnejsivimperk.cz\/?p=373833","title":{"rendered":"\u010cESK\u00dd HYDROMETEOROLOGICK\u00dd \u00daSTAV: P\u0159edpov\u011b\u010f po\u010das\u00ed na t\u00fdden od 27. dubna do 3. kv\u011btna"},"content":{"rendered":"<p><img loading=\"lazy\" decoding=\"async\" class=\"aligncenter wp-image-191184 size-full\" src=\"https:\/\/zakrasnejsivimperk.cz\/wp-content\/uploads\/2020\/05\/07\/\u010dhm\u00fa-logo-nov\u00e9.jpg\" alt=\"\" width=\"861\" height=\"354\" srcset=\"https:\/\/zakrasnejsivimperk.cz\/wp-content\/uploads\/2020\/05\/07\/\u010dhm\u00fa-logo-nov\u00e9.jpg 861w, https:\/\/zakrasnejsivimperk.cz\/wp-content\/uploads\/2020\/05\/07\/\u010dhm\u00fa-logo-nov\u00e9-300x123.jpg 300w, https:\/\/zakrasnejsivimperk.cz\/wp-content\/uploads\/2020\/05\/07\/\u010dhm\u00fa-logo-nov\u00e9-768x316.jpg 768w\" sizes=\"(max-width: 861px) 100vw, 861px\" \/><\/p>\n<p>&nbsp;<\/p>\n<h6>Po\u010das\u00ed v p\u0159\u00ed\u0161t\u00edm t\u00fddnu bude ovliv\u0148ovat v\u00fdb\u011b\u017eek tlakov\u00e9 v\u00fd\u0161e, kter\u00e1 se bude postupn\u011b p\u0159esouvat z Britsk\u00fdch ostrov\u016f p\u0159es st\u0159edn\u00ed Evropu d\u00e1le k jihov\u00fdchodu a\u017e v\u00fdchodu. Takov\u00fdto pr\u016fb\u011bh synoptick\u00e9 situace p\u0159inese p\u0159ev\u00e1\u017en\u011b slune\u010dn\u00e9 a bezesr\u00e1\u017ekov\u00e9 po\u010das\u00ed a v z\u00e1v\u011bru t\u00fddne postupn\u011b na mnoha m\u00edstech teploty p\u0159es 20 \u00b0C.<\/h6>\n<p>P\u0159\u00ed\u0161t\u00ed t\u00fdden bude slune\u010dn\u00fd, v\u011bt\u0161inou \u010dek\u00e1me jasno a\u017e polojasno. V\u00edc obla\u010dnosti p\u0159inese \u00favod t\u00fddne, kdy bude i obla\u010dno, v \u00fater\u00fd m\u00edsty p\u0159echodn\u011b a\u017e zata\u017eeno, hlavn\u011b v ji\u017en\u00ed polovin\u011b \u00fazem\u00ed, ale sr\u00e1\u017eky neo\u010dek\u00e1v\u00e1me.<\/p>\n<p>Co se t\u00fd\u010de teplot, tak r\u00e1na budou je\u0161t\u011b docela chladn\u00e1 a minim\u00e1ln\u00ed teploty budou klesat i pod bod mrazu, a to nejenom v p\u0159\u00edzemn\u00ed vrstv\u011b. Pravd\u011bpodobn\u011b nejchladn\u011bj\u0161\u00ed r\u00e1no n\u00e1s \u010dek\u00e1 ve \u010dtvrtek, kdy by se v noci m\u011blo ochladit p\u0159ev\u00e1\u017en\u011b na +1 a\u017e -4 \u00b0C, chladn\u00e9 bude ale i pond\u011bln\u00ed r\u00e1no, kdy se budou minima pohybovat od +3 do -1 \u00b0C, ojedin\u011ble v\u0161ak m\u016f\u017ee teplota klesnout a\u017e k -4 \u00b0C.<\/p>\n<p>Vy\u0161\u0161\u00ed minim\u00e1ln\u00ed teploty \u010dek\u00e1me v \u00fater\u00fd a o v\u00edkendu, kdy se m\u011bly pohybovat nej\u010dast\u011bji od 7 do 1 \u00b0C. Maxim\u00e1ln\u00ed teploty budou v \u00favodu t\u00fddne na \u00farovni 15 a\u017e 19 \u00b0C, na severov\u00fdchod\u011b a severu \u00fazem\u00ed m\u00edsty kolem 14 \u00b0C. Uprost\u0159ed t\u00fddne se slab\u011b ochlad\u00ed na 12 a\u017e 17 \u00b0C, na severov\u00fdchod\u011b a severu \u00fazem\u00ed bude m\u00edsty kolem 11 \u00b0C.<\/p>\n<p>Od p\u00e1tku se v\u0161ak za\u010dne oteplovat a teploty o v\u00edkendu v maximech dos\u00e1hnou v sobotu hodnot od 17 do 22 \u00b0C, v ned\u011bli 20 a\u017e 25 \u00b0C.<\/p>\n<p>&nbsp;<\/p>\n<p><img loading=\"lazy\" decoding=\"async\" class=\"aligncenter wp-image-373834 size-full\" src=\"https:\/\/zakrasnejsivimperk.cz\/wp-content\/uploads\/2026\/04\/26\/pocasi-260426-1.jpg\" alt=\"\" width=\"1754\" height=\"1161\" srcset=\"https:\/\/zakrasnejsivimperk.cz\/wp-content\/uploads\/2026\/04\/26\/pocasi-260426-1.jpg 1754w, https:\/\/zakrasnejsivimperk.cz\/wp-content\/uploads\/2026\/04\/26\/pocasi-260426-1-300x199.jpg 300w, https:\/\/zakrasnejsivimperk.cz\/wp-content\/uploads\/2026\/04\/26\/pocasi-260426-1-1024x678.jpg 1024w, https:\/\/zakrasnejsivimperk.cz\/wp-content\/uploads\/2026\/04\/26\/pocasi-260426-1-768x508.jpg 768w, https:\/\/zakrasnejsivimperk.cz\/wp-content\/uploads\/2026\/04\/26\/pocasi-260426-1-1536x1017.jpg 1536w, https:\/\/zakrasnejsivimperk.cz\/wp-content\/uploads\/2026\/04\/26\/pocasi-260426-1-100x65.jpg 100w, https:\/\/zakrasnejsivimperk.cz\/wp-content\/uploads\/2026\/04\/26\/pocasi-260426-1-539x357.jpg 539w, https:\/\/zakrasnejsivimperk.cz\/wp-content\/uploads\/2026\/04\/26\/pocasi-260426-1-730x483.jpg 730w\" sizes=\"(max-width: 1754px) 100vw, 1754px\" \/><\/p>\n<p>&nbsp;<\/p>\n<p><img loading=\"lazy\" decoding=\"async\" class=\"alignnone wp-image-373835 size-full\" src=\"https:\/\/zakrasnejsivimperk.cz\/wp-content\/uploads\/2026\/04\/26\/pocasi-260426-2.jpg\" alt=\"\" width=\"1754\" height=\"1161\" srcset=\"https:\/\/zakrasnejsivimperk.cz\/wp-content\/uploads\/2026\/04\/26\/pocasi-260426-2.jpg 1754w, https:\/\/zakrasnejsivimperk.cz\/wp-content\/uploads\/2026\/04\/26\/pocasi-260426-2-300x199.jpg 300w, https:\/\/zakrasnejsivimperk.cz\/wp-content\/uploads\/2026\/04\/26\/pocasi-260426-2-1024x678.jpg 1024w, https:\/\/zakrasnejsivimperk.cz\/wp-content\/uploads\/2026\/04\/26\/pocasi-260426-2-768x508.jpg 768w, https:\/\/zakrasnejsivimperk.cz\/wp-content\/uploads\/2026\/04\/26\/pocasi-260426-2-1536x1017.jpg 1536w, https:\/\/zakrasnejsivimperk.cz\/wp-content\/uploads\/2026\/04\/26\/pocasi-260426-2-100x65.jpg 100w, https:\/\/zakrasnejsivimperk.cz\/wp-content\/uploads\/2026\/04\/26\/pocasi-260426-2-539x357.jpg 539w, https:\/\/zakrasnejsivimperk.cz\/wp-content\/uploads\/2026\/04\/26\/pocasi-260426-2-730x483.jpg 730w\" sizes=\"(max-width: 1754px) 100vw, 1754px\" \/><\/p>\n<p>&nbsp;<\/p>\n<div class=\"bottom-0 h-50 left-0 position-absolute text-forecast__curtain w-100\">\n<div>\n<div class=\"bottom-0 h-50 left-0 position-absolute text-forecast__curtain w-100\"><a href=\"https:\/\/www.chmi.cz\/?t=202601211930&amp;c=50.0000%2C15.8258%2C7&amp;l=kraje%2Cradary%2CZTM&amp;obdobi=dnes-odpoledne\" target=\"_blank\" rel=\"noopener\"><strong>\u010cESK\u00dd HYDROMETEOROLOGICK\u00dd \u00daSTAV<\/strong><\/a><\/div>\n<\/div>\n<p>&nbsp;<\/p>\n<h4><a href=\"https:\/\/zakrasnejsivimperk.cz\/?p=231510\" target=\"_blank\" rel=\"noopener\">V\u00fdstrahy \u010cesk\u00e9ho hydrometeorologick\u00e9ho \u00fastavu pro regiony a m\u011bsta najdete ZDE<\/a><\/h4>\n<\/div>\n<hr \/>\n<p>&nbsp;<\/p>\n","protected":false},"excerpt":{"rendered":"<p>&nbsp; Po\u010das\u00ed <\/p>\n","protected":false},"author":2,"featured_media":373839,"comment_status":"open","ping_status":"open","sticky":false,"template":"","format":"gallery","meta":{"footnotes":""},"categories":[110],"tags":[],"jetpack_featured_media_url":"https:\/\/zakrasnejsivimperk.cz\/wp-content\/uploads\/2026\/04\/26\/ram-pocasi.jpg","_links":{"self":[{"href":"https:\/\/zakrasnejsivimperk.cz\/index.php?rest_route=\/wp\/v2\/posts\/373833"}],"collection":[{"href":"https:\/\/zakrasnejsivimperk.cz\/index.php?rest_route=\/wp\/v2\/posts"}],"about":[{"href":"https:\/\/zakrasnejsivimperk.cz\/index.php?rest_route=\/wp\/v2\/types\/post"}],"author":[{"embeddable":true,"href":"https:\/\/zakrasnejsivimperk.cz\/index.php?rest_route=\/wp\/v2\/users\/2"}],"replies":[{"embeddable":true,"href":"https:\/\/zakrasnejsivimperk.cz\/index.php?rest_route=%2Fwp%2Fv2%2Fcomments&post=373833"}],"version-history":[{"count":3,"href":"https:\/\/zakrasnejsivimperk.cz\/index.php?rest_route=\/wp\/v2\/posts\/373833\/revisions"}],"predecessor-version":[{"id":373841,"href":"https:\/\/zakrasnejsivimperk.cz\/index.php?rest_route=\/wp\/v2\/posts\/373833\/revisions\/373841"}],"wp:featuredmedia":[{"embeddable":true,"href":"https:\/\/zakrasnejsivimperk.cz\/index.php?rest_route=\/wp\/v2\/media\/373839"}],"wp:attachment":[{"href":"https:\/\/zakrasnejsivimperk.cz\/index.php?rest_route=%2Fwp%2Fv2%2Fmedia&parent=373833"}],"wp:term":[{"taxonomy":"category","embeddable":true,"href":"https:\/\/zakrasnejsivimperk.cz\/index.php?rest_route=%2Fwp%2Fv2%2Fcategories&post=373833"},{"taxonomy":"post_tag","embeddable":true,"href":"https:\/\/zakrasnejsivimperk.cz\/index.php?rest_route=%2Fwp%2Fv2%2Ftags&post=373833"}],"curies":[{"name":"wp","href":"https:\/\/api.w.org\/{rel}","templated":true}]}}