{"id":373826,"date":"2026-04-26T19:33:10","date_gmt":"2026-04-26T18:33:10","guid":{"rendered":"https:\/\/zakrasnejsivimperk.cz\/?p=373826"},"modified":"2026-04-30T13:33:22","modified_gmt":"2026-04-30T12:33:22","slug":"nase-mesto-vimperk-z-redakcni-posty-pravomocne-vykonatelne-a-osm-let-nesplnene","status":"publish","type":"post","link":"https:\/\/zakrasnejsivimperk.cz\/?p=373826","title":{"rendered":"NA\u0160E M\u011aSTO VIMPERK \u2013 Z REDAK\u010cN\u00cd PO\u0160TY: Pravomocn\u00e9, vykonateln\u00e9 a osm let nespln\u011bn\u00e9"},"content":{"rendered":"<figure id=\"attachment_373827\" aria-describedby=\"caption-attachment-373827\" style=\"width: 1000px\" class=\"wp-caption aligncenter\"><img loading=\"lazy\" decoding=\"async\" class=\"wp-image-373827 size-full\" src=\"https:\/\/zakrasnejsivimperk.cz\/wp-content\/uploads\/2026\/04\/26\/steinbrener-dum-1-cb-xx.jpg\" alt=\"\" width=\"1000\" height=\"470\" srcset=\"https:\/\/zakrasnejsivimperk.cz\/wp-content\/uploads\/2026\/04\/26\/steinbrener-dum-1-cb-xx.jpg 1000w, https:\/\/zakrasnejsivimperk.cz\/wp-content\/uploads\/2026\/04\/26\/steinbrener-dum-1-cb-xx-300x141.jpg 300w, https:\/\/zakrasnejsivimperk.cz\/wp-content\/uploads\/2026\/04\/26\/steinbrener-dum-1-cb-xx-768x361.jpg 768w, https:\/\/zakrasnejsivimperk.cz\/wp-content\/uploads\/2026\/04\/26\/steinbrener-dum-1-cb-xx-760x357.jpg 760w\" sizes=\"(max-width: 1000px) 100vw, 1000px\" \/><figcaption id=\"caption-attachment-373827\" class=\"wp-caption-text\">Foto: (red) &#8211; Za kr\u00e1sn\u011bj\u0161\u00ed Vimperk<\/figcaption><\/figure>\n<hr \/>\n<p>&nbsp;<\/p>\n<h4>Steinbrenerova tisk\u00e1rna ve Vimperku \u2014 kdy\u017e \u00fa\u0159ad na\u0159\u00edd\u00ed zbourat d\u016fm a m\u011bsto ho potom koup\u00ed<\/h4>\n<h6>Tohle je p\u0159\u00edb\u011bh o jedn\u00e9 v\u011bt\u011b, kter\u00e1 ve Vimperku skoro dev\u011bt let neplat\u00ed. V srpnu 2017 na\u0159\u00eddil vimpersk\u00fd stavebn\u00ed \u00fa\u0159ad majitel\u016fm t\u0159\u00ed ch\u00e1traj\u00edc\u00edch budov v are\u00e1lu b\u00fdval\u00e9 Steinbrenerovy tisk\u00e1rny, aby je do \u0161edes\u00e1ti dn\u016f zbourali \u2014 proto\u017ee podle znalce ohro\u017eovaly \u017eivot a zdrav\u00ed lid\u00ed. \u0160edes\u00e1t dn\u016f ov\u0161em nesta\u010dilo. A ne, zbourat se to nepoda\u0159ilo ani za skoro t\u0159i tis\u00edce dn\u016f, kter\u00e9 od t\u00e9 doby uplynuly. M\u00edsto toho m\u011bsto samo objekty koupilo \u2014 zp\u016fsobem, na kter\u00fd si da\u0148ov\u00fd poplatn\u00edk zaslou\u017e\u00ed pod\u00edvat bl\u00ed\u017e. A mo\u017en\u00e1 i pot\u0159\u00e1snout hlavou.<\/h6>\n<p>&nbsp;<\/p>\n<h6>Co se m\u011blo zbourat (a pro\u010d)<\/h6>\n<p>Steinbrenerova tisk\u00e1rna pat\u0159\u00ed k nejstar\u0161\u00edm historick\u00fdm are\u00e1l\u016fm ve vimpersk\u00e9m centru. Tvo\u0159\u00ed ji t\u0159i budovy: dva m\u011b\u0161\u0165ansk\u00e9 domy ve Steinbrenerov\u011b ulici, \u010d. p. 3 a 4, a ji\u017en\u00ed k\u0159\u00eddlo tisk\u00e1rny ve dvo\u0159e. Domy v ulici jsou v po\u0159\u00e1dku. Ve dvo\u0159e se ov\u0161em dlouh\u00e1 l\u00e9ta rozpadalo to, \u010deho si nev\u0161imnete, dokud neza\u010dne padat. A p\u0159esn\u011b to v roce 2017 znalec autorizovan\u00fd \u010cKAIT popsal: havarijn\u00ed stav, hroz\u00edc\u00ed z\u0159\u00edcen\u00ed, bezprost\u0159edn\u00ed ohro\u017een\u00ed zdrav\u00ed a \u017eivota.<\/p>\n<p>Stavebn\u00ed \u00fa\u0159ad zareagoval, jak m\u00e1. Vydal pravomocn\u00e9 rozhodnut\u00ed, kter\u00fdm majitel\u016fm na\u0159\u00eddil havarijn\u00ed \u010d\u00e1sti zbourat \u2014 a to do 60 dn\u016f. Domy v uli\u010dn\u00edm pr\u016f\u010del\u00ed (\u010d. p. 3 a 4) z\u016fstaly netknut\u00e9; bourat se m\u011blo jen to, co se sypalo. Vzhledem k riziku \u00fa\u0159ad z\u00e1rove\u0148 ve v\u00fdroku rozhodnut\u00ed vylou\u010dil odkladn\u00fd \u00fa\u010dinek odvol\u00e1n\u00ed \u2014 tj. demolice m\u011bla b\u011b\u017eet d\u00e1l, i kdyby se kdokoli odvolal. \u0160edes\u00e1tidenn\u00ed lh\u016fta uplynula na podzim 2017. V listopadu 2017 stavebn\u00ed \u00fa\u0159ad p\u0159edal v\u011bc pr\u00e1vn\u00edmu z\u00e1stupci JUDr. Tom\u00e1\u0161i Samkovi, aby na majitel\u00edch demolici fakticky vymohl.<\/p>\n<p>A\u017e sem to vypadalo, jako by st\u00e1tn\u00ed spr\u00e1va kone\u010dn\u011b ned\u0159\u00edmala. Pak se to ov\u0161em oto\u010dilo.<\/p>\n<p>&nbsp;<\/p>\n<h6>Kdy\u017e si opr\u00e1vn\u011bn\u00fd v exekuci s\u00e1m koup\u00ed nemovitost, kterou m\u00e1 zbourat<\/h6>\n<p>V letech 2020 a\u017e 2022 m\u011bsto Vimperk ob\u011b nemovitosti od p\u016fvodn\u00edch majitel\u016f koupilo. Za \u010d. p. 3 a okoln\u00ed pozemky (spole\u010dnost Kov\u00e1\u0159 Trade Company) zaplatilo 1 970 000 K\u010d; za \u010d. p. 4 a sousedn\u00ed dv\u016fr (spole\u010dnost DiTun \u2013 2000\/CZ) p\u0159idalo dal\u0161\u00edch 480 000 K\u010d. Starostka Ing. Jaroslava Martanov\u00e1 (STAN) smlouvy podepsala 16. 6. 2021. Vklad do katastru se uzav\u0159el 17. 2. 2022.<\/p>\n<p>A\u017e sem nic neobvykl\u00e9ho. Zaj\u00edmav\u00e9 to za\u010d\u00edn\u00e1 b\u00fdt ve chv\u00edli, kdy se pod\u00edv\u00e1me do pln\u00e9ho zn\u011bn\u00ed obou kupn\u00edch smluv \u2014 jsou ve\u0159ejn\u011b dostupn\u00e9 v Registru smluv. A ono se uk\u00e1\u017ee, \u017ee to nebyly \u201enorm\u00e1ln\u00ed\u201c kupn\u00ed smlouvy. Byly to zvl\u00e1\u0161tn\u00ed smlouvy o prodeji mimo dra\u017ebu, pou\u017e\u00edvan\u00e9 v r\u00e1mci exekuce. Nemovitosti toti\u017e byly v okam\u017eiku transakce zat\u00ed\u017een\u00e9 hned n\u011bkolika exekucemi a smlouva sama exeku\u010dn\u00ed zat\u00ed\u017een\u00ed vypo\u0159\u00e1d\u00e1vala.<\/p>\n<p>St\u011b\u017eejn\u00ed detail: dv\u011b z t\u011bch exekuc\u00ed byly demoli\u010dn\u00ed. Vimpersk\u00fd stavebn\u00ed \u00fa\u0159ad v roce 2019 spustil u soudn\u00edho exekutora JUDr. Stanislava Pazderky v P\u00edsku dv\u011b paraleln\u00ed \u0159\u00edzen\u00ed \u2014 jedno proti Kov\u00e1\u0159 Trade Company (sp. zn. 117 EX 2705\/17), druh\u00e9 proti DiTun \u2013 2000\/CZ (sp. zn. 117 EX 2706\/17). \u00da\u010delem obou bylo p\u0159im\u011bt majitele k tomu, aby havarijn\u00ed stavby kone\u010dn\u011b za\u010dali bourat. Opr\u00e1vn\u011bn\u00fdm v obou exekuc\u00edch \u2014 tedy stranou, v jej\u00ed\u017e prosp\u011bch m\u011bla demolice prob\u011bhnout \u2014 bylo samotn\u00e9 M\u011bsto Vimperk.<\/p>\n<p>Tady p\u0159ich\u00e1z\u00ed obrat, kter\u00fd je pro cel\u00fd p\u0159\u00edb\u011bh kl\u00ed\u010dov\u00fd. Aby kupn\u00ed smlouvy mohly nab\u00fdt \u00fa\u010dinnosti, musely se ob\u011b demoli\u010dn\u00ed exekuce zastavit. Bez toho by nemovitosti ne\u0161lo z exeku\u010dn\u00edho zat\u00ed\u017een\u00ed p\u0159ev\u00e9st. A tak se zastavily \u2014 <strong>na \u017e\u00e1dost samotn\u00e9ho M\u011bsta Vimperka<\/strong> jako opr\u00e1vn\u011bn\u00e9ho. Soudn\u00ed exekutor Pazderka jednal podle z\u00e1kona; kdy\u017e ten, kdo exekuci navrhl, ji st\u00e1hne, exekutor ji mus\u00ed zastavit. Vimperk tedy v jedn\u00e9 roli (jako opr\u00e1vn\u011bn\u00fd v exekuci, vystupuj\u00edc\u00ed v z\u00e1jmu ochrany \u017eivota a zdrav\u00ed) zastavil to, co v druh\u00e9 roli (jako kupec, vystupuj\u00edc\u00ed v z\u00e1jmu vlastn\u00edho rozvojov\u00e9ho z\u00e1m\u011bru) pot\u0159eboval, aby zaniklo. Smlouva nav\u00edc obsahovala v\u00fdslovn\u00fd z\u00e1vazek smluvn\u00edch stran, <strong>\u017ee<\/strong> <strong>se vzdaj\u00ed pr\u00e1va na odvol\u00e1n\u00ed proti zastaven\u00ed exekuce.<\/strong> Vimperk si to tedy p\u0159edem p\u00edsemn\u011b pojistil, aby zastaven\u00ed nikdo zven\u010d\u00ed nezpochybnil. Zastupitelstvo to v\u011bd\u011blo: smlouvy schv\u00e1lilo usnesen\u00edm \u010d. 270 z 22. zased\u00e1n\u00ed dne 25. 1. 2021, ob\u011b podm\u00ednky byly v z\u00e1pise.<\/p>\n<p>Mimochodem \u2014 JUDr. Pazderka mezit\u00edm k 31. 12. 2024 svou exekutorskou \u010dinnost ukon\u010dil a v\u0161echny jeho dosavadn\u00ed spisy p\u0159evzal jeho n\u00e1stupce Mgr. V\u00e1clav Vl\u00e1\u0161ek (exekutor \u010d. 233). Pokud bude n\u011bkdo o t\u011bch dvou demoli\u010dn\u00edch exekuc\u00edch a usnesen\u00edch o jejich zastaven\u00ed v budoucnu hledat dokumenty, dnes je dr\u017e\u00ed Vl\u00e1\u0161ek.<\/p>\n<p>D\u016fle\u017eit\u00e9 je toto: zastaven\u00ed exekuce <strong>nen\u00ed tot\u00e9\u017e<\/strong> co zru\u0161en\u00ed samotn\u00e9ho rozhodnut\u00ed o demolici. Zastavila se pouze cesta, kterou se rozhodnut\u00ed vykon\u00e1valo. Pravomocn\u00e9 rozhodnut\u00ed stavebn\u00edho \u00fa\u0159adu z 22. 8. 2017 z\u016fstalo v platnosti. Nejvy\u0161\u0161\u00ed spr\u00e1vn\u00ed soud to ned\u00e1vno (v rozsudku z roku 2024) v\u00fdslovn\u011b potvrdil \u2014 pravomocn\u00e9 rozhodnut\u00ed o na\u0159\u00edzen\u00ed odstran\u011bn\u00ed stavby nelze nahradit jin\u00fdm spr\u00e1vn\u00edm aktem; lze ho zru\u0161it jen cestou obnovy nebo p\u0159ezkumu. \u017d\u00e1dn\u00e1 takov\u00e1 cesta v tomto p\u0159\u00edpadu neprob\u011bhla. A tak se ten pap\u00edr skoro dev\u011bt let kut\u00e1l\u00ed d\u00e1l.<\/p>\n<p>Po p\u0159evodu vlastnictv\u00ed v katastru z\u00e1kon \u0159\u00edk\u00e1 jasn\u011b: pravomocn\u00e9 rozhodnut\u00ed jde s majetkem. Kdy\u017e si n\u011bkdo koup\u00ed nemovitost, k n\u00ed\u017e je vystaveno pravomocn\u00e9 spr\u00e1vn\u00ed rozhodnut\u00ed, p\u0159evezme i tu povinnost. Vimperk se tak stal povinn\u00fdm subjektem rozhodnut\u00ed, jeho\u017e v\u00fdkon si p\u00e1r m\u011bs\u00edc\u016f p\u0159edt\u00edm s\u00e1m zastavil. Od 17. 2. 2022 do dne\u0161n\u00edho dne (\u010dty\u0159i roky a dva m\u011bs\u00edce) se nestalo nic. Stavebn\u00ed \u00fa\u0159ad nezah\u00e1jil \u017e\u00e1dn\u00fd nov\u00fd v\u00fdkon proti Vimperku jako nov\u00e9mu povinn\u00e9mu subjektu \u2014 co\u017e je pochopiteln\u00e9: vedl by ho proti sv\u00e9mu vlastn\u00edmu z\u0159izovateli.<\/p>\n<p>&nbsp;<\/p>\n<h6>T\u0159i v\u011bty starostky, kter\u00e9 po prov\u011b\u0159en\u00ed p\u0159estaly platit<\/h6>\n<p><strong>1. \u201eStavebn\u00ed povolen\u00ed nahrazuje rozhodnut\u00ed o odstran\u011bn\u00ed z roku 2017.\u201c<\/strong> Tuto v\u011btu pronesla starostka v tiskov\u00e9 zpr\u00e1v\u011b m\u011bsta z 19. 9. 2024 (p\u0159evzala ji \u010cTK). Stavebn\u00ed povolen\u00ed na statick\u00e9 zaji\u0161t\u011bn\u00ed bylo vyd\u00e1no 10. 5. 2024. \u017d\u00e1dn\u00fd p\u00edsemn\u00fd podklad od krajsk\u00e9ho \u00fa\u0159adu ani od Ministerstva pro m\u00edstn\u00ed rozvoj, kter\u00fd by takovou \u201en\u00e1hradu\u201c deklaroval, nikdy zve\u0159ejn\u011bn nebyl. A jak jsme uvedli v\u00fd\u0161e: takovou \u201en\u00e1hradu\u201c z\u00e1kon v\u016fbec nezn\u00e1. Pravomocn\u00e9 rozhodnut\u00ed lze ru\u0161it jen form\u00e1ln\u00edm spr\u00e1vn\u00edm aktem. \u017d\u00e1dn\u00fd takov\u00fd se nestal.<\/p>\n<p><strong>2. \u201ePam\u00e1tk\u00e1\u0159i by demolici nikdy nedovolili.\u201c<\/strong> Tuto v\u011btu pronesla starostka p\u0159i zased\u00e1n\u00ed zastupitelstva 8. 9. 2025. Sta\u010dilo se ov\u0161em zeptat \u2014 co\u017e si ob\u010dansk\u00fd web Za kr\u00e1sn\u011bj\u0161\u00ed Vimperk nenechal uj\u00edt. \u0158editel \u00fazemn\u00edho pracovi\u0161t\u011b N\u00e1rodn\u00edho pam\u00e1tkov\u00e9ho \u00fastavu v \u010cesk\u00fdch Bud\u011bjovic\u00edch Ing. Daniel \u0160nejd v p\u00edsemn\u00e9 odpov\u011bdi z \u0159\u00edjna 2025 uvedl, \u017ee pam\u00e1tk\u00e1\u0159i <strong>k samotn\u00e9mu rozhodnut\u00ed o demolici \u017e\u00e1dn\u00e9 stanovisko nevydali<\/strong> \u2014 nebo\u0165 k tomu nem\u011bli z\u00e1konn\u00fd d\u016fvod: dot\u010den\u00e9 budovy nejsou zaps\u00e1ny jako kulturn\u00ed pam\u00e1tka. Z\u00e1v\u011bry znaleck\u00e9ho posudku z roku 2017 vzali pouze \u201ena v\u011bdom\u00ed\u201c a \u017e\u00e1dali jen, aby technologick\u00fd postup demolice byl s nimi probr\u00e1n \u2014 co\u017e ostatn\u011b ukl\u00e1d\u00e1 samotn\u00e9 rozhodnut\u00ed. \u017d\u00e1dn\u00e9 \u201enikdy nedovol\u00edme\u201c tedy v hlav\u011b pam\u00e1tk\u00e1\u0159\u016f nikdy neprob\u011bhlo.<\/p>\n<p><strong>3. \u201ePostupovali bychom stejn\u011b, kdyby povinn\u00fdm subjektem byl prost\u00fd ob\u010dan.\u201c<\/strong> Toto tvrzen\u00ed vy\u0159kl tajemn\u00edk M\u011bstsk\u00e9ho \u00fa\u0159adu Ing. Jan T\u016fma, MPA v rozhovoru pro ob\u010dansk\u00fd web v roce 2023. V t\u00e9 sam\u00e9 v\u00fdm\u011bn\u011b ov\u0161em odm\u00edtl odpov\u011bd\u011bt, jakou formou, kdy a kolikr\u00e1t \u00fa\u0159ad m\u011bstu p\u0159ipom\u00ednal, \u017ee rozhodnut\u00ed st\u00e1le plat\u00ed \u2014 a to s odkazem na \u201eintern\u00ed z\u00e1le\u017eitosti prob\u00edhaj\u00edc\u00edch \u0159\u00edzen\u00ed\u201c. Tedy: postupujeme stejn\u011b, ale jak konkr\u00e9tn\u011b, ne\u0159ekneme. Da\u0148ov\u00fd poplatn\u00edk si m\u016f\u017ee ud\u011blat obr\u00e1zek s\u00e1m.<\/p>\n<p>&nbsp;<\/p>\n<h6>Detail, kter\u00fd doposud z\u016fstal v z\u00e1kulis\u00ed<\/h6>\n<p>Vra\u0165me se k jednomu jm\u00e9nu z roku 2017. Tehdy stavebn\u00ed \u00fa\u0159ad p\u0159edal demoli\u010dn\u00ed rozhodnut\u00ed k v\u00fdkonu pr\u00e1vn\u00edmu z\u00e1stupci <strong>JUDr. Tom\u00e1\u0161i Samkovi<\/strong>. M\u011blo se p\u0159es n\u011bj zajistit, aby majitel\u00e9 skute\u010dn\u011b za\u010dali bourat. JUDr. Tom\u00e1\u0161 Samek je dnes \u2014 podle ve\u0159ejn\u00e9 kontaktn\u00ed karty na vimperk.cz \u2014 <strong>vimpersk\u00fdm zastupitelem za STAN, \u010dlenem rady m\u011bsta<\/strong> a nav\u00edc je ofici\u00e1ln\u011b ozna\u010den jako radn\u00ed ur\u010den\u00fd zastupitel pro spolupr\u00e1ci p\u0159i po\u0159izov\u00e1n\u00ed \u00fazemn\u011b pl\u00e1novac\u00ed dokumentace pro cel\u00e9 volebn\u00ed obdob\u00ed. V komun\u00e1ln\u00edch volb\u00e1ch na podzim 2022 z\u00edskal 694 hlas\u016f a obh\u00e1jil druh\u00e9 m\u00edsto na kandid\u00e1tce STAN \u2014 tj. stejn\u00e9ho hnut\u00ed jako starostka.<\/p>\n<p>A k tomu druh\u00e1 person\u00e1ln\u00ed zaj\u00edmavost. Mgr. Boris Du\u0161ek, kter\u00fd v roce 2017 vystupoval jako pr\u00e1vn\u00ed z\u00e1stupce Kov\u00e1\u0159 Trade Company v \u0159\u00edzen\u00ed o demolici, je podle kupn\u00ed smlouvy z 16. 6. 2021 jednatelem druh\u00e9 prod\u00e1vaj\u00edc\u00ed spole\u010dnosti \u2014 DiTun \u2013 2000\/CZ. Statut\u00e1rn\u00ed z\u00e1stupkyn\u00ed Kov\u00e1\u0159 Trade Company je Anna Dzhemalinskaya, kter\u00e1 smlouvu podepsala v Moskv\u011b.<\/p>\n<p>Ne, nen\u00ed to poru\u0161en\u00ed z\u00e1kona. A nen\u00ed to ani automatick\u00fd st\u0159et z\u00e1jm\u016f ve smyslu z\u00e1kona o st\u0159etu z\u00e1jm\u016f. Je to ov\u0161em konstelace, kterou by si ve\u0159ejnost zaslou\u017eila vid\u011bt vysv\u011btlenou: jak v z\u00e1le\u017eitostech kolem Steinbrenerovy tisk\u00e1rny zastupitel JUDr. Samek v zastupitelstvu a v rad\u011b m\u011bsta hlasoval, jak\u00e1 stanoviska zauj\u00edmal a zda se na ot\u00e1zce kolem \u201enahrazen\u00ed\u201c demoli\u010dn\u00edho v\u00fdm\u011bru stavebn\u00edm povolen\u00edm n\u011bjak pod\u00edlel. Ml\u010den\u00ed samo o sob\u011b sankce nen\u00ed \u2014 jenom p\u0159itahuje pozornost.<\/p>\n<p>&nbsp;<\/p>\n<h6>Co z toho plyne<\/h6>\n<p>Tohle nen\u00ed text o tom, jestli m\u00e1 b\u00fdt Steinbrenerova tisk\u00e1rna zbour\u00e1na, nebo zachr\u00e1n\u011bna. To je rozhodnut\u00ed, na kter\u00e9 maj\u00ed pr\u00e1vo zastupitel\u00e9 i ob\u010dan\u00e9 v debat\u011b. Tohle je text o tom, jestli rozhodnut\u00ed st\u00e1tn\u00ed spr\u00e1vy plat\u00ed stejn\u011b pro v\u0161echny. Pravomocn\u00e9 rozhodnut\u00ed stavebn\u00edho \u00fa\u0159adu nabylo pr\u00e1vn\u00ed moci v z\u00e1\u0159\u00ed 2017. Nabylo vykonatelnosti. A skoro dev\u011bt let nikomu nebylo doru\u010deno tak siln\u011b, jako kdyby povinn\u00fdm subjektem byla pan\u00ed Vesel\u00e1 z Pasovsk\u00e9 ulice. Ne, pan\u00ed Vesel\u00e1 tam re\u00e1ln\u011b nebydl\u00ed. Ale kdyby bydlela, byla by dnes nejsp\u00ed\u0161 v exekuci, nebo bez domu. To je cel\u00fd ten rozd\u00edl.<\/p>\n<p>Je\u0161t\u011b jednu drobnost na z\u00e1v\u011br. Kdy\u017e Vimperk v roce 2021 nemovitosti kupoval, \u0161el lv\u00ed pod\u00edl z 1 970 000 K\u010d ne na pana jednatele, ale na zaplacen\u00ed star\u00fdch pohled\u00e1vek a n\u00e1klad\u016f exekuc\u00ed \u2014 p\u016fl milionu pro jednoho exekutora, sto tis\u00edc pro vod\u00e1renskou spole\u010dnost, sto tis\u00edc pro banku, drobn\u00e9 pro dal\u0161\u00ed. Kov\u00e1\u0159 Trade Company sama dostala jen zbytek. Z hlediska ve\u0159ejn\u00e9ho rozpo\u010dtu to nen\u00ed jen koup\u011b nemovitosti. Je to vlastn\u011b transakce, ve kter\u00e9 ve\u0159ejnost zaplatila jak star\u00fd dluh soukrom\u00e9ho majitele, tak i samotnou nemovitost \u2014 v\u00fdm\u011bnou za to, \u017ee u\u017e nemus\u00ed demolovat. Kter\u00e1 alternativa je dra\u017e\u0161\u00ed, je samostatn\u00fd rozhovor. Kter\u00e1 je f\u00e9rov\u011bj\u0161\u00ed, ten ne.<\/p>\n<p>&nbsp;<\/p>\n<h6>Zdroje<\/h6>\n<p><em>V\u0161e pou\u017eit\u00e9 v \u010dl\u00e1nku je ve\u0159ejn\u011b dostupn\u00e9. Pravomocn\u00e9 rozhodnut\u00ed M\u011bstsk\u00e9ho \u00fa\u0159adu Vimperk \u010d. j. MUVPK-V\u00daP 23847\/17-LAI ze dne 22. 8. 2017 (publikov\u00e1no na zakrasnejsivimperk.cz). Kupn\u00ed smlouvy v Registru smluv: M\u011bsto Vimperk \u00d7 Kov\u00e1\u0159 Trade Company (smlouvy.gov.cz\/smlouva\/16939991) a M\u011bsto Vimperk \u00d7 DiTun \u2013 2000\/CZ (smlouvy.gov.cz\/smlouva\/18602611), ob\u011b uzav\u0159en\u00e9 podle \u00a7 44a odst. 4 z\u00e1kona \u010d. 120\/2001 Sb. Ve\u0159ejn\u00e9 kontaktn\u00ed karty starostky, tajemn\u00edka, vedouc\u00edho odboru v\u00fdstavby a JUDr. Tom\u00e1\u0161e Samka na vimperk.cz. Ofici\u00e1ln\u00ed usnesen\u00ed z 21. zased\u00e1n\u00ed zastupitelstva 8. 9. 2025 (ZM\/221\/21\/2025). Vimpersk\u00e9 noviny \u010d. 11\/2025. Tiskov\u00e1 zpr\u00e1va m\u011bsta z 19. 9. 2024 (p\u0159evzala \u010cTK, archiweb.cz). Report\u00e1\u017ee Prachatick\u00e9ho den\u00edku. Datab\u00e1ze \u010cesk\u00e9 komory architekt\u016f. ARES. V\u00fdsledky komun\u00e1ln\u00edch voleb 2022 (volby.cz, novinky.cz). Rozsudek Nejvy\u0161\u0161\u00edho spr\u00e1vn\u00edho soudu sp. zn. 7 As 188\/2024 \u2014 23.<\/em><\/p>\n<p>&nbsp;<\/p>\n<h1 style=\"text-align: center;\"><a href=\"https:\/\/zakrasnejsivimperk.cz\/wp-content\/uploads\/2026\/04\/26\/ANALYZA_Pravomocne_v3_FINALNI.pdf\" target=\"_blank\" rel=\"noopener\">ANAL\u00ddZA: Pravomocn\u00e9, vykonateln\u00e9 a osm let nespln\u011bn\u00e9<\/a>\u00a0<em>(form\u00e1t PDF)<\/em><\/h1>\n<p>&nbsp;<\/p>\n<p><strong>Autor: (bv)<\/strong><\/p>\n<hr \/>\n<p>&nbsp;<\/p>\n<h4>Informovali jsme:<\/h4>\n<h6 class=\"entry-title\"><a href=\"https:\/\/zakrasnejsivimperk.cz\/?p=373171\" target=\"_blank\" rel=\"noopener\">NA\u0160E M\u011aSTO VIMPERK \u2013 DOKUMENT: Rozhodnut\u00ed o na\u0159\u00edzen\u00ed neodkladn\u00e9ho odstran\u011bn\u00ed staveb<\/a><\/h6>\n<h6 class=\"entry-title\"><a href=\"https:\/\/zakrasnejsivimperk.cz\/?p=369127\" target=\"_blank\" rel=\"noopener\">NA\u0160E M\u011aSTO VIMPERK \u2013 DOKUMENT: Steinbrenerova tisk\u00e1rna \u2013 Zad\u00e1n\u00ed<\/a><\/h6>\n<h6 class=\"entry-title\"><a href=\"https:\/\/zakrasnejsivimperk.cz\/?p=362299\" target=\"_blank\" rel=\"noopener\">NA\u0160E M\u011aSTO VIMPERK \u2013 KOMENT\u00c1\u0158 \u010cTEN\u00c1\u0158E: ad Dopis starostky peti\u010dn\u00edmu v\u00fdboru ohledn\u011b Steinbrenerov\u00fdch dom\u016f<\/a><\/h6>\n<h6 class=\"entry-title\"><a href=\"https:\/\/zakrasnejsivimperk.cz\/?p=362089\" target=\"_blank\" rel=\"noopener\">GLOS\u00c1\u0158 Voly\u0148ky Homolkov\u00e9: Co si dovol\u00ed radnice, to si prost\u00fd stavebn\u00edk dovolit nem\u016f\u017ee<\/a><\/h6>\n<h6 class=\"entry-title\"><a href=\"https:\/\/zakrasnejsivimperk.cz\/?p=361919\" target=\"_blank\" rel=\"noopener\">NA\u0160E M\u011aSTO VIMPERK \u2013 ODPOSLECHNUTO: Megalomansk\u00fd projekt<\/a><\/h6>\n<h6 class=\"entry-title\"><a href=\"https:\/\/zakrasnejsivimperk.cz\/?p=361715\" target=\"_blank\" rel=\"noopener\">NA\u0160E M\u011aSTO VIMPERK \u2013 DOKUMENT: Dopis starostky peti\u010dn\u00edmu v\u00fdboru ohledn\u011b Steinbrenerov\u00fdch dom\u016f<\/a><\/h6>\n<h6 class=\"entry-title\"><a href=\"https:\/\/zakrasnejsivimperk.cz\/?p=361168\" target=\"_blank\" rel=\"noopener\">NA\u0160E M\u011aSTO VIMPERK: Glosa \u2013 Revitalizace Steinbrenerovy tisk\u00e1rny<\/a><\/h6>\n<h6 class=\"entry-title\"><a href=\"https:\/\/zakrasnejsivimperk.cz\/?p=360863\" target=\"_blank\" rel=\"noopener\">P\u0158E\u010cT\u011aTE SI U N\u00c1S: Vimpersk\u00e9 noviny \u2013 \u010d. 11\/2025<\/a><\/h6>\n<h6 class=\"entry-title\"><a href=\"https:\/\/zakrasnejsivimperk.cz\/?p=359433\" target=\"_blank\" rel=\"noopener\">NA\u0160E M\u011aSTO VIMPERK: Starostka nem\u00e1 pravdu. Pam\u00e1tk\u00e1\u0159i jej\u00ed slova nepotvrdili<\/a><\/h6>\n<h6 class=\"entry-title\"><a href=\"https:\/\/zakrasnejsivimperk.cz\/?p=355710\" target=\"_blank\" rel=\"noopener\">NA\u0160E M\u011aSTO VIMPERK: Petice po\u017eaduje pozastavit rekonstrukci dom\u016f<\/a><\/h6>\n<h6 class=\"entry-title\"><a href=\"https:\/\/zakrasnejsivimperk.cz\/?p=344843\" target=\"_blank\" rel=\"noopener\">NA\u0160E M\u011aSTO VIMPERK: Glosa \u2013 Jako supi<\/a><\/h6>\n<h6 class=\"entry-title\"><a href=\"https:\/\/zakrasnejsivimperk.cz\/?p=344804\" target=\"_blank\" rel=\"noopener\">NA\u0160E M\u011aSTO VIMPERK: Zastupitel Milan Pe\u0161ek nepochybil, potvrdilo ministerstvo vnitra<\/a><\/h6>\n<h6 class=\"entry-title\"><a href=\"https:\/\/zakrasnejsivimperk.cz\/?p=342273\" target=\"_blank\" rel=\"noopener\">NA\u0160E M\u011aSTO VIMPERK \u2013 ODPOSLECHNUTO: P\u0159\u00e1n\u00ed lid\u00ed \u2013 nez\u00e1jem?<\/a><\/h6>\n<h6 class=\"entry-title\"><a href=\"https:\/\/zakrasnejsivimperk.cz\/?p=342205\" target=\"_blank\" rel=\"noopener\">NA\u0160E M\u011aSTO VIMPERK \u2013 ODPOSLECHNUTO: Blb\u00e1 ot\u00e1zka zastupitele?<\/a><\/h6>\n<h6 class=\"entry-title\"><a href=\"https:\/\/zakrasnejsivimperk.cz\/?p=341753\" target=\"_blank\" rel=\"noopener\">NA\u0160E M\u011aSTO VIMPERK: Glosa \u2013 Lyn\u010dov\u00e1n\u00ed zastupitele Milana Pe\u0161ka<\/a><\/h6>\n<h6><a href=\"https:\/\/www.vimperk.cz\/assets\/File.ashx?id_org=18208&amp;id_dokumenty=36845\" target=\"_blank\" rel=\"noopener\">Z\u00e1pis z osmn\u00e1ct\u00e9ho zased\u00e1n\u00ed Zastupitelstva m\u011bsta Vimperk, konan\u00e9ho dne 17.03.2025<\/a><\/h6>\n<h6 class=\"cvi text-to-speech\"><a href=\"https:\/\/www.vimperk.cz\/zvukovy%2Dzaznam%2Dze%2Dzasedani%2Dzastupitelstva%2Ddne%2D17%2D3%2D2025\/d-36883\/p1=9522\" target=\"_blank\" rel=\"noopener\">Zvukov\u00fd z\u00e1znam ze zased\u00e1n\u00ed zastupitelstva dne 17.3.2025<\/a><\/h6>\n<h6 class=\"entry-title\"><a href=\"https:\/\/zakrasnejsivimperk.cz\/?p=339843\" target=\"_blank\" rel=\"noopener\">NA\u0160E M\u011aSTO VIMPERK: Zastupitel Milan Pe\u0161ek navrhuje uspo\u0159\u00e1dat m\u00edstn\u00ed referendum. Jak rozhodnou zastupitel\u00e9?<\/a><\/h6>\n<h6 class=\"entry-title\"><a href=\"https:\/\/zakrasnejsivimperk.cz\/?p=330948\" target=\"_blank\" rel=\"noopener\">NA\u0160E M\u011aSTO VIMPERK \u2013 INFORMACE Z RADNICE: Zabezpe\u010den\u00ed Steinbrenerovy tisk\u00e1rny bylo zah\u00e1jeno<\/a><\/h6>\n<h6 class=\"entry-title\"><a href=\"https:\/\/zakrasnejsivimperk.cz\/?p=325334\" target=\"_blank\" rel=\"noopener\">NA\u0160E M\u011aSTO VIMPERK: 13 950 000 K\u010d<\/a><\/h6>\n<h6 class=\"entry-title\"><a href=\"https:\/\/zakrasnejsivimperk.cz\/?p=325330\" target=\"_blank\" rel=\"noopener\">GLOS\u00c1\u0158 Voly\u0148ky Homolkov\u00e9: \u00da\u010delov\u00e1 le\u017e starostky?<\/a><\/h6>\n<h6 class=\"entry-title\"><a href=\"https:\/\/zakrasnejsivimperk.cz\/?p=325327\" target=\"_blank\" rel=\"noopener\">NA\u0160E M\u011aSTO VIMPERK: Informace k revitalizaci are\u00e1lu Steinbrenerovy tisk\u00e1rny ve Vimperku<\/a><\/h6>\n<h6 class=\"entry-title\"><a href=\"https:\/\/zakrasnejsivimperk.cz\/?p=322464\" target=\"_blank\" rel=\"noopener\">NA\u0160E M\u011aSTO VIMPERK \u2013 INFORMACE Z RADNICE: Architekti za\u010d\u00ednaj\u00ed projektovat. M\u011bsto mezit\u00edm zabezpe\u010d\u00ed Steinbrenerovy domy<\/a><\/h6>\n<h6 class=\"entry-title\"><a href=\"https:\/\/zakrasnejsivimperk.cz\/?p=316321\" target=\"_blank\" rel=\"noopener\">NA\u0160E M\u011aSTO VIMPERK \u2013 DOKUMENT: Rozhodnut\u00ed o na\u0159\u00edzen\u00ed neodkladn\u00e9ho odstran\u011bn\u00ed staveb (Steinbrenerova tisk\u00e1rna)<\/a><\/h6>\n<h6><a href=\"https:\/\/zakrasnejsivimperk.cz\/?p=315346\" target=\"_blank\" rel=\"noopener\">NA\u0160E M\u011aSTO VIMPERK: Pt\u00e1me se za v\u00e1s \u2013 P\u0159\u00edst\u0159e\u0161ek ve dvo\u0159e m\u011bstsk\u00e9ho \u00fa\u0159adu (4)<\/a><\/h6>\n<h6><a href=\"https:\/\/zakrasnejsivimperk.cz\/?p=314301\" target=\"_blank\" rel=\"noopener\">NA\u0160E M\u011aSTO VIMPERK: Pt\u00e1me se za v\u00e1s \u2013 P\u0159\u00edst\u0159e\u0161ek ve dvo\u0159e m\u011bstsk\u00e9ho \u00fa\u0159adu (3)<\/a><\/h6>\n<h6><a href=\"https:\/\/zakrasnejsivimperk.cz\/?p=314191\" target=\"_blank\" rel=\"noopener\">NA\u0160E M\u011aSTO VIMPERK: Pt\u00e1me se za v\u00e1s \u2013 P\u0159\u00edst\u0159e\u0161ek ve dvo\u0159e m\u011bstsk\u00e9ho \u00fa\u0159adu (2)<\/a><\/h6>\n<h6><a href=\"https:\/\/zakrasnejsivimperk.cz\/?p=312873\" target=\"_blank\" rel=\"noopener\">NA\u0160E M\u011aSTO VIMPERK: Pt\u00e1me se za v\u00e1s \u2013 P\u0159\u00edst\u0159e\u0161ek ve dvo\u0159e m\u011bstsk\u00e9ho \u00fa\u0159adu<\/a><\/h6>\n<h6><a href=\"https:\/\/zakrasnejsivimperk.cz\/?p=311104\" target=\"_blank\" rel=\"noopener\">NA\u0160E M\u011aSTO VIMPERK: P\u0159\u00edst\u0159e\u0161ek. Utajen\u00fd. Nebezpe\u010dn\u00fd?<\/a><\/h6>\n<h6><a href=\"https:\/\/zakrasnejsivimperk.cz\/?p=279044\" target=\"_blank\" rel=\"noopener\">NA\u0160E M\u011aSTO VIMPERK: Demolice objekt\u016f \u010dp. 3. Stavebn\u00ed \u00fa\u0159ad si nedok\u00e1\u017ee vynutit spln\u011bn\u00ed sv\u00e9ho na\u0159\u00edzen\u00ed<\/a><\/h6>\n<hr \/>\n<p>&nbsp;<\/p>\n","protected":false},"excerpt":{"rendered":"<p>&nbsp; Steinbrenerova <\/p>\n","protected":false},"author":2,"featured_media":373825,"comment_status":"open","ping_status":"open","sticky":false,"template":"","format":"gallery","meta":{"footnotes":""},"categories":[70,11,120,108],"tags":[],"jetpack_featured_media_url":"https:\/\/zakrasnejsivimperk.cz\/wp-content\/uploads\/2026\/04\/26\/ram-z-posty-domy.jpg","_links":{"self":[{"href":"https:\/\/zakrasnejsivimperk.cz\/index.php?rest_route=\/wp\/v2\/posts\/373826"}],"collection":[{"href":"https:\/\/zakrasnejsivimperk.cz\/index.php?rest_route=\/wp\/v2\/posts"}],"about":[{"href":"https:\/\/zakrasnejsivimperk.cz\/index.php?rest_route=\/wp\/v2\/types\/post"}],"author":[{"embeddable":true,"href":"https:\/\/zakrasnejsivimperk.cz\/index.php?rest_route=\/wp\/v2\/users\/2"}],"replies":[{"embeddable":true,"href":"https:\/\/zakrasnejsivimperk.cz\/index.php?rest_route=%2Fwp%2Fv2%2Fcomments&post=373826"}],"version-history":[{"count":8,"href":"https:\/\/zakrasnejsivimperk.cz\/index.php?rest_route=\/wp\/v2\/posts\/373826\/revisions"}],"predecessor-version":[{"id":374010,"href":"https:\/\/zakrasnejsivimperk.cz\/index.php?rest_route=\/wp\/v2\/posts\/373826\/revisions\/374010"}],"wp:featuredmedia":[{"embeddable":true,"href":"https:\/\/zakrasnejsivimperk.cz\/index.php?rest_route=\/wp\/v2\/media\/373825"}],"wp:attachment":[{"href":"https:\/\/zakrasnejsivimperk.cz\/index.php?rest_route=%2Fwp%2Fv2%2Fmedia&parent=373826"}],"wp:term":[{"taxonomy":"category","embeddable":true,"href":"https:\/\/zakrasnejsivimperk.cz\/index.php?rest_route=%2Fwp%2Fv2%2Fcategories&post=373826"},{"taxonomy":"post_tag","embeddable":true,"href":"https:\/\/zakrasnejsivimperk.cz\/index.php?rest_route=%2Fwp%2Fv2%2Ftags&post=373826"}],"curies":[{"name":"wp","href":"https:\/\/api.w.org\/{rel}","templated":true}]}}