{"id":373751,"date":"2026-04-26T17:29:11","date_gmt":"2026-04-26T16:29:11","guid":{"rendered":"https:\/\/zakrasnejsivimperk.cz\/?p=373751"},"modified":"2026-04-28T15:30:22","modified_gmt":"2026-04-28T14:30:22","slug":"nase-mesto-vimperk-na-stavbe-stezka-zameckou-oborou","status":"publish","type":"post","link":"https:\/\/zakrasnejsivimperk.cz\/?p=373751","title":{"rendered":"NA\u0160E M\u011aSTO VIMPERK: Na stavb\u011b \u2013 Stezka z\u00e1meckou oborou"},"content":{"rendered":"<p><img loading=\"lazy\" decoding=\"async\" class=\"aligncenter wp-image-373759 size-full\" src=\"https:\/\/zakrasnejsivimperk.cz\/wp-content\/uploads\/2026\/04\/25\/stezka-oborou-1.jpg\" alt=\"\" width=\"949\" height=\"1100\" srcset=\"https:\/\/zakrasnejsivimperk.cz\/wp-content\/uploads\/2026\/04\/25\/stezka-oborou-1.jpg 949w, https:\/\/zakrasnejsivimperk.cz\/wp-content\/uploads\/2026\/04\/25\/stezka-oborou-1-259x300.jpg 259w, https:\/\/zakrasnejsivimperk.cz\/wp-content\/uploads\/2026\/04\/25\/stezka-oborou-1-883x1024.jpg 883w, https:\/\/zakrasnejsivimperk.cz\/wp-content\/uploads\/2026\/04\/25\/stezka-oborou-1-768x890.jpg 768w, https:\/\/zakrasnejsivimperk.cz\/wp-content\/uploads\/2026\/04\/25\/stezka-oborou-1-308x357.jpg 308w, https:\/\/zakrasnejsivimperk.cz\/wp-content\/uploads\/2026\/04\/25\/stezka-oborou-1-417x483.jpg 417w\" sizes=\"(max-width: 949px) 100vw, 949px\" \/><\/p>\n<p>&nbsp;<\/p>\n<p><img loading=\"lazy\" decoding=\"async\" class=\"aligncenter wp-image-373760 size-full\" src=\"https:\/\/zakrasnejsivimperk.cz\/wp-content\/uploads\/2026\/04\/25\/stezka-tabule.jpg\" alt=\"\" width=\"659\" height=\"1100\" srcset=\"https:\/\/zakrasnejsivimperk.cz\/wp-content\/uploads\/2026\/04\/25\/stezka-tabule.jpg 659w, https:\/\/zakrasnejsivimperk.cz\/wp-content\/uploads\/2026\/04\/25\/stezka-tabule-180x300.jpg 180w, https:\/\/zakrasnejsivimperk.cz\/wp-content\/uploads\/2026\/04\/25\/stezka-tabule-613x1024.jpg 613w, https:\/\/zakrasnejsivimperk.cz\/wp-content\/uploads\/2026\/04\/25\/stezka-tabule-214x357.jpg 214w, https:\/\/zakrasnejsivimperk.cz\/wp-content\/uploads\/2026\/04\/25\/stezka-tabule-289x483.jpg 289w\" sizes=\"(max-width: 659px) 100vw, 659px\" \/><\/p>\n<p>&nbsp;<\/p>\n<p><img loading=\"lazy\" decoding=\"async\" class=\"aligncenter wp-image-373752 size-full\" src=\"https:\/\/zakrasnejsivimperk.cz\/wp-content\/uploads\/2026\/04\/25\/stezka-oborou-2.jpg\" alt=\"\" width=\"908\" height=\"1100\" srcset=\"https:\/\/zakrasnejsivimperk.cz\/wp-content\/uploads\/2026\/04\/25\/stezka-oborou-2.jpg 908w, https:\/\/zakrasnejsivimperk.cz\/wp-content\/uploads\/2026\/04\/25\/stezka-oborou-2-248x300.jpg 248w, https:\/\/zakrasnejsivimperk.cz\/wp-content\/uploads\/2026\/04\/25\/stezka-oborou-2-845x1024.jpg 845w, https:\/\/zakrasnejsivimperk.cz\/wp-content\/uploads\/2026\/04\/25\/stezka-oborou-2-768x930.jpg 768w, https:\/\/zakrasnejsivimperk.cz\/wp-content\/uploads\/2026\/04\/25\/stezka-oborou-2-295x357.jpg 295w, https:\/\/zakrasnejsivimperk.cz\/wp-content\/uploads\/2026\/04\/25\/stezka-oborou-2-399x483.jpg 399w\" sizes=\"(max-width: 908px) 100vw, 908px\" \/><\/p>\n<p>&nbsp;<\/p>\n<p><img loading=\"lazy\" decoding=\"async\" class=\"aligncenter wp-image-373753 size-full\" src=\"https:\/\/zakrasnejsivimperk.cz\/wp-content\/uploads\/2026\/04\/25\/stezka-oborou-3.jpg\" alt=\"\" width=\"899\" height=\"1100\" srcset=\"https:\/\/zakrasnejsivimperk.cz\/wp-content\/uploads\/2026\/04\/25\/stezka-oborou-3.jpg 899w, https:\/\/zakrasnejsivimperk.cz\/wp-content\/uploads\/2026\/04\/25\/stezka-oborou-3-245x300.jpg 245w, https:\/\/zakrasnejsivimperk.cz\/wp-content\/uploads\/2026\/04\/25\/stezka-oborou-3-837x1024.jpg 837w, https:\/\/zakrasnejsivimperk.cz\/wp-content\/uploads\/2026\/04\/25\/stezka-oborou-3-768x940.jpg 768w, https:\/\/zakrasnejsivimperk.cz\/wp-content\/uploads\/2026\/04\/25\/stezka-oborou-3-292x357.jpg 292w, https:\/\/zakrasnejsivimperk.cz\/wp-content\/uploads\/2026\/04\/25\/stezka-oborou-3-395x483.jpg 395w\" sizes=\"(max-width: 899px) 100vw, 899px\" \/><\/p>\n<p>&nbsp;<\/p>\n<p><img loading=\"lazy\" decoding=\"async\" class=\"aligncenter wp-image-373754 size-full\" src=\"https:\/\/zakrasnejsivimperk.cz\/wp-content\/uploads\/2026\/04\/25\/stezka-oborou-5.jpg\" alt=\"\" width=\"921\" height=\"1100\" srcset=\"https:\/\/zakrasnejsivimperk.cz\/wp-content\/uploads\/2026\/04\/25\/stezka-oborou-5.jpg 921w, https:\/\/zakrasnejsivimperk.cz\/wp-content\/uploads\/2026\/04\/25\/stezka-oborou-5-251x300.jpg 251w, https:\/\/zakrasnejsivimperk.cz\/wp-content\/uploads\/2026\/04\/25\/stezka-oborou-5-857x1024.jpg 857w, https:\/\/zakrasnejsivimperk.cz\/wp-content\/uploads\/2026\/04\/25\/stezka-oborou-5-768x917.jpg 768w, https:\/\/zakrasnejsivimperk.cz\/wp-content\/uploads\/2026\/04\/25\/stezka-oborou-5-299x357.jpg 299w, https:\/\/zakrasnejsivimperk.cz\/wp-content\/uploads\/2026\/04\/25\/stezka-oborou-5-404x483.jpg 404w\" sizes=\"(max-width: 921px) 100vw, 921px\" \/><\/p>\n<p>&nbsp;<\/p>\n<p><img loading=\"lazy\" decoding=\"async\" class=\"aligncenter wp-image-373755 size-full\" src=\"https:\/\/zakrasnejsivimperk.cz\/wp-content\/uploads\/2026\/04\/25\/stezka-oborou-6.jpg\" alt=\"\" width=\"918\" height=\"1100\" srcset=\"https:\/\/zakrasnejsivimperk.cz\/wp-content\/uploads\/2026\/04\/25\/stezka-oborou-6.jpg 918w, https:\/\/zakrasnejsivimperk.cz\/wp-content\/uploads\/2026\/04\/25\/stezka-oborou-6-250x300.jpg 250w, https:\/\/zakrasnejsivimperk.cz\/wp-content\/uploads\/2026\/04\/25\/stezka-oborou-6-855x1024.jpg 855w, https:\/\/zakrasnejsivimperk.cz\/wp-content\/uploads\/2026\/04\/25\/stezka-oborou-6-768x920.jpg 768w, https:\/\/zakrasnejsivimperk.cz\/wp-content\/uploads\/2026\/04\/25\/stezka-oborou-6-298x357.jpg 298w, https:\/\/zakrasnejsivimperk.cz\/wp-content\/uploads\/2026\/04\/25\/stezka-oborou-6-403x483.jpg 403w\" sizes=\"(max-width: 918px) 100vw, 918px\" \/><\/p>\n<p>&nbsp;<\/p>\n<p><img loading=\"lazy\" decoding=\"async\" class=\"aligncenter wp-image-373756 size-full\" src=\"https:\/\/zakrasnejsivimperk.cz\/wp-content\/uploads\/2026\/04\/25\/stezka-oborou-7.jpg\" alt=\"\" width=\"928\" height=\"1100\" srcset=\"https:\/\/zakrasnejsivimperk.cz\/wp-content\/uploads\/2026\/04\/25\/stezka-oborou-7.jpg 928w, https:\/\/zakrasnejsivimperk.cz\/wp-content\/uploads\/2026\/04\/25\/stezka-oborou-7-253x300.jpg 253w, https:\/\/zakrasnejsivimperk.cz\/wp-content\/uploads\/2026\/04\/25\/stezka-oborou-7-864x1024.jpg 864w, https:\/\/zakrasnejsivimperk.cz\/wp-content\/uploads\/2026\/04\/25\/stezka-oborou-7-768x910.jpg 768w, https:\/\/zakrasnejsivimperk.cz\/wp-content\/uploads\/2026\/04\/25\/stezka-oborou-7-301x357.jpg 301w, https:\/\/zakrasnejsivimperk.cz\/wp-content\/uploads\/2026\/04\/25\/stezka-oborou-7-407x483.jpg 407w\" sizes=\"(max-width: 928px) 100vw, 928px\" \/><\/p>\n<p>&nbsp;<\/p>\n<p><img loading=\"lazy\" decoding=\"async\" class=\"aligncenter wp-image-373757 size-full\" src=\"https:\/\/zakrasnejsivimperk.cz\/wp-content\/uploads\/2026\/04\/25\/stezka-oborou-8.jpg\" alt=\"\" width=\"913\" height=\"1100\" srcset=\"https:\/\/zakrasnejsivimperk.cz\/wp-content\/uploads\/2026\/04\/25\/stezka-oborou-8.jpg 913w, https:\/\/zakrasnejsivimperk.cz\/wp-content\/uploads\/2026\/04\/25\/stezka-oborou-8-249x300.jpg 249w, https:\/\/zakrasnejsivimperk.cz\/wp-content\/uploads\/2026\/04\/25\/stezka-oborou-8-850x1024.jpg 850w, https:\/\/zakrasnejsivimperk.cz\/wp-content\/uploads\/2026\/04\/25\/stezka-oborou-8-768x925.jpg 768w, https:\/\/zakrasnejsivimperk.cz\/wp-content\/uploads\/2026\/04\/25\/stezka-oborou-8-296x357.jpg 296w, https:\/\/zakrasnejsivimperk.cz\/wp-content\/uploads\/2026\/04\/25\/stezka-oborou-8-401x483.jpg 401w\" sizes=\"(max-width: 913px) 100vw, 913px\" \/><\/p>\n<p>&nbsp;<\/p>\n<p><img loading=\"lazy\" decoding=\"async\" class=\"aligncenter wp-image-373758 size-full\" src=\"https:\/\/zakrasnejsivimperk.cz\/wp-content\/uploads\/2026\/04\/25\/stezka-oborou-9.jpg\" alt=\"\" width=\"924\" height=\"1100\" srcset=\"https:\/\/zakrasnejsivimperk.cz\/wp-content\/uploads\/2026\/04\/25\/stezka-oborou-9.jpg 924w, https:\/\/zakrasnejsivimperk.cz\/wp-content\/uploads\/2026\/04\/25\/stezka-oborou-9-252x300.jpg 252w, https:\/\/zakrasnejsivimperk.cz\/wp-content\/uploads\/2026\/04\/25\/stezka-oborou-9-860x1024.jpg 860w, https:\/\/zakrasnejsivimperk.cz\/wp-content\/uploads\/2026\/04\/25\/stezka-oborou-9-768x914.jpg 768w, https:\/\/zakrasnejsivimperk.cz\/wp-content\/uploads\/2026\/04\/25\/stezka-oborou-9-300x357.jpg 300w, https:\/\/zakrasnejsivimperk.cz\/wp-content\/uploads\/2026\/04\/25\/stezka-oborou-9-406x483.jpg 406w\" sizes=\"(max-width: 924px) 100vw, 924px\" \/><\/p>\n<p>&nbsp;<\/p>\n<p><strong>Foto: (red) &#8211; Za kr\u00e1sn\u011bj\u0161\u00ed Vimperk<\/strong><\/p>\n<hr \/>\n<p>&nbsp;<\/p>\n","protected":false},"excerpt":{"rendered":"<p>&nbsp; &nbsp; <\/p>\n","protected":false},"author":2,"featured_media":373762,"comment_status":"open","ping_status":"open","sticky":false,"template":"","format":"gallery","meta":{"footnotes":""},"categories":[121,107,108],"tags":[],"jetpack_featured_media_url":"https:\/\/zakrasnejsivimperk.cz\/wp-content\/uploads\/2026\/04\/25\/ram-stezka.jpg","_links":{"self":[{"href":"https:\/\/zakrasnejsivimperk.cz\/index.php?rest_route=\/wp\/v2\/posts\/373751"}],"collection":[{"href":"https:\/\/zakrasnejsivimperk.cz\/index.php?rest_route=\/wp\/v2\/posts"}],"about":[{"href":"https:\/\/zakrasnejsivimperk.cz\/index.php?rest_route=\/wp\/v2\/types\/post"}],"author":[{"embeddable":true,"href":"https:\/\/zakrasnejsivimperk.cz\/index.php?rest_route=\/wp\/v2\/users\/2"}],"replies":[{"embeddable":true,"href":"https:\/\/zakrasnejsivimperk.cz\/index.php?rest_route=%2Fwp%2Fv2%2Fcomments&post=373751"}],"version-history":[{"count":1,"href":"https:\/\/zakrasnejsivimperk.cz\/index.php?rest_route=\/wp\/v2\/posts\/373751\/revisions"}],"predecessor-version":[{"id":373761,"href":"https:\/\/zakrasnejsivimperk.cz\/index.php?rest_route=\/wp\/v2\/posts\/373751\/revisions\/373761"}],"wp:featuredmedia":[{"embeddable":true,"href":"https:\/\/zakrasnejsivimperk.cz\/index.php?rest_route=\/wp\/v2\/media\/373762"}],"wp:attachment":[{"href":"https:\/\/zakrasnejsivimperk.cz\/index.php?rest_route=%2Fwp%2Fv2%2Fmedia&parent=373751"}],"wp:term":[{"taxonomy":"category","embeddable":true,"href":"https:\/\/zakrasnejsivimperk.cz\/index.php?rest_route=%2Fwp%2Fv2%2Fcategories&post=373751"},{"taxonomy":"post_tag","embeddable":true,"href":"https:\/\/zakrasnejsivimperk.cz\/index.php?rest_route=%2Fwp%2Fv2%2Ftags&post=373751"}],"curies":[{"name":"wp","href":"https:\/\/api.w.org\/{rel}","templated":true}]}}