{"id":373741,"date":"2026-04-25T16:36:40","date_gmt":"2026-04-25T15:36:40","guid":{"rendered":"https:\/\/zakrasnejsivimperk.cz\/?p=373741"},"modified":"2026-04-25T16:36:40","modified_gmt":"2026-04-25T15:36:40","slug":"nedelni-glosar-miroslava-koreckeho-26-dubna-2026","status":"publish","type":"post","link":"https:\/\/zakrasnejsivimperk.cz\/?p=373741","title":{"rendered":"NED\u011aLN\u00cd GLOS\u00c1\u0158 MIROSLAVA KORECK\u00c9HO \u2013 26. dubna 2026"},"content":{"rendered":"<p><img loading=\"lazy\" decoding=\"async\" class=\"aligncenter wp-image-276262 size-large\" src=\"https:\/\/zakrasnejsivimperk.cz\/wp-content\/uploads\/2023\/04\/02\/ram-korecky-1024x492.jpg\" alt=\"\" width=\"700\" height=\"336\" srcset=\"https:\/\/zakrasnejsivimperk.cz\/wp-content\/uploads\/2023\/04\/02\/ram-korecky-1024x492.jpg 1024w, https:\/\/zakrasnejsivimperk.cz\/wp-content\/uploads\/2023\/04\/02\/ram-korecky-300x144.jpg 300w, https:\/\/zakrasnejsivimperk.cz\/wp-content\/uploads\/2023\/04\/02\/ram-korecky-768x369.jpg 768w, https:\/\/zakrasnejsivimperk.cz\/wp-content\/uploads\/2023\/04\/02\/ram-korecky-744x357.jpg 744w, https:\/\/zakrasnejsivimperk.cz\/wp-content\/uploads\/2023\/04\/02\/ram-korecky-1006x483.jpg 1006w, https:\/\/zakrasnejsivimperk.cz\/wp-content\/uploads\/2023\/04\/02\/ram-korecky.jpg 1100w\" sizes=\"(max-width: 700px) 100vw, 700px\" \/><\/p>\n<p>&nbsp;<\/p>\n<p><img loading=\"lazy\" decoding=\"async\" class=\"aligncenter wp-image-373742 size-full\" src=\"https:\/\/zakrasnejsivimperk.cz\/wp-content\/uploads\/2026\/04\/25\/korecky-260426-1.jpg\" alt=\"\" width=\"858\" height=\"743\" srcset=\"https:\/\/zakrasnejsivimperk.cz\/wp-content\/uploads\/2026\/04\/25\/korecky-260426-1.jpg 858w, https:\/\/zakrasnejsivimperk.cz\/wp-content\/uploads\/2026\/04\/25\/korecky-260426-1-300x260.jpg 300w, https:\/\/zakrasnejsivimperk.cz\/wp-content\/uploads\/2026\/04\/25\/korecky-260426-1-768x665.jpg 768w, https:\/\/zakrasnejsivimperk.cz\/wp-content\/uploads\/2026\/04\/25\/korecky-260426-1-412x357.jpg 412w, https:\/\/zakrasnejsivimperk.cz\/wp-content\/uploads\/2026\/04\/25\/korecky-260426-1-558x483.jpg 558w\" sizes=\"(max-width: 858px) 100vw, 858px\" \/><\/p>\n<p>&nbsp;<\/p>\n<p><img loading=\"lazy\" decoding=\"async\" class=\"aligncenter wp-image-373743 size-full\" src=\"https:\/\/zakrasnejsivimperk.cz\/wp-content\/uploads\/2026\/04\/25\/korecky-260426-2.jpg\" alt=\"\" width=\"836\" height=\"514\" srcset=\"https:\/\/zakrasnejsivimperk.cz\/wp-content\/uploads\/2026\/04\/25\/korecky-260426-2.jpg 836w, https:\/\/zakrasnejsivimperk.cz\/wp-content\/uploads\/2026\/04\/25\/korecky-260426-2-300x184.jpg 300w, https:\/\/zakrasnejsivimperk.cz\/wp-content\/uploads\/2026\/04\/25\/korecky-260426-2-768x472.jpg 768w, https:\/\/zakrasnejsivimperk.cz\/wp-content\/uploads\/2026\/04\/25\/korecky-260426-2-581x357.jpg 581w, https:\/\/zakrasnejsivimperk.cz\/wp-content\/uploads\/2026\/04\/25\/korecky-260426-2-786x483.jpg 786w\" sizes=\"(max-width: 836px) 100vw, 836px\" \/><\/p>\n<p>&nbsp;<\/p>\n<p><img loading=\"lazy\" decoding=\"async\" class=\"aligncenter wp-image-373744 size-full\" src=\"https:\/\/zakrasnejsivimperk.cz\/wp-content\/uploads\/2026\/04\/25\/korecky-260426-3.jpg\" alt=\"\" width=\"721\" height=\"963\" srcset=\"https:\/\/zakrasnejsivimperk.cz\/wp-content\/uploads\/2026\/04\/25\/korecky-260426-3.jpg 721w, https:\/\/zakrasnejsivimperk.cz\/wp-content\/uploads\/2026\/04\/25\/korecky-260426-3-225x300.jpg 225w, https:\/\/zakrasnejsivimperk.cz\/wp-content\/uploads\/2026\/04\/25\/korecky-260426-3-267x357.jpg 267w, https:\/\/zakrasnejsivimperk.cz\/wp-content\/uploads\/2026\/04\/25\/korecky-260426-3-362x483.jpg 362w\" sizes=\"(max-width: 721px) 100vw, 721px\" \/><\/p>\n<p>&nbsp;<\/p>\n<p><img loading=\"lazy\" decoding=\"async\" class=\"aligncenter wp-image-373745 size-full\" src=\"https:\/\/zakrasnejsivimperk.cz\/wp-content\/uploads\/2026\/04\/25\/korecky-260426-4.jpg\" alt=\"\" width=\"790\" height=\"424\" srcset=\"https:\/\/zakrasnejsivimperk.cz\/wp-content\/uploads\/2026\/04\/25\/korecky-260426-4.jpg 790w, https:\/\/zakrasnejsivimperk.cz\/wp-content\/uploads\/2026\/04\/25\/korecky-260426-4-300x161.jpg 300w, https:\/\/zakrasnejsivimperk.cz\/wp-content\/uploads\/2026\/04\/25\/korecky-260426-4-768x412.jpg 768w, https:\/\/zakrasnejsivimperk.cz\/wp-content\/uploads\/2026\/04\/25\/korecky-260426-4-665x357.jpg 665w\" sizes=\"(max-width: 790px) 100vw, 790px\" \/><\/p>\n<p>&nbsp;<\/p>\n<p><img loading=\"lazy\" decoding=\"async\" class=\"aligncenter wp-image-373746 size-full\" src=\"https:\/\/zakrasnejsivimperk.cz\/wp-content\/uploads\/2026\/04\/25\/korecky-260426-5.jpg\" alt=\"\" width=\"740\" height=\"886\" srcset=\"https:\/\/zakrasnejsivimperk.cz\/wp-content\/uploads\/2026\/04\/25\/korecky-260426-5.jpg 740w, https:\/\/zakrasnejsivimperk.cz\/wp-content\/uploads\/2026\/04\/25\/korecky-260426-5-251x300.jpg 251w, https:\/\/zakrasnejsivimperk.cz\/wp-content\/uploads\/2026\/04\/25\/korecky-260426-5-298x357.jpg 298w, https:\/\/zakrasnejsivimperk.cz\/wp-content\/uploads\/2026\/04\/25\/korecky-260426-5-403x483.jpg 403w\" sizes=\"(max-width: 740px) 100vw, 740px\" \/><\/p>\n<p>&nbsp;<\/p>\n<p><strong>Zdroj:\u00a0<a href=\"https:\/\/www.facebook.com\/miroslav.korecky.9\" target=\"_blank\" rel=\"noopener\">FACEBOOK<\/a><\/strong><\/p>\n<hr \/>\n<p>&nbsp;<\/p>\n","protected":false},"excerpt":{"rendered":"<p>&nbsp; &nbsp; <\/p>\n","protected":false},"author":2,"featured_media":276262,"comment_status":"open","ping_status":"open","sticky":false,"template":"","format":"gallery","meta":{"footnotes":""},"categories":[159,11],"tags":[],"jetpack_featured_media_url":"https:\/\/zakrasnejsivimperk.cz\/wp-content\/uploads\/2023\/04\/02\/ram-korecky.jpg","_links":{"self":[{"href":"https:\/\/zakrasnejsivimperk.cz\/index.php?rest_route=\/wp\/v2\/posts\/373741"}],"collection":[{"href":"https:\/\/zakrasnejsivimperk.cz\/index.php?rest_route=\/wp\/v2\/posts"}],"about":[{"href":"https:\/\/zakrasnejsivimperk.cz\/index.php?rest_route=\/wp\/v2\/types\/post"}],"author":[{"embeddable":true,"href":"https:\/\/zakrasnejsivimperk.cz\/index.php?rest_route=\/wp\/v2\/users\/2"}],"replies":[{"embeddable":true,"href":"https:\/\/zakrasnejsivimperk.cz\/index.php?rest_route=%2Fwp%2Fv2%2Fcomments&post=373741"}],"version-history":[{"count":1,"href":"https:\/\/zakrasnejsivimperk.cz\/index.php?rest_route=\/wp\/v2\/posts\/373741\/revisions"}],"predecessor-version":[{"id":373747,"href":"https:\/\/zakrasnejsivimperk.cz\/index.php?rest_route=\/wp\/v2\/posts\/373741\/revisions\/373747"}],"wp:featuredmedia":[{"embeddable":true,"href":"https:\/\/zakrasnejsivimperk.cz\/index.php?rest_route=\/wp\/v2\/media\/276262"}],"wp:attachment":[{"href":"https:\/\/zakrasnejsivimperk.cz\/index.php?rest_route=%2Fwp%2Fv2%2Fmedia&parent=373741"}],"wp:term":[{"taxonomy":"category","embeddable":true,"href":"https:\/\/zakrasnejsivimperk.cz\/index.php?rest_route=%2Fwp%2Fv2%2Fcategories&post=373741"},{"taxonomy":"post_tag","embeddable":true,"href":"https:\/\/zakrasnejsivimperk.cz\/index.php?rest_route=%2Fwp%2Fv2%2Ftags&post=373741"}],"curies":[{"name":"wp","href":"https:\/\/api.w.org\/{rel}","templated":true}]}}