{"id":373733,"date":"2026-04-25T13:49:14","date_gmt":"2026-04-25T12:49:14","guid":{"rendered":"https:\/\/zakrasnejsivimperk.cz\/?p=373733"},"modified":"2026-04-25T13:49:14","modified_gmt":"2026-04-25T12:49:14","slug":"komentar-na-siti-facebook-25-dubna","status":"publish","type":"post","link":"https:\/\/zakrasnejsivimperk.cz\/?p=373733","title":{"rendered":"KOMENT\u00c1\u0158 NA S\u00cdTI: Facebook \u2013 25. dubna"},"content":{"rendered":"<figure id=\"attachment_373734\" aria-describedby=\"caption-attachment-373734\" style=\"width: 1100px\" class=\"wp-caption aligncenter\"><img loading=\"lazy\" decoding=\"async\" class=\"wp-image-373734 size-full\" src=\"https:\/\/zakrasnejsivimperk.cz\/wp-content\/uploads\/2026\/04\/25\/na-siti-250426.jpg\" alt=\"\" width=\"1100\" height=\"680\" srcset=\"https:\/\/zakrasnejsivimperk.cz\/wp-content\/uploads\/2026\/04\/25\/na-siti-250426.jpg 1100w, https:\/\/zakrasnejsivimperk.cz\/wp-content\/uploads\/2026\/04\/25\/na-siti-250426-300x185.jpg 300w, https:\/\/zakrasnejsivimperk.cz\/wp-content\/uploads\/2026\/04\/25\/na-siti-250426-1024x633.jpg 1024w, https:\/\/zakrasnejsivimperk.cz\/wp-content\/uploads\/2026\/04\/25\/na-siti-250426-768x475.jpg 768w, https:\/\/zakrasnejsivimperk.cz\/wp-content\/uploads\/2026\/04\/25\/na-siti-250426-578x357.jpg 578w, https:\/\/zakrasnejsivimperk.cz\/wp-content\/uploads\/2026\/04\/25\/na-siti-250426-781x483.jpg 781w\" sizes=\"(max-width: 1100px) 100vw, 1100px\" \/><figcaption id=\"caption-attachment-373734\" class=\"wp-caption-text\">Zdroj: Facebook<\/figcaption><\/figure>\n<hr \/>\n<p>&nbsp;<\/p>\n","protected":false},"excerpt":{"rendered":"<p>&nbsp;<\/p>\n","protected":false},"author":2,"featured_media":373734,"comment_status":"open","ping_status":"open","sticky":false,"template":"","format":"gallery","meta":{"footnotes":""},"categories":[179],"tags":[],"jetpack_featured_media_url":"https:\/\/zakrasnejsivimperk.cz\/wp-content\/uploads\/2026\/04\/25\/na-siti-250426.jpg","_links":{"self":[{"href":"https:\/\/zakrasnejsivimperk.cz\/index.php?rest_route=\/wp\/v2\/posts\/373733"}],"collection":[{"href":"https:\/\/zakrasnejsivimperk.cz\/index.php?rest_route=\/wp\/v2\/posts"}],"about":[{"href":"https:\/\/zakrasnejsivimperk.cz\/index.php?rest_route=\/wp\/v2\/types\/post"}],"author":[{"embeddable":true,"href":"https:\/\/zakrasnejsivimperk.cz\/index.php?rest_route=\/wp\/v2\/users\/2"}],"replies":[{"embeddable":true,"href":"https:\/\/zakrasnejsivimperk.cz\/index.php?rest_route=%2Fwp%2Fv2%2Fcomments&post=373733"}],"version-history":[{"count":1,"href":"https:\/\/zakrasnejsivimperk.cz\/index.php?rest_route=\/wp\/v2\/posts\/373733\/revisions"}],"predecessor-version":[{"id":373735,"href":"https:\/\/zakrasnejsivimperk.cz\/index.php?rest_route=\/wp\/v2\/posts\/373733\/revisions\/373735"}],"wp:featuredmedia":[{"embeddable":true,"href":"https:\/\/zakrasnejsivimperk.cz\/index.php?rest_route=\/wp\/v2\/media\/373734"}],"wp:attachment":[{"href":"https:\/\/zakrasnejsivimperk.cz\/index.php?rest_route=%2Fwp%2Fv2%2Fmedia&parent=373733"}],"wp:term":[{"taxonomy":"category","embeddable":true,"href":"https:\/\/zakrasnejsivimperk.cz\/index.php?rest_route=%2Fwp%2Fv2%2Fcategories&post=373733"},{"taxonomy":"post_tag","embeddable":true,"href":"https:\/\/zakrasnejsivimperk.cz\/index.php?rest_route=%2Fwp%2Fv2%2Ftags&post=373733"}],"curies":[{"name":"wp","href":"https:\/\/api.w.org\/{rel}","templated":true}]}}