{"id":373712,"date":"2026-04-26T17:35:28","date_gmt":"2026-04-26T16:35:28","guid":{"rendered":"https:\/\/zakrasnejsivimperk.cz\/?p=373712"},"modified":"2026-04-26T19:32:36","modified_gmt":"2026-04-26T18:32:36","slug":"jizni-cechy-pozvanka-na-vystavu-o-rece-otave","status":"publish","type":"post","link":"https:\/\/zakrasnejsivimperk.cz\/?p=373712","title":{"rendered":"JI\u017dN\u00cd \u010cECHY: Pozv\u00e1nka na v\u00fdstavu o \u0159ece Otav\u011b"},"content":{"rendered":"<p><img loading=\"lazy\" decoding=\"async\" class=\"aligncenter wp-image-373713 size-full\" src=\"https:\/\/zakrasnejsivimperk.cz\/wp-content\/uploads\/2026\/04\/24\/plakat-Otava-strakonicka.jpg\" alt=\"\" width=\"1271\" height=\"1800\" srcset=\"https:\/\/zakrasnejsivimperk.cz\/wp-content\/uploads\/2026\/04\/24\/plakat-Otava-strakonicka.jpg 1271w, https:\/\/zakrasnejsivimperk.cz\/wp-content\/uploads\/2026\/04\/24\/plakat-Otava-strakonicka-212x300.jpg 212w, https:\/\/zakrasnejsivimperk.cz\/wp-content\/uploads\/2026\/04\/24\/plakat-Otava-strakonicka-723x1024.jpg 723w, https:\/\/zakrasnejsivimperk.cz\/wp-content\/uploads\/2026\/04\/24\/plakat-Otava-strakonicka-768x1088.jpg 768w, https:\/\/zakrasnejsivimperk.cz\/wp-content\/uploads\/2026\/04\/24\/plakat-Otava-strakonicka-1085x1536.jpg 1085w, https:\/\/zakrasnejsivimperk.cz\/wp-content\/uploads\/2026\/04\/24\/plakat-Otava-strakonicka-252x357.jpg 252w, https:\/\/zakrasnejsivimperk.cz\/wp-content\/uploads\/2026\/04\/24\/plakat-Otava-strakonicka-341x483.jpg 341w\" sizes=\"(max-width: 1271px) 100vw, 1271px\" \/><\/p>\n<hr \/>\n<p>&nbsp;<\/p>\n","protected":false},"excerpt":{"rendered":"<p>&nbsp;<\/p>\n","protected":false},"author":2,"featured_media":373714,"comment_status":"open","ping_status":"open","sticky":false,"template":"","format":"gallery","meta":{"footnotes":""},"categories":[72,125],"tags":[],"jetpack_featured_media_url":"https:\/\/zakrasnejsivimperk.cz\/wp-content\/uploads\/2026\/04\/24\/ram-vystava-otava.jpg","_links":{"self":[{"href":"https:\/\/zakrasnejsivimperk.cz\/index.php?rest_route=\/wp\/v2\/posts\/373712"}],"collection":[{"href":"https:\/\/zakrasnejsivimperk.cz\/index.php?rest_route=\/wp\/v2\/posts"}],"about":[{"href":"https:\/\/zakrasnejsivimperk.cz\/index.php?rest_route=\/wp\/v2\/types\/post"}],"author":[{"embeddable":true,"href":"https:\/\/zakrasnejsivimperk.cz\/index.php?rest_route=\/wp\/v2\/users\/2"}],"replies":[{"embeddable":true,"href":"https:\/\/zakrasnejsivimperk.cz\/index.php?rest_route=%2Fwp%2Fv2%2Fcomments&post=373712"}],"version-history":[{"count":1,"href":"https:\/\/zakrasnejsivimperk.cz\/index.php?rest_route=\/wp\/v2\/posts\/373712\/revisions"}],"predecessor-version":[{"id":373715,"href":"https:\/\/zakrasnejsivimperk.cz\/index.php?rest_route=\/wp\/v2\/posts\/373712\/revisions\/373715"}],"wp:featuredmedia":[{"embeddable":true,"href":"https:\/\/zakrasnejsivimperk.cz\/index.php?rest_route=\/wp\/v2\/media\/373714"}],"wp:attachment":[{"href":"https:\/\/zakrasnejsivimperk.cz\/index.php?rest_route=%2Fwp%2Fv2%2Fmedia&parent=373712"}],"wp:term":[{"taxonomy":"category","embeddable":true,"href":"https:\/\/zakrasnejsivimperk.cz\/index.php?rest_route=%2Fwp%2Fv2%2Fcategories&post=373712"},{"taxonomy":"post_tag","embeddable":true,"href":"https:\/\/zakrasnejsivimperk.cz\/index.php?rest_route=%2Fwp%2Fv2%2Ftags&post=373712"}],"curies":[{"name":"wp","href":"https:\/\/api.w.org\/{rel}","templated":true}]}}