{"id":373670,"date":"2026-04-28T15:26:56","date_gmt":"2026-04-28T14:26:56","guid":{"rendered":"https:\/\/zakrasnejsivimperk.cz\/?p=373670"},"modified":"2026-04-29T16:38:28","modified_gmt":"2026-04-29T15:38:28","slug":"jizni-cechy-jedna-jizdenka-pro-cely-kraj-a-o-10-vic-spoju-rozjezd-idesky","status":"publish","type":"post","link":"https:\/\/zakrasnejsivimperk.cz\/?p=373670","title":{"rendered":"JI\u017dN\u00cd \u010cECHY: Jedna j\u00edzdenka pro cel\u00fd kraj a o 10 % v\u00edc spoj\u016f. Rozjezd IDESKY"},"content":{"rendered":"<p><img loading=\"lazy\" decoding=\"async\" class=\"aligncenter wp-image-369378 size-full\" src=\"https:\/\/zakrasnejsivimperk.cz\/wp-content\/uploads\/2026\/02\/27\/ideska-logo.jpg\" alt=\"\" width=\"802\" height=\"262\" srcset=\"https:\/\/zakrasnejsivimperk.cz\/wp-content\/uploads\/2026\/02\/27\/ideska-logo.jpg 802w, https:\/\/zakrasnejsivimperk.cz\/wp-content\/uploads\/2026\/02\/27\/ideska-logo-300x98.jpg 300w, https:\/\/zakrasnejsivimperk.cz\/wp-content\/uploads\/2026\/02\/27\/ideska-logo-768x251.jpg 768w\" sizes=\"(max-width: 802px) 100vw, 802px\" \/><\/p>\n<p>&nbsp;<\/p>\n<h6>Jiho\u010desk\u00fd kraj dokon\u010duje p\u0159\u00edpravy na spu\u0161t\u011bn\u00ed integrovan\u00e9ho dopravn\u00edho syst\u00e9mu IDESKA, kter\u00fd sjednot\u00ed ve\u0159ejnou dopravu nap\u0159\u00ed\u010d regionem a p\u0159inese cestuj\u00edc\u00edm jednodu\u0161\u0161\u00ed a p\u0159ehledn\u011bj\u0161\u00ed zp\u016fsob cestov\u00e1n\u00ed. Sou\u010d\u00e1st\u00ed zm\u011bn je tak\u00e9 roz\u0161\u00ed\u0159en\u00ed nab\u00eddky spoj\u016f. Po jeho zaveden\u00ed vzroste po\u010det autobusov\u00fdch spoj\u016f z 5 161 na 5 685, tedy p\u0159ibli\u017en\u011b o 10,2 %. Z\u00e1rove\u0148 dojde ke sjednocen\u00ed a zp\u0159ehledn\u011bn\u00ed j\u00edzdn\u00edch \u0159\u00e1d\u016f.<\/h6>\n<p><em>\u201eMy v t\u00e9hle chv\u00edli sm\u011b\u0159ujeme k tomu, \u017ee bychom syst\u00e9m r\u00e1di jako celek zavedli na za\u010d\u00e1tku pr\u00e1zdnin. Dohodli jsme se se v\u0161emi firmami, kter\u00e9 dod\u00e1vaj\u00ed technologie, tak, aby na sebe v\u0161echno dob\u0159e navazovalo a aby se nestalo nic, co by komplikovalo dopravu. Za\u010d\u00e1tek pr\u00e1zdnin je nav\u00edc obdob\u00ed, kdy je provoz klidn\u011bj\u0161\u00ed a lid\u00e9 maj\u00ed prostor si na nov\u00fd zp\u016fsob cestov\u00e1n\u00ed postupn\u011b zvyknout,\u201c<\/em> uvedl hejtman Jiho\u010desk\u00e9ho kraje Martin Kuba.<\/p>\n<p>Z\u00e1kladem je podle n\u011bj mo\u017enost cestovat na jednu j\u00edzdenku bez ohledu na to, zda lid\u00e9 kombinuj\u00ed vlak, region\u00e1ln\u00ed autobus nebo m\u011bstskou hromadnou dopravu. Odpadne tak nutnost \u0159e\u0161it v\u00edce j\u00edzdn\u00edch doklad\u016f p\u0159i p\u0159estupech a cestov\u00e1n\u00ed bude pro cestuj\u00edc\u00ed srozumiteln\u011bj\u0161\u00ed.<\/p>\n<p>Doprava je postaven\u00e1 na p\u00e1te\u0159n\u00edch link\u00e1ch, p\u0159edev\u0161\u00edm \u017eelezni\u010dn\u00edch, na kter\u00e9 navazuj\u00ed autobusov\u00e9 spoje. D\u00edky tomu budou spoje vedeny v pravideln\u00fdch intervalech s garantovan\u00fdmi n\u00e1vaznostmi. V n\u011bkter\u00fdch sm\u011brech to znamen\u00e1 zm\u011bnu oproti dne\u0161ku, kdy \u010d\u00e1st p\u0159\u00edm\u00fdch autobusov\u00fdch linek nahrad\u00ed rychlej\u0161\u00ed a komfortn\u011bj\u0161\u00ed \u017eelezni\u010dn\u00ed spojen\u00ed nebo kombinace autobusov\u00e9ho spojen\u00ed s p\u0159estupem. Tento p\u0159estup bude garantovan\u00fd a cestuj\u00edc\u00ed budou m\u00edt d\u00edky tomu k dispozici v\u011bt\u0161\u00ed po\u010det spoj\u016f v pracovn\u00edch dnech a o v\u00edkendu. T\u00fdk\u00e1 se to nap\u0159\u00edklad spojen\u00ed mezi \u010cesk\u00fdmi Bud\u011bjovicemi a T\u00e1borem, Strakonicemi, P\u00edskem, Milevskem, Da\u010dicemi nebo Blatnou.<\/p>\n<p>Cestuj\u00edc\u00ed budou moci cestovat na jednotlivou j\u00edzdenku jako doposud nebo s mobiln\u00ed aplikac\u00ed, d\u00e1le bude mo\u017en\u00e9 vyu\u017e\u00edt kartu IDESKA, platebn\u00ed kartu a IN kartu. V\u0161echny informace o syst\u00e9mu, tarifu i zp\u016fsobech odbaven\u00ed budou k dispozici na nov\u00e9m webu ideska.info.<\/p>\n<h6><strong>Kl\u00ed\u010dov\u00e9 informace k syst\u00e9mu IDESKA<\/strong><\/h6>\n<ul>\n<li>1. kv\u011btna 2026 bude spu\u0161t\u011bn web ideska.info, na kter\u00e9m lid\u00e9 najdou cen\u00edky, tarif, smluvn\u00ed p\u0159epravn\u00ed podm\u00ednky, informace o e-shopu i p\u0159ehled informa\u010dn\u00edch kancel\u00e1\u0159\u00ed v kraji v\u010detn\u011b objedn\u00e1vkov\u00e9ho formul\u00e1\u0159e. Ve stejn\u00fd den si budou moci cestuj\u00edc\u00ed st\u00e1hnout mobiln\u00ed aplikaci IDESKA a vyzkou\u0161et jej\u00ed z\u00e1kladn\u00ed funkce, jako je pl\u00e1nov\u00e1n\u00ed cest, sledov\u00e1n\u00ed polohy vozidel v re\u00e1ln\u00e9m \u010dase nebo spr\u00e1va u\u017eivatelsk\u00e9ho profilu. Prost\u0159ednictv\u00edm e-shopu bude z\u00e1rove\u0148 mo\u017en\u00e9 objednat \u010dipovou kartu IDESKA. Web nab\u00eddne tak\u00e9 sledov\u00e1n\u00ed polohy vlak\u016f a autobus\u016f on-line.<\/li>\n<li>1. kv\u011btna 2026 budou z\u00e1rove\u0148 ve vyhled\u00e1va\u010d\u00edch spojen\u00ed, mobiln\u00edch aplikac\u00edch i na port\u00e1lu IDOS zve\u0159ejn\u011bny nov\u00e9 j\u00edzdn\u00ed \u0159\u00e1dy, kter\u00e9 u\u017e budou zobrazovat spojen\u00ed platn\u00e1 od 1. \u010dervence 2026.<\/li>\n<li>4. kv\u011btna 2026 bude mo\u017en\u00e9 rezervovat si term\u00edn na vybran\u00fdch informa\u010dn\u00edch kancel\u00e1\u0159\u00edch pro vy\u0159\u00edzen\u00ed karty IDESKA na m\u00edst\u011b.<\/li>\n<li>Od \u010dervna 2026 bude do mobiln\u00ed aplikace dopln\u011bna funkce n\u00e1kupu a spr\u00e1vy elektronick\u00fdch j\u00edzdn\u00edch doklad\u016f.<\/li>\n<\/ul>\n<h6><strong>Tarif a cestov\u00e1n\u00ed<\/strong><\/h6>\n<p>Z\u00e1kladem je jednotn\u00fd tarif, kter\u00fd umo\u017en\u00ed cestovat na jednu j\u00edzdenku vlakem, region\u00e1ln\u00edm autobusem i m\u011bstskou hromadnou dopravou. V praxi to znamen\u00e1, \u017ee p\u0159i p\u0159estupech nebude nutn\u00e9 kupovat v\u00edce j\u00edzdn\u00edch doklad\u016f.<\/p>\n<p>V cen\u011b jednor\u00e1zov\u00fdch j\u00edzdenek bude nov\u011b zahrnuta i m\u011bstsk\u00e1 hromadn\u00e1 doprava v n\u00e1stupn\u00edm i c\u00edlov\u00e9m m\u00edst\u011b. Pro pravideln\u00e9 cestuj\u00edc\u00ed budou k dispozici p\u0159edplatn\u00ed j\u00edzdenky na t\u00fdden, m\u011bs\u00edc, t\u0159i m\u011bs\u00edce, p\u016fl roku, \u0161koln\u00ed rok nebo cel\u00fd kalend\u00e1\u0159n\u00ed rok. Plat\u00ed p\u0159itom, \u017ee \u010d\u00edm del\u0161\u00ed \u010dasov\u00e9 obdob\u00ed si cestuj\u00edc\u00ed zvol\u00ed, t\u00edm v\u00fdhodn\u011bj\u0161\u00ed bude cena v p\u0159epo\u010dtu na jednu j\u00edzdu. Zaveden\u00edm IDESKY dojde k v\u00fdrazn\u00e9mu sn\u00ed\u017een\u00ed cen \u017eelezni\u010dn\u00ed dopravy.<\/p>\n<p><strong>(tz-j\u010d)<\/strong><\/p>\n<hr \/>\n<p>&nbsp;<\/p>\n<h4>Informujeme:<\/h4>\n<h6 class=\"entry-title\"><a href=\"https:\/\/zakrasnejsivimperk.cz\/?p=371212\" target=\"_blank\" rel=\"noopener\">NA\u0160E M\u011aSTO VIMPERK: Komfort na cest\u00e1ch podle jiho\u010desk\u00e9ho hejtmana Martina Kuby aneb Cour\u00e1kem do Prahy<\/a><\/h6>\n<h6 class=\"entry-title\"><a href=\"https:\/\/zakrasnejsivimperk.cz\/?p=371431\" target=\"_blank\" rel=\"noopener\">JI\u017dN\u00cd \u010cECHY: Od 5. dubna p\u0159id\u00e1 Jiho\u010desk\u00fd kraj 337 autobusov\u00fdch spoj\u016f. IDESKA se bl\u00ed\u017e\u00ed<\/a><\/h6>\n<h6 class=\"entry-title\"><a href=\"https:\/\/zakrasnejsivimperk.cz\/?p=370379\" target=\"_blank\" rel=\"noopener\">JI\u017dN\u00cd \u010cECHY \u2013 PT\u00c1ME SE ZA V\u00c1S: Zm\u011bny v cestov\u00e1n\u00ed autobusy z Vimperka do Prahy<\/a><\/h6>\n<h6 class=\"entry-title\"><a href=\"https:\/\/zakrasnejsivimperk.cz\/?p=369909\" target=\"_blank\" rel=\"noopener\">POZN\u00c1MKA NA OKRAJ: Autobus Martina Kuby zastav\u00ed na ka\u017ed\u00e9 mezi<\/a><\/h6>\n<h6 class=\"entry-title\"><a href=\"https:\/\/zakrasnejsivimperk.cz\/?p=369377\" target=\"_blank\" rel=\"noopener\">JI\u017dN\u00cd \u010cECHY: Kraj spust\u00ed IDESKU od 1. \u010dervence. Chce pln\u011b funk\u010dn\u00ed a prov\u011b\u0159en\u00fd syst\u00e9m<\/a><\/h6>\n<h6 class=\"entry-title\"><a href=\"https:\/\/zakrasnejsivimperk.cz\/?p=369270\" target=\"_blank\" rel=\"noopener\">DOPRAV\u00c1\u010cEK: V Jiho\u010desk\u00e9m kraji se p\u0159ipravuje spu\u0161t\u011bn\u00ed nov\u00e9ho integrovan\u00e9ho dopravn\u00edho syst\u00e9mu. Kraj ji\u017e zve\u0159ejnil n\u00e1vrhy nov\u00fdch j\u00edzdn\u00edch \u0159\u00e1d\u016f<\/a><\/h6>\n<h6 class=\"entry-title\"><a href=\"https:\/\/zakrasnejsivimperk.cz\/?p=366746\" target=\"_blank\" rel=\"noopener\">JI\u017dN\u00cd \u010cECHY \u2013 PT\u00c1ME SE ZA V\u00c1S: IDESKA bez chytr\u00e9ho telefonu<\/a><\/h6>\n<h6><a href=\"https:\/\/zakrasnejsivimperk.cz\/?p=366471\" target=\"_blank\" rel=\"noopener\">JI\u017dN\u00cd \u010cECHY: P\u0159ihla\u0161ov\u00e1n\u00ed k testov\u00e1n\u00ed aplikace IDESKA za\u010dalo 14. ledna<\/a><\/h6>\n<h6><a href=\"https:\/\/zakrasnejsivimperk.cz\/?p=363583\" target=\"_blank\" rel=\"noopener\">JI\u017dN\u00cd \u010cECHY: Kraj poprv\u00e9 p\u0159edstavil novou vizu\u00e1ln\u00ed identitu projektu IDESKA. Objevuje se na vlac\u00edch GW Train Regio, od ledna i na autobusech jiho\u010desk\u00fdch dopravc\u016f<\/a><\/h6>\n<h6><a href=\"https:\/\/zakrasnejsivimperk.cz\/?p=359215\" target=\"_blank\" rel=\"noopener\">AKTUALITY: Jiho\u010desk\u00fd kraj vypo\u0159\u00e1dal p\u0159ipom\u00ednky k n\u00e1vrhu integrace dopravy v r\u00e1mci syst\u00e9mu IDESKY<\/a><\/h6>\n<hr \/>\n<p>&nbsp;<\/p>\n","protected":false},"excerpt":{"rendered":"<p>&nbsp; Jiho\u010desk\u00fd <\/p>\n","protected":false},"author":2,"featured_media":373671,"comment_status":"open","ping_status":"open","sticky":false,"template":"","format":"gallery","meta":{"footnotes":""},"categories":[70,127,72],"tags":[],"jetpack_featured_media_url":"https:\/\/zakrasnejsivimperk.cz\/wp-content\/uploads\/2026\/04\/24\/ram-ideska.jpg","_links":{"self":[{"href":"https:\/\/zakrasnejsivimperk.cz\/index.php?rest_route=\/wp\/v2\/posts\/373670"}],"collection":[{"href":"https:\/\/zakrasnejsivimperk.cz\/index.php?rest_route=\/wp\/v2\/posts"}],"about":[{"href":"https:\/\/zakrasnejsivimperk.cz\/index.php?rest_route=\/wp\/v2\/types\/post"}],"author":[{"embeddable":true,"href":"https:\/\/zakrasnejsivimperk.cz\/index.php?rest_route=\/wp\/v2\/users\/2"}],"replies":[{"embeddable":true,"href":"https:\/\/zakrasnejsivimperk.cz\/index.php?rest_route=%2Fwp%2Fv2%2Fcomments&post=373670"}],"version-history":[{"count":1,"href":"https:\/\/zakrasnejsivimperk.cz\/index.php?rest_route=\/wp\/v2\/posts\/373670\/revisions"}],"predecessor-version":[{"id":373672,"href":"https:\/\/zakrasnejsivimperk.cz\/index.php?rest_route=\/wp\/v2\/posts\/373670\/revisions\/373672"}],"wp:featuredmedia":[{"embeddable":true,"href":"https:\/\/zakrasnejsivimperk.cz\/index.php?rest_route=\/wp\/v2\/media\/373671"}],"wp:attachment":[{"href":"https:\/\/zakrasnejsivimperk.cz\/index.php?rest_route=%2Fwp%2Fv2%2Fmedia&parent=373670"}],"wp:term":[{"taxonomy":"category","embeddable":true,"href":"https:\/\/zakrasnejsivimperk.cz\/index.php?rest_route=%2Fwp%2Fv2%2Fcategories&post=373670"},{"taxonomy":"post_tag","embeddable":true,"href":"https:\/\/zakrasnejsivimperk.cz\/index.php?rest_route=%2Fwp%2Fv2%2Ftags&post=373670"}],"curies":[{"name":"wp","href":"https:\/\/api.w.org\/{rel}","templated":true}]}}