{"id":373592,"date":"2026-04-26T17:38:31","date_gmt":"2026-04-26T16:38:31","guid":{"rendered":"https:\/\/zakrasnejsivimperk.cz\/?p=373592"},"modified":"2026-04-26T17:38:31","modified_gmt":"2026-04-26T16:38:31","slug":"reci-cisel-studentu-vysokych-skol-v-cesku-pribyva-jejich-prumerny-vek-se-snizuje","status":"publish","type":"post","link":"https:\/\/zakrasnejsivimperk.cz\/?p=373592","title":{"rendered":"\u0158E\u010c\u00cd \u010c\u00cdSEL: Student\u016f vysok\u00fdch \u0161kol v \u010cesku p\u0159ib\u00fdv\u00e1, jejich pr\u016fm\u011brn\u00fd v\u011bk se sni\u017euje"},"content":{"rendered":"<p><img loading=\"lazy\" decoding=\"async\" class=\"aligncenter wp-image-219756 size-large\" src=\"https:\/\/zakrasnejsivimperk.cz\/wp-content\/uploads\/2021\/03\/29\/\u010ds\u00fa-logo-1024x277.png\" alt=\"\" width=\"700\" height=\"189\" srcset=\"https:\/\/zakrasnejsivimperk.cz\/wp-content\/uploads\/2021\/03\/29\/\u010ds\u00fa-logo-1024x277.png 1024w, https:\/\/zakrasnejsivimperk.cz\/wp-content\/uploads\/2021\/03\/29\/\u010ds\u00fa-logo-300x81.png 300w, https:\/\/zakrasnejsivimperk.cz\/wp-content\/uploads\/2021\/03\/29\/\u010ds\u00fa-logo-768x208.png 768w, https:\/\/zakrasnejsivimperk.cz\/wp-content\/uploads\/2021\/03\/29\/\u010ds\u00fa-logo.png 1280w\" sizes=\"(max-width: 700px) 100vw, 700px\" \/><\/p>\n<p>&nbsp;<\/p>\n<h6>Koncem roku 2025 studovalo na ve\u0159ejn\u00fdch a soukrom\u00fdch vysok\u00fdch \u0161kol\u00e1ch v \u010cesku 330 547 osob. Od roku 2019 jejich po\u010det stoup\u00e1, loni meziro\u010dn\u011b o p\u011bt procent. Mezi vysoko\u0161kol\u00e1ky z\u00e1rove\u0148 roste pod\u00edl nov\u00fdch student\u016f, kte\u0159\u00ed se na vysokou \u0161kolu v \u010cesku zapsali poprv\u00e9, rovn\u011b\u017e osob mlad\u0161\u00edch 25 let a studuj\u00edc\u00edch v prezen\u010dn\u00edm studiu.<\/h6>\n<p>V posledn\u00edch letech po\u010det student\u016f na vysok\u00fdch \u0161kol\u00e1ch v \u010cesku stoup\u00e1, konkr\u00e9tn\u011b mezi roky 2019 a 2025 se zv\u00fd\u0161il o 42 tis\u00edc osob (+15 %). \u201e<em>D\u016fvodem je p\u0159edev\u0161\u00edm rostouc\u00ed po\u010det student\u016f poprv\u00e9 zapsan\u00fdch do studia na vysok\u00e9 \u0161kole, kter\u00fd se mezi lety 2016 a 2025 zv\u00fd\u0161il o 33 % na 74 tis\u00edc osob. D\u016fsledkem bylo ve stejn\u00e9m obdob\u00ed i zv\u00fd\u0161en\u00ed pod\u00edlu student\u016f mlad\u0161\u00edch 25 let ze 66 % na 74 %, jako\u017e i n\u00e1r\u016fst pod\u00edlu student\u016f v bakal\u00e1\u0159sk\u00fdch studijn\u00edch programech z 58 % na 62 %. Pod\u00edl student\u016f v prezen\u010dn\u00ed form\u011b vzd\u011bl\u00e1v\u00e1n\u00ed pak stoupl ze 76 % na 83 %. V\u0161echny tyto ukazatele p\u0159itom odr\u00e1\u017eej\u00ed aktu\u00e1ln\u00ed demografick\u00fd v\u00fdvoj \u010desk\u00e9 populace,\u201c<\/em> uvedla Vendula Ka\u0161parov\u00e1 z odboru statistik rozvoje spole\u010dnosti \u010cS\u00da.<\/p>\n<p>Dal\u0161\u00ed podrobnosti naleznete na webu \u010cS\u00da:\u00a0<a href=\"https:\/\/csu.gov.cz\/produkty\/studentu-vysokych-skol-v-cesku-pribyva-jejich-prumerny-vek-se-snizuje\" target=\"_blank\" rel=\"noopener\"><strong>https:\/\/csu.gov.cz\/produkty\/studentu-vysokych-skol-v-cesku-pribyva-jejich-prumerny-vek-se-snizuje<\/strong><\/a><\/p>\n<p><strong>(tz-\u010ds\u00fa)<\/strong><\/p>\n<hr \/>\n<p>&nbsp;<\/p>\n","protected":false},"excerpt":{"rendered":"<p>&nbsp; Koncem <\/p>\n","protected":false},"author":2,"featured_media":373593,"comment_status":"open","ping_status":"open","sticky":false,"template":"","format":"gallery","meta":{"footnotes":""},"categories":[178,175],"tags":[],"jetpack_featured_media_url":"https:\/\/zakrasnejsivimperk.cz\/wp-content\/uploads\/2026\/04\/23\/ram-csu.jpg","_links":{"self":[{"href":"https:\/\/zakrasnejsivimperk.cz\/index.php?rest_route=\/wp\/v2\/posts\/373592"}],"collection":[{"href":"https:\/\/zakrasnejsivimperk.cz\/index.php?rest_route=\/wp\/v2\/posts"}],"about":[{"href":"https:\/\/zakrasnejsivimperk.cz\/index.php?rest_route=\/wp\/v2\/types\/post"}],"author":[{"embeddable":true,"href":"https:\/\/zakrasnejsivimperk.cz\/index.php?rest_route=\/wp\/v2\/users\/2"}],"replies":[{"embeddable":true,"href":"https:\/\/zakrasnejsivimperk.cz\/index.php?rest_route=%2Fwp%2Fv2%2Fcomments&post=373592"}],"version-history":[{"count":1,"href":"https:\/\/zakrasnejsivimperk.cz\/index.php?rest_route=\/wp\/v2\/posts\/373592\/revisions"}],"predecessor-version":[{"id":373594,"href":"https:\/\/zakrasnejsivimperk.cz\/index.php?rest_route=\/wp\/v2\/posts\/373592\/revisions\/373594"}],"wp:featuredmedia":[{"embeddable":true,"href":"https:\/\/zakrasnejsivimperk.cz\/index.php?rest_route=\/wp\/v2\/media\/373593"}],"wp:attachment":[{"href":"https:\/\/zakrasnejsivimperk.cz\/index.php?rest_route=%2Fwp%2Fv2%2Fmedia&parent=373592"}],"wp:term":[{"taxonomy":"category","embeddable":true,"href":"https:\/\/zakrasnejsivimperk.cz\/index.php?rest_route=%2Fwp%2Fv2%2Fcategories&post=373592"},{"taxonomy":"post_tag","embeddable":true,"href":"https:\/\/zakrasnejsivimperk.cz\/index.php?rest_route=%2Fwp%2Fv2%2Ftags&post=373592"}],"curies":[{"name":"wp","href":"https:\/\/api.w.org\/{rel}","templated":true}]}}