{"id":373564,"date":"2026-04-26T17:26:03","date_gmt":"2026-04-26T16:26:03","guid":{"rendered":"https:\/\/zakrasnejsivimperk.cz\/?p=373564"},"modified":"2026-04-30T13:24:47","modified_gmt":"2026-04-30T12:24:47","slug":"nase-mesto-vimperk-komentar-neznameho-autora-ad-jak-to-vidi-mistostarosta-zdenek-kuncl-tech-par-mist-na-sidlisti-znamena-v-poslednich-peti-letech-cca-100-novych-parkovacich-mist","status":"publish","type":"post","link":"https:\/\/zakrasnejsivimperk.cz\/?p=373564","title":{"rendered":"NA\u0160E M\u011aSTO VIMPERK: Koment\u00e1\u0159 nezn\u00e1m\u00e9ho autora &#8211; ad Jak to vid\u00ed m\u00edstostarosta Zden\u011bk Kuncl &#8211; T\u011bch \u201ep\u00e1r\u201c m\u00edst na s\u00eddli\u0161ti znamen\u00e1 v posledn\u00edch p\u011bti letech cca 100 nov\u00fdch parkovac\u00edch m\u00edst"},"content":{"rendered":"<h4>ad <a href=\"https:\/\/zakrasnejsivimperk.cz\/?p=372256\" target=\"_blank\" rel=\"noopener\">Jak to vid\u00ed m\u00edstostarosta Zden\u011bk Kuncl \u2013 T\u011bch \u201ep\u00e1r\u201c m\u00edst na s\u00eddli\u0161ti znamen\u00e1 v posledn\u00edch p\u011bti letech cca 100 nov\u00fdch parkovac\u00edch m\u00edst (reakce na \u010dl\u00e1nek zastupitele Pavla Dvo\u0159\u00e1ka)<\/a><\/h4>\n<p><img loading=\"lazy\" decoding=\"async\" class=\"size-medium wp-image-373722 alignright\" src=\"https:\/\/zakrasnejsivimperk.cz\/wp-content\/uploads\/2026\/04\/24\/neznamy-autor-300x279.jpg\" alt=\"\" width=\"300\" height=\"279\" srcset=\"https:\/\/zakrasnejsivimperk.cz\/wp-content\/uploads\/2026\/04\/24\/neznamy-autor-300x279.jpg 300w, https:\/\/zakrasnejsivimperk.cz\/wp-content\/uploads\/2026\/04\/24\/neznamy-autor-383x357.jpg 383w, https:\/\/zakrasnejsivimperk.cz\/wp-content\/uploads\/2026\/04\/24\/neznamy-autor.jpg 480w\" sizes=\"(max-width: 300px) 100vw, 300px\" \/>M\u011bstsk\u00e1 policie sama p\u0159izn\u00e1v\u00e1, \u017ee parkovac\u00ed kapacita na s\u00eddli\u0161ti M\u00edru je zcela nedostate\u010dn\u00e1 vzhledem k po\u010dtu aut, kter\u00e9 obyvatel\u00e9 vlastn\u00ed.\u00a0Vimperk\u00a0Nov\u00e1 m\u00edsta jsou pot\u0159ebn\u00e1, ale bez syst\u00e9mov\u00e9ho p\u0159\u00edstupu \u2013 rezidentn\u00edch karet, pravidel pro no\u010dn\u00ed parkov\u00e1n\u00ed, p\u0159\u00edpadn\u011b sd\u00edlen\u00ed firemn\u00edch ploch \u2013 bude popt\u00e1vka v\u017edy p\u0159edb\u00edhat nab\u00eddku. O tom se v \u010dl\u00e1nku nedo\u010dteme.<\/p>\n<p>Za zm\u00ednku stoj\u00ed i koment\u00e1\u0159 pod \u010dl\u00e1nkem, kde si \u010dten\u00e1\u0159 st\u011b\u017euje na pokuty v ulici K Rokli. Pokud m\u011bsto na jedn\u00e9 stran\u011b investuje do nov\u00fdch m\u00edst a na druh\u00e9 razantn\u011b pokutuje tam, kde kapacita st\u00e1le nesta\u010d\u00ed, vytv\u00e1\u0159\u00ed to u obyvatel pochopitelnou frustraci. Bylo by u\u017eite\u010dn\u00e9 vysv\u011btlit, jak spolu budov\u00e1n\u00ed nov\u00fdch m\u00edst a represivn\u00ed p\u0159\u00edstup m\u011bstsk\u00e9 policie souvis\u00ed a zda je to koordinovan\u00e9.<\/p>\n<p>Celkov\u011b pan Kuncl p\u0159esv\u011bd\u010div\u011b dokazuje, \u017ee sou\u010dasn\u00e9 veden\u00ed nezah\u00e1lelo a \u017ee ozna\u010den\u00ed \u201ep\u00e1r m\u00edst\u201d je nespravedliv\u00e9. \u010cl\u00e1nek by ale z\u00edskal na d\u016fv\u011bryhodnosti, kdyby uznal, \u017ee m\u00edsto nad Detvou bylo spr\u00e1vn\u011b identifikov\u00e1no ji\u017e p\u0159edchoz\u00edm veden\u00edm, a kdyby vedle v\u00fd\u010dtu \u00fasp\u011bch\u016f nab\u00eddl i pohled na to, co se je\u0161t\u011b nepoda\u0159ilo a co m\u011bsto pl\u00e1nuje d\u00e1l \u2013 nejen ve stavb\u00e1ch, ale i v organizaci parkov\u00e1n\u00ed jako celku.<\/p>\n<p><strong>Autor: N\u011bjak\u00e9 Jm\u00e9no<\/strong><\/p>\n<h1>Cel\u00fd koment\u00e1\u0159 \u010dt\u011bte pod p\u0159\u00edsp\u011bvkem <a href=\"https:\/\/zakrasnejsivimperk.cz\/?p=372256\" target=\"_blank\" rel=\"noopener\">ZDE<\/a><\/h1>\n<p>&nbsp;<\/p>\n<p><strong>(red) &#8211; Za kr\u00e1sn\u011bj\u0161\u00ed Vimperk<\/strong><\/p>\n<hr \/>\n<p>&nbsp;<\/p>\n","protected":false},"excerpt":{"rendered":"<p>ad Jak <\/p>\n","protected":false},"author":2,"featured_media":373724,"comment_status":"open","ping_status":"open","sticky":false,"template":"","format":"gallery","meta":{"footnotes":""},"categories":[11,108],"tags":[],"jetpack_featured_media_url":"https:\/\/zakrasnejsivimperk.cz\/wp-content\/uploads\/2026\/04\/24\/koment-neznameho-260426.jpg","_links":{"self":[{"href":"https:\/\/zakrasnejsivimperk.cz\/index.php?rest_route=\/wp\/v2\/posts\/373564"}],"collection":[{"href":"https:\/\/zakrasnejsivimperk.cz\/index.php?rest_route=\/wp\/v2\/posts"}],"about":[{"href":"https:\/\/zakrasnejsivimperk.cz\/index.php?rest_route=\/wp\/v2\/types\/post"}],"author":[{"embeddable":true,"href":"https:\/\/zakrasnejsivimperk.cz\/index.php?rest_route=\/wp\/v2\/users\/2"}],"replies":[{"embeddable":true,"href":"https:\/\/zakrasnejsivimperk.cz\/index.php?rest_route=%2Fwp%2Fv2%2Fcomments&post=373564"}],"version-history":[{"count":4,"href":"https:\/\/zakrasnejsivimperk.cz\/index.php?rest_route=\/wp\/v2\/posts\/373564\/revisions"}],"predecessor-version":[{"id":373845,"href":"https:\/\/zakrasnejsivimperk.cz\/index.php?rest_route=\/wp\/v2\/posts\/373564\/revisions\/373845"}],"wp:featuredmedia":[{"embeddable":true,"href":"https:\/\/zakrasnejsivimperk.cz\/index.php?rest_route=\/wp\/v2\/media\/373724"}],"wp:attachment":[{"href":"https:\/\/zakrasnejsivimperk.cz\/index.php?rest_route=%2Fwp%2Fv2%2Fmedia&parent=373564"}],"wp:term":[{"taxonomy":"category","embeddable":true,"href":"https:\/\/zakrasnejsivimperk.cz\/index.php?rest_route=%2Fwp%2Fv2%2Fcategories&post=373564"},{"taxonomy":"post_tag","embeddable":true,"href":"https:\/\/zakrasnejsivimperk.cz\/index.php?rest_route=%2Fwp%2Fv2%2Ftags&post=373564"}],"curies":[{"name":"wp","href":"https:\/\/api.w.org\/{rel}","templated":true}]}}