{"id":373436,"date":"2026-04-26T17:32:51","date_gmt":"2026-04-26T16:32:51","guid":{"rendered":"https:\/\/zakrasnejsivimperk.cz\/?p=373436"},"modified":"2026-04-29T16:27:42","modified_gmt":"2026-04-29T15:27:42","slug":"jizni-cechy-cesky-krumlov-ma-sve-kouzlo-a-letos-ho-ukaze-znovu","status":"publish","type":"post","link":"https:\/\/zakrasnejsivimperk.cz\/?p=373436","title":{"rendered":"JI\u017dN\u00cd \u010cECHY: \u010cesk\u00fd Krumlov m\u00e1 sv\u00e9 kouzlo \u2013 a letos ho uk\u00e1\u017ee znovu"},"content":{"rendered":"<figure id=\"attachment_373437\" aria-describedby=\"caption-attachment-373437\" style=\"width: 900px\" class=\"wp-caption aligncenter\"><img loading=\"lazy\" decoding=\"async\" class=\"wp-image-373437 size-full\" src=\"https:\/\/zakrasnejsivimperk.cz\/wp-content\/uploads\/2026\/04\/21\/Kouzelny-Krumlov-zdroj-Ales-Rejnart-1.jpg\" alt=\"\" width=\"900\" height=\"600\" srcset=\"https:\/\/zakrasnejsivimperk.cz\/wp-content\/uploads\/2026\/04\/21\/Kouzelny-Krumlov-zdroj-Ales-Rejnart-1.jpg 900w, https:\/\/zakrasnejsivimperk.cz\/wp-content\/uploads\/2026\/04\/21\/Kouzelny-Krumlov-zdroj-Ales-Rejnart-1-300x200.jpg 300w, https:\/\/zakrasnejsivimperk.cz\/wp-content\/uploads\/2026\/04\/21\/Kouzelny-Krumlov-zdroj-Ales-Rejnart-1-768x512.jpg 768w, https:\/\/zakrasnejsivimperk.cz\/wp-content\/uploads\/2026\/04\/21\/Kouzelny-Krumlov-zdroj-Ales-Rejnart-1-536x357.jpg 536w, https:\/\/zakrasnejsivimperk.cz\/wp-content\/uploads\/2026\/04\/21\/Kouzelny-Krumlov-zdroj-Ales-Rejnart-1-725x483.jpg 725w\" sizes=\"(max-width: 900px) 100vw, 900px\" \/><figcaption id=\"caption-attachment-373437\" class=\"wp-caption-text\">Foto na str\u00e1nce z lo\u0148sk\u00e9ho ro\u010dn\u00edku: Ale\u0161 Rejnart<\/figcaption><\/figure>\n<p>&nbsp;<\/p>\n<p><img loading=\"lazy\" decoding=\"async\" class=\"aligncenter wp-image-373444 size-full\" src=\"https:\/\/zakrasnejsivimperk.cz\/wp-content\/uploads\/2026\/04\/21\/Kouzelny-Krumlov-1.jpg\" alt=\"\" width=\"881\" height=\"994\" srcset=\"https:\/\/zakrasnejsivimperk.cz\/wp-content\/uploads\/2026\/04\/21\/Kouzelny-Krumlov-1.jpg 881w, https:\/\/zakrasnejsivimperk.cz\/wp-content\/uploads\/2026\/04\/21\/Kouzelny-Krumlov-1-266x300.jpg 266w, https:\/\/zakrasnejsivimperk.cz\/wp-content\/uploads\/2026\/04\/21\/Kouzelny-Krumlov-1-768x867.jpg 768w, https:\/\/zakrasnejsivimperk.cz\/wp-content\/uploads\/2026\/04\/21\/Kouzelny-Krumlov-1-316x357.jpg 316w, https:\/\/zakrasnejsivimperk.cz\/wp-content\/uploads\/2026\/04\/21\/Kouzelny-Krumlov-1-428x483.jpg 428w\" sizes=\"(max-width: 881px) 100vw, 881px\" \/><\/p>\n<p><img loading=\"lazy\" decoding=\"async\" class=\"aligncenter wp-image-373446 size-full\" src=\"https:\/\/zakrasnejsivimperk.cz\/wp-content\/uploads\/2026\/04\/21\/Kouzelny-Krumlov-2.jpg\" alt=\"\" width=\"882\" height=\"972\" srcset=\"https:\/\/zakrasnejsivimperk.cz\/wp-content\/uploads\/2026\/04\/21\/Kouzelny-Krumlov-2.jpg 882w, https:\/\/zakrasnejsivimperk.cz\/wp-content\/uploads\/2026\/04\/21\/Kouzelny-Krumlov-2-272x300.jpg 272w, https:\/\/zakrasnejsivimperk.cz\/wp-content\/uploads\/2026\/04\/21\/Kouzelny-Krumlov-2-768x846.jpg 768w, https:\/\/zakrasnejsivimperk.cz\/wp-content\/uploads\/2026\/04\/21\/Kouzelny-Krumlov-2-324x357.jpg 324w, https:\/\/zakrasnejsivimperk.cz\/wp-content\/uploads\/2026\/04\/21\/Kouzelny-Krumlov-2-438x483.jpg 438w\" sizes=\"(max-width: 882px) 100vw, 882px\" \/><\/p>\n<h3 style=\"text-align: center;\"><a href=\"https:\/\/zakrasnejsivimperk.cz\/wp-content\/uploads\/2026\/04\/21\/Kouzelny-Krumlov-1.pdf\" target=\"_blank\" rel=\"noopener\">Cel\u00e1 zpr\u00e1va ve form\u00e1tu PDF s aktivn\u00edmi odkazy<\/a><\/h3>\n<p>&nbsp;<\/p>\n<p><strong>Andrea HAKENOV\u00c1, M\u011bsto \u010cesk\u00fd Krumlov<\/strong><\/p>\n<p>&nbsp;<\/p>\n<p><img loading=\"lazy\" decoding=\"async\" class=\"aligncenter wp-image-373438 size-full\" src=\"https:\/\/zakrasnejsivimperk.cz\/wp-content\/uploads\/2026\/04\/21\/Kouzelny-Krumlov-zdroj-Ales-Rejnart-2.jpg\" alt=\"\" width=\"900\" height=\"600\" srcset=\"https:\/\/zakrasnejsivimperk.cz\/wp-content\/uploads\/2026\/04\/21\/Kouzelny-Krumlov-zdroj-Ales-Rejnart-2.jpg 900w, https:\/\/zakrasnejsivimperk.cz\/wp-content\/uploads\/2026\/04\/21\/Kouzelny-Krumlov-zdroj-Ales-Rejnart-2-300x200.jpg 300w, https:\/\/zakrasnejsivimperk.cz\/wp-content\/uploads\/2026\/04\/21\/Kouzelny-Krumlov-zdroj-Ales-Rejnart-2-768x512.jpg 768w, https:\/\/zakrasnejsivimperk.cz\/wp-content\/uploads\/2026\/04\/21\/Kouzelny-Krumlov-zdroj-Ales-Rejnart-2-536x357.jpg 536w, https:\/\/zakrasnejsivimperk.cz\/wp-content\/uploads\/2026\/04\/21\/Kouzelny-Krumlov-zdroj-Ales-Rejnart-2-725x483.jpg 725w\" sizes=\"(max-width: 900px) 100vw, 900px\" \/><\/p>\n<p>&nbsp;<\/p>\n<p><img loading=\"lazy\" decoding=\"async\" class=\"aligncenter wp-image-373439 size-full\" src=\"https:\/\/zakrasnejsivimperk.cz\/wp-content\/uploads\/2026\/04\/21\/Kouzelny-Krumlov-zdroj-Ales-Rejnart-3.jpg\" alt=\"\" width=\"900\" height=\"600\" srcset=\"https:\/\/zakrasnejsivimperk.cz\/wp-content\/uploads\/2026\/04\/21\/Kouzelny-Krumlov-zdroj-Ales-Rejnart-3.jpg 900w, https:\/\/zakrasnejsivimperk.cz\/wp-content\/uploads\/2026\/04\/21\/Kouzelny-Krumlov-zdroj-Ales-Rejnart-3-300x200.jpg 300w, https:\/\/zakrasnejsivimperk.cz\/wp-content\/uploads\/2026\/04\/21\/Kouzelny-Krumlov-zdroj-Ales-Rejnart-3-768x512.jpg 768w, https:\/\/zakrasnejsivimperk.cz\/wp-content\/uploads\/2026\/04\/21\/Kouzelny-Krumlov-zdroj-Ales-Rejnart-3-536x357.jpg 536w, https:\/\/zakrasnejsivimperk.cz\/wp-content\/uploads\/2026\/04\/21\/Kouzelny-Krumlov-zdroj-Ales-Rejnart-3-725x483.jpg 725w\" sizes=\"(max-width: 900px) 100vw, 900px\" \/><\/p>\n<p>&nbsp;<\/p>\n<p><img loading=\"lazy\" decoding=\"async\" class=\"aligncenter wp-image-373440 size-full\" src=\"https:\/\/zakrasnejsivimperk.cz\/wp-content\/uploads\/2026\/04\/21\/Kouzelny-Krumlov-zdroj-Ales-Rejnart-4.jpg\" alt=\"\" width=\"900\" height=\"600\" srcset=\"https:\/\/zakrasnejsivimperk.cz\/wp-content\/uploads\/2026\/04\/21\/Kouzelny-Krumlov-zdroj-Ales-Rejnart-4.jpg 900w, https:\/\/zakrasnejsivimperk.cz\/wp-content\/uploads\/2026\/04\/21\/Kouzelny-Krumlov-zdroj-Ales-Rejnart-4-300x200.jpg 300w, https:\/\/zakrasnejsivimperk.cz\/wp-content\/uploads\/2026\/04\/21\/Kouzelny-Krumlov-zdroj-Ales-Rejnart-4-768x512.jpg 768w, https:\/\/zakrasnejsivimperk.cz\/wp-content\/uploads\/2026\/04\/21\/Kouzelny-Krumlov-zdroj-Ales-Rejnart-4-536x357.jpg 536w, https:\/\/zakrasnejsivimperk.cz\/wp-content\/uploads\/2026\/04\/21\/Kouzelny-Krumlov-zdroj-Ales-Rejnart-4-725x483.jpg 725w\" sizes=\"(max-width: 900px) 100vw, 900px\" \/><\/p>\n<p>&nbsp;<\/p>\n<p><img loading=\"lazy\" decoding=\"async\" class=\"aligncenter wp-image-373441 size-full\" src=\"https:\/\/zakrasnejsivimperk.cz\/wp-content\/uploads\/2026\/04\/21\/Kouzelny-Krumlov-zdroj-Ales-Rejnart-5.jpg\" alt=\"\" width=\"900\" height=\"600\" srcset=\"https:\/\/zakrasnejsivimperk.cz\/wp-content\/uploads\/2026\/04\/21\/Kouzelny-Krumlov-zdroj-Ales-Rejnart-5.jpg 900w, https:\/\/zakrasnejsivimperk.cz\/wp-content\/uploads\/2026\/04\/21\/Kouzelny-Krumlov-zdroj-Ales-Rejnart-5-300x200.jpg 300w, https:\/\/zakrasnejsivimperk.cz\/wp-content\/uploads\/2026\/04\/21\/Kouzelny-Krumlov-zdroj-Ales-Rejnart-5-768x512.jpg 768w, https:\/\/zakrasnejsivimperk.cz\/wp-content\/uploads\/2026\/04\/21\/Kouzelny-Krumlov-zdroj-Ales-Rejnart-5-536x357.jpg 536w, https:\/\/zakrasnejsivimperk.cz\/wp-content\/uploads\/2026\/04\/21\/Kouzelny-Krumlov-zdroj-Ales-Rejnart-5-725x483.jpg 725w\" sizes=\"(max-width: 900px) 100vw, 900px\" \/><\/p>\n<p>&nbsp;<\/p>\n<p><img loading=\"lazy\" decoding=\"async\" class=\"aligncenter wp-image-373442 size-full\" src=\"https:\/\/zakrasnejsivimperk.cz\/wp-content\/uploads\/2026\/04\/21\/Kouzelny-Krumlov-zdroj-Ales-Rejnart-6.jpg\" alt=\"\" width=\"900\" height=\"600\" srcset=\"https:\/\/zakrasnejsivimperk.cz\/wp-content\/uploads\/2026\/04\/21\/Kouzelny-Krumlov-zdroj-Ales-Rejnart-6.jpg 900w, https:\/\/zakrasnejsivimperk.cz\/wp-content\/uploads\/2026\/04\/21\/Kouzelny-Krumlov-zdroj-Ales-Rejnart-6-300x200.jpg 300w, https:\/\/zakrasnejsivimperk.cz\/wp-content\/uploads\/2026\/04\/21\/Kouzelny-Krumlov-zdroj-Ales-Rejnart-6-768x512.jpg 768w, https:\/\/zakrasnejsivimperk.cz\/wp-content\/uploads\/2026\/04\/21\/Kouzelny-Krumlov-zdroj-Ales-Rejnart-6-536x357.jpg 536w, https:\/\/zakrasnejsivimperk.cz\/wp-content\/uploads\/2026\/04\/21\/Kouzelny-Krumlov-zdroj-Ales-Rejnart-6-725x483.jpg 725w\" sizes=\"(max-width: 900px) 100vw, 900px\" \/><\/p>\n<p>&nbsp;<\/p>\n<p><img loading=\"lazy\" decoding=\"async\" class=\"aligncenter wp-image-373443 size-full\" src=\"https:\/\/zakrasnejsivimperk.cz\/wp-content\/uploads\/2026\/04\/21\/Kouzelny-Krumlov-zdroj-Ales-Rejnart-7.jpg\" alt=\"\" width=\"900\" height=\"600\" srcset=\"https:\/\/zakrasnejsivimperk.cz\/wp-content\/uploads\/2026\/04\/21\/Kouzelny-Krumlov-zdroj-Ales-Rejnart-7.jpg 900w, https:\/\/zakrasnejsivimperk.cz\/wp-content\/uploads\/2026\/04\/21\/Kouzelny-Krumlov-zdroj-Ales-Rejnart-7-300x200.jpg 300w, https:\/\/zakrasnejsivimperk.cz\/wp-content\/uploads\/2026\/04\/21\/Kouzelny-Krumlov-zdroj-Ales-Rejnart-7-768x512.jpg 768w, https:\/\/zakrasnejsivimperk.cz\/wp-content\/uploads\/2026\/04\/21\/Kouzelny-Krumlov-zdroj-Ales-Rejnart-7-536x357.jpg 536w, https:\/\/zakrasnejsivimperk.cz\/wp-content\/uploads\/2026\/04\/21\/Kouzelny-Krumlov-zdroj-Ales-Rejnart-7-725x483.jpg 725w\" sizes=\"(max-width: 900px) 100vw, 900px\" \/><\/p>\n<hr \/>\n<p>&nbsp;<\/p>\n<article id=\"post-370246\" class=\"post-370246 post type-post status-publish format-gallery has-post-thumbnail hentry category-nas-kraj-jizni-cechy post_format-post-format-gallery\">\n<div class=\"td-post-text-content\">\n<h4>Jin\u00e9 zpr\u00e1vy z \u010cesk\u00e9ho Krumlova:<\/h4>\n<h6 class=\"entry-title\"><a href=\"https:\/\/zakrasnejsivimperk.cz\/?p=370246\" target=\"_blank\" rel=\"noopener\">JI\u017dN\u00cd \u010cECHY: M\u011bsto \u010cesk\u00fd Krumlov p\u0159ipravuje nov\u00fd most p\u0159es Vltavu u pivovaru<\/a><\/h6>\n<h6 class=\"entry-title\"><a href=\"https:\/\/zakrasnejsivimperk.cz\/?p=370016\" target=\"_blank\" rel=\"noopener\">JI\u017dN\u00cd \u010cECHY: Co se d\u011bje v \u010cesk\u00e9m Krumlov\u011b. St\u0159\u00edpky ze zased\u00e1n\u00ed m\u011bstsk\u00e9 rady<\/a><\/h6>\n<h6 class=\"entry-title\"><a href=\"https:\/\/zakrasnejsivimperk.cz\/?p=369304\" target=\"_blank\" rel=\"noopener\">JI\u017dN\u00cd \u010cECHY: V \u010cesk\u00e9m Krumlov\u011b otev\u0159ou poradnu pro odvyk\u00e1n\u00ed kou\u0159en\u00ed<\/a><\/h6>\n<h6 class=\"entry-title\"><a href=\"https:\/\/zakrasnejsivimperk.cz\/?p=368366\" target=\"_blank\" rel=\"noopener\">JI\u017dN\u00cd \u010cECHY: Co se d\u011bje v \u010cesk\u00e9m Krumlov\u011b. St\u0159\u00edpky ze zased\u00e1n\u00ed m\u011bstsk\u00e9 rady<\/a><\/h6>\n<h6 class=\"entry-title\"><a href=\"https:\/\/zakrasnejsivimperk.cz\/?p=364722\" target=\"_blank\" rel=\"noopener\">JI\u017dN\u00cd \u010cECHY: Zastupitel\u00e9 \u010cesk\u00e9ho Krumlova schv\u00e1lili rozpo\u010det na leto\u0161n\u00ed rok<\/a><\/h6>\n<h6 class=\"entry-title\"><a href=\"https:\/\/zakrasnejsivimperk.cz\/?p=359728\" target=\"_blank\" rel=\"noopener\">JI\u017dN\u00cd \u010cECHY: V \u010cesk\u00e9m Krumlov\u011b za\u010dala demolice loni vyho\u0159el\u00e9ho baz\u00e9nu<\/a><\/h6>\n<h6 class=\"entry-title\"><a href=\"https:\/\/zakrasnejsivimperk.cz\/?p=358380\" target=\"_blank\" rel=\"noopener\">JI\u017dN\u00cd \u010cECHY: V Krumlov\u011b za\u010daly p\u0159\u00edpravn\u00e9 pr\u00e1ce pro demolici vyho\u0159el\u00e9ho baz\u00e9nu<\/a><\/h6>\n<h6 class=\"entry-title\"><a href=\"https:\/\/zakrasnejsivimperk.cz\/?p=353287\" target=\"_blank\" rel=\"noopener\">JI\u017dN\u00cd \u010cECHY: Dal\u0161\u00ed dru\u017estevn\u00ed d\u016fm vznikne z b\u00fdval\u00e9 vojensk\u00e9 ubytovny<\/a><\/h6>\n<h6 class=\"entry-title\"><a href=\"https:\/\/zakrasnejsivimperk.cz\/?p=351464\" target=\"_blank\" rel=\"noopener\">JI\u017dN\u00cd \u010cECHY: Pr\u00e1zdniny ve \u0161kol\u00e1ch: modernizace, opravy a speci\u00e1ln\u00ed t\u0159\u00edda<\/a><\/h6>\n<h6 class=\"entry-title\"><a href=\"https:\/\/zakrasnejsivimperk.cz\/?p=350285\" target=\"_blank\" rel=\"noopener\">JI\u017dN\u00cd \u010cECHY: \u010cesk\u00fd Krumlov uzav\u0159e partnerstv\u00ed s m\u011bstskou \u010d\u00e1st\u00ed Praha 1<\/a><\/h6>\n<h6 class=\"entry-title\"><a href=\"https:\/\/zakrasnejsivimperk.cz\/?p=347659\" target=\"_blank\" rel=\"noopener\">JI\u017dN\u00cd \u010cECHY: \u010cesk\u00fd Krumlov upravil pravidla pro vjezd vozidel do p\u011b\u0161\u00ed z\u00f3ny<\/a><\/h6>\n<h6 class=\"entry-title\"><a href=\"https:\/\/zakrasnejsivimperk.cz\/?p=347885\" target=\"_blank\" rel=\"noopener\">JI\u017dN\u00cd \u010cECHY: T\u0159i osobnosti p\u0159evzaly Cenu m\u011bsta \u010cesk\u00fd Krumlov za rok 2024<\/a><\/h6>\n<h6 class=\"entry-title\"><a href=\"https:\/\/zakrasnejsivimperk.cz\/?p=346416\" target=\"_blank\" rel=\"noopener\">JI\u017dN\u00cd \u010cECHY: Krumlovsk\u00e1 n\u00e1plavka nese jm\u00e9no v\u00fdtvarn\u00edka Miroslava P\u00e1rala<\/a><\/h6>\n<h6 class=\"entry-title\"><a href=\"https:\/\/zakrasnejsivimperk.cz\/?p=346270\" target=\"_blank\" rel=\"noopener\">STALO SE DNES: Most dr. Edvarda Bene\u0161e v \u010cesk\u00e9m Krumlov\u011b se vr\u00e1til po rekonstrukci do provozu<\/a><\/h6>\n<h6 class=\"entry-title\"><a href=\"https:\/\/zakrasnejsivimperk.cz\/?p=344533\" target=\"_blank\" rel=\"noopener\">JI\u017dN\u00cd \u010cECHY: \u010cesk\u00fd Krumlov na cest\u011b k titulu M\u011bsto p\u0159\u00e1telsk\u00e9 k d\u011btem<\/a><\/h6>\n<h6 class=\"entry-title\"><a href=\"https:\/\/zakrasnejsivimperk.cz\/?p=343814\" target=\"_blank\" rel=\"noopener\">JI\u017dN\u00cd \u010cECHY: Filipojakubsk\u00e1 noc a prvn\u00ed m\u00e1j? V \u010cesk\u00e9m Krumlov\u011b jedin\u011b kouzeln\u011b!<\/a><\/h6>\n<h6 class=\"entry-title\"><a href=\"https:\/\/zakrasnejsivimperk.cz\/?p=342521\" target=\"_blank\" rel=\"noopener\">JI\u017dN\u00cd \u010cECHY: \u010cesk\u00fd Krumlov o\u017eije velikono\u010dn\u00edmi tradicemi, chut\u011bmi a z\u00e1bavou pro celou rodinu<\/a><\/h6>\n<h6 class=\"entry-title\"><a href=\"https:\/\/zakrasnejsivimperk.cz\/?p=337371\" target=\"_blank\" rel=\"noopener\">JI\u017dN\u00cd \u010cECHY: Rej masek a r\u016f\u017ei\u010dkov\u00e1 koleda p\u0159inesou atmosf\u00e9ru masopustu tak\u00e9 do \u010cesk\u00e9ho Krumlova<\/a><\/h6>\n<h6 class=\"entry-title\"><a href=\"https:\/\/zakrasnejsivimperk.cz\/?p=336056\" target=\"_blank\" rel=\"noopener\">JI\u017dN\u00cd \u010cECHY: Bezpe\u010dn\u011b ve \u0161kol\u00e1ch. \u010cesk\u00fd Krumlov klade d\u016fraz na prevenci a \u00fa\u010dinn\u00e1 praktick\u00e1 opat\u0159en\u00ed<\/a><\/h6>\n<h6 class=\"entry-title\"><a href=\"https:\/\/zakrasnejsivimperk.cz\/?p=336051\" target=\"_blank\" rel=\"noopener\">JI\u017dN\u00cd \u010cECHY: Dobr\u00fd po\u010din. \u010cesk\u00fd Krumlov zakl\u00e1d\u00e1 m\u011bstskou radu senior\u016f<\/a><\/h6>\n<h6 class=\"entry-title\"><a href=\"https:\/\/zakrasnejsivimperk.cz\/?p=332766\" target=\"_blank\" rel=\"noopener\">JI\u017dN\u00cd \u010cECHY: M\u011bsto \u010cesk\u00fd Krumlov m\u00e1 rozpo\u010det 2025 st\u0159\u00eddm\u00fd i proinvesti\u010dn\u00ed<\/a><\/h6>\n<h6 class=\"entry-title\"><a href=\"https:\/\/zakrasnejsivimperk.cz\/?p=326806\" target=\"_blank\" rel=\"noopener\">JI\u017dN\u00cd \u010cECHY: \u010c. Krumlov ru\u0161\u00ed smlouvu na koupi sb\u00edrky ilustrac\u00ed pro d\u011bti. Sb\u00edrka ve m\u011bst\u011b ale z\u016fstane<\/a><\/h6>\n<h6 class=\"entry-title\"><a href=\"https:\/\/zakrasnejsivimperk.cz\/?p=326168\" target=\"_blank\" rel=\"noopener\">JI\u017dN\u00cd \u010cECHY: Co se d\u011bje v \u010cesk\u00e9m Krumlov\u011b. Zpr\u00e1vy z jedn\u00e1n\u00ed rady i zastupitelstva<\/a><\/h6>\n<h6 class=\"entry-title\"><a href=\"https:\/\/zakrasnejsivimperk.cz\/?p=320890\" target=\"_blank\" rel=\"noopener\">JI\u017dN\u00cd \u010cECHY: Co se d\u011bje v \u010cesk\u00e9m Krumlov\u011b. Nov\u00e9 zpr\u00e1vy z jedn\u00e1n\u00ed rady m\u011bsta<\/a><\/h6>\n<h6><a href=\"https:\/\/zakrasnejsivimperk.cz\/?p=321027\" target=\"_blank\" rel=\"noopener\">JI\u017dN\u00cd \u010cECHY: Po\u017e\u00e1r zni\u010dil plaveck\u00fd baz\u00e9n, m\u011bsto jedn\u00e1 o dal\u0161\u00edch kroc\u00edch<\/a><\/h6>\n<h6><a href=\"https:\/\/zakrasnejsivimperk.cz\/?p=319435\" target=\"_blank\" rel=\"noopener\">JI\u017dN\u00cd \u010cECHY: Investice v \u010cesk\u00e9m Krumlov\u011b: Nov\u00e9 komunikace, parkovi\u0161t\u011b, schodi\u0161t\u011b, osv\u011btlen\u00ed baz\u00e9nu<\/a><\/h6>\n<h6><a href=\"https:\/\/zakrasnejsivimperk.cz\/?p=313023\" target=\"_blank\" rel=\"noopener\">JI\u017dN\u00cd \u010cECHY: Pr\u00e1zdninov\u00e9 investice do z\u00e1kladn\u00edch \u0161kol v \u010cesk\u00e9m Krumlov\u011b p\u0159es\u00e1hnou 19 milion\u016f korun<\/a><\/h6>\n<h6><a href=\"https:\/\/zakrasnejsivimperk.cz\/?p=317347\" target=\"_blank\" rel=\"noopener\">JI\u017dN\u00cd \u010cECHY: Policie odlo\u017eila vy\u0161et\u0159ov\u00e1n\u00ed podez\u0159en\u00ed z podvodu n\u00e1kupu sb\u00edrky ilustrac\u00ed<\/a><\/h6>\n<h6 class=\"entry-title\"><a href=\"https:\/\/zakrasnejsivimperk.cz\/?p=312190\" target=\"_blank\" rel=\"noopener\">JI\u017dN\u00cd \u010cECHY: Nev\u0161edn\u00ed polepy zast\u00e1vek v \u010cesk\u00e9m Krumlov\u011b chr\u00e1n\u00ed ptactvo a o\u017eivuj\u00ed historii<\/a><\/h6>\n<h6><a href=\"https:\/\/zakrasnejsivimperk.cz\/?p=311660\" target=\"_blank\" rel=\"noopener\">JI\u017dN\u00cd \u010cECHY: Nov\u00fd kruhov\u00fd objezd v \u010cesk\u00e9m Krumlov\u011b otev\u0159ou v p\u00e1tek dopoledne<\/a><\/h6>\n<h6><a href=\"https:\/\/zakrasnejsivimperk.cz\/?p=311041\" target=\"_blank\" rel=\"noopener\">JI\u017dN\u00cd \u010cECHY: Ps\u00ed \u00fatulek v \u010cesk\u00e9m Krumlov\u011b pe\u010duje o opu\u0161t\u011bn\u00e1 zv\u00ed\u0159ata u\u017e 20 let<\/a><\/h6>\n<h6><a href=\"https:\/\/zakrasnejsivimperk.cz\/?p=310375\" target=\"_blank\" rel=\"noopener\">JI\u017dN\u00cd \u010cECHY: Novogotick\u00e1 varna, srdce centra PORT 1560, kde se va\u0159ilo skv\u011bl\u00e9 pivo<\/a><\/h6>\n<h6><a href=\"https:\/\/zakrasnejsivimperk.cz\/?p=309046\" target=\"_blank\" rel=\"noopener\">JI\u017dN\u00cd \u010cECHY: Slune\u010dn\u00edky a stromy o\u017eivily prostor n\u00e1m\u011bst\u00ed Svornosti v \u010cesk\u00e9m Krumlov\u011b<\/a><\/h6>\n<h6><a href=\"https:\/\/zakrasnejsivimperk.cz\/?p=308073\" target=\"_blank\" rel=\"noopener\">JI\u017dN\u00cd \u010cECHY: Co se d\u011bje v \u010cesk\u00e9m Krumlov\u011b. St\u0159\u00edpky ze zased\u00e1n\u00ed m\u011bstsk\u00e9 rady<\/a><\/h6>\n<h6><a href=\"https:\/\/zakrasnejsivimperk.cz\/?p=307127\" target=\"_blank\" rel=\"noopener\">JI\u017dN\u00cd \u010cECHY: Pozv\u00e1nka do \u010cesk\u00e9ho Krumlova na l\u00e9to pln\u00e9 zaj\u00edmav\u00fdch akc\u00ed<\/a><\/h6>\n<h6><a href=\"https:\/\/zakrasnejsivimperk.cz\/?p=305355\" target=\"_blank\" rel=\"noopener\">JI\u017dN\u00cd \u010cECHY: Leto\u0161n\u00ed sez\u00f3na v \u010cesk\u00e9m Krumlov\u011b nab\u00eddne novou dominantu: PORT 1560<\/a><\/h6>\n<hr \/>\n<p>&nbsp;<\/p>\n<\/div>\n<\/article>\n","protected":false},"excerpt":{"rendered":"<p>&nbsp; Cel\u00e1 <\/p>\n","protected":false},"author":2,"featured_media":373447,"comment_status":"open","ping_status":"open","sticky":false,"template":"","format":"gallery","meta":{"footnotes":""},"categories":[72,71],"tags":[],"jetpack_featured_media_url":"https:\/\/zakrasnejsivimperk.cz\/wp-content\/uploads\/2026\/04\/21\/ram-ck-kouzlo.jpg","_links":{"self":[{"href":"https:\/\/zakrasnejsivimperk.cz\/index.php?rest_route=\/wp\/v2\/posts\/373436"}],"collection":[{"href":"https:\/\/zakrasnejsivimperk.cz\/index.php?rest_route=\/wp\/v2\/posts"}],"about":[{"href":"https:\/\/zakrasnejsivimperk.cz\/index.php?rest_route=\/wp\/v2\/types\/post"}],"author":[{"embeddable":true,"href":"https:\/\/zakrasnejsivimperk.cz\/index.php?rest_route=\/wp\/v2\/users\/2"}],"replies":[{"embeddable":true,"href":"https:\/\/zakrasnejsivimperk.cz\/index.php?rest_route=%2Fwp%2Fv2%2Fcomments&post=373436"}],"version-history":[{"count":1,"href":"https:\/\/zakrasnejsivimperk.cz\/index.php?rest_route=\/wp\/v2\/posts\/373436\/revisions"}],"predecessor-version":[{"id":373448,"href":"https:\/\/zakrasnejsivimperk.cz\/index.php?rest_route=\/wp\/v2\/posts\/373436\/revisions\/373448"}],"wp:featuredmedia":[{"embeddable":true,"href":"https:\/\/zakrasnejsivimperk.cz\/index.php?rest_route=\/wp\/v2\/media\/373447"}],"wp:attachment":[{"href":"https:\/\/zakrasnejsivimperk.cz\/index.php?rest_route=%2Fwp%2Fv2%2Fmedia&parent=373436"}],"wp:term":[{"taxonomy":"category","embeddable":true,"href":"https:\/\/zakrasnejsivimperk.cz\/index.php?rest_route=%2Fwp%2Fv2%2Fcategories&post=373436"},{"taxonomy":"post_tag","embeddable":true,"href":"https:\/\/zakrasnejsivimperk.cz\/index.php?rest_route=%2Fwp%2Fv2%2Ftags&post=373436"}],"curies":[{"name":"wp","href":"https:\/\/api.w.org\/{rel}","templated":true}]}}