{"id":373434,"date":"2026-04-26T17:36:58","date_gmt":"2026-04-26T16:36:58","guid":{"rendered":"https:\/\/zakrasnejsivimperk.cz\/?p=373434"},"modified":"2026-04-26T17:36:58","modified_gmt":"2026-04-26T16:36:58","slug":"jizni-cechy-co-se-deje-v-ceskem-krumlove-stripky-ze-zasedani-mestske-rady-4","status":"publish","type":"post","link":"https:\/\/zakrasnejsivimperk.cz\/?p=373434","title":{"rendered":"JI\u017dN\u00cd \u010cECHY: Co se d\u011bje v \u010cesk\u00e9m Krumlov\u011b. St\u0159\u00edpky ze zased\u00e1n\u00ed m\u011bstsk\u00e9 rady"},"content":{"rendered":"<figure id=\"attachment_354066\" aria-describedby=\"caption-attachment-354066\" style=\"width: 1100px\" class=\"wp-caption aligncenter\"><img loading=\"lazy\" decoding=\"async\" class=\"wp-image-354066 size-full\" src=\"https:\/\/zakrasnejsivimperk.cz\/wp-content\/uploads\/2025\/08\/16\/cesky-krumlov-4-1608.jpg\" alt=\"\" width=\"1100\" height=\"618\" srcset=\"https:\/\/zakrasnejsivimperk.cz\/wp-content\/uploads\/2025\/08\/16\/cesky-krumlov-4-1608.jpg 1100w, https:\/\/zakrasnejsivimperk.cz\/wp-content\/uploads\/2025\/08\/16\/cesky-krumlov-4-1608-300x169.jpg 300w, https:\/\/zakrasnejsivimperk.cz\/wp-content\/uploads\/2025\/08\/16\/cesky-krumlov-4-1608-1024x575.jpg 1024w, https:\/\/zakrasnejsivimperk.cz\/wp-content\/uploads\/2025\/08\/16\/cesky-krumlov-4-1608-768x431.jpg 768w, https:\/\/zakrasnejsivimperk.cz\/wp-content\/uploads\/2025\/08\/16\/cesky-krumlov-4-1608-635x357.jpg 635w, https:\/\/zakrasnejsivimperk.cz\/wp-content\/uploads\/2025\/08\/16\/cesky-krumlov-4-1608-860x483.jpg 860w\" sizes=\"(max-width: 1100px) 100vw, 1100px\" \/><figcaption id=\"caption-attachment-354066\" class=\"wp-caption-text\">\u010cesk\u00fd Krumlov \/ Foto: (red) \u2013 Za kr\u00e1sn\u011bj\u0161\u00ed Vimperk<\/figcaption><\/figure>\n<p>&nbsp;<\/p>\n<h6>Rada m\u011bsta \u010cesk\u00fd Krumlov na sv\u00fdch posledn\u00edch jedn\u00e1n\u00edch projednala a schv\u00e1lila \u0159adu bod\u016f z oblasti investic i spr\u00e1vy m\u011bstsk\u00e9ho majetku. Zab\u00fdvala se mimo jin\u00e9 p\u0159\u00edpravou oprav komunikac\u00ed i konkr\u00e9tn\u00edmi kroky ke zlep\u0161en\u00ed ve\u0159ejn\u00e9ho po\u0159\u00e1dku a \u0159e\u0161en\u00ed podn\u011bt\u016f obyvatel. P\u0159in\u00e1\u0161\u00edme v\u00fdb\u011br nejzaj\u00edmav\u011bj\u0161\u00edch bod\u016f.<\/h6>\n<h6>P\u0159\u00edprava obnovy technologi\u00ed kina<\/h6>\n<p>Rada m\u011bsta odsouhlasila zah\u00e1jen\u00ed p\u0159\u00edpravy projektov\u00e9 \u017e\u00e1dosti na projekt obnovy technologi\u00ed v\u202fkin\u011b Luna, jeho\u017e c\u00edlem je v\u00fdm\u011bna a modernizace projek\u010dn\u00ed technologie ve standardu DCI (Digital Cinema Initiatives). Jde o reakci na skute\u010dnost, \u017ee technologie instalovan\u00e1 p\u0159i prvn\u00ed vln\u011b digitalizace kin se postupn\u011b bl\u00ed\u017e\u00ed ke konci sv\u00e9 technick\u00e9 \u017eivotnosti a bez modernizace by mohlo b\u00fdt ohro\u017eeno dal\u0161\u00ed fungov\u00e1n\u00ed kina v b\u011b\u017en\u00e9m distribu\u010dn\u00edm syst\u00e9mu. Podle studie rozvoje kinotechnologie z roku 2025 m\u00e1 b\u00fdt modernizace rozd\u011blena do n\u011bkolika etap; nyn\u00ed m\u011bsto p\u0159ipravuje prvn\u00ed etapu, zam\u011b\u0159enou na kl\u00ed\u010dov\u00e9 projek\u010dn\u00ed vybaven\u00ed. P\u0159edpokl\u00e1dan\u00e9 n\u00e1klady t\u00e9to etapy \u010din\u00ed p\u0159ibli\u017en\u011b 3,25 mil. K\u010d bez DPH. M\u011bsto chce projekt podat do p\u0159ipravovan\u00e9 v\u00fdzvy St\u00e1tn\u00edho fondu audiovize.<\/p>\n<p>&nbsp;<\/p>\n<h6>T\u0159et\u00ed etapa oprav komunikac\u00ed na Ple\u0161ivci<\/h6>\n<p>Rada m\u011bsta rozhodla o v\u00fdb\u011bru dodavatele pro t\u0159et\u00ed etapu oprav komunikac\u00ed na s\u00eddli\u0161ti Ple\u0161ivec. Zak\u00e1zku z\u00edskala spole\u010dnost EUROVIA CZ a.s. Cena za opravy je vy\u010d\u00edslena na 2,8 milionu korun. Stavebn\u00ed pr\u00e1ce by m\u011bly b\u00fdt zah\u00e1jeny 27. \u010dervence 2026 a dokon\u010deny nejpozd\u011bji do 21. srpna 2026.<\/p>\n<p>&nbsp;<\/p>\n<h6>P\u0159\u00edprava rekonstrukce komunikace a s\u00edt\u00ed ve V\u011bncov\u011b ulici<\/h6>\n<p>Rada m\u011bsta schv\u00e1lila zad\u00e1n\u00ed ve\u0159ejn\u00e9 zak\u00e1zky na rekonstrukci komunikace a in\u017een\u00fdrsk\u00fdch s\u00edt\u00ed ve V\u011bncov\u011b ulici. Projekt zahrnuje komplexn\u00ed rekonstrukci komunikace v\u010detn\u011b in\u017een\u00fdrsk\u00fdch s\u00edt\u00ed, tedy nejen nov\u00fd povrch, ale i technickou infrastrukturu pod n\u00edm. Jde o investi\u010dn\u011b n\u00e1ro\u010dn\u011bj\u0161\u00ed akci, kter\u00e1 \u0159e\u0161\u00ed dlouhodob\u011b nevyhovuj\u00edc\u00ed stav lokality.<\/p>\n<p>&nbsp;<\/p>\n<h6>Krajin\u00e1\u0159sko-architektonick\u00e1 studie prostoru u h\u0159bitova<\/h6>\n<p>Rada m\u011bsta schv\u00e1lila v\u00fdb\u011br dodavatele pro zpracov\u00e1n\u00ed krajin\u00e1\u0159sko-architektonick\u00e9 studie z\u00e1m\u011bru \u201eZahrada sm\u00ed\u0159en\u00ed a rozj\u00edm\u00e1n\u00ed v \u010cesk\u00e9m Krumlov\u011b\u201c. Zak\u00e1zku z\u00edskal Ing. arch. Radek Jano\u0161\u00edk za cenu 199 650 K\u010d. Studie m\u00e1 \u0159e\u0161it budouc\u00ed podobu pietn\u00edho a klidov\u00e9ho prostoru v n\u00e1vaznosti na h\u0159bitov. N\u00e1vrh by m\u011bl reflektovat pot\u0159eby m\u011bsta (roz\u0161\u00ed\u0159en\u00ed poh\u0159ebi\u0161t\u011b o prostor pro urnov\u00e9 hroby, \u00fapravy technick\u00e9ho dvora pro spr\u00e1vce h\u0159bitova) i poskytnout prostor na z\u0159\u00edzen\u00ed m\u00edst pro alternativn\u00ed zp\u016fsoby poh\u0159b\u00edv\u00e1n\u00ed.<\/p>\n<p>&nbsp;<\/p>\n<h6>Holubi na s\u00eddli\u0161ti M\u00edr<\/h6>\n<p>Rada m\u011bsta se op\u011bt zab\u00fdvala situac\u00ed s p\u0159emno\u017een\u00fdmi holuby na s\u00eddli\u0161ti M\u00edr. Rada schv\u00e1lila spolupr\u00e1ci se spole\u010dnost\u00ed MAVORY s.r.o., kter\u00e1 zajist\u00ed biologickou ochranu v dot\u010den\u00e9 lokalit\u011b. M\u011bsto z\u00e1rove\u0148 jedn\u00e1 se spole\u010denstv\u00edmi vlastn\u00edk\u016f v konkr\u00e9tn\u00edch ulic\u00edch, kde byl probl\u00e9m potvrzen. C\u00edlem je p\u0159ej\u00edt od obecn\u00e9ho \u0159e\u0161en\u00ed k c\u00edlen\u00fdm z\u00e1sah\u016fm, kter\u00e9 povedou ke sn\u00ed\u017een\u00ed populace holub\u016f a omezen\u00ed jejich negativn\u00edch dopad\u016f.<\/p>\n<p>&nbsp;<\/p>\n<h6>N\u00e1razov\u00e9 patrolace v probl\u00e9mov\u00fdch ulic\u00edch<\/h6>\n<p>Rada m\u011bsta schv\u00e1lila objedn\u00e1vku slu\u017eby n\u00e1razov\u00fdch kontrol ve\u0159ejn\u00e9ho po\u0159\u00e1dku v ulic\u00edch K\u00e1jovsk\u00e1 a Hradebn\u00ed, kterou zajist\u00ed spole\u010dnost KV security s.r.o. C\u00edlem je omezit vandalismus a pos\u00edlit dohled v exponovan\u00fdch lokalit\u00e1ch. Patrolace bude prob\u00edhat po dobu 4 t\u00fddn\u016f, v\u017edy 2\u00d7 t\u00fddn\u011b na 4 hodiny, a to v \u010dase od 15.00 do 19.00 hodin. Nasazena bude dvou\u010dlenn\u00e1 hl\u00eddka. Sou\u010dasn\u011b m\u011bsto p\u0159ipravuje \u0161ir\u0161\u00ed zak\u00e1zku na zaji\u0161t\u011bn\u00ed ve\u0159ejn\u00e9ho po\u0159\u00e1dku, kter\u00e1 zahrne i dohled v letn\u00ed sez\u00f3n\u011b a b\u011bhem adventu.<\/p>\n<p>&nbsp;<\/p>\n<h6>\u010cesk\u00fd \u010derven\u00fd k\u0159\u00ed\u017e z\u00edsk\u00e1 z\u00e1zem\u00ed v b\u00fdval\u00fdch kas\u00e1rn\u00e1ch<\/h6>\n<p>Rada m\u011bsta schv\u00e1lila z\u00e1m\u011br v\u00fdp\u016fj\u010dky prostor v are\u00e1lu b\u00fdval\u00fdch kas\u00e1ren ve Vy\u0161n\u00e9m, konkr\u00e9tn\u011b v objektu b\u00fdval\u00e9ho u\u010debn\u00edho bloku, pro Oblastn\u00ed spolek \u010cesk\u00e9ho \u010derven\u00e9ho k\u0159\u00ed\u017ee \u010cesk\u00fd Krumlov. Organizace zde pl\u00e1nuje vyu\u017e\u00edvat skladovac\u00ed prostory pro sv\u00e9 aktivity. V\u00fdp\u016fj\u010dka znamen\u00e1 bez\u00faplatn\u00e9 u\u017e\u00edv\u00e1n\u00ed, co\u017e je v tomto p\u0159\u00edpad\u011b od\u016fvodn\u011bno ve\u0159ejn\u011b prosp\u011b\u0161nou \u010dinnost\u00ed \u010cerven\u00e9ho k\u0159\u00ed\u017ee. Tento krok zapad\u00e1 do dlouhodob\u00e9ho vyu\u017e\u00edv\u00e1n\u00ed are\u00e1lu b\u00fdval\u00fdch kas\u00e1ren, kter\u00fd m\u011bsto postupn\u011b o\u017eivuje.<\/p>\n<p>&nbsp;<\/p>\n<h6>Po\u0159\u00edzen\u00ed d\u00fdchac\u00ed techniky pro dobrovoln\u00e9 hasi\u010de<\/h6>\n<p>Rada m\u011bsta schv\u00e1lila pod\u00e1n\u00ed \u017e\u00e1dosti o dotaci na po\u0159\u00edzen\u00ed 4 kus\u016f d\u00fdchac\u00edch p\u0159\u00edstroj\u016f pro jednotku sboru dobrovoln\u00fdch hasi\u010d\u016f. Celkov\u00e9 n\u00e1klady projektu \u010din\u00ed 198 008 K\u010d, p\u0159i\u010dem\u017e jeden komplet vych\u00e1z\u00ed na 49 502 K\u010d. M\u011bsto pl\u00e1nuje \u017e\u00e1dat o dotaci ve v\u00fd\u0161i 138 605 K\u010d, co\u017e p\u0159edstavuje p\u0159ibli\u017en\u011b 70 % n\u00e1klad\u016f. Vlastn\u00ed pod\u00edl by \u010dinil zhruba 59 tis\u00edc K\u010d. Jednotka dobrovoln\u00fdch hasi\u010d\u016f v sou\u010dasnosti nedisponuje vlastn\u00ed d\u00fdchac\u00ed technikou a p\u0159i z\u00e1saz\u00edch je odk\u00e1z\u00e1na na zap\u016fj\u010den\u00ed od profesion\u00e1ln\u00edch hasi\u010d\u016f. V roce 2025 jednotka zasahovala u 27 ud\u00e1lost\u00ed, z toho v 9 p\u0159\u00edpadech \u0161lo o po\u017e\u00e1r. D\u00fdchac\u00ed technika je p\u0159itom kl\u00ed\u010dov\u00e1 pr\u00e1v\u011b pro z\u00e1sahy v zakou\u0159en\u00e9m prost\u0159ed\u00ed.<\/p>\n<p>&nbsp;<\/p>\n<article id=\"post-370016\" class=\"post-370016 post type-post status-publish format-gallery has-post-thumbnail hentry category-zivot-kolem-nas post_format-post-format-gallery\">\n<div class=\"td-post-text-content\">\n<p><strong>Petra NEST\u00c1VALOV\u00c1, M\u011bsto \u010cesk\u00fd Krumlov<\/strong><\/p>\n<hr \/>\n<p>&nbsp;<\/p>\n<h4>Jin\u00e9 zpr\u00e1vy z \u010cesk\u00e9ho Krumlova:<\/h4>\n<h6 class=\"entry-title\"><a href=\"https:\/\/zakrasnejsivimperk.cz\/?p=370246\" target=\"_blank\" rel=\"noopener\">JI\u017dN\u00cd \u010cECHY: M\u011bsto \u010cesk\u00fd Krumlov p\u0159ipravuje nov\u00fd most p\u0159es Vltavu u pivovaru<\/a><\/h6>\n<h6><a href=\"https:\/\/zakrasnejsivimperk.cz\/?p=370016\" target=\"_blank\" rel=\"noopener\">JI\u017dN\u00cd \u010cECHY: Co se d\u011bje v \u010cesk\u00e9m Krumlov\u011b. St\u0159\u00edpky ze zased\u00e1n\u00ed m\u011bstsk\u00e9 rady<\/a><\/h6>\n<h6 class=\"entry-title\"><a href=\"https:\/\/zakrasnejsivimperk.cz\/?p=369304\" target=\"_blank\" rel=\"noopener\">JI\u017dN\u00cd \u010cECHY: V \u010cesk\u00e9m Krumlov\u011b otev\u0159ou poradnu pro odvyk\u00e1n\u00ed kou\u0159en\u00ed<\/a><\/h6>\n<h6 class=\"entry-title\"><a href=\"https:\/\/zakrasnejsivimperk.cz\/?p=368366\" target=\"_blank\" rel=\"noopener\">JI\u017dN\u00cd \u010cECHY: Co se d\u011bje v \u010cesk\u00e9m Krumlov\u011b. St\u0159\u00edpky ze zased\u00e1n\u00ed m\u011bstsk\u00e9 rady<\/a><\/h6>\n<h6 class=\"entry-title\"><a href=\"https:\/\/zakrasnejsivimperk.cz\/?p=364722\" target=\"_blank\" rel=\"noopener\">JI\u017dN\u00cd \u010cECHY: Zastupitel\u00e9 \u010cesk\u00e9ho Krumlova schv\u00e1lili rozpo\u010det na leto\u0161n\u00ed rok<\/a><\/h6>\n<h6 class=\"entry-title\"><a href=\"https:\/\/zakrasnejsivimperk.cz\/?p=359728\" target=\"_blank\" rel=\"noopener\">JI\u017dN\u00cd \u010cECHY: V \u010cesk\u00e9m Krumlov\u011b za\u010dala demolice loni vyho\u0159el\u00e9ho baz\u00e9nu<\/a><\/h6>\n<h6 class=\"entry-title\"><a href=\"https:\/\/zakrasnejsivimperk.cz\/?p=358380\" target=\"_blank\" rel=\"noopener\">JI\u017dN\u00cd \u010cECHY: V Krumlov\u011b za\u010daly p\u0159\u00edpravn\u00e9 pr\u00e1ce pro demolici vyho\u0159el\u00e9ho baz\u00e9nu<\/a><\/h6>\n<h6 class=\"entry-title\"><a href=\"https:\/\/zakrasnejsivimperk.cz\/?p=353287\" target=\"_blank\" rel=\"noopener\">JI\u017dN\u00cd \u010cECHY: Dal\u0161\u00ed dru\u017estevn\u00ed d\u016fm vznikne z b\u00fdval\u00e9 vojensk\u00e9 ubytovny<\/a><\/h6>\n<h6 class=\"entry-title\"><a href=\"https:\/\/zakrasnejsivimperk.cz\/?p=351464\" target=\"_blank\" rel=\"noopener\">JI\u017dN\u00cd \u010cECHY: Pr\u00e1zdniny ve \u0161kol\u00e1ch: modernizace, opravy a speci\u00e1ln\u00ed t\u0159\u00edda<\/a><\/h6>\n<h6 class=\"entry-title\"><a href=\"https:\/\/zakrasnejsivimperk.cz\/?p=350285\" target=\"_blank\" rel=\"noopener\">JI\u017dN\u00cd \u010cECHY: \u010cesk\u00fd Krumlov uzav\u0159e partnerstv\u00ed s m\u011bstskou \u010d\u00e1st\u00ed Praha 1<\/a><\/h6>\n<h6 class=\"entry-title\"><a href=\"https:\/\/zakrasnejsivimperk.cz\/?p=347659\" target=\"_blank\" rel=\"noopener\">JI\u017dN\u00cd \u010cECHY: \u010cesk\u00fd Krumlov upravil pravidla pro vjezd vozidel do p\u011b\u0161\u00ed z\u00f3ny<\/a><\/h6>\n<h6 class=\"entry-title\"><a href=\"https:\/\/zakrasnejsivimperk.cz\/?p=347885\" target=\"_blank\" rel=\"noopener\">JI\u017dN\u00cd \u010cECHY: T\u0159i osobnosti p\u0159evzaly Cenu m\u011bsta \u010cesk\u00fd Krumlov za rok 2024<\/a><\/h6>\n<h6 class=\"entry-title\"><a href=\"https:\/\/zakrasnejsivimperk.cz\/?p=346416\" target=\"_blank\" rel=\"noopener\">JI\u017dN\u00cd \u010cECHY: Krumlovsk\u00e1 n\u00e1plavka nese jm\u00e9no v\u00fdtvarn\u00edka Miroslava P\u00e1rala<\/a><\/h6>\n<h6 class=\"entry-title\"><a href=\"https:\/\/zakrasnejsivimperk.cz\/?p=346270\" target=\"_blank\" rel=\"noopener\">STALO SE DNES: Most dr. Edvarda Bene\u0161e v \u010cesk\u00e9m Krumlov\u011b se vr\u00e1til po rekonstrukci do provozu<\/a><\/h6>\n<h6 class=\"entry-title\"><a href=\"https:\/\/zakrasnejsivimperk.cz\/?p=344533\" target=\"_blank\" rel=\"noopener\">JI\u017dN\u00cd \u010cECHY: \u010cesk\u00fd Krumlov na cest\u011b k titulu M\u011bsto p\u0159\u00e1telsk\u00e9 k d\u011btem<\/a><\/h6>\n<h6 class=\"entry-title\"><a href=\"https:\/\/zakrasnejsivimperk.cz\/?p=343814\" target=\"_blank\" rel=\"noopener\">JI\u017dN\u00cd \u010cECHY: Filipojakubsk\u00e1 noc a prvn\u00ed m\u00e1j? V \u010cesk\u00e9m Krumlov\u011b jedin\u011b kouzeln\u011b!<\/a><\/h6>\n<h6 class=\"entry-title\"><a href=\"https:\/\/zakrasnejsivimperk.cz\/?p=342521\" target=\"_blank\" rel=\"noopener\">JI\u017dN\u00cd \u010cECHY: \u010cesk\u00fd Krumlov o\u017eije velikono\u010dn\u00edmi tradicemi, chut\u011bmi a z\u00e1bavou pro celou rodinu<\/a><\/h6>\n<h6 class=\"entry-title\"><a href=\"https:\/\/zakrasnejsivimperk.cz\/?p=337371\" target=\"_blank\" rel=\"noopener\">JI\u017dN\u00cd \u010cECHY: Rej masek a r\u016f\u017ei\u010dkov\u00e1 koleda p\u0159inesou atmosf\u00e9ru masopustu tak\u00e9 do \u010cesk\u00e9ho Krumlova<\/a><\/h6>\n<h6 class=\"entry-title\"><a href=\"https:\/\/zakrasnejsivimperk.cz\/?p=336056\" target=\"_blank\" rel=\"noopener\">JI\u017dN\u00cd \u010cECHY: Bezpe\u010dn\u011b ve \u0161kol\u00e1ch. \u010cesk\u00fd Krumlov klade d\u016fraz na prevenci a \u00fa\u010dinn\u00e1 praktick\u00e1 opat\u0159en\u00ed<\/a><\/h6>\n<h6 class=\"entry-title\"><a href=\"https:\/\/zakrasnejsivimperk.cz\/?p=336051\" target=\"_blank\" rel=\"noopener\">JI\u017dN\u00cd \u010cECHY: Dobr\u00fd po\u010din. \u010cesk\u00fd Krumlov zakl\u00e1d\u00e1 m\u011bstskou radu senior\u016f<\/a><\/h6>\n<h6 class=\"entry-title\"><a href=\"https:\/\/zakrasnejsivimperk.cz\/?p=332766\" target=\"_blank\" rel=\"noopener\">JI\u017dN\u00cd \u010cECHY: M\u011bsto \u010cesk\u00fd Krumlov m\u00e1 rozpo\u010det 2025 st\u0159\u00eddm\u00fd i proinvesti\u010dn\u00ed<\/a><\/h6>\n<h6 class=\"entry-title\"><a href=\"https:\/\/zakrasnejsivimperk.cz\/?p=326806\" target=\"_blank\" rel=\"noopener\">JI\u017dN\u00cd \u010cECHY: \u010c. Krumlov ru\u0161\u00ed smlouvu na koupi sb\u00edrky ilustrac\u00ed pro d\u011bti. Sb\u00edrka ve m\u011bst\u011b ale z\u016fstane<\/a><\/h6>\n<h6 class=\"entry-title\"><a href=\"https:\/\/zakrasnejsivimperk.cz\/?p=326168\" target=\"_blank\" rel=\"noopener\">JI\u017dN\u00cd \u010cECHY: Co se d\u011bje v \u010cesk\u00e9m Krumlov\u011b. Zpr\u00e1vy z jedn\u00e1n\u00ed rady i zastupitelstva<\/a><\/h6>\n<h6 class=\"entry-title\"><a href=\"https:\/\/zakrasnejsivimperk.cz\/?p=320890\" target=\"_blank\" rel=\"noopener\">JI\u017dN\u00cd \u010cECHY: Co se d\u011bje v \u010cesk\u00e9m Krumlov\u011b. Nov\u00e9 zpr\u00e1vy z jedn\u00e1n\u00ed rady m\u011bsta<\/a><\/h6>\n<h6><a href=\"https:\/\/zakrasnejsivimperk.cz\/?p=321027\" target=\"_blank\" rel=\"noopener\">JI\u017dN\u00cd \u010cECHY: Po\u017e\u00e1r zni\u010dil plaveck\u00fd baz\u00e9n, m\u011bsto jedn\u00e1 o dal\u0161\u00edch kroc\u00edch<\/a><\/h6>\n<h6><a href=\"https:\/\/zakrasnejsivimperk.cz\/?p=319435\" target=\"_blank\" rel=\"noopener\">JI\u017dN\u00cd \u010cECHY: Investice v \u010cesk\u00e9m Krumlov\u011b: Nov\u00e9 komunikace, parkovi\u0161t\u011b, schodi\u0161t\u011b, osv\u011btlen\u00ed baz\u00e9nu<\/a><\/h6>\n<h6><a href=\"https:\/\/zakrasnejsivimperk.cz\/?p=313023\" target=\"_blank\" rel=\"noopener\">JI\u017dN\u00cd \u010cECHY: Pr\u00e1zdninov\u00e9 investice do z\u00e1kladn\u00edch \u0161kol v \u010cesk\u00e9m Krumlov\u011b p\u0159es\u00e1hnou 19 milion\u016f korun<\/a><\/h6>\n<h6><a href=\"https:\/\/zakrasnejsivimperk.cz\/?p=317347\" target=\"_blank\" rel=\"noopener\">JI\u017dN\u00cd \u010cECHY: Policie odlo\u017eila vy\u0161et\u0159ov\u00e1n\u00ed podez\u0159en\u00ed z podvodu n\u00e1kupu sb\u00edrky ilustrac\u00ed<\/a><\/h6>\n<h6 class=\"entry-title\"><a href=\"https:\/\/zakrasnejsivimperk.cz\/?p=312190\" target=\"_blank\" rel=\"noopener\">JI\u017dN\u00cd \u010cECHY: Nev\u0161edn\u00ed polepy zast\u00e1vek v \u010cesk\u00e9m Krumlov\u011b chr\u00e1n\u00ed ptactvo a o\u017eivuj\u00ed historii<\/a><\/h6>\n<h6><a href=\"https:\/\/zakrasnejsivimperk.cz\/?p=311660\" target=\"_blank\" rel=\"noopener\">JI\u017dN\u00cd \u010cECHY: Nov\u00fd kruhov\u00fd objezd v \u010cesk\u00e9m Krumlov\u011b otev\u0159ou v p\u00e1tek dopoledne<\/a><\/h6>\n<h6><a href=\"https:\/\/zakrasnejsivimperk.cz\/?p=311041\" target=\"_blank\" rel=\"noopener\">JI\u017dN\u00cd \u010cECHY: Ps\u00ed \u00fatulek v \u010cesk\u00e9m Krumlov\u011b pe\u010duje o opu\u0161t\u011bn\u00e1 zv\u00ed\u0159ata u\u017e 20 let<\/a><\/h6>\n<h6><a href=\"https:\/\/zakrasnejsivimperk.cz\/?p=310375\" target=\"_blank\" rel=\"noopener\">JI\u017dN\u00cd \u010cECHY: Novogotick\u00e1 varna, srdce centra PORT 1560, kde se va\u0159ilo skv\u011bl\u00e9 pivo<\/a><\/h6>\n<h6><a href=\"https:\/\/zakrasnejsivimperk.cz\/?p=309046\" target=\"_blank\" rel=\"noopener\">JI\u017dN\u00cd \u010cECHY: Slune\u010dn\u00edky a stromy o\u017eivily prostor n\u00e1m\u011bst\u00ed Svornosti v \u010cesk\u00e9m Krumlov\u011b<\/a><\/h6>\n<h6><a href=\"https:\/\/zakrasnejsivimperk.cz\/?p=308073\" target=\"_blank\" rel=\"noopener\">JI\u017dN\u00cd \u010cECHY: Co se d\u011bje v \u010cesk\u00e9m Krumlov\u011b. St\u0159\u00edpky ze zased\u00e1n\u00ed m\u011bstsk\u00e9 rady<\/a><\/h6>\n<h6><a href=\"https:\/\/zakrasnejsivimperk.cz\/?p=307127\" target=\"_blank\" rel=\"noopener\">JI\u017dN\u00cd \u010cECHY: Pozv\u00e1nka do \u010cesk\u00e9ho Krumlova na l\u00e9to pln\u00e9 zaj\u00edmav\u00fdch akc\u00ed<\/a><\/h6>\n<h6><a href=\"https:\/\/zakrasnejsivimperk.cz\/?p=305355\" target=\"_blank\" rel=\"noopener\">JI\u017dN\u00cd \u010cECHY: Leto\u0161n\u00ed sez\u00f3na v \u010cesk\u00e9m Krumlov\u011b nab\u00eddne novou dominantu: PORT 1560<\/a><\/h6>\n<hr \/>\n<p>&nbsp;<\/p>\n<\/div>\n<\/article>\n","protected":false},"excerpt":{"rendered":"<p>&nbsp; Rada <\/p>\n","protected":false},"author":2,"featured_media":354066,"comment_status":"open","ping_status":"open","sticky":false,"template":"","format":"gallery","meta":{"footnotes":""},"categories":[24],"tags":[],"jetpack_featured_media_url":"https:\/\/zakrasnejsivimperk.cz\/wp-content\/uploads\/2025\/08\/16\/cesky-krumlov-4-1608.jpg","_links":{"self":[{"href":"https:\/\/zakrasnejsivimperk.cz\/index.php?rest_route=\/wp\/v2\/posts\/373434"}],"collection":[{"href":"https:\/\/zakrasnejsivimperk.cz\/index.php?rest_route=\/wp\/v2\/posts"}],"about":[{"href":"https:\/\/zakrasnejsivimperk.cz\/index.php?rest_route=\/wp\/v2\/types\/post"}],"author":[{"embeddable":true,"href":"https:\/\/zakrasnejsivimperk.cz\/index.php?rest_route=\/wp\/v2\/users\/2"}],"replies":[{"embeddable":true,"href":"https:\/\/zakrasnejsivimperk.cz\/index.php?rest_route=%2Fwp%2Fv2%2Fcomments&post=373434"}],"version-history":[{"count":1,"href":"https:\/\/zakrasnejsivimperk.cz\/index.php?rest_route=\/wp\/v2\/posts\/373434\/revisions"}],"predecessor-version":[{"id":373435,"href":"https:\/\/zakrasnejsivimperk.cz\/index.php?rest_route=\/wp\/v2\/posts\/373434\/revisions\/373435"}],"wp:featuredmedia":[{"embeddable":true,"href":"https:\/\/zakrasnejsivimperk.cz\/index.php?rest_route=\/wp\/v2\/media\/354066"}],"wp:attachment":[{"href":"https:\/\/zakrasnejsivimperk.cz\/index.php?rest_route=%2Fwp%2Fv2%2Fmedia&parent=373434"}],"wp:term":[{"taxonomy":"category","embeddable":true,"href":"https:\/\/zakrasnejsivimperk.cz\/index.php?rest_route=%2Fwp%2Fv2%2Fcategories&post=373434"},{"taxonomy":"post_tag","embeddable":true,"href":"https:\/\/zakrasnejsivimperk.cz\/index.php?rest_route=%2Fwp%2Fv2%2Ftags&post=373434"}],"curies":[{"name":"wp","href":"https:\/\/api.w.org\/{rel}","templated":true}]}}