{"id":373421,"date":"2026-04-26T17:42:03","date_gmt":"2026-04-26T16:42:03","guid":{"rendered":"https:\/\/zakrasnejsivimperk.cz\/?p=373421"},"modified":"2026-04-26T17:45:24","modified_gmt":"2026-04-26T16:45:24","slug":"policie-cr-na-bazarovem-portalu-nabizeli-stenata-lide-posilali-penize-psy-ale-nikdy-nevideli","status":"publish","type":"post","link":"https:\/\/zakrasnejsivimperk.cz\/?p=373421","title":{"rendered":"POLICIE \u010cR: Podvod. Na internetu nab\u00edzeli \u0161t\u011b\u0148ata. Lid\u00e9 pos\u00edlali pen\u00edze, psy ale nikdy nevid\u011bli"},"content":{"rendered":"<h6>\u010ceskobud\u011bjovick\u00fdm kriminalist\u016fm se poda\u0159ilo objasnit p\u0159\u00edpad podvodn\u00fdch inzer\u00e1t\u016f, kter\u00e9 se t\u00fdkaly prodeje \u0161t\u011b\u0148at. Konkr\u00e9tn\u011b se jednalo o \u0161t\u011b\u0148ata labradorsk\u00e9ho retr\u00edvra, kter\u00e9 dva mu\u017ei nab\u00edzeli na inzertn\u00edch internetov\u00fdch port\u00e1lech.<\/h6>\n<p>Vyu\u017e\u00edvali fale\u0161nou identitu a r\u016fzn\u00e9 emailov\u00e9 adresy. Na jejich inzer\u00e1ty reagovali z\u00e1jemci z r\u016fzn\u00fdch kout\u016f na\u0161\u00ed republiky. Celkem se jednalo o \u0161est po\u0161kozen\u00fdch. Ti po\u00a0dohod\u011b s prodejcem\u00a0pos\u00edlali platby za psy v r\u016fzn\u00fdch \u010d\u00e1stk\u00e1ch na bankovn\u00ed \u00fa\u010det ur\u010den\u00fd prodejcem. Ten sliboval p\u0159ed\u00e1n\u00ed \u0161t\u011b\u0148at, pot\u00e9 m\u011bnil m\u00edsta i datumy p\u0159ed\u00e1n\u00ed a nakonec s po\u0161kozen\u00fdmi p\u0159estal komunikovat \u00fapln\u011b. Prodejci dosud psy z\u00e1jemc\u016fm nedodali, a ani jim\u00a0nevr\u00e1tili pen\u00edze.Celkov\u00e1 \u0161koda, kterou sv\u00fdm jedn\u00e1n\u00edm zp\u016fsobili, dos\u00e1hla v\u00fd\u0161e t\u00e9m\u011b\u0159 50 000 korun.<\/p>\n<p>Kriminalist\u00e9 ji\u017e znaj\u00ed toto\u017enost obou mu\u017e\u016f (nar. 1967, resp. 1978). Star\u0161\u00ed z mu\u017e\u016f se tohoto jedn\u00e1n\u00ed dopustil p\u0159esto, \u017ee byl v minulosti za obdobn\u00fd trestn\u00fd \u010din odsouzen a v sou\u010dasn\u00e9 dob\u011b je st\u00e1le ve zku\u0161ebn\u00ed dob\u011b. V tomto p\u0159\u00edpad\u011b se jedn\u00e1 o trestn\u00fd \u010din podvodu, za kter\u00fd\u00a0v p\u0159\u00edpad\u011b prok\u00e1z\u00e1n\u00ed viny hroz\u00ed trest odn\u011bt\u00ed svobody a\u017e na t\u0159i roky.<\/p>\n<p><strong>POLICIE \u010cR<\/strong><\/p>\n<hr \/>\n<p>&nbsp;<\/p>\n","protected":false},"excerpt":{"rendered":"<p>\u010ceskobud\u011bjovick\u00fdm kriminalist\u016fm <\/p>\n","protected":false},"author":2,"featured_media":43386,"comment_status":"open","ping_status":"open","sticky":false,"template":"","format":"gallery","meta":{"footnotes":""},"categories":[13],"tags":[],"jetpack_featured_media_url":"https:\/\/zakrasnejsivimperk.cz\/wp-content\/uploads\/2016\/01\/17\/policie-2.jpg","_links":{"self":[{"href":"https:\/\/zakrasnejsivimperk.cz\/index.php?rest_route=\/wp\/v2\/posts\/373421"}],"collection":[{"href":"https:\/\/zakrasnejsivimperk.cz\/index.php?rest_route=\/wp\/v2\/posts"}],"about":[{"href":"https:\/\/zakrasnejsivimperk.cz\/index.php?rest_route=\/wp\/v2\/types\/post"}],"author":[{"embeddable":true,"href":"https:\/\/zakrasnejsivimperk.cz\/index.php?rest_route=\/wp\/v2\/users\/2"}],"replies":[{"embeddable":true,"href":"https:\/\/zakrasnejsivimperk.cz\/index.php?rest_route=%2Fwp%2Fv2%2Fcomments&post=373421"}],"version-history":[{"count":5,"href":"https:\/\/zakrasnejsivimperk.cz\/index.php?rest_route=\/wp\/v2\/posts\/373421\/revisions"}],"predecessor-version":[{"id":373849,"href":"https:\/\/zakrasnejsivimperk.cz\/index.php?rest_route=\/wp\/v2\/posts\/373421\/revisions\/373849"}],"wp:featuredmedia":[{"embeddable":true,"href":"https:\/\/zakrasnejsivimperk.cz\/index.php?rest_route=\/wp\/v2\/media\/43386"}],"wp:attachment":[{"href":"https:\/\/zakrasnejsivimperk.cz\/index.php?rest_route=%2Fwp%2Fv2%2Fmedia&parent=373421"}],"wp:term":[{"taxonomy":"category","embeddable":true,"href":"https:\/\/zakrasnejsivimperk.cz\/index.php?rest_route=%2Fwp%2Fv2%2Fcategories&post=373421"},{"taxonomy":"post_tag","embeddable":true,"href":"https:\/\/zakrasnejsivimperk.cz\/index.php?rest_route=%2Fwp%2Fv2%2Ftags&post=373421"}],"curies":[{"name":"wp","href":"https:\/\/api.w.org\/{rel}","templated":true}]}}