{"id":373136,"date":"2026-05-02T18:00:26","date_gmt":"2026-05-02T17:00:26","guid":{"rendered":"https:\/\/zakrasnejsivimperk.cz\/?p=373136"},"modified":"2026-05-02T18:01:50","modified_gmt":"2026-05-02T17:01:50","slug":"petr-stepanek-televize-nova-kampani-proti-hejterum-jeste-vic-rozdeli-spolecnost","status":"publish","type":"post","link":"https:\/\/zakrasnejsivimperk.cz\/?p=373136","title":{"rendered":"PETR \u0160T\u011aP\u00c1NEK: Televize Nova kampan\u00ed proti hejter\u016fm je\u0161t\u011b v\u00edc rozd\u011bl\u00ed spole\u010dnost"},"content":{"rendered":"<h6>Tak tohle se Nov\u011b opravdu nepovedlo. TV Nova spustila kampa\u0148 proti hejt\u016fm, kter\u00e1 upozor\u0148uje na dopad nen\u00e1vistn\u00fdch projev\u016f na soci\u00e1ln\u00edch s\u00edt\u00edch.<\/h6>\n<p><img loading=\"lazy\" decoding=\"async\" class=\"size-full wp-image-274438 alignright\" src=\"https:\/\/zakrasnejsivimperk.cz\/wp-content\/uploads\/2023\/03\/04\/petr-stepanek-x.jpg\" alt=\"\" width=\"300\" height=\"288\" \/>Do kampan\u011b \u201eHejt nen\u00ed n\u00e1zor\u201c se zapojily zn\u00e1m\u00e9 osobnosti, jako nap\u0159\u00edklad herec Ji\u0159\u00ed Langmajer \u010di here\u010dky Sandra Nov\u00e1kov\u00e1 a Martha Issov\u00e1 nebo novin\u00e1\u0159ka Zdislava Pokorn\u00e1 a dal\u0161\u00ed. Ve spotu \u010dtou re\u00e1ln\u00e9 vulg\u00e1rn\u00ed koment\u00e1\u0159e, kter\u00e9 jim lid\u00e9 napos\u00edlali. Ka\u017ed\u00fd z autor\u016f uveden\u00fdch hejt\u016f dostal pozv\u00e1n\u00ed na osobn\u00ed setk\u00e1n\u00ed, nikdo se ale nedostavil. \u201eTento spot obsahuje re\u00e1ln\u00e1 slova pln\u00e1 nen\u00e1visti. Stoj\u00edme za v\u0161emi, kdo jim \u010del\u00ed. Nen\u00ed n\u00e1m to jedno,\u201c uvedla TV Nova k p\u0159\u00edsp\u011bvku na Instagramu.<\/p>\n<p>Co\u017e o to, na prvn\u00ed pohled se to opravdu jev\u00ed jako z\u00e1slu\u017en\u00e1 iniciativa, proto\u017ee sprostoty a hnusn\u00e9 vulg\u00e1rn\u00ed \u00fatoky se na soci\u00e1ln\u00edch s\u00edt\u00edch vyskytuje p\u0159ehr\u0161el. Jen\u017ee jak u\u017e to tak chod\u00ed, v\u0161echno se d\u00e1 ud\u011blat dob\u0159e, nebo tak\u00e9 blb\u011b. Kampa\u0148 televize Nova je bohu\u017eel ten druh\u00fd p\u0159\u00edpad. Pro\u010d? Proto\u017ee \u017eijeme v polarizovan\u00e9 spole\u010dnosti, kde n\u011bkte\u0159\u00ed vy\u0161inut\u00ed jedinci z obou n\u00e1zorov\u00fdch p\u00f3l\u016f se opravdu dopou\u0161t\u011bj\u00ed onoho hnusn\u00e9ho hejtov\u00e1n\u00ed. Podstatn\u00e1 jsou ale ta t\u0159i sl\u016fvka: z obou stran.<\/p>\n<p>Spot TV Nova v\u00fdb\u011brem atakovan\u00fdch osob ve\u0159ejnosti podsouv\u00e1, \u017ee sprost\u00e1 tu je pouze jedna n\u00e1zorov\u00e1 strana rozd\u011blen\u00e9 spole\u010dnosti. Jen\u017ee stejn\u011b hnusn\u00ed a sprost\u00ed dovedou b\u00fdt tak\u00e9 milovn\u00edci pravdy a l\u00e1sky, pra\u017esk\u00e1 kav\u00e1rna, lep\u0161olid\u00e9 \u010di lep\u0161evici, naz\u00fdvejme tento typ lid\u00ed, jak je libo. Sta\u010d\u00ed zav\u00edtat na Facebook \u010di s\u00ed\u0165 X, d\u0159\u00edve Twitter. A \u010dasto to nejsou n\u011bjac\u00ed \u201enounejmov\u00e9\u201c, n\u00fdbr\u017e zn\u00e1m\u00e9 tv\u00e1\u0159e. P\u0159eborn\u00edky ve vulg\u00e1rn\u00edm hejtov\u00e1n\u00ed jsou kup\u0159\u00edkladu b\u00fdval\u00fd report\u00e9r \u010cesk\u00e9 televize Tom\u00e1\u0161 Etzler nebo hudebn\u00ed kritik a n\u011bkdej\u0161\u00ed spolupracovn\u00edk V\u00e1clava Havla Jan Rej\u017eek.<\/p>\n<p>\u0158\u00edk\u00e1 se tomu vyv\u00e1\u017eenost. Jen\u017ee pr\u00e1v\u011b to je to, co v mnoha televiz\u00edch neznaj\u00ed. Novu nevyj\u00edmaje. Tam, kde vyv\u00e1\u017eenost chyb\u00ed, se i jinak chv\u00e1lyhodn\u00e1 iniciativa m\u00edj\u00ed \u00fa\u010dinkem. Ba dokonce je to je\u0161t\u011b hor\u0161\u00ed. Takov\u00e1 kampa\u0148 jen p\u0159isp\u00edv\u00e1 k je\u0161t\u011b v\u011bt\u0161\u00ed polarizaci spole\u010dnosti.<\/p>\n<p>&nbsp;<\/p>\n<p><strong>FB \u2013\u00a0<\/strong><a href=\"https:\/\/www.facebook.com\/petr.stepanek.3994\" target=\"_blank\" rel=\"noopener\"><strong>Petr \u0160T\u011aP\u00c1NEK,<\/strong><\/a><\/p>\n<p>(Ps\u00e1no pro Den\u00edk TO. Autor je 1. m\u00edstop\u0159edsedou Trikolory a b\u00fdval\u00fdm dlouholet\u00fdm \u010dlenem a m\u00edstop\u0159edsedou Rady pro rozhlasov\u00e9 a televizn\u00ed vys\u00edl\u00e1n\u00ed.)<\/p>\n<hr \/>\n<p>&nbsp;<\/p>\n<h4>Jin\u00e9 koment\u00e1\u0159e autora:<\/h4>\n<h6 class=\"entry-title\"><a href=\"https:\/\/zakrasnejsivimperk.cz\/?p=374078\" target=\"_blank\" rel=\"noopener\">PETR \u0160T\u011aP\u00c1NEK: Dolansk\u00e9ho ned\u011bln\u00ed ve\u0159ejnopr\u00e1vn\u00ed koncentr\u00e1t demagogie<\/a><\/h6>\n<h6 class=\"entry-title\"><a href=\"https:\/\/zakrasnejsivimperk.cz\/?p=372904\" target=\"_blank\" rel=\"noopener\">PETR \u0160T\u011aP\u00c1NEK: \u0160okuj\u00edc\u00ed vys\u00edl\u00e1n\u00ed \u010cT: Tohle by si nedovolila ani televize za komunismu<\/a><\/h6>\n<h6 class=\"entry-title\"><a href=\"https:\/\/zakrasnejsivimperk.cz\/?p=372539\" target=\"_blank\" rel=\"noopener\">PETR \u0160T\u011aP\u00c1NEK: Jak to Jourov\u00e1 s \u010cT a \u010cRo nedomyslela<\/a><\/h6>\n<h6 class=\"entry-title\"><a href=\"https:\/\/zakrasnejsivimperk.cz\/?p=370512\" target=\"_blank\" rel=\"noopener\">PETR \u0160T\u011aP\u00c1NEK: \u201eMcrussismus\u201c ve stop\u00e1ch \u201emccarthismu\u201c<\/a><\/h6>\n<h6 class=\"entry-title\"><a href=\"https:\/\/zakrasnejsivimperk.cz\/?p=370304\" target=\"_blank\" rel=\"noopener\">PETR \u0160T\u011aP\u00c1NEK: Kan\u00e1rek v politice<\/a><\/h6>\n<h6 class=\"entry-title\"><a href=\"https:\/\/zakrasnejsivimperk.cz\/?p=370063\" target=\"_blank\" rel=\"noopener\">PETR \u0160T\u011aP\u00c1NEK: Moravec ven!<\/a><\/h6>\n<h6 class=\"entry-title\"><a href=\"https:\/\/zakrasnejsivimperk.cz\/?p=369938\" target=\"_blank\" rel=\"noopener\">PETR \u0160T\u011aP\u00c1NEK: O samozvan\u00fdch spasitel\u00edch z um\u011bleck\u00e9ho ghetta<\/a><\/h6>\n<h6 class=\"entry-title\"><a href=\"https:\/\/zakrasnejsivimperk.cz\/?p=369615\" target=\"_blank\" rel=\"noopener\">PETR \u0160T\u011aP\u00c1NEK: Izrael, \u00cdr\u00e1n, Trump a dvoj\u00ed metr op\u011bt v akci<\/a><\/h6>\n<h6 class=\"entry-title\"><a href=\"https:\/\/zakrasnejsivimperk.cz\/?p=369406\" target=\"_blank\" rel=\"noopener\">PETR \u0160T\u011aP\u00c1NEK: Okamura k Moravcovi? aneb Dev\u011bt let poru\u0161ov\u00e1n\u00ed z\u00e1kona<\/a><\/h6>\n<h6 class=\"entry-title\"><a href=\"https:\/\/zakrasnejsivimperk.cz\/?p=369151\" target=\"_blank\" rel=\"noopener\">PETR \u0160T\u011aP\u00c1NEK: V\u00e1lka na Ukrajin\u011b by nikdy neza\u010dala, kdyby\u2026<\/a><\/h6>\n<h6 class=\"entry-title\"><a href=\"https:\/\/zakrasnejsivimperk.cz\/?p=368820\" target=\"_blank\" rel=\"noopener\">PETR \u0160T\u011aP\u00c1NEK: \u010cesk\u00e1 televize jako koncentr\u00e1t p\u0159evr\u00e1cen\u00e9 reality<\/a><\/h6>\n<h6 class=\"entry-title\"><a href=\"https:\/\/zakrasnejsivimperk.cz\/?p=368484\" target=\"_blank\" rel=\"noopener\">PETR \u0160T\u011aP\u00c1NEK: Mor\u00e1ln\u00ed k\u00fd\u010d, nebo st\u00e1tn\u00ed p\u0159evrat?<\/a><\/h6>\n<h6 class=\"entry-title\"><a href=\"https:\/\/zakrasnejsivimperk.cz\/?p=368250\" target=\"_blank\" rel=\"noopener\">PETR \u0160T\u011aP\u00c1NEK: Zam\u011bstnanci \u010cT a \u010cRo shodili \u0161krabo\u0161ku<\/a><\/h6>\n<h6 class=\"entry-title\"><a href=\"https:\/\/zakrasnejsivimperk.cz\/?p=367305\" target=\"_blank\" rel=\"noopener\">PETR \u0160T\u011aP\u00c1NEK: Ve\u0159ejnopr\u00e1vn\u00ed m\u00e9dia nejsou nez\u00e1visl\u00fdm informa\u010dn\u00edm zdrojem, n\u00fdbr\u017e propagandistick\u00fdm n\u00e1strojem<\/a><\/h6>\n<h6 class=\"entry-title\"><a href=\"https:\/\/zakrasnejsivimperk.cz\/?p=367000\" target=\"_blank\" rel=\"noopener\">PETR \u0160T\u011aP\u00c1NEK: Koncesion\u00e1\u0159sk\u00e9 poplatky a destrukce demokracie prost\u0159ednictv\u00edm Sen\u00e1tu<\/a><\/h6>\n<h6 class=\"entry-title\"><a href=\"https:\/\/zakrasnejsivimperk.cz\/?p=366243\" target=\"_blank\" rel=\"noopener\">PETR \u0160T\u011aP\u00c1NEK: Promarn\u011bn\u00e1 p\u0159\u00edle\u017eitost prezidenta Pavla<\/a><\/h6>\n<h6 class=\"entry-title\"><a href=\"https:\/\/zakrasnejsivimperk.cz\/?p=365410\" target=\"_blank\" rel=\"noopener\">PETR \u0160T\u011aP\u00c1NEK: Zelen\u00fd kab\u00e1tek s rudou pod\u0161\u00edvkou<\/a><\/h6>\n<h6 class=\"entry-title\"><a href=\"https:\/\/zakrasnejsivimperk.cz\/?p=364264\" target=\"_blank\" rel=\"noopener\">PETR \u0160T\u011aP\u00c1NEK: S cestovkou CK Parlament za hranice v\u0161edn\u00edch dn\u016f<\/a><\/h6>\n<h6 class=\"entry-title\"><a href=\"https:\/\/zakrasnejsivimperk.cz\/?p=363905\" target=\"_blank\" rel=\"noopener\">PETR \u0160T\u011aP\u00c1NEK: Petr Pavel zdr\u017eoval a zdr\u017euje, se\u010d mu s\u00edly sta\u010d\u00ed<\/a><\/h6>\n<h6 class=\"entry-title\"><a href=\"https:\/\/zakrasnejsivimperk.cz\/?p=363568\" target=\"_blank\" rel=\"noopener\">PETR \u0160T\u011aP\u00c1NEK: Hlava XXII na \u010desk\u00fd zp\u016fsob<\/a><\/h6>\n<h6 class=\"entry-title\"><a href=\"https:\/\/zakrasnejsivimperk.cz\/?p=361491\" target=\"_blank\" rel=\"noopener\">PETR \u0160T\u011aP\u00c1NEK: Kdo vol\u00ed politick\u00e9 krysa\u0159e?<\/a><\/h6>\n<h6 class=\"entry-title\"><a href=\"https:\/\/zakrasnejsivimperk.cz\/?p=361876\" target=\"_blank\" rel=\"noopener\">PETR \u0160T\u011aP\u00c1NEK: Nejtrapn\u011bj\u0161\u00ed st\u00e1tn\u00ed sv\u00e1tek? 17. listopad!<\/a><\/h6>\n<h6 class=\"entry-title\"><a href=\"https:\/\/zakrasnejsivimperk.cz\/?p=360469\" target=\"_blank\" rel=\"noopener\">PETR \u0160T\u011aP\u00c1NEK: \u010cesk\u00e1 televize: t\u00fdden co t\u00fdden \u010dty\u0159i ku jedn\u00e9<\/a><\/h6>\n<h6 class=\"entry-title\"><a href=\"https:\/\/zakrasnejsivimperk.cz\/?p=360183\" target=\"_blank\" rel=\"noopener\">PETR \u0160T\u011aP\u00c1NEK: Dost bylo Masaryka! aneb S Evropskou uni\u00ed na v\u011b\u010dn\u00e9 \u010dasy!<\/a><\/h6>\n<h6 class=\"entry-title\"><a href=\"https:\/\/zakrasnejsivimperk.cz\/?p=359695\" target=\"_blank\" rel=\"noopener\">PETR \u0160T\u011aP\u00c1NEK: Progresivistick\u00e1 idiocie<\/a><\/h6>\n<h6 class=\"entry-title\"><a href=\"https:\/\/zakrasnejsivimperk.cz\/?p=359609\" target=\"_blank\" rel=\"noopener\">PETR \u0160T\u011aP\u00c1NEK: Nejv\u011bt\u0161\u00ed \u0161k\u016fdci? Prezident a premi\u00e9r!<\/a><\/h6>\n<h6 class=\"entry-title\"><a href=\"https:\/\/zakrasnejsivimperk.cz\/?p=359557\" target=\"_blank\" rel=\"noopener\">PETR \u0160T\u011aP\u00c1NEK: Politick\u00e9 televizn\u00ed debaty se staly nekoukateln\u00fdmi<\/a><\/h6>\n<h6 class=\"entry-title\"><a href=\"https:\/\/zakrasnejsivimperk.cz\/?p=357861\" target=\"_blank\" rel=\"noopener\">PETR \u0160T\u011aP\u00c1NEK: Stru\u010dn\u00e9 pojedn\u00e1n\u00ed o politick\u00fdch magorech<\/a><\/h6>\n<h6 class=\"entry-title\"><a href=\"https:\/\/zakrasnejsivimperk.cz\/?p=356574\" target=\"_blank\" rel=\"noopener\">PETR \u0160T\u011aP\u00c1NEK: Justi\u010dn\u00ed pu\u010dist\u00e9 si zahr\u00e1vaj\u00ed s ohn\u011bm<\/a><\/h6>\n<h6 class=\"entry-title\"><a href=\"https:\/\/zakrasnejsivimperk.cz\/?p=356571\" target=\"_blank\" rel=\"noopener\">PETR \u0160T\u011aP\u00c1NEK: Vr\u00e1tili jsme se do totality<\/a><\/h6>\n<h6 class=\"entry-title\"><a href=\"https:\/\/zakrasnejsivimperk.cz\/?p=342089\" target=\"_blank\" rel=\"noopener\">PETR \u0160T\u011aP\u00c1NEK: Panoptikum \u010desk\u00fdch eurokomisa\u0159\u016f<\/a><\/h6>\n<h6 class=\"entry-title\"><a href=\"https:\/\/zakrasnejsivimperk.cz\/?p=340640\" target=\"_blank\" rel=\"noopener\">PETR \u0160T\u011aP\u00c1NEK: \u010cesk\u00e1 televize ve slu\u017eb\u00e1ch Velk\u00e9ho bruselsk\u00e9ho bratra<\/a><\/h6>\n<h6 class=\"entry-title\"><a href=\"https:\/\/zakrasnejsivimperk.cz\/?p=340104\" target=\"_blank\" rel=\"noopener\">PETR \u0160T\u011aP\u00c1NEK: Migrace: promarn\u011bn\u00e1 dek\u00e1da<\/a><\/h6>\n<h6 class=\"entry-title\"><a href=\"https:\/\/zakrasnejsivimperk.cz\/?p=339557\" target=\"_blank\" rel=\"noopener\">PETR \u0160T\u011aP\u00c1NEK: Tibetsk\u00fd virus<\/a><\/h6>\n<h6 class=\"entry-title\"><a href=\"https:\/\/zakrasnejsivimperk.cz\/?p=339446\" target=\"_blank\" rel=\"noopener\">PETR \u0160T\u011aP\u00c1NEK: Klaus, Me\u010diar, Trump, Putin \u2013 jak se to r\u00fdmuje?<\/a><\/h6>\n<h6 class=\"entry-title\"><a href=\"https:\/\/zakrasnejsivimperk.cz\/?p=328882\" target=\"_blank\" rel=\"noopener\">PETR \u0160T\u011aP\u00c1NEK: Nejtrapn\u011bj\u0161\u00ed st\u00e1tn\u00ed sv\u00e1tek<\/a><\/h6>\n<h6 class=\"entry-title\"><a href=\"https:\/\/zakrasnejsivimperk.cz\/?p=328092\" target=\"_blank\" rel=\"noopener\">PETR \u0160T\u011aP\u00c1NEK: Trump\u016fv d\u011bjinn\u00fd paradox<\/a><\/h6>\n<h6 class=\"entry-title\"><a href=\"https:\/\/zakrasnejsivimperk.cz\/?p=326002\" target=\"_blank\" rel=\"noopener\">PETR \u0160T\u011aP\u00c1NEK: Za zmatky s platy mohou nestoudn\u00ed soudci<\/a><\/h6>\n<h6 class=\"entry-title\"><a href=\"https:\/\/zakrasnejsivimperk.cz\/?p=323222\" target=\"_blank\" rel=\"noopener\">PETR \u0160T\u011aP\u00c1NEK: Velk\u00fd koali\u010dn\u00ed podvod: z vl\u00e1dn\u00edch stran zbyly jen n\u00e1zvy<\/a><\/h6>\n<h6><a href=\"https:\/\/zakrasnejsivimperk.cz\/?p=313721\" target=\"_blank\" rel=\"noopener\">PETR \u0160T\u011aP\u00c1NEK: Nekrm hydru! aneb M\u00e1me toho dost<\/a><\/h6>\n<h6><a href=\"https:\/\/zakrasnejsivimperk.cz\/?p=308474\" target=\"_blank\" rel=\"noopener\">PETR \u0160T\u011aP\u00c1NEK: To se n\u00e1m to soud\u00ed, kdy\u017e to plat\u00ed da\u0148ov\u00ed poplatn\u00edci!<\/a><\/h6>\n<h6><a href=\"https:\/\/zakrasnejsivimperk.cz\/?p=307584\" target=\"_blank\" rel=\"noopener\">PETR \u0160T\u011aP\u00c1NEK: P\u011bt kul\u00ed v Handlov\u00e9 a dvoj\u00ed metr pseudoliber\u00e1l\u016f<\/a><\/h6>\n<h6><a href=\"https:\/\/zakrasnejsivimperk.cz\/?p=306888\" target=\"_blank\" rel=\"noopener\">PETR \u0160T\u011aP\u00c1NEK: Ob\u00e1vejme se apo\u0161tol\u016f smrti!<\/a><\/h6>\n<h6><a href=\"https:\/\/zakrasnejsivimperk.cz\/?p=306706\" target=\"_blank\" rel=\"noopener\">PETR \u0160T\u011aP\u00c1NEK: Nen\u00ed to m\u00e1lo, soudruhu prezidente?<\/a><\/h6>\n<h6><a href=\"https:\/\/zakrasnejsivimperk.cz\/?p=305783\" target=\"_blank\" rel=\"noopener\">PETR \u0160T\u011aP\u00c1NEK: Koudelka je pro na\u0161i zemi bezpe\u010dnostn\u00edm rizikem<\/a><\/h6>\n<hr \/>\n<p>&nbsp;<\/p>\n","protected":false},"excerpt":{"rendered":"<p>Tak tohle <\/p>\n","protected":false},"author":2,"featured_media":373137,"comment_status":"open","ping_status":"open","sticky":false,"template":"","format":"gallery","meta":{"footnotes":""},"categories":[11,121],"tags":[],"jetpack_featured_media_url":"https:\/\/zakrasnejsivimperk.cz\/wp-content\/uploads\/2026\/04\/18\/stepanek-190426.jpg","_links":{"self":[{"href":"https:\/\/zakrasnejsivimperk.cz\/index.php?rest_route=\/wp\/v2\/posts\/373136"}],"collection":[{"href":"https:\/\/zakrasnejsivimperk.cz\/index.php?rest_route=\/wp\/v2\/posts"}],"about":[{"href":"https:\/\/zakrasnejsivimperk.cz\/index.php?rest_route=\/wp\/v2\/types\/post"}],"author":[{"embeddable":true,"href":"https:\/\/zakrasnejsivimperk.cz\/index.php?rest_route=\/wp\/v2\/users\/2"}],"replies":[{"embeddable":true,"href":"https:\/\/zakrasnejsivimperk.cz\/index.php?rest_route=%2Fwp%2Fv2%2Fcomments&post=373136"}],"version-history":[{"count":3,"href":"https:\/\/zakrasnejsivimperk.cz\/index.php?rest_route=\/wp\/v2\/posts\/373136\/revisions"}],"predecessor-version":[{"id":374358,"href":"https:\/\/zakrasnejsivimperk.cz\/index.php?rest_route=\/wp\/v2\/posts\/373136\/revisions\/374358"}],"wp:featuredmedia":[{"embeddable":true,"href":"https:\/\/zakrasnejsivimperk.cz\/index.php?rest_route=\/wp\/v2\/media\/373137"}],"wp:attachment":[{"href":"https:\/\/zakrasnejsivimperk.cz\/index.php?rest_route=%2Fwp%2Fv2%2Fmedia&parent=373136"}],"wp:term":[{"taxonomy":"category","embeddable":true,"href":"https:\/\/zakrasnejsivimperk.cz\/index.php?rest_route=%2Fwp%2Fv2%2Fcategories&post=373136"},{"taxonomy":"post_tag","embeddable":true,"href":"https:\/\/zakrasnejsivimperk.cz\/index.php?rest_route=%2Fwp%2Fv2%2Ftags&post=373136"}],"curies":[{"name":"wp","href":"https:\/\/api.w.org\/{rel}","templated":true}]}}