{"id":373003,"date":"2026-04-26T18:31:30","date_gmt":"2026-04-26T17:31:30","guid":{"rendered":"https:\/\/zakrasnejsivimperk.cz\/?p=373003"},"modified":"2026-04-26T19:36:56","modified_gmt":"2026-04-26T18:36:56","slug":"jizni-cechy-zacina-cyklosezona-2026-idealni-destinace-pro-aktivni-dovolenou","status":"publish","type":"post","link":"https:\/\/zakrasnejsivimperk.cz\/?p=373003","title":{"rendered":"JI\u017dN\u00cd \u010cECHY: Za\u010d\u00edn\u00e1 cyklosezona 2026. Ide\u00e1ln\u00ed destinace pro aktivn\u00ed dovolenou"},"content":{"rendered":"<p><img loading=\"lazy\" decoding=\"async\" class=\"aligncenter wp-image-373004 size-full\" src=\"https:\/\/zakrasnejsivimperk.cz\/wp-content\/uploads\/2026\/04\/16\/jizni-cechy-cyklo-1.jpg\" alt=\"\" width=\"1040\" height=\"763\" srcset=\"https:\/\/zakrasnejsivimperk.cz\/wp-content\/uploads\/2026\/04\/16\/jizni-cechy-cyklo-1.jpg 1040w, https:\/\/zakrasnejsivimperk.cz\/wp-content\/uploads\/2026\/04\/16\/jizni-cechy-cyklo-1-300x220.jpg 300w, https:\/\/zakrasnejsivimperk.cz\/wp-content\/uploads\/2026\/04\/16\/jizni-cechy-cyklo-1-1024x751.jpg 1024w, https:\/\/zakrasnejsivimperk.cz\/wp-content\/uploads\/2026\/04\/16\/jizni-cechy-cyklo-1-768x563.jpg 768w, https:\/\/zakrasnejsivimperk.cz\/wp-content\/uploads\/2026\/04\/16\/jizni-cechy-cyklo-1-487x357.jpg 487w, https:\/\/zakrasnejsivimperk.cz\/wp-content\/uploads\/2026\/04\/16\/jizni-cechy-cyklo-1-658x483.jpg 658w\" sizes=\"(max-width: 1040px) 100vw, 1040px\" \/><\/p>\n<p>&nbsp;<\/p>\n<h6>S p\u0159\u00edchodem jara se jiho\u010desk\u00e9 cyklostezky op\u011bt pln\u00ed nad\u0161enci do pohybu. Tepl\u00e9 po\u010das\u00ed u\u017e mnoh\u00e9 cyklisty nal\u00e1kalo na prvn\u00ed vyj\u00ed\u017e\u010fky, ofici\u00e1ln\u00ed zah\u00e1jen\u00ed cyklistick\u00e9 sezony v Jiho\u010desk\u00e9m kraji v\u0161ak p\u0159ipad\u00e1 na sobotu 9. kv\u011btna. Region krom\u011b zah\u00e1jen\u00ed \u010dek\u00e1 i n\u011bkolik dal\u0161\u00edch ,zaj\u00edmav\u00fdch cyklo akc\u00ed, kter\u00e9 ka\u017edoro\u010dn\u011b p\u0159itahuj\u00ed stovky \u00fa\u010dastn\u00edk\u016f v\u0161ech generac\u00ed.<\/h6>\n<p><img loading=\"lazy\" decoding=\"async\" class=\"size-medium wp-image-178503 alignright\" src=\"https:\/\/zakrasnejsivimperk.cz\/wp-content\/uploads\/2019\/12\/03\/ji\u017en\u00ed-\u010dechy-opravdov\u00e1-l\u00e1ska-logo-300x140.png\" alt=\"\" width=\"300\" height=\"140\" srcset=\"https:\/\/zakrasnejsivimperk.cz\/wp-content\/uploads\/2019\/12\/03\/ji\u017en\u00ed-\u010dechy-opravdov\u00e1-l\u00e1ska-logo-300x140.png 300w, https:\/\/zakrasnejsivimperk.cz\/wp-content\/uploads\/2019\/12\/03\/ji\u017en\u00ed-\u010dechy-opravdov\u00e1-l\u00e1ska-logo-768x358.png 768w, https:\/\/zakrasnejsivimperk.cz\/wp-content\/uploads\/2019\/12\/03\/ji\u017en\u00ed-\u010dechy-opravdov\u00e1-l\u00e1ska-logo-765x357.png 765w, https:\/\/zakrasnejsivimperk.cz\/wp-content\/uploads\/2019\/12\/03\/ji\u017en\u00ed-\u010dechy-opravdov\u00e1-l\u00e1ska-logo.png 960w\" sizes=\"(max-width: 300px) 100vw, 300px\" \/>Ji\u017en\u00ed \u010cechy zvou v\u0161echny milovn\u00edky kol, p\u0159\u00edrody i aktivn\u00edho odpo\u010dinku na pestr\u00fd za\u010d\u00e1tek cyklistick\u00e9 sezony. Nab\u00edz\u00ed t\u00e9m\u011b\u0159 10000 kilometr\u016f zna\u010den\u00fdch cyklotras, co\u017e je nejv\u00edce v \u010cesk\u00e9 republice. D\u00edky rozmanit\u00e9 krajin\u011b si zde ka\u017ed\u00fd najde to sv\u00e9 \u2013 pohodov\u00e9 trasy kolem rybn\u00edk\u016f a \u0159ek pro rodiny s d\u011btmi a\u017e po klikat\u00e9 lesn\u00ed cesty nebo n\u00e1ro\u010dn\u011bj\u0161\u00ed horsk\u00e9 \u00faseky na \u0160umav\u011b pro zku\u0161en\u00e9 sportovce.<\/p>\n<p><em>\u201eJi\u017en\u00ed \u010cechy jsou skute\u010dn\u00fdm r\u00e1jem cyklist\u016f a dlouhodob\u011b pat\u0159\u00ed mezi nejvyhled\u00e1van\u011bj\u0161\u00ed cykloregiony. Kombinace kr\u00e1sn\u00e9 p\u0159\u00edrody, historick\u00fdch pam\u00e1tek a kvalitn\u00ed infrastruktury d\u011bl\u00e1 z regionu ide\u00e1ln\u00ed m\u00edsto pro aktivn\u00ed v\u00edkend nebo del\u0161\u00ed pobyt v regionu,\u201c<\/em> dod\u00e1v\u00e1 Tereza Proch\u00e1zkov\u00e1, vedouc\u00ed dom\u00e1c\u00edho cestovn\u00edho ruchu Jiho\u010desk\u00e9 centr\u00e1ly cestovn\u00edho ruchu.<\/p>\n<p>Cyklistickou sez\u00f3nu ka\u017edoro\u010dn\u011b doprov\u00e1z\u00ed i \u0159ada akc\u00ed a festival\u016f. N\u00e1v\u0161t\u011bvn\u00edci se mohou t\u011b\u0161it na tradi\u010dn\u00ed cykloj\u00edzdy, tematick\u00e9 v\u00fdlety i doprovodn\u00e9 kulturn\u00ed programy, kter\u00e9 propojuj\u00ed sport, z\u00e1bavu a pozn\u00e1v\u00e1n\u00ed regionu.<\/p>\n<p>Ofici\u00e1ln\u00ed zah\u00e1jen\u00ed odstartuje v ji\u017en\u00edch \u010cech\u00e1ch druh\u00fd kv\u011btnov\u00fd t\u00fdden v p\u00edseck\u00e9 obci Sk\u00e1ly s n\u00e1zvem \u201cNa kole, kam oko ze Zlat\u00e9 hory dohl\u00e9dne\u201d. Cyklist\u00e9 si mohou vybrat z krat\u0161\u00ed nebo del\u0161\u00ed trasy, kter\u00e9 vedou malebnou krajinou ji\u017en\u00edho c\u00edpu P\u00edsecka, \u010d\u00e1ste\u010dn\u011b zasahuj\u00ed na Strakonicko a jsou vedeny po m\u00e1lo frekventovan\u00fdch komunikac\u00edch i zpevn\u011bn\u00fdch a nezpevn\u011bn\u00fdch cest\u00e1ch. Akce je vhodn\u00e1 pro v\u0161echny typy kol i rekrea\u010dn\u00ed cyklisty a v c\u00edli je p\u0159ipraven doprovodn\u00fd program.<\/p>\n<p>Ve stejn\u00e9m obdob\u00ed nab\u00eddne \u0160umava adrenalinov\u00e9 z\u00e1vody jako Rouvy Grand Prix Vimperk (9.\u201310. kv\u011btna), na Lipensku to je pak nap\u0159\u00edklad Blinduro 500+ (8.\u201310. kv\u011btna) nebo \u010dervnov\u00fd Festival KolemKolem (5.6. \u2013 7.6.)<\/p>\n<p>T\u0159ebo\u0148sku cyklistickou sezonu otev\u0159e 16. kv\u011btna tradi\u010dn\u00ed akce T\u0159ebo\u0148sk\u00e1 \u0161lapka, kter\u00e1 nab\u00eddne n\u011bkolik zna\u010den\u00fdch tras r\u016fzn\u00e9 d\u00e9lky i obt\u00ed\u017enosti. M\u016f\u017eete tak poznat kr\u00e1sy T\u0159ebo\u0148ska ze sedla kola, chyb\u011bt nebude ani doprovodn\u00fd program a sout\u011b\u017ee.<\/p>\n<p>Region nab\u00edz\u00ed i atraktivn\u00ed d\u00e1lkov\u00e9 cyklotrasy, nap\u0159\u00edklad mezin\u00e1rodn\u00ed trasu EuroVelo 13, kter\u00e1 vede pod\u00e9l b\u00fdval\u00e9 \u017eelezn\u00e9 opony a propojuje zaj\u00edmav\u00e1 historick\u00e1 m\u00edsta.<\/p>\n<p>Obl\u00edben\u00e9 jsou tak\u00e9 tematick\u00e9 trasy \u2013 nap\u0159\u00edklad pod\u00e9l jiho\u010desk\u00fdch \u0159ek, mezi rybn\u00edky T\u0159ebo\u0148ska nebo v oblasti Lipenska a \u0160umavy. Tyto trasy kombinuj\u00ed aktivn\u00ed pohyb s pozn\u00e1v\u00e1n\u00edm kulturn\u00edch i p\u0159\u00edrodn\u00edch zaj\u00edmavost\u00ed regionu.<\/p>\n<p>Na ofici\u00e1ln\u00edm turistick\u00e9m port\u00e1lu <a href=\"https:\/\/www.jiznicechy.cz\/top\/135-100-cyklovyletu-v-jiznich-cechach?utm_source=chatgpt.com\" target=\"_blank\" rel=\"noopener\"><strong>100+ cyklov\u00fdlet\u016f v ji\u017en\u00edch \u010cech\u00e1ch<\/strong><\/a> najdou n\u00e1v\u0161t\u011bvn\u00edci inspiraci pro v\u00fdlety v\u0161ech typ\u016f. Trasy vedou malebnou krajinou ji\u017en\u00edch \u010cech, kolem historick\u00fdch m\u011bst, hrad\u016f a z\u00e1mk\u016f i pod\u00e9l klidn\u00fdch \u0159ek a jezer.<\/p>\n<p>K dispozici jsou tak\u00e9 p\u0159ehledy p\u016fj\u010doven kol a elektrokol nebo tipy na m\u00edsta, kde lze dob\u00edt baterie e-bik\u016f, co\u017e usnad\u0148uje pl\u00e1nov\u00e1n\u00ed v\u00fdlet\u016f i m\u00e9n\u011b zku\u0161en\u00fdm cyklist\u016fm.<\/p>\n<p>&nbsp;<\/p>\n<p><strong>Text a foto: (tz-jccr)<\/strong><\/p>\n<p>&nbsp;<\/p>\n<p><img loading=\"lazy\" decoding=\"async\" class=\"aligncenter wp-image-373005 size-full\" src=\"https:\/\/zakrasnejsivimperk.cz\/wp-content\/uploads\/2026\/04\/16\/jizni-cechy-cyklo-2.jpg\" alt=\"\" width=\"1040\" height=\"694\" srcset=\"https:\/\/zakrasnejsivimperk.cz\/wp-content\/uploads\/2026\/04\/16\/jizni-cechy-cyklo-2.jpg 1040w, https:\/\/zakrasnejsivimperk.cz\/wp-content\/uploads\/2026\/04\/16\/jizni-cechy-cyklo-2-300x200.jpg 300w, https:\/\/zakrasnejsivimperk.cz\/wp-content\/uploads\/2026\/04\/16\/jizni-cechy-cyklo-2-1024x683.jpg 1024w, https:\/\/zakrasnejsivimperk.cz\/wp-content\/uploads\/2026\/04\/16\/jizni-cechy-cyklo-2-768x512.jpg 768w, https:\/\/zakrasnejsivimperk.cz\/wp-content\/uploads\/2026\/04\/16\/jizni-cechy-cyklo-2-535x357.jpg 535w, https:\/\/zakrasnejsivimperk.cz\/wp-content\/uploads\/2026\/04\/16\/jizni-cechy-cyklo-2-724x483.jpg 724w\" sizes=\"(max-width: 1040px) 100vw, 1040px\" \/><\/p>\n<p>&nbsp;<\/p>\n<p><img loading=\"lazy\" decoding=\"async\" class=\"aligncenter wp-image-373006 size-full\" src=\"https:\/\/zakrasnejsivimperk.cz\/wp-content\/uploads\/2026\/04\/16\/jizni-cechy-cyklo-3.jpg\" alt=\"\" width=\"1040\" height=\"694\" srcset=\"https:\/\/zakrasnejsivimperk.cz\/wp-content\/uploads\/2026\/04\/16\/jizni-cechy-cyklo-3.jpg 1040w, https:\/\/zakrasnejsivimperk.cz\/wp-content\/uploads\/2026\/04\/16\/jizni-cechy-cyklo-3-300x200.jpg 300w, https:\/\/zakrasnejsivimperk.cz\/wp-content\/uploads\/2026\/04\/16\/jizni-cechy-cyklo-3-1024x683.jpg 1024w, https:\/\/zakrasnejsivimperk.cz\/wp-content\/uploads\/2026\/04\/16\/jizni-cechy-cyklo-3-768x512.jpg 768w, https:\/\/zakrasnejsivimperk.cz\/wp-content\/uploads\/2026\/04\/16\/jizni-cechy-cyklo-3-535x357.jpg 535w, https:\/\/zakrasnejsivimperk.cz\/wp-content\/uploads\/2026\/04\/16\/jizni-cechy-cyklo-3-724x483.jpg 724w\" sizes=\"(max-width: 1040px) 100vw, 1040px\" \/><\/p>\n<hr \/>\n<p>&nbsp;<\/p>\n","protected":false},"excerpt":{"rendered":"<p>&nbsp; S <\/p>\n","protected":false},"author":2,"featured_media":373007,"comment_status":"open","ping_status":"open","sticky":false,"template":"","format":"gallery","meta":{"footnotes":""},"categories":[70,72],"tags":[],"jetpack_featured_media_url":"https:\/\/zakrasnejsivimperk.cz\/wp-content\/uploads\/2026\/04\/16\/ram-jccr.jpg","_links":{"self":[{"href":"https:\/\/zakrasnejsivimperk.cz\/index.php?rest_route=\/wp\/v2\/posts\/373003"}],"collection":[{"href":"https:\/\/zakrasnejsivimperk.cz\/index.php?rest_route=\/wp\/v2\/posts"}],"about":[{"href":"https:\/\/zakrasnejsivimperk.cz\/index.php?rest_route=\/wp\/v2\/types\/post"}],"author":[{"embeddable":true,"href":"https:\/\/zakrasnejsivimperk.cz\/index.php?rest_route=\/wp\/v2\/users\/2"}],"replies":[{"embeddable":true,"href":"https:\/\/zakrasnejsivimperk.cz\/index.php?rest_route=%2Fwp%2Fv2%2Fcomments&post=373003"}],"version-history":[{"count":1,"href":"https:\/\/zakrasnejsivimperk.cz\/index.php?rest_route=\/wp\/v2\/posts\/373003\/revisions"}],"predecessor-version":[{"id":373008,"href":"https:\/\/zakrasnejsivimperk.cz\/index.php?rest_route=\/wp\/v2\/posts\/373003\/revisions\/373008"}],"wp:featuredmedia":[{"embeddable":true,"href":"https:\/\/zakrasnejsivimperk.cz\/index.php?rest_route=\/wp\/v2\/media\/373007"}],"wp:attachment":[{"href":"https:\/\/zakrasnejsivimperk.cz\/index.php?rest_route=%2Fwp%2Fv2%2Fmedia&parent=373003"}],"wp:term":[{"taxonomy":"category","embeddable":true,"href":"https:\/\/zakrasnejsivimperk.cz\/index.php?rest_route=%2Fwp%2Fv2%2Fcategories&post=373003"},{"taxonomy":"post_tag","embeddable":true,"href":"https:\/\/zakrasnejsivimperk.cz\/index.php?rest_route=%2Fwp%2Fv2%2Ftags&post=373003"}],"curies":[{"name":"wp","href":"https:\/\/api.w.org\/{rel}","templated":true}]}}