{"id":372256,"date":"2026-04-07T10:56:18","date_gmt":"2026-04-07T09:56:18","guid":{"rendered":"https:\/\/zakrasnejsivimperk.cz\/?p=372256"},"modified":"2026-04-14T14:33:41","modified_gmt":"2026-04-14T13:33:41","slug":"nase-mesto-vimperk-jak-to-vidi-mistostarosta-zdenek-kuncl-tech-par-mist-na-sidlisti-znamena-v-poslednich-peti-letech-cca-100-novych-parkovacich-mist-reakce-na-clanek-zastupitele","status":"publish","type":"post","link":"https:\/\/zakrasnejsivimperk.cz\/?p=372256","title":{"rendered":"NA\u0160E M\u011aSTO VIMPERK: Jak to vid\u00ed m\u00edstostarosta Zden\u011bk Kuncl &#8211; T\u011bch \u201ep\u00e1r\u201c m\u00edst na s\u00eddli\u0161ti znamen\u00e1 v posledn\u00edch p\u011bti letech cca 100 nov\u00fdch parkovac\u00edch m\u00edst (reakce na \u010dl\u00e1nek zastupitele Pavla Dvo\u0159\u00e1ka)"},"content":{"rendered":"<h6>V minul\u00fdch dnech byl zve\u0159ejn\u011bn Pavlem Dvo\u0159\u00e1kem <a href=\"https:\/\/zakrasnejsivimperk.cz\/?p=372209\" target=\"_blank\" rel=\"noopener\">\u010dl\u00e1nek<\/a>, kdy se pro\u0161el po s\u00eddli\u0161ti a nosn\u00fdm t\u00e9matem tohoto \u010dl\u00e1nku je parkov\u00e1n\u00ed v t\u00e9to lokalit\u011b. Cituji doslova z \u010dl\u00e1nku <em>\u201eT\u011bch p\u00e1r m\u00edst, co se tam na\u0161lo v posledn\u00edch letech nic ne\u0159e\u0161\u00ed&#8230; Na\u0161\u00ed koalic\u00ed, \u0159\u00edd\u00edc\u00ed m\u011bsto v l\u00e9tech 2017\u201318, byla v r\u00e1mci projektu ,Chytr\u00e9 s\u00eddli\u0161t\u011b&#8217; vypracov\u00e1na studie parkovi\u0161t\u011b et\u00e1\u017eov\u00e9ho typu. Ud\u011blat jednopodla\u017en\u00ed parking pil\u00ed\u0159ov\u00e9ho typu pro 80-90 m\u00edst i s mo\u017enost\u00ed roz\u0161\u00ed\u0159en\u00ed je stavebn\u011b rychl\u00e9. Pro v\u00fdstavbu ve svahu u Detvy jde o hodn\u011b zaj\u00edmav\u00e9 m\u00edsto. Rozpo\u010det 25\u201330 milion\u016f korun by byl kryt mo\u017en\u00fdmi dotacemi, priv\u00e1tn\u00edm a firemn\u00ed sektorem a dal\u0161\u00edm ,hled\u00e1n\u00edm pen\u011bz&#8217; (obl\u00edben\u00e1 v\u011bta sou\u010dasn\u00e9ho veden\u00ed radnice)\u201c.<\/em><\/h6>\n<h4>Jak\u00e1 je realita:<\/h4>\n<p><img loading=\"lazy\" decoding=\"async\" class=\"size-medium wp-image-372258 alignright\" src=\"https:\/\/zakrasnejsivimperk.cz\/wp-content\/uploads\/2026\/04\/07\/zdenek-kuncl-mistostarosta-249x300.jpg\" alt=\"\" width=\"249\" height=\"300\" srcset=\"https:\/\/zakrasnejsivimperk.cz\/wp-content\/uploads\/2026\/04\/07\/zdenek-kuncl-mistostarosta-249x300.jpg 249w, https:\/\/zakrasnejsivimperk.cz\/wp-content\/uploads\/2026\/04\/07\/zdenek-kuncl-mistostarosta-297x357.jpg 297w, https:\/\/zakrasnejsivimperk.cz\/wp-content\/uploads\/2026\/04\/07\/zdenek-kuncl-mistostarosta.jpg 319w\" sizes=\"(max-width: 249px) 100vw, 249px\" \/>Souhlas\u00edm, \u017ee nejenom na s\u00eddli\u0161ti b\u00fdv\u00e1 s parkov\u00e1n\u00edm probl\u00e9m. Pan b\u00fdval\u00fd starosta ov\u0161em uv\u00e1d\u00ed \u0159adu nep\u0159esnost\u00ed, tak\u017ee pro po\u0159\u00e1dek. Ano, v roce 2018 byla pod veden\u00edm pana Dvo\u0159\u00e1ka my\u0161lenka parkovac\u00edho domu pro v\u00fdstavbu ve svahu u Detvy \u0159e\u0161ena.<\/p>\n<p><strong>Fakta<\/strong> jsou, \u017ee m\u011bsto m\u00e1 stavebn\u00ed povolen\u00ed na dvoupodla\u017en\u00ed parkovac\u00ed d\u016fm s po\u010dtem parkovac\u00edch m\u00edst 124, ale znamen\u00e1 to zru\u0161en\u00ed parkovi\u0161t\u011b vedle v\u00fdm\u011bn\u00edku pod SNP s kapacitou 55 parkovac\u00edch m\u00edst. M\u00edsto parkovi\u0161t\u011b je navr\u017eeno p\u0159\u00edzem\u00ed parkovac\u00edho domu s kapacitou 63 m\u00edst. <strong>Re\u00e1ln\u011b by p\u0159ibylo 69 nov\u00fdch parkovac\u00edch m\u00edst.<\/strong> Tedy 124 vznikne a 55 bude nahrazeno, 124-55=69 nov\u00fdch park. m\u00edst. J<strong>in\u00fd projekt na jednopodla\u017en\u00ed parkovac\u00ed d\u016fm m\u011bsto nem\u00e1, nikdy nem\u011blo.<\/strong> Ani nev\u00edm nic o priv\u00e1tn\u00edm a firemn\u00edm sektoru, nic takov\u00e9ho na m\u011bst\u011b nen\u00ed, \u017e\u00e1dn\u00e9 p\u0159edjednan\u00e9 p\u00edsemn\u00e9 informace nejsou.<\/p>\n<p>Rozpo\u010dtovan\u00e1 cena dvoupodla\u017en\u00edho parkovac\u00edho domu <strong>upozor\u0148uji v cen\u00e1ch roku 2018 je 40 070 182 K\u010d,<\/strong> v\u010detn\u011b dan\u011b. Nen\u00ed mi zn\u00e1mo a v minulosti jsme zji\u0161\u0165ovali, jak\u00fdkoliv dota\u010dn\u00ed titul na tento druh investici.<\/p>\n<p>Nen\u00ed pravda, \u017ee jsme vybudovali \u201ep\u00e1r\u201c m\u00edst na s\u00eddli\u0161ti.<\/p>\n<p><strong>2021<\/strong><\/p>\n<p>Lu\u010dn\u00ed ulice \u2013 celkem <strong>22<\/strong> nov\u00fdch parkovac\u00edch m\u00edst p\u0159i rekonstrukci cel\u00e9 ulice.<\/p>\n<p>Vimperk, panelov\u00e9 s\u00eddli\u0161t\u011b \u2013 parkovac\u00ed m\u00edsta \u2013 1. etapa &#8211; cca 35 park. M\u00edst.<\/p>\n<p><strong>2022<\/strong><\/p>\n<p>Vimperk, panelov\u00e9 s\u00eddli\u0161t\u011b \u2013 parkovac\u00ed m\u00edsta \u2013 2. etapa \u2013 cca <strong>30<\/strong> park. m\u00edst.<\/p>\n<p><strong>2023<\/strong><\/p>\n<p>Vimperk, parkovac\u00ed st\u00e1n\u00ed v ulici K Rokli \u2013 cca <strong>11<\/strong> m\u00edst.<\/p>\n<p>Vimperk, parkovac\u00ed st\u00e1n\u00ed u v\u00fdm\u011bn\u00edku gymn\u00e1zia \u2013 cca <strong>4<\/strong> m\u00edsta.<\/p>\n<p>Prim\u00e1rn\u011b jde o parkovac\u00ed m\u00edsta po cel\u00e9m s\u00eddli\u0161ti, aby byla v dosahu pro jednotliv\u00e9 ulice a za \u00fapln\u011b jin\u00e9 pen\u00edze, ne\u017e byl my\u0161len\u00fd parkovac\u00ed d\u016fm. Pro zaj\u00edmavost &#8211; vysout\u011b\u017een\u00e1 cena v roce 2021 a 2022 byla na 2 etapy v\u00fdstavby 3.750.451 K\u010d a vzniklo cca 55 m\u00edst.<\/p>\n<p><strong>T\u011bch \u201ep\u00e1r\u201c m\u00edst tedy znamen\u00e1 v posledn\u00edch 5 letech cca 100 nov\u00fdch parkovac\u00edch m\u00edst.<\/strong><\/p>\n<p>A je\u0161t\u011b informace <strong>k m\u00edstu nad Detvou,<\/strong> o kter\u00e9m pan b\u00fdval\u00fd starosta p\u00ed\u0161e. Nechali jsme zpracovat projekt a v leto\u0161n\u00edm roce jsou v rozpo\u010dtu p\u0159ipraveny pen\u00edze na zah\u00e1jen\u00ed demolice v\u00fdm\u011bn\u00edku, p\u0159elo\u017eku teplovodu, nov\u00e9 ve\u0159ejn\u00e9 osv\u011btlen\u00ed, vybudov\u00e1n\u00ed schodi\u0161t\u011b ke spodn\u00edmu chodn\u00edku, rekonstrukci poj\u00edzdn\u00e9ho p\u00e1su st\u00e1vaj\u00edc\u00edho parkovi\u0161t\u011b. Uvid\u00edme, zda se cel\u00e1 akce povede letos dokon\u010dit, ale v\u00fdsledkem t\u00e9to stavebn\u00ed akce bude, \u017ee by na m\u00edst\u011b nepot\u0159ebn\u00e9ho v\u00fdm\u011bn\u00edku m\u011blo vzniknou &#8211; <strong>roz\u0161\u00ed\u0159en\u00ed st\u00e1vaj\u00edc\u00edho parkovi\u0161t\u011b o v\u00edce ne\u017e 30 parkovac\u00edch m\u00edst.<\/strong><\/p>\n<p>Na z\u00e1v\u011br si dovol\u00edm informaci, \u017ee m\u00e1me vyprojektov\u00e1no dal\u0161\u00edch cca 20 \u2013 30 m\u00edst rozprost\u0159en\u00fdch po s\u00eddli\u0161ti a za kl\u00ed\u010dov\u00e9 pova\u017euji, \u017ee se n\u00e1m v lo\u0148sk\u00e9m roce poda\u0159ilo, jako z\u00e1sadn\u00ed strategick\u00fd krok, koupit pozemek na konci ulice K Rokli &#8211; celkem 3597 m2 za cenu 3.600.000,- K\u010d, kdy toto rozhodnut\u00ed umo\u017en\u00ed \u0159e\u0161it p\u0159\u00edpadn\u00e9 roz\u0161\u00ed\u0159en\u00ed parkovac\u00ed plochy na konci t\u00e9to ulice. Zda a kdy k tomu dojde, bude na rozhodnut\u00ed budouc\u00edho zastupitelstva m\u011bsta a prioritn\u00edho pl\u00e1nov\u00e1n\u00ed v r\u00e1mci jednotliv\u00fdch rozpo\u010dt\u016f m\u011bsta Vimperk.<\/p>\n<p>Pro p\u0159ipomenut\u00ed p\u0159ikl\u00e1d\u00e1m fotografie, kter\u00e9 dokazuj\u00ed investi\u010dn\u00ed aktivity m\u011bsta, o kter\u00fdch se zmi\u0148uji.<\/p>\n<p>&nbsp;<\/p>\n<p><strong>Zden\u011bk KUNCL, m\u00edstostarosta m\u011bsta Vimperk<\/strong><\/p>\n<p>Foto: archiv m\u011bsta<\/p>\n<p>&nbsp;<\/p>\n<figure id=\"attachment_372259\" aria-describedby=\"caption-attachment-372259\" style=\"width: 1100px\" class=\"wp-caption aligncenter\"><img loading=\"lazy\" decoding=\"async\" class=\"wp-image-372259 size-full\" src=\"https:\/\/zakrasnejsivimperk.cz\/wp-content\/uploads\/2026\/04\/07\/ulice-Mirova-u-Detvy.jpg\" alt=\"\" width=\"1100\" height=\"825\" srcset=\"https:\/\/zakrasnejsivimperk.cz\/wp-content\/uploads\/2026\/04\/07\/ulice-Mirova-u-Detvy.jpg 1100w, https:\/\/zakrasnejsivimperk.cz\/wp-content\/uploads\/2026\/04\/07\/ulice-Mirova-u-Detvy-300x225.jpg 300w, https:\/\/zakrasnejsivimperk.cz\/wp-content\/uploads\/2026\/04\/07\/ulice-Mirova-u-Detvy-1024x768.jpg 1024w, https:\/\/zakrasnejsivimperk.cz\/wp-content\/uploads\/2026\/04\/07\/ulice-Mirova-u-Detvy-768x576.jpg 768w, https:\/\/zakrasnejsivimperk.cz\/wp-content\/uploads\/2026\/04\/07\/ulice-Mirova-u-Detvy-476x357.jpg 476w, https:\/\/zakrasnejsivimperk.cz\/wp-content\/uploads\/2026\/04\/07\/ulice-Mirova-u-Detvy-644x483.jpg 644w\" sizes=\"(max-width: 1100px) 100vw, 1100px\" \/><figcaption id=\"caption-attachment-372259\" class=\"wp-caption-text\">Ulice M\u00edrov\u00e1 u Detvy<\/figcaption><\/figure>\n<p>&nbsp;<\/p>\n<figure id=\"attachment_372260\" aria-describedby=\"caption-attachment-372260\" style=\"width: 825px\" class=\"wp-caption aligncenter\"><img loading=\"lazy\" decoding=\"async\" class=\"wp-image-372260 size-full\" src=\"https:\/\/zakrasnejsivimperk.cz\/wp-content\/uploads\/2026\/04\/07\/ulice-Mirova-u-Lucni.jpg\" alt=\"\" width=\"825\" height=\"1100\" srcset=\"https:\/\/zakrasnejsivimperk.cz\/wp-content\/uploads\/2026\/04\/07\/ulice-Mirova-u-Lucni.jpg 825w, https:\/\/zakrasnejsivimperk.cz\/wp-content\/uploads\/2026\/04\/07\/ulice-Mirova-u-Lucni-225x300.jpg 225w, https:\/\/zakrasnejsivimperk.cz\/wp-content\/uploads\/2026\/04\/07\/ulice-Mirova-u-Lucni-768x1024.jpg 768w, https:\/\/zakrasnejsivimperk.cz\/wp-content\/uploads\/2026\/04\/07\/ulice-Mirova-u-Lucni-268x357.jpg 268w, https:\/\/zakrasnejsivimperk.cz\/wp-content\/uploads\/2026\/04\/07\/ulice-Mirova-u-Lucni-362x483.jpg 362w\" sizes=\"(max-width: 825px) 100vw, 825px\" \/><figcaption id=\"caption-attachment-372260\" class=\"wp-caption-text\">Ulice M\u00edrov\u00e1 u Lu\u010dn\u00ed<\/figcaption><\/figure>\n<p>&nbsp;<\/p>\n<figure id=\"attachment_372261\" aria-describedby=\"caption-attachment-372261\" style=\"width: 1100px\" class=\"wp-caption aligncenter\"><img loading=\"lazy\" decoding=\"async\" class=\"wp-image-372261 size-full\" src=\"https:\/\/zakrasnejsivimperk.cz\/wp-content\/uploads\/2026\/04\/07\/ulice-Mirova-u-SNP.jpg\" alt=\"\" width=\"1100\" height=\"825\" srcset=\"https:\/\/zakrasnejsivimperk.cz\/wp-content\/uploads\/2026\/04\/07\/ulice-Mirova-u-SNP.jpg 1100w, https:\/\/zakrasnejsivimperk.cz\/wp-content\/uploads\/2026\/04\/07\/ulice-Mirova-u-SNP-300x225.jpg 300w, https:\/\/zakrasnejsivimperk.cz\/wp-content\/uploads\/2026\/04\/07\/ulice-Mirova-u-SNP-1024x768.jpg 1024w, https:\/\/zakrasnejsivimperk.cz\/wp-content\/uploads\/2026\/04\/07\/ulice-Mirova-u-SNP-768x576.jpg 768w, https:\/\/zakrasnejsivimperk.cz\/wp-content\/uploads\/2026\/04\/07\/ulice-Mirova-u-SNP-476x357.jpg 476w, https:\/\/zakrasnejsivimperk.cz\/wp-content\/uploads\/2026\/04\/07\/ulice-Mirova-u-SNP-644x483.jpg 644w\" sizes=\"(max-width: 1100px) 100vw, 1100px\" \/><figcaption id=\"caption-attachment-372261\" class=\"wp-caption-text\">Ulice M\u00edrov\u00e1 u SNP<\/figcaption><\/figure>\n<p>&nbsp;<\/p>\n<figure id=\"attachment_372262\" aria-describedby=\"caption-attachment-372262\" style=\"width: 825px\" class=\"wp-caption aligncenter\"><img loading=\"lazy\" decoding=\"async\" class=\"wp-image-372262 size-full\" src=\"https:\/\/zakrasnejsivimperk.cz\/wp-content\/uploads\/2026\/04\/07\/ulice-Mirova-u-skolky.jpg\" alt=\"\" width=\"825\" height=\"1100\" srcset=\"https:\/\/zakrasnejsivimperk.cz\/wp-content\/uploads\/2026\/04\/07\/ulice-Mirova-u-skolky.jpg 825w, https:\/\/zakrasnejsivimperk.cz\/wp-content\/uploads\/2026\/04\/07\/ulice-Mirova-u-skolky-225x300.jpg 225w, https:\/\/zakrasnejsivimperk.cz\/wp-content\/uploads\/2026\/04\/07\/ulice-Mirova-u-skolky-768x1024.jpg 768w, https:\/\/zakrasnejsivimperk.cz\/wp-content\/uploads\/2026\/04\/07\/ulice-Mirova-u-skolky-268x357.jpg 268w, https:\/\/zakrasnejsivimperk.cz\/wp-content\/uploads\/2026\/04\/07\/ulice-Mirova-u-skolky-362x483.jpg 362w\" sizes=\"(max-width: 825px) 100vw, 825px\" \/><figcaption id=\"caption-attachment-372262\" class=\"wp-caption-text\">Ulice M\u00edrov\u00e1 u mate\u0159sk\u00e9 \u0161koly<\/figcaption><\/figure>\n<p>&nbsp;<\/p>\n<figure id=\"attachment_372263\" aria-describedby=\"caption-attachment-372263\" style=\"width: 825px\" class=\"wp-caption aligncenter\"><img loading=\"lazy\" decoding=\"async\" class=\"wp-image-372263 size-full\" src=\"https:\/\/zakrasnejsivimperk.cz\/wp-content\/uploads\/2026\/04\/07\/ulice-Mirova-u-vecerky.jpg\" alt=\"\" width=\"825\" height=\"1100\" srcset=\"https:\/\/zakrasnejsivimperk.cz\/wp-content\/uploads\/2026\/04\/07\/ulice-Mirova-u-vecerky.jpg 825w, https:\/\/zakrasnejsivimperk.cz\/wp-content\/uploads\/2026\/04\/07\/ulice-Mirova-u-vecerky-225x300.jpg 225w, https:\/\/zakrasnejsivimperk.cz\/wp-content\/uploads\/2026\/04\/07\/ulice-Mirova-u-vecerky-768x1024.jpg 768w, https:\/\/zakrasnejsivimperk.cz\/wp-content\/uploads\/2026\/04\/07\/ulice-Mirova-u-vecerky-268x357.jpg 268w, https:\/\/zakrasnejsivimperk.cz\/wp-content\/uploads\/2026\/04\/07\/ulice-Mirova-u-vecerky-362x483.jpg 362w\" sizes=\"(max-width: 825px) 100vw, 825px\" \/><figcaption id=\"caption-attachment-372263\" class=\"wp-caption-text\">Ulice M\u00edrov\u00e1 u ve\u010derky<\/figcaption><\/figure>\n<p>&nbsp;<\/p>\n<figure id=\"attachment_372264\" aria-describedby=\"caption-attachment-372264\" style=\"width: 825px\" class=\"wp-caption aligncenter\"><img loading=\"lazy\" decoding=\"async\" class=\"wp-image-372264 size-full\" src=\"https:\/\/zakrasnejsivimperk.cz\/wp-content\/uploads\/2026\/04\/07\/ulice-mirova-u-vymeniku.jpg\" alt=\"\" width=\"825\" height=\"1100\" srcset=\"https:\/\/zakrasnejsivimperk.cz\/wp-content\/uploads\/2026\/04\/07\/ulice-mirova-u-vymeniku.jpg 825w, https:\/\/zakrasnejsivimperk.cz\/wp-content\/uploads\/2026\/04\/07\/ulice-mirova-u-vymeniku-225x300.jpg 225w, https:\/\/zakrasnejsivimperk.cz\/wp-content\/uploads\/2026\/04\/07\/ulice-mirova-u-vymeniku-768x1024.jpg 768w, https:\/\/zakrasnejsivimperk.cz\/wp-content\/uploads\/2026\/04\/07\/ulice-mirova-u-vymeniku-268x357.jpg 268w, https:\/\/zakrasnejsivimperk.cz\/wp-content\/uploads\/2026\/04\/07\/ulice-mirova-u-vymeniku-362x483.jpg 362w\" sizes=\"(max-width: 825px) 100vw, 825px\" \/><figcaption id=\"caption-attachment-372264\" class=\"wp-caption-text\">Ulice M\u00edrov\u00e1 u v\u00fdm\u011bn\u00edku<\/figcaption><\/figure>\n<p>&nbsp;<\/p>\n<figure id=\"attachment_372278\" aria-describedby=\"caption-attachment-372278\" style=\"width: 1100px\" class=\"wp-caption aligncenter\"><img loading=\"lazy\" decoding=\"async\" class=\"wp-image-372278 size-full\" src=\"https:\/\/zakrasnejsivimperk.cz\/wp-content\/uploads\/2026\/04\/07\/K-Rokli-rozsireni-parkovaci-plochy-pohled-z-ulice.jpg\" alt=\"\" width=\"1100\" height=\"825\" srcset=\"https:\/\/zakrasnejsivimperk.cz\/wp-content\/uploads\/2026\/04\/07\/K-Rokli-rozsireni-parkovaci-plochy-pohled-z-ulice.jpg 1100w, https:\/\/zakrasnejsivimperk.cz\/wp-content\/uploads\/2026\/04\/07\/K-Rokli-rozsireni-parkovaci-plochy-pohled-z-ulice-300x225.jpg 300w, https:\/\/zakrasnejsivimperk.cz\/wp-content\/uploads\/2026\/04\/07\/K-Rokli-rozsireni-parkovaci-plochy-pohled-z-ulice-1024x768.jpg 1024w, https:\/\/zakrasnejsivimperk.cz\/wp-content\/uploads\/2026\/04\/07\/K-Rokli-rozsireni-parkovaci-plochy-pohled-z-ulice-768x576.jpg 768w, https:\/\/zakrasnejsivimperk.cz\/wp-content\/uploads\/2026\/04\/07\/K-Rokli-rozsireni-parkovaci-plochy-pohled-z-ulice-476x357.jpg 476w, https:\/\/zakrasnejsivimperk.cz\/wp-content\/uploads\/2026\/04\/07\/K-Rokli-rozsireni-parkovaci-plochy-pohled-z-ulice-644x483.jpg 644w\" sizes=\"(max-width: 1100px) 100vw, 1100px\" \/><figcaption id=\"caption-attachment-372278\" class=\"wp-caption-text\">K Rokli &#8211; roz\u0161\u00ed\u0159en\u00ed parkovac\u00ed plochy<\/figcaption><\/figure>\n<p>&nbsp;<\/p>\n<figure id=\"attachment_372279\" aria-describedby=\"caption-attachment-372279\" style=\"width: 1100px\" class=\"wp-caption aligncenter\"><img loading=\"lazy\" decoding=\"async\" class=\"wp-image-372279 size-full\" src=\"https:\/\/zakrasnejsivimperk.cz\/wp-content\/uploads\/2026\/04\/07\/K-Rokli-rozsireni-parkovaci-plochy.jpg\" alt=\"\" width=\"1100\" height=\"825\" srcset=\"https:\/\/zakrasnejsivimperk.cz\/wp-content\/uploads\/2026\/04\/07\/K-Rokli-rozsireni-parkovaci-plochy.jpg 1100w, https:\/\/zakrasnejsivimperk.cz\/wp-content\/uploads\/2026\/04\/07\/K-Rokli-rozsireni-parkovaci-plochy-300x225.jpg 300w, https:\/\/zakrasnejsivimperk.cz\/wp-content\/uploads\/2026\/04\/07\/K-Rokli-rozsireni-parkovaci-plochy-1024x768.jpg 1024w, https:\/\/zakrasnejsivimperk.cz\/wp-content\/uploads\/2026\/04\/07\/K-Rokli-rozsireni-parkovaci-plochy-768x576.jpg 768w, https:\/\/zakrasnejsivimperk.cz\/wp-content\/uploads\/2026\/04\/07\/K-Rokli-rozsireni-parkovaci-plochy-476x357.jpg 476w, https:\/\/zakrasnejsivimperk.cz\/wp-content\/uploads\/2026\/04\/07\/K-Rokli-rozsireni-parkovaci-plochy-644x483.jpg 644w\" sizes=\"(max-width: 1100px) 100vw, 1100px\" \/><figcaption id=\"caption-attachment-372279\" class=\"wp-caption-text\">K Rokli &#8211; roz\u0161\u00ed\u0159en\u00ed parkovac\u00ed plochy<\/figcaption><\/figure>\n<p>&nbsp;<\/p>\n<figure id=\"attachment_372280\" aria-describedby=\"caption-attachment-372280\" style=\"width: 960px\" class=\"wp-caption aligncenter\"><img loading=\"lazy\" decoding=\"async\" class=\"wp-image-372280 size-full\" src=\"https:\/\/zakrasnejsivimperk.cz\/wp-content\/uploads\/2026\/04\/07\/Lucni-ulice.jpg\" alt=\"\" width=\"960\" height=\"720\" srcset=\"https:\/\/zakrasnejsivimperk.cz\/wp-content\/uploads\/2026\/04\/07\/Lucni-ulice.jpg 960w, https:\/\/zakrasnejsivimperk.cz\/wp-content\/uploads\/2026\/04\/07\/Lucni-ulice-300x225.jpg 300w, https:\/\/zakrasnejsivimperk.cz\/wp-content\/uploads\/2026\/04\/07\/Lucni-ulice-768x576.jpg 768w, https:\/\/zakrasnejsivimperk.cz\/wp-content\/uploads\/2026\/04\/07\/Lucni-ulice-476x357.jpg 476w, https:\/\/zakrasnejsivimperk.cz\/wp-content\/uploads\/2026\/04\/07\/Lucni-ulice-644x483.jpg 644w\" sizes=\"(max-width: 960px) 100vw, 960px\" \/><figcaption id=\"caption-attachment-372280\" class=\"wp-caption-text\">Lu\u010dn\u00ed ulice<\/figcaption><\/figure>\n<p>&nbsp;<\/p>\n<figure id=\"attachment_372281\" aria-describedby=\"caption-attachment-372281\" style=\"width: 1100px\" class=\"wp-caption aligncenter\"><img loading=\"lazy\" decoding=\"async\" class=\"wp-image-372281 size-full\" src=\"https:\/\/zakrasnejsivimperk.cz\/wp-content\/uploads\/2026\/04\/07\/ulice-Mirova-u-cp.-435.jpg\" alt=\"\" width=\"1100\" height=\"825\" srcset=\"https:\/\/zakrasnejsivimperk.cz\/wp-content\/uploads\/2026\/04\/07\/ulice-Mirova-u-cp.-435.jpg 1100w, https:\/\/zakrasnejsivimperk.cz\/wp-content\/uploads\/2026\/04\/07\/ulice-Mirova-u-cp.-435-300x225.jpg 300w, https:\/\/zakrasnejsivimperk.cz\/wp-content\/uploads\/2026\/04\/07\/ulice-Mirova-u-cp.-435-1024x768.jpg 1024w, https:\/\/zakrasnejsivimperk.cz\/wp-content\/uploads\/2026\/04\/07\/ulice-Mirova-u-cp.-435-768x576.jpg 768w, https:\/\/zakrasnejsivimperk.cz\/wp-content\/uploads\/2026\/04\/07\/ulice-Mirova-u-cp.-435-476x357.jpg 476w, https:\/\/zakrasnejsivimperk.cz\/wp-content\/uploads\/2026\/04\/07\/ulice-Mirova-u-cp.-435-644x483.jpg 644w\" sizes=\"(max-width: 1100px) 100vw, 1100px\" \/><figcaption id=\"caption-attachment-372281\" class=\"wp-caption-text\">Ulice M\u00edrov\u00e1 u \u010dp. 435<\/figcaption><\/figure>\n<p>&nbsp;<\/p>\n<figure id=\"attachment_372265\" aria-describedby=\"caption-attachment-372265\" style=\"width: 1100px\" class=\"wp-caption aligncenter\"><img loading=\"lazy\" decoding=\"async\" class=\"wp-image-372265 size-full\" src=\"https:\/\/zakrasnejsivimperk.cz\/wp-content\/uploads\/2026\/04\/07\/vymenik-planovana-demolice-a-rozsireni-parkovaci-plochy-o-vice-jak-30-mist.jpg\" alt=\"\" width=\"1100\" height=\"620\" srcset=\"https:\/\/zakrasnejsivimperk.cz\/wp-content\/uploads\/2026\/04\/07\/vymenik-planovana-demolice-a-rozsireni-parkovaci-plochy-o-vice-jak-30-mist.jpg 1100w, https:\/\/zakrasnejsivimperk.cz\/wp-content\/uploads\/2026\/04\/07\/vymenik-planovana-demolice-a-rozsireni-parkovaci-plochy-o-vice-jak-30-mist-300x169.jpg 300w, https:\/\/zakrasnejsivimperk.cz\/wp-content\/uploads\/2026\/04\/07\/vymenik-planovana-demolice-a-rozsireni-parkovaci-plochy-o-vice-jak-30-mist-1024x577.jpg 1024w, https:\/\/zakrasnejsivimperk.cz\/wp-content\/uploads\/2026\/04\/07\/vymenik-planovana-demolice-a-rozsireni-parkovaci-plochy-o-vice-jak-30-mist-768x433.jpg 768w, https:\/\/zakrasnejsivimperk.cz\/wp-content\/uploads\/2026\/04\/07\/vymenik-planovana-demolice-a-rozsireni-parkovaci-plochy-o-vice-jak-30-mist-633x357.jpg 633w, https:\/\/zakrasnejsivimperk.cz\/wp-content\/uploads\/2026\/04\/07\/vymenik-planovana-demolice-a-rozsireni-parkovaci-plochy-o-vice-jak-30-mist-857x483.jpg 857w\" sizes=\"(max-width: 1100px) 100vw, 1100px\" \/><figcaption id=\"caption-attachment-372265\" class=\"wp-caption-text\">V\u00fdm\u011bn\u00edk &#8211; pl\u00e1novan\u00e1 demolice a roz\u0161\u00ed\u0159en\u00ed parkovi\u0161t\u011b<\/figcaption><\/figure>\n<hr \/>\n<p>&nbsp;<\/p>\n<h6>Informovali jsme:<\/h6>\n<h4><a href=\"https:\/\/zakrasnejsivimperk.cz\/?p=372209\" target=\"_blank\" rel=\"noopener\">NA\u0160E M\u011aSTO VIMPERK: Jak to vid\u00ed zastupitel Pavel Dvo\u0159\u00e1k \u2013 Z\u00e1m\u011br v\u00fdstavby et\u00e1\u017eov\u00e9ho parkovi\u0161t\u011b na Soj\u010d\u00e1ku stopla koalice Jaroslavy Martanov\u00e9<\/a><\/h4>\n<hr \/>\n<p>&nbsp;<\/p>\n","protected":false},"excerpt":{"rendered":"<p>V minul\u00fdch <\/p>\n","protected":false},"author":2,"featured_media":372267,"comment_status":"open","ping_status":"open","sticky":false,"template":"","format":"gallery","meta":{"footnotes":""},"categories":[11,121,108],"tags":[],"jetpack_featured_media_url":"https:\/\/zakrasnejsivimperk.cz\/wp-content\/uploads\/2026\/04\/07\/ram-kuncl-reakce.jpg","_links":{"self":[{"href":"https:\/\/zakrasnejsivimperk.cz\/index.php?rest_route=\/wp\/v2\/posts\/372256"}],"collection":[{"href":"https:\/\/zakrasnejsivimperk.cz\/index.php?rest_route=\/wp\/v2\/posts"}],"about":[{"href":"https:\/\/zakrasnejsivimperk.cz\/index.php?rest_route=\/wp\/v2\/types\/post"}],"author":[{"embeddable":true,"href":"https:\/\/zakrasnejsivimperk.cz\/index.php?rest_route=\/wp\/v2\/users\/2"}],"replies":[{"embeddable":true,"href":"https:\/\/zakrasnejsivimperk.cz\/index.php?rest_route=%2Fwp%2Fv2%2Fcomments&post=372256"}],"version-history":[{"count":4,"href":"https:\/\/zakrasnejsivimperk.cz\/index.php?rest_route=\/wp\/v2\/posts\/372256\/revisions"}],"predecessor-version":[{"id":372282,"href":"https:\/\/zakrasnejsivimperk.cz\/index.php?rest_route=\/wp\/v2\/posts\/372256\/revisions\/372282"}],"wp:featuredmedia":[{"embeddable":true,"href":"https:\/\/zakrasnejsivimperk.cz\/index.php?rest_route=\/wp\/v2\/media\/372267"}],"wp:attachment":[{"href":"https:\/\/zakrasnejsivimperk.cz\/index.php?rest_route=%2Fwp%2Fv2%2Fmedia&parent=372256"}],"wp:term":[{"taxonomy":"category","embeddable":true,"href":"https:\/\/zakrasnejsivimperk.cz\/index.php?rest_route=%2Fwp%2Fv2%2Fcategories&post=372256"},{"taxonomy":"post_tag","embeddable":true,"href":"https:\/\/zakrasnejsivimperk.cz\/index.php?rest_route=%2Fwp%2Fv2%2Ftags&post=372256"}],"curies":[{"name":"wp","href":"https:\/\/api.w.org\/{rel}","templated":true}]}}