{"id":372209,"date":"2026-04-06T20:07:24","date_gmt":"2026-04-06T19:07:24","guid":{"rendered":"https:\/\/zakrasnejsivimperk.cz\/?p=372209"},"modified":"2026-04-10T12:52:14","modified_gmt":"2026-04-10T11:52:14","slug":"nase-mesto-vimperk-jak-to-vidi-pavel-dvorak-zamer-vystavby-etazoveho-parkoviste-na-sojcaku-stopla-koalice-jaroslavy-martanove","status":"publish","type":"post","link":"https:\/\/zakrasnejsivimperk.cz\/?p=372209","title":{"rendered":"NA\u0160E M\u011aSTO VIMPERK: Jak to vid\u00ed zastupitel Pavel Dvo\u0159\u00e1k \u2013 Z\u00e1m\u011br v\u00fdstavby et\u00e1\u017eov\u00e9ho parkovi\u0161t\u011b na Soj\u010d\u00e1ku stopla koalice Jaroslavy Martanov\u00e9"},"content":{"rendered":"<h6>\u0160el jsem se proj\u00edt na Soj\u010d\u00e1k, s\u00eddli\u0161t\u011b, kde jsem \u0161estat\u0159icet let bydlel. A zastavil mne kamar\u00e1d a dali jsme se do \u0159e\u010di. V\u011bty, co jsem usly\u0161el asi v\u0161ichni zn\u00e1te. \u201e<em>Nejv\u011bt\u0161\u00ed probl\u00e9m je parkov\u00e1n\u00ed, jsme tady na\u0161tvan\u00ed, a moc. \u017d\u00e1dn\u00fd syst\u00e9m, m\u00e1\u0161 \u0161t\u011bst\u00ed, kdy\u017e nave\u010der chytne\u0161 flek. Tak se stoj\u00ed i tam, kde se nem\u00e1. A t\u011bch p\u00e1r m\u00edst, co se tam na\u0161lo v posledn\u00edch l\u00e9tech, nic ne\u0159e\u0161\u00ed\u201c<\/em><\/h6>\n<p><img loading=\"lazy\" decoding=\"async\" class=\"alignnone size-medium wp-image-293174 alignright\" src=\"https:\/\/zakrasnejsivimperk.cz\/wp-content\/uploads\/2023\/12\/08\/pavel_dvorak_23-xx-253x300.jpg\" alt=\"\" width=\"253\" height=\"300\" srcset=\"https:\/\/zakrasnejsivimperk.cz\/wp-content\/uploads\/2023\/12\/08\/pavel_dvorak_23-xx-253x300.jpg 253w, https:\/\/zakrasnejsivimperk.cz\/wp-content\/uploads\/2023\/12\/08\/pavel_dvorak_23-xx.jpg 271w\" sizes=\"(max-width: 253px) 100vw, 253px\" \/>Na\u0161\u00ed koalic\u00ed, \u0159\u00edd\u00edc\u00ed m\u011bsto v l\u00e9tech 2017\u201318, byla v r\u00e1mci projektu \u201eChytr\u00e9 s\u00eddli\u0161t\u011b\u201c vypracov\u00e1na studie parkovi\u0161t\u011b et\u00e1\u017eov\u00e9ho typu. Ud\u011blat jednopodla\u017en\u00ed parking pil\u00ed\u0159ov\u00e9ho typu pro 80-90 m\u00edst i s mo\u017enost\u00ed roz\u0161\u00ed\u0159en\u00ed je stavebn\u011b rychl\u00e9. Pro v\u00fdstavbu ve svahu u Detvy jde o hodn\u011b zaj\u00edmav\u00e9 m\u00edsto.<\/p>\n<p>Rozpo\u010det 25\u201330 milion\u016f korun by byl kryt mo\u017en\u00fdmi dotacemi, priv\u00e1tn\u00edm a firemn\u00ed sektorem a dal\u0161\u00edm <em>\u201ehled\u00e1n\u00edm pen\u011bz\u201c<\/em> (obl\u00edben\u00e1 v\u011bta sou\u010dasn\u00e9ho veden\u00ed radnice).<\/p>\n<p>My\u0161lenka parkingu byla, krom\u011b roz\u0161\u00ed\u0159en\u00ed parkovac\u00edch st\u00e1n\u00ed, i v tom, \u017ee tam bude v\u0161ehochu\u0165 nab\u00eddky (placen\u00e1 m\u00edsta, trval\u00e1 rezervace, monitoring, kamerov\u00e9 sledov\u00e1n\u00ed, schodi\u0161t\u011b, oboustrann\u00fd p\u0159\u00edjezd atd.) pro obyvatele s\u00eddli\u0161t\u011b. \u0158ada lid\u00ed ze Soj\u010d\u00e1ku se n\u00e1s ptala na mo\u017enost finan\u010dn\u00ed rezervace, placen\u00e9ho m\u00edsta, p\u0159edplatn\u00e9ho atd.<\/p>\n<p>Na podzim 2018 volby ve m\u011bst\u011b vyhr\u00e1la koalice veden\u00e1 Jaroslavou Martanovou (Kuncl, T. Samek, Han\u017el a S\u00fds), kter\u00e1 v na\u0161em z\u00e1m\u011bru d\u00e1l nepokra\u010dovala.<\/p>\n<p>Zvolila si cestu megalomansk\u00fdch pl\u00e1n\u016f na rekonstrukci Steinbrenerov\u00fdch tisk\u00e1ren (skromn\u00fd odhad za 250 mil. K\u010d) a stavbu nov\u00e9 velk\u00e9 mate\u0159sk\u00e9 \u0161koly pro 108 d\u011bt\u00ed (stavba kolem 120\u2013150 mil. K\u010d). A to v\u0161e bez dopadov\u00fdch investi\u010dn\u00edch anal\u00fdz, demografie, zd\u016fvodn\u011bn\u00ed priorit atd.<\/p>\n<p>\u0158ada zastupitel\u016f, nejen j\u00e1, to pova\u017euje za \u0161patnou volbu. Dnes b\u011b\u017e\u00ed za 30 mil. K\u010d projek\u010dn\u00ed pr\u00e1ce. A plat\u00ed se smlouvy na projekty, miliony na mezin\u00e1rodn\u00ed sout\u011b\u017ee, monitoring atd.<\/p>\n<p>Sou\u010dasn\u00e1 koalice dostala volbami 2018 \u201emoc si s m\u011bstem d\u011blat co chce\u201c. Maj\u00ed v zastupitelstvu dost \u201esv\u00fdch\u201c \u017eidl\u00ed, koali\u010dn\u00ed smlouva jasn\u011b zavazuje jak hlasovat.<\/p>\n<p><em>\u201eM\u011bsto p\u0159ece nem\u00e1 povinnost\u2026\u201c<\/em> zazn\u011blo n\u011bkolikr\u00e1t vyj\u00e1d\u0159en\u00ed veden\u00ed radnice na audioz\u00e1znam ze zased\u00e1n\u00ed zastupitelstva za posledn\u00ed \u010dty\u0159i roky.<\/p>\n<p>Trv\u00e1 to ji\u017e nekone\u010dn\u00fdch osm let \u2026<\/p>\n<p>\u0160koda.<\/p>\n<p>&nbsp;<\/p>\n<p><strong>Pavel DVO\u0158\u00c1K (Jiho\u010de\u0161i 2012), zastupitel a b\u00fdval\u00fd starosta m\u011bsta<\/strong><\/p>\n<p>Foto: autor textu<\/p>\n<p>&nbsp;<\/p>\n<p><img loading=\"lazy\" decoding=\"async\" class=\"aligncenter wp-image-372210 size-full\" src=\"https:\/\/zakrasnejsivimperk.cz\/wp-content\/uploads\/2026\/04\/06\/parkovani-na-sojcaku-1.jpg\" alt=\"\" width=\"1100\" height=\"400\" srcset=\"https:\/\/zakrasnejsivimperk.cz\/wp-content\/uploads\/2026\/04\/06\/parkovani-na-sojcaku-1.jpg 1100w, https:\/\/zakrasnejsivimperk.cz\/wp-content\/uploads\/2026\/04\/06\/parkovani-na-sojcaku-1-300x109.jpg 300w, https:\/\/zakrasnejsivimperk.cz\/wp-content\/uploads\/2026\/04\/06\/parkovani-na-sojcaku-1-1024x372.jpg 1024w, https:\/\/zakrasnejsivimperk.cz\/wp-content\/uploads\/2026\/04\/06\/parkovani-na-sojcaku-1-768x279.jpg 768w, https:\/\/zakrasnejsivimperk.cz\/wp-content\/uploads\/2026\/04\/06\/parkovani-na-sojcaku-1-982x357.jpg 982w\" sizes=\"(max-width: 1100px) 100vw, 1100px\" \/><\/p>\n<p>&nbsp;<\/p>\n<p><img loading=\"lazy\" decoding=\"async\" class=\"aligncenter wp-image-372211 size-full\" src=\"https:\/\/zakrasnejsivimperk.cz\/wp-content\/uploads\/2026\/04\/06\/parkovani-na-sojcaku-2.jpg\" alt=\"\" width=\"1100\" height=\"399\" srcset=\"https:\/\/zakrasnejsivimperk.cz\/wp-content\/uploads\/2026\/04\/06\/parkovani-na-sojcaku-2.jpg 1100w, https:\/\/zakrasnejsivimperk.cz\/wp-content\/uploads\/2026\/04\/06\/parkovani-na-sojcaku-2-300x109.jpg 300w, https:\/\/zakrasnejsivimperk.cz\/wp-content\/uploads\/2026\/04\/06\/parkovani-na-sojcaku-2-1024x371.jpg 1024w, https:\/\/zakrasnejsivimperk.cz\/wp-content\/uploads\/2026\/04\/06\/parkovani-na-sojcaku-2-768x279.jpg 768w, https:\/\/zakrasnejsivimperk.cz\/wp-content\/uploads\/2026\/04\/06\/parkovani-na-sojcaku-2-984x357.jpg 984w\" sizes=\"(max-width: 1100px) 100vw, 1100px\" \/><\/p>\n<hr \/>\n<p>&nbsp;<\/p>\n<h6>Informovali jsme:<\/h6>\n<h4 class=\"entry-title\"><a href=\"https:\/\/zakrasnejsivimperk.cz\/?p=369810\" target=\"_blank\" rel=\"noopener\">JI\u017dN\u00cd \u010cECHY: M\u011bsto P\u00edsek zah\u00e1j\u00ed stavbu et\u00e1\u017eov\u00e9ho parkovi\u0161t\u011b na s\u00eddli\u0161ti Jih<\/a><\/h4>\n<p><a href=\"https:\/\/zakrasnejsivimperk.cz\/?p=369810\" target=\"_blank\" rel=\"noopener\"><img loading=\"lazy\" decoding=\"async\" class=\"aligncenter wp-image-369812 size-full\" src=\"https:\/\/zakrasnejsivimperk.cz\/wp-content\/uploads\/2026\/03\/05\/pisek-stavba-parkoviste-1.jpg\" alt=\"\" width=\"1215\" height=\"753\" srcset=\"https:\/\/zakrasnejsivimperk.cz\/wp-content\/uploads\/2026\/03\/05\/pisek-stavba-parkoviste-1.jpg 1215w, https:\/\/zakrasnejsivimperk.cz\/wp-content\/uploads\/2026\/03\/05\/pisek-stavba-parkoviste-1-300x186.jpg 300w, https:\/\/zakrasnejsivimperk.cz\/wp-content\/uploads\/2026\/03\/05\/pisek-stavba-parkoviste-1-1024x635.jpg 1024w, https:\/\/zakrasnejsivimperk.cz\/wp-content\/uploads\/2026\/03\/05\/pisek-stavba-parkoviste-1-768x476.jpg 768w, https:\/\/zakrasnejsivimperk.cz\/wp-content\/uploads\/2026\/03\/05\/pisek-stavba-parkoviste-1-576x357.jpg 576w, https:\/\/zakrasnejsivimperk.cz\/wp-content\/uploads\/2026\/03\/05\/pisek-stavba-parkoviste-1-779x483.jpg 779w\" sizes=\"(max-width: 1215px) 100vw, 1215px\" \/><\/a><\/p>\n<hr \/>\n<p>&nbsp;<\/p>\n","protected":false},"excerpt":{"rendered":"<p>\u0160el jsem <\/p>\n","protected":false},"author":2,"featured_media":372213,"comment_status":"open","ping_status":"open","sticky":false,"template":"","format":"gallery","meta":{"footnotes":""},"categories":[11,85,121,108],"tags":[],"jetpack_featured_media_url":"https:\/\/zakrasnejsivimperk.cz\/wp-content\/uploads\/2026\/04\/06\/ram-dvorak-zamer.jpg","_links":{"self":[{"href":"https:\/\/zakrasnejsivimperk.cz\/index.php?rest_route=\/wp\/v2\/posts\/372209"}],"collection":[{"href":"https:\/\/zakrasnejsivimperk.cz\/index.php?rest_route=\/wp\/v2\/posts"}],"about":[{"href":"https:\/\/zakrasnejsivimperk.cz\/index.php?rest_route=\/wp\/v2\/types\/post"}],"author":[{"embeddable":true,"href":"https:\/\/zakrasnejsivimperk.cz\/index.php?rest_route=\/wp\/v2\/users\/2"}],"replies":[{"embeddable":true,"href":"https:\/\/zakrasnejsivimperk.cz\/index.php?rest_route=%2Fwp%2Fv2%2Fcomments&post=372209"}],"version-history":[{"count":3,"href":"https:\/\/zakrasnejsivimperk.cz\/index.php?rest_route=\/wp\/v2\/posts\/372209\/revisions"}],"predecessor-version":[{"id":372257,"href":"https:\/\/zakrasnejsivimperk.cz\/index.php?rest_route=\/wp\/v2\/posts\/372209\/revisions\/372257"}],"wp:featuredmedia":[{"embeddable":true,"href":"https:\/\/zakrasnejsivimperk.cz\/index.php?rest_route=\/wp\/v2\/media\/372213"}],"wp:attachment":[{"href":"https:\/\/zakrasnejsivimperk.cz\/index.php?rest_route=%2Fwp%2Fv2%2Fmedia&parent=372209"}],"wp:term":[{"taxonomy":"category","embeddable":true,"href":"https:\/\/zakrasnejsivimperk.cz\/index.php?rest_route=%2Fwp%2Fv2%2Fcategories&post=372209"},{"taxonomy":"post_tag","embeddable":true,"href":"https:\/\/zakrasnejsivimperk.cz\/index.php?rest_route=%2Fwp%2Fv2%2Ftags&post=372209"}],"curies":[{"name":"wp","href":"https:\/\/api.w.org\/{rel}","templated":true}]}}