{"id":370246,"date":"2026-03-12T18:27:13","date_gmt":"2026-03-12T17:27:13","guid":{"rendered":"https:\/\/zakrasnejsivimperk.cz\/?p=370246"},"modified":"2026-03-12T18:28:18","modified_gmt":"2026-03-12T17:28:18","slug":"jizni-cechy-cesky-krumlov-pripravuje-novy-most-u-pivovaru","status":"publish","type":"post","link":"https:\/\/zakrasnejsivimperk.cz\/?p=370246","title":{"rendered":"JI\u017dN\u00cd \u010cECHY: M\u011bsto \u010cesk\u00fd Krumlov p\u0159ipravuje nov\u00fd most p\u0159es Vltavu u pivovaru"},"content":{"rendered":"<p><img loading=\"lazy\" decoding=\"async\" class=\"aligncenter wp-image-370252 size-full\" src=\"https:\/\/zakrasnejsivimperk.cz\/wp-content\/uploads\/2026\/03\/11\/Krumlov-pripravuje-novy-most-u-pivovaru-6.jpg\" alt=\"\" width=\"1214\" height=\"911\" srcset=\"https:\/\/zakrasnejsivimperk.cz\/wp-content\/uploads\/2026\/03\/11\/Krumlov-pripravuje-novy-most-u-pivovaru-6.jpg 1214w, https:\/\/zakrasnejsivimperk.cz\/wp-content\/uploads\/2026\/03\/11\/Krumlov-pripravuje-novy-most-u-pivovaru-6-300x225.jpg 300w, https:\/\/zakrasnejsivimperk.cz\/wp-content\/uploads\/2026\/03\/11\/Krumlov-pripravuje-novy-most-u-pivovaru-6-1024x768.jpg 1024w, https:\/\/zakrasnejsivimperk.cz\/wp-content\/uploads\/2026\/03\/11\/Krumlov-pripravuje-novy-most-u-pivovaru-6-768x576.jpg 768w, https:\/\/zakrasnejsivimperk.cz\/wp-content\/uploads\/2026\/03\/11\/Krumlov-pripravuje-novy-most-u-pivovaru-6-476x357.jpg 476w, https:\/\/zakrasnejsivimperk.cz\/wp-content\/uploads\/2026\/03\/11\/Krumlov-pripravuje-novy-most-u-pivovaru-6-644x483.jpg 644w\" sizes=\"(max-width: 1214px) 100vw, 1214px\" \/><\/p>\n<p>&nbsp;<\/p>\n<h6>Pro lokalitu u pivovaru byla dokon\u010dena studie proveditelnosti a architektonicko-technick\u00e9ho \u0159e\u0161en\u00ed nov\u00e9ho mostu p\u0159es \u0159eku Vltavu u pivovaru. Studie prov\u011b\u0159ila technick\u00e9, dopravn\u00ed i architektonick\u00e9 mo\u017enosti mostu, kter\u00fd v budoucnu nahrad\u00ed st\u00e1vaj\u00edc\u00ed provizorn\u00ed p\u0159emost\u011bn\u00ed, kter\u00e9 tu slou\u017e\u00ed od povodn\u00ed v roce 2002.<\/h6>\n<p>St\u00e1vaj\u00edc\u00ed provizorn\u00ed most je podle posledn\u00edho hodnocen\u00ed ve velmi \u0161patn\u00e9m technick\u00e9m stavu. Nosn\u00e1 konstrukce mostu je klasifikov\u00e1na stupn\u011bm V \u2013 havarijn\u00ed stav, p\u0159i\u010dem\u017e pou\u017eitelnost mostu je hodnocena stupn\u011bm 4, tedy jako omezen\u011b pou\u017eiteln\u00e1.<\/p>\n<p><em>\u201eOcelov\u00e1 konstrukce mostu ji\u017e vykazuje \u0159adu poruch. V dohledn\u00e9 dob\u011b tak m\u016f\u017ee doj\u00edt k v\u00fdrazn\u00e9mu sn\u00ed\u017een\u00ed jeho \u00fanosnosti, p\u0159\u00edpadn\u011b i k nutnosti most zcela uzav\u0159\u00edt. Takov\u00fd sc\u00e9n\u00e1\u0159 by m\u011bl vzhledem k omezen\u00e9mu pr\u016fjezdu Bud\u011bjovickou branou z\u00e1sadn\u00ed dopad na dopravn\u00ed obslu\u017enost t\u00e9to \u010d\u00e1sti m\u011bsta,\u201c<\/em> \u0159\u00edk\u00e1 m\u00edstostarosta Zbyn\u011bk Toman.<\/p>\n<p>Nov\u00fd most je koncipov\u00e1n jako konstrukce o dvou spojit\u00fdch pol\u00edch se st\u0159edn\u00edm monolitick\u00fdm pil\u00ed\u0159em. Z architektonick\u00e9ho hlediska jde o subtiln\u00ed \u0159e\u0161en\u00ed s minim\u00e1ln\u00ed konstruk\u010dn\u00ed v\u00fd\u0161kou, kter\u00e9 bylo ze v\u0161ech posuzovan\u00fdch variant vyhodnoceno jako nejvhodn\u011bj\u0161\u00ed.<\/p>\n<p><em>\u201eD\u00edky \u0161t\u00edhl\u00e9 konstrukci mostovky je stavba vizu\u00e1ln\u011b velmi nen\u00e1padn\u00e1 a minim\u00e1ln\u011b se uplat\u0148uje v panoramatu historick\u00e9 z\u00e1stavby m\u011bsta na obou b\u0159ez\u00edch Vltavy. Tento efekt podpo\u0159\u00ed i jednoduch\u00e9 ocelov\u00e9 z\u00e1bradl\u00ed s vertik\u00e1ln\u00ed v\u00fdpln\u00ed v antracitov\u00e9m odst\u00ednu,\u201c<\/em> \u0159\u00edk\u00e1 investi\u010dn\u00ed technik Karel Jirovec.<\/p>\n<p>B\u0159ehov\u00e9 podpory budou tvo\u0159eny \u017eelezobetonov\u00fdmi op\u011brami, jejich\u017e um\u00edst\u011bn\u00ed umo\u017e\u0148uje p\u0159irozen\u00e9 a plynul\u00e9 napojen\u00ed na st\u00e1vaj\u00edc\u00ed komunikace na obou b\u0159ez\u00edch. N\u00e1vrh sou\u010dasn\u011b respektuje st\u00e1vaj\u00edc\u00ed kamenn\u00e9 zpevn\u011bn\u00ed b\u0159eh\u016f Vltavy, kter\u00e9 z\u016fstane zachov\u00e1no.<\/p>\n<p>Tvar mostu navazuje na charakter ostatn\u00edch most\u016f p\u0159es Vltavu v intravil\u00e1nu \u010cesk\u00e9ho Krumlova. Mostovka je navr\u017eena v m\u00edrn\u00e9m oblouku a v \u00farovni pod panoramatick\u00fdmi pohledy na historickou z\u00e1stavbu, co\u017e umo\u017en\u00ed zachovat typick\u00e9 pohledy na m\u011bsto odr\u00e1\u017eej\u00edc\u00ed se na hladin\u011b \u0159eky.<\/p>\n<p>Povrch mostn\u00ed konstrukce bude proveden ve sv\u011btl\u00e9m barevn\u00e9m t\u00f3nu, a to jak na boc\u00edch, tak na spodn\u00edm l\u00edci nad vodn\u00ed hladinou. Toto \u0159e\u0161en\u00ed pom\u016f\u017ee opticky odleh\u010dit konstrukci a podpo\u0159\u00ed vizu\u00e1ln\u00ed propojen\u00ed mostu s okoln\u00edm prost\u0159ed\u00edm.<\/p>\n<p>Nyn\u00ed bude n\u00e1sledovat zpracov\u00e1n\u00ed projektov\u00e9 dokumentace pro povolen\u00ed stavby, v\u010detn\u011b majetkopr\u00e1vn\u00edho vypo\u0159\u00e1d\u00e1n\u00ed dot\u010den\u00fdch pozemk\u016f a dal\u0161\u00edch p\u0159\u00edpravn\u00fdch krok\u016f nezbytn\u00fdch pro realizaci projektu.<\/p>\n<p>Odhadovan\u00e9 n\u00e1klady na stavbu mostu se pohybuj\u00ed kolem 55 milion\u016f korun.<\/p>\n<p><em>\u201eMost je kl\u00ed\u010dov\u00fd zejm\u00e9na pro provoz are\u00e1lu pivovaru a kl\u00e1\u0161ter\u016f, p\u0159\u00edstup na parkovi\u0161t\u011b P2, ale tak\u00e9 pro p\u0159\u00edjezd t\u011b\u017ek\u00e9 techniky integrovan\u00e9ho z\u00e1chrann\u00e9ho syst\u00e9mu a \u00fadr\u017eby do rozs\u00e1hl\u00e9 \u010d\u00e1sti historick\u00e9ho centra. Z t\u011bchto d\u016fvod\u016f pova\u017eujeme za nezbytn\u00e9 zah\u00e1jit p\u0159\u00edpravu realizace nov\u00e9ho mostu v co nejkrat\u0161\u00edm mo\u017en\u00e9m term\u00ednu,\u201c<\/em> dod\u00e1v\u00e1 m\u00edstostarosta Zbyn\u011bk Toman.<\/p>\n<p>&nbsp;<\/p>\n<p><strong>Petra NEST\u00c1VALOV\u00c1, M\u011bsto \u010cesk\u00fd Krumlov<\/strong><\/p>\n<p>Foto: archiv m\u011bsta<\/p>\n<p>&nbsp;<\/p>\n<p><img loading=\"lazy\" decoding=\"async\" class=\"aligncenter wp-image-370247 size-full\" src=\"https:\/\/zakrasnejsivimperk.cz\/wp-content\/uploads\/2026\/03\/11\/Krumlov-pripravuje-novy-most-u-pivovaru-1.jpg\" alt=\"\" width=\"1214\" height=\"911\" srcset=\"https:\/\/zakrasnejsivimperk.cz\/wp-content\/uploads\/2026\/03\/11\/Krumlov-pripravuje-novy-most-u-pivovaru-1.jpg 1214w, https:\/\/zakrasnejsivimperk.cz\/wp-content\/uploads\/2026\/03\/11\/Krumlov-pripravuje-novy-most-u-pivovaru-1-300x225.jpg 300w, https:\/\/zakrasnejsivimperk.cz\/wp-content\/uploads\/2026\/03\/11\/Krumlov-pripravuje-novy-most-u-pivovaru-1-1024x768.jpg 1024w, https:\/\/zakrasnejsivimperk.cz\/wp-content\/uploads\/2026\/03\/11\/Krumlov-pripravuje-novy-most-u-pivovaru-1-768x576.jpg 768w, https:\/\/zakrasnejsivimperk.cz\/wp-content\/uploads\/2026\/03\/11\/Krumlov-pripravuje-novy-most-u-pivovaru-1-476x357.jpg 476w, https:\/\/zakrasnejsivimperk.cz\/wp-content\/uploads\/2026\/03\/11\/Krumlov-pripravuje-novy-most-u-pivovaru-1-644x483.jpg 644w\" sizes=\"(max-width: 1214px) 100vw, 1214px\" \/><\/p>\n<p>&nbsp;<\/p>\n<p><img loading=\"lazy\" decoding=\"async\" class=\"aligncenter wp-image-370248 size-full\" src=\"https:\/\/zakrasnejsivimperk.cz\/wp-content\/uploads\/2026\/03\/11\/Krumlov-pripravuje-novy-most-u-pivovaru-2.jpg\" alt=\"\" width=\"1214\" height=\"911\" srcset=\"https:\/\/zakrasnejsivimperk.cz\/wp-content\/uploads\/2026\/03\/11\/Krumlov-pripravuje-novy-most-u-pivovaru-2.jpg 1214w, https:\/\/zakrasnejsivimperk.cz\/wp-content\/uploads\/2026\/03\/11\/Krumlov-pripravuje-novy-most-u-pivovaru-2-300x225.jpg 300w, https:\/\/zakrasnejsivimperk.cz\/wp-content\/uploads\/2026\/03\/11\/Krumlov-pripravuje-novy-most-u-pivovaru-2-1024x768.jpg 1024w, https:\/\/zakrasnejsivimperk.cz\/wp-content\/uploads\/2026\/03\/11\/Krumlov-pripravuje-novy-most-u-pivovaru-2-768x576.jpg 768w, https:\/\/zakrasnejsivimperk.cz\/wp-content\/uploads\/2026\/03\/11\/Krumlov-pripravuje-novy-most-u-pivovaru-2-476x357.jpg 476w, https:\/\/zakrasnejsivimperk.cz\/wp-content\/uploads\/2026\/03\/11\/Krumlov-pripravuje-novy-most-u-pivovaru-2-644x483.jpg 644w\" sizes=\"(max-width: 1214px) 100vw, 1214px\" \/><\/p>\n<p>&nbsp;<\/p>\n<p><img loading=\"lazy\" decoding=\"async\" class=\"aligncenter wp-image-370249 size-full\" src=\"https:\/\/zakrasnejsivimperk.cz\/wp-content\/uploads\/2026\/03\/11\/Krumlov-pripravuje-novy-most-u-pivovaru-3.jpg\" alt=\"\" width=\"1214\" height=\"911\" srcset=\"https:\/\/zakrasnejsivimperk.cz\/wp-content\/uploads\/2026\/03\/11\/Krumlov-pripravuje-novy-most-u-pivovaru-3.jpg 1214w, https:\/\/zakrasnejsivimperk.cz\/wp-content\/uploads\/2026\/03\/11\/Krumlov-pripravuje-novy-most-u-pivovaru-3-300x225.jpg 300w, https:\/\/zakrasnejsivimperk.cz\/wp-content\/uploads\/2026\/03\/11\/Krumlov-pripravuje-novy-most-u-pivovaru-3-1024x768.jpg 1024w, https:\/\/zakrasnejsivimperk.cz\/wp-content\/uploads\/2026\/03\/11\/Krumlov-pripravuje-novy-most-u-pivovaru-3-768x576.jpg 768w, https:\/\/zakrasnejsivimperk.cz\/wp-content\/uploads\/2026\/03\/11\/Krumlov-pripravuje-novy-most-u-pivovaru-3-476x357.jpg 476w, https:\/\/zakrasnejsivimperk.cz\/wp-content\/uploads\/2026\/03\/11\/Krumlov-pripravuje-novy-most-u-pivovaru-3-644x483.jpg 644w\" sizes=\"(max-width: 1214px) 100vw, 1214px\" \/><\/p>\n<p>&nbsp;<\/p>\n<p><img loading=\"lazy\" decoding=\"async\" class=\"aligncenter wp-image-370250 size-full\" src=\"https:\/\/zakrasnejsivimperk.cz\/wp-content\/uploads\/2026\/03\/11\/Krumlov-pripravuje-novy-most-u-pivovaru-4.jpg\" alt=\"\" width=\"1214\" height=\"911\" srcset=\"https:\/\/zakrasnejsivimperk.cz\/wp-content\/uploads\/2026\/03\/11\/Krumlov-pripravuje-novy-most-u-pivovaru-4.jpg 1214w, https:\/\/zakrasnejsivimperk.cz\/wp-content\/uploads\/2026\/03\/11\/Krumlov-pripravuje-novy-most-u-pivovaru-4-300x225.jpg 300w, https:\/\/zakrasnejsivimperk.cz\/wp-content\/uploads\/2026\/03\/11\/Krumlov-pripravuje-novy-most-u-pivovaru-4-1024x768.jpg 1024w, https:\/\/zakrasnejsivimperk.cz\/wp-content\/uploads\/2026\/03\/11\/Krumlov-pripravuje-novy-most-u-pivovaru-4-768x576.jpg 768w, https:\/\/zakrasnejsivimperk.cz\/wp-content\/uploads\/2026\/03\/11\/Krumlov-pripravuje-novy-most-u-pivovaru-4-476x357.jpg 476w, https:\/\/zakrasnejsivimperk.cz\/wp-content\/uploads\/2026\/03\/11\/Krumlov-pripravuje-novy-most-u-pivovaru-4-644x483.jpg 644w\" sizes=\"(max-width: 1214px) 100vw, 1214px\" \/><\/p>\n<p>&nbsp;<\/p>\n<p><img loading=\"lazy\" decoding=\"async\" class=\"aligncenter wp-image-370251 size-full\" src=\"https:\/\/zakrasnejsivimperk.cz\/wp-content\/uploads\/2026\/03\/11\/Krumlov-pripravuje-novy-most-u-pivovaru-5.jpg\" alt=\"\" width=\"1214\" height=\"911\" srcset=\"https:\/\/zakrasnejsivimperk.cz\/wp-content\/uploads\/2026\/03\/11\/Krumlov-pripravuje-novy-most-u-pivovaru-5.jpg 1214w, https:\/\/zakrasnejsivimperk.cz\/wp-content\/uploads\/2026\/03\/11\/Krumlov-pripravuje-novy-most-u-pivovaru-5-300x225.jpg 300w, https:\/\/zakrasnejsivimperk.cz\/wp-content\/uploads\/2026\/03\/11\/Krumlov-pripravuje-novy-most-u-pivovaru-5-1024x768.jpg 1024w, https:\/\/zakrasnejsivimperk.cz\/wp-content\/uploads\/2026\/03\/11\/Krumlov-pripravuje-novy-most-u-pivovaru-5-768x576.jpg 768w, https:\/\/zakrasnejsivimperk.cz\/wp-content\/uploads\/2026\/03\/11\/Krumlov-pripravuje-novy-most-u-pivovaru-5-476x357.jpg 476w, https:\/\/zakrasnejsivimperk.cz\/wp-content\/uploads\/2026\/03\/11\/Krumlov-pripravuje-novy-most-u-pivovaru-5-644x483.jpg 644w\" sizes=\"(max-width: 1214px) 100vw, 1214px\" \/><\/p>\n<hr \/>\n<p>&nbsp;<\/p>\n<h4>Jin\u00e9 zpr\u00e1vy z \u010cesk\u00e9ho Krumlova:<\/h4>\n<h6 class=\"entry-title\"><a href=\"https:\/\/zakrasnejsivimperk.cz\/?p=370016\" target=\"_blank\" rel=\"noopener\">JI\u017dN\u00cd \u010cECHY: Co se d\u011bje v \u010cesk\u00e9m Krumlov\u011b. St\u0159\u00edpky ze zased\u00e1n\u00ed m\u011bstsk\u00e9 rady<\/a><\/h6>\n<h6 class=\"entry-title\"><a href=\"https:\/\/zakrasnejsivimperk.cz\/?p=369304\" target=\"_blank\" rel=\"noopener\">JI\u017dN\u00cd \u010cECHY: V \u010cesk\u00e9m Krumlov\u011b otev\u0159ou poradnu pro odvyk\u00e1n\u00ed kou\u0159en\u00ed<\/a><\/h6>\n<h6 class=\"entry-title\"><a href=\"https:\/\/zakrasnejsivimperk.cz\/?p=368366\" target=\"_blank\" rel=\"noopener\">JI\u017dN\u00cd \u010cECHY: Co se d\u011bje v \u010cesk\u00e9m Krumlov\u011b. St\u0159\u00edpky ze zased\u00e1n\u00ed m\u011bstsk\u00e9 rady<\/a><\/h6>\n<h6 class=\"entry-title\"><a href=\"https:\/\/zakrasnejsivimperk.cz\/?p=364722\" target=\"_blank\" rel=\"noopener\">JI\u017dN\u00cd \u010cECHY: Zastupitel\u00e9 \u010cesk\u00e9ho Krumlova schv\u00e1lili rozpo\u010det na leto\u0161n\u00ed rok<\/a><\/h6>\n<h6 class=\"entry-title\"><a href=\"https:\/\/zakrasnejsivimperk.cz\/?p=359728\" target=\"_blank\" rel=\"noopener\">JI\u017dN\u00cd \u010cECHY: V \u010cesk\u00e9m Krumlov\u011b za\u010dala demolice loni vyho\u0159el\u00e9ho baz\u00e9nu<\/a><\/h6>\n<h6 class=\"entry-title\"><a href=\"https:\/\/zakrasnejsivimperk.cz\/?p=358380\" target=\"_blank\" rel=\"noopener\">JI\u017dN\u00cd \u010cECHY: V Krumlov\u011b za\u010daly p\u0159\u00edpravn\u00e9 pr\u00e1ce pro demolici vyho\u0159el\u00e9ho baz\u00e9nu<\/a><\/h6>\n<h6 class=\"entry-title\"><a href=\"https:\/\/zakrasnejsivimperk.cz\/?p=353287\" target=\"_blank\" rel=\"noopener\">JI\u017dN\u00cd \u010cECHY: Dal\u0161\u00ed dru\u017estevn\u00ed d\u016fm vznikne z b\u00fdval\u00e9 vojensk\u00e9 ubytovny<\/a><\/h6>\n<h6 class=\"entry-title\"><a href=\"https:\/\/zakrasnejsivimperk.cz\/?p=351464\" target=\"_blank\" rel=\"noopener\">JI\u017dN\u00cd \u010cECHY: Pr\u00e1zdniny ve \u0161kol\u00e1ch: modernizace, opravy a speci\u00e1ln\u00ed t\u0159\u00edda<\/a><\/h6>\n<h6 class=\"entry-title\"><a href=\"https:\/\/zakrasnejsivimperk.cz\/?p=350285\" target=\"_blank\" rel=\"noopener\">JI\u017dN\u00cd \u010cECHY: \u010cesk\u00fd Krumlov uzav\u0159e partnerstv\u00ed s m\u011bstskou \u010d\u00e1st\u00ed Praha 1<\/a><\/h6>\n<h6 class=\"entry-title\"><a href=\"https:\/\/zakrasnejsivimperk.cz\/?p=347659\" target=\"_blank\" rel=\"noopener\">JI\u017dN\u00cd \u010cECHY: \u010cesk\u00fd Krumlov upravil pravidla pro vjezd vozidel do p\u011b\u0161\u00ed z\u00f3ny<\/a><\/h6>\n<h6 class=\"entry-title\"><a href=\"https:\/\/zakrasnejsivimperk.cz\/?p=347885\" target=\"_blank\" rel=\"noopener\">JI\u017dN\u00cd \u010cECHY: T\u0159i osobnosti p\u0159evzaly Cenu m\u011bsta \u010cesk\u00fd Krumlov za rok 2024<\/a><\/h6>\n<h6 class=\"entry-title\"><a href=\"https:\/\/zakrasnejsivimperk.cz\/?p=346416\" target=\"_blank\" rel=\"noopener\">JI\u017dN\u00cd \u010cECHY: Krumlovsk\u00e1 n\u00e1plavka nese jm\u00e9no v\u00fdtvarn\u00edka Miroslava P\u00e1rala<\/a><\/h6>\n<h6 class=\"entry-title\"><a href=\"https:\/\/zakrasnejsivimperk.cz\/?p=346270\" target=\"_blank\" rel=\"noopener\">STALO SE DNES: Most dr. Edvarda Bene\u0161e v \u010cesk\u00e9m Krumlov\u011b se vr\u00e1til po rekonstrukci do provozu<\/a><\/h6>\n<h6 class=\"entry-title\"><a href=\"https:\/\/zakrasnejsivimperk.cz\/?p=344533\" target=\"_blank\" rel=\"noopener\">JI\u017dN\u00cd \u010cECHY: \u010cesk\u00fd Krumlov na cest\u011b k titulu M\u011bsto p\u0159\u00e1telsk\u00e9 k d\u011btem<\/a><\/h6>\n<h6 class=\"entry-title\"><a href=\"https:\/\/zakrasnejsivimperk.cz\/?p=343814\" target=\"_blank\" rel=\"noopener\">JI\u017dN\u00cd \u010cECHY: Filipojakubsk\u00e1 noc a prvn\u00ed m\u00e1j? V \u010cesk\u00e9m Krumlov\u011b jedin\u011b kouzeln\u011b!<\/a><\/h6>\n<h6 class=\"entry-title\"><a href=\"https:\/\/zakrasnejsivimperk.cz\/?p=342521\" target=\"_blank\" rel=\"noopener\">JI\u017dN\u00cd \u010cECHY: \u010cesk\u00fd Krumlov o\u017eije velikono\u010dn\u00edmi tradicemi, chut\u011bmi a z\u00e1bavou pro celou rodinu<\/a><\/h6>\n<h6 class=\"entry-title\"><a href=\"https:\/\/zakrasnejsivimperk.cz\/?p=337371\" target=\"_blank\" rel=\"noopener\">JI\u017dN\u00cd \u010cECHY: Rej masek a r\u016f\u017ei\u010dkov\u00e1 koleda p\u0159inesou atmosf\u00e9ru masopustu tak\u00e9 do \u010cesk\u00e9ho Krumlova<\/a><\/h6>\n<h6 class=\"entry-title\"><a href=\"https:\/\/zakrasnejsivimperk.cz\/?p=336056\" target=\"_blank\" rel=\"noopener\">JI\u017dN\u00cd \u010cECHY: Bezpe\u010dn\u011b ve \u0161kol\u00e1ch. \u010cesk\u00fd Krumlov klade d\u016fraz na prevenci a \u00fa\u010dinn\u00e1 praktick\u00e1 opat\u0159en\u00ed<\/a><\/h6>\n<h6 class=\"entry-title\"><a href=\"https:\/\/zakrasnejsivimperk.cz\/?p=336051\" target=\"_blank\" rel=\"noopener\">JI\u017dN\u00cd \u010cECHY: Dobr\u00fd po\u010din. \u010cesk\u00fd Krumlov zakl\u00e1d\u00e1 m\u011bstskou radu senior\u016f<\/a><\/h6>\n<h6 class=\"entry-title\"><a href=\"https:\/\/zakrasnejsivimperk.cz\/?p=332766\" target=\"_blank\" rel=\"noopener\">JI\u017dN\u00cd \u010cECHY: M\u011bsto \u010cesk\u00fd Krumlov m\u00e1 rozpo\u010det 2025 st\u0159\u00eddm\u00fd i proinvesti\u010dn\u00ed<\/a><\/h6>\n<h6 class=\"entry-title\"><a href=\"https:\/\/zakrasnejsivimperk.cz\/?p=326806\" target=\"_blank\" rel=\"noopener\">JI\u017dN\u00cd \u010cECHY: \u010c. Krumlov ru\u0161\u00ed smlouvu na koupi sb\u00edrky ilustrac\u00ed pro d\u011bti. Sb\u00edrka ve m\u011bst\u011b ale z\u016fstane<\/a><\/h6>\n<h6 class=\"entry-title\"><a href=\"https:\/\/zakrasnejsivimperk.cz\/?p=326168\" target=\"_blank\" rel=\"noopener\">JI\u017dN\u00cd \u010cECHY: Co se d\u011bje v \u010cesk\u00e9m Krumlov\u011b. Zpr\u00e1vy z jedn\u00e1n\u00ed rady i zastupitelstva<\/a><\/h6>\n<h6 class=\"entry-title\"><a href=\"https:\/\/zakrasnejsivimperk.cz\/?p=320890\" target=\"_blank\" rel=\"noopener\">JI\u017dN\u00cd \u010cECHY: Co se d\u011bje v \u010cesk\u00e9m Krumlov\u011b. Nov\u00e9 zpr\u00e1vy z jedn\u00e1n\u00ed rady m\u011bsta<\/a><\/h6>\n<h6><a href=\"https:\/\/zakrasnejsivimperk.cz\/?p=321027\" target=\"_blank\" rel=\"noopener\">JI\u017dN\u00cd \u010cECHY: Po\u017e\u00e1r zni\u010dil plaveck\u00fd baz\u00e9n, m\u011bsto jedn\u00e1 o dal\u0161\u00edch kroc\u00edch<\/a><\/h6>\n<h6><a href=\"https:\/\/zakrasnejsivimperk.cz\/?p=319435\" target=\"_blank\" rel=\"noopener\">JI\u017dN\u00cd \u010cECHY: Investice v \u010cesk\u00e9m Krumlov\u011b: Nov\u00e9 komunikace, parkovi\u0161t\u011b, schodi\u0161t\u011b, osv\u011btlen\u00ed baz\u00e9nu<\/a><\/h6>\n<h6><a href=\"https:\/\/zakrasnejsivimperk.cz\/?p=313023\" target=\"_blank\" rel=\"noopener\">JI\u017dN\u00cd \u010cECHY: Pr\u00e1zdninov\u00e9 investice do z\u00e1kladn\u00edch \u0161kol v \u010cesk\u00e9m Krumlov\u011b p\u0159es\u00e1hnou 19 milion\u016f korun<\/a><\/h6>\n<h6><a href=\"https:\/\/zakrasnejsivimperk.cz\/?p=317347\" target=\"_blank\" rel=\"noopener\">JI\u017dN\u00cd \u010cECHY: Policie odlo\u017eila vy\u0161et\u0159ov\u00e1n\u00ed podez\u0159en\u00ed z podvodu n\u00e1kupu sb\u00edrky ilustrac\u00ed<\/a><\/h6>\n<h6 class=\"entry-title\"><a href=\"https:\/\/zakrasnejsivimperk.cz\/?p=312190\" target=\"_blank\" rel=\"noopener\">JI\u017dN\u00cd \u010cECHY: Nev\u0161edn\u00ed polepy zast\u00e1vek v \u010cesk\u00e9m Krumlov\u011b chr\u00e1n\u00ed ptactvo a o\u017eivuj\u00ed historii<\/a><\/h6>\n<h6><a href=\"https:\/\/zakrasnejsivimperk.cz\/?p=311660\" target=\"_blank\" rel=\"noopener\">JI\u017dN\u00cd \u010cECHY: Nov\u00fd kruhov\u00fd objezd v \u010cesk\u00e9m Krumlov\u011b otev\u0159ou v p\u00e1tek dopoledne<\/a><\/h6>\n<h6><a href=\"https:\/\/zakrasnejsivimperk.cz\/?p=311041\" target=\"_blank\" rel=\"noopener\">JI\u017dN\u00cd \u010cECHY: Ps\u00ed \u00fatulek v \u010cesk\u00e9m Krumlov\u011b pe\u010duje o opu\u0161t\u011bn\u00e1 zv\u00ed\u0159ata u\u017e 20 let<\/a><\/h6>\n<h6><a href=\"https:\/\/zakrasnejsivimperk.cz\/?p=310375\" target=\"_blank\" rel=\"noopener\">JI\u017dN\u00cd \u010cECHY: Novogotick\u00e1 varna, srdce centra PORT 1560, kde se va\u0159ilo skv\u011bl\u00e9 pivo<\/a><\/h6>\n<h6><a href=\"https:\/\/zakrasnejsivimperk.cz\/?p=309046\" target=\"_blank\" rel=\"noopener\">JI\u017dN\u00cd \u010cECHY: Slune\u010dn\u00edky a stromy o\u017eivily prostor n\u00e1m\u011bst\u00ed Svornosti v \u010cesk\u00e9m Krumlov\u011b<\/a><\/h6>\n<h6><a href=\"https:\/\/zakrasnejsivimperk.cz\/?p=308073\" target=\"_blank\" rel=\"noopener\">JI\u017dN\u00cd \u010cECHY: Co se d\u011bje v \u010cesk\u00e9m Krumlov\u011b. St\u0159\u00edpky ze zased\u00e1n\u00ed m\u011bstsk\u00e9 rady<\/a><\/h6>\n<h6><a href=\"https:\/\/zakrasnejsivimperk.cz\/?p=307127\" target=\"_blank\" rel=\"noopener\">JI\u017dN\u00cd \u010cECHY: Pozv\u00e1nka do \u010cesk\u00e9ho Krumlova na l\u00e9to pln\u00e9 zaj\u00edmav\u00fdch akc\u00ed<\/a><\/h6>\n<h6><a href=\"https:\/\/zakrasnejsivimperk.cz\/?p=305355\" target=\"_blank\" rel=\"noopener\">JI\u017dN\u00cd \u010cECHY: Leto\u0161n\u00ed sez\u00f3na v \u010cesk\u00e9m Krumlov\u011b nab\u00eddne novou dominantu: PORT 1560<\/a><\/h6>\n<hr \/>\n<p>&nbsp;<\/p>\n","protected":false},"excerpt":{"rendered":"<p>&nbsp; Pro <\/p>\n","protected":false},"author":2,"featured_media":370252,"comment_status":"open","ping_status":"open","sticky":false,"template":"","format":"gallery","meta":{"footnotes":""},"categories":[24],"tags":[],"jetpack_featured_media_url":"https:\/\/zakrasnejsivimperk.cz\/wp-content\/uploads\/2026\/03\/11\/Krumlov-pripravuje-novy-most-u-pivovaru-6.jpg","_links":{"self":[{"href":"https:\/\/zakrasnejsivimperk.cz\/index.php?rest_route=\/wp\/v2\/posts\/370246"}],"collection":[{"href":"https:\/\/zakrasnejsivimperk.cz\/index.php?rest_route=\/wp\/v2\/posts"}],"about":[{"href":"https:\/\/zakrasnejsivimperk.cz\/index.php?rest_route=\/wp\/v2\/types\/post"}],"author":[{"embeddable":true,"href":"https:\/\/zakrasnejsivimperk.cz\/index.php?rest_route=\/wp\/v2\/users\/2"}],"replies":[{"embeddable":true,"href":"https:\/\/zakrasnejsivimperk.cz\/index.php?rest_route=%2Fwp%2Fv2%2Fcomments&post=370246"}],"version-history":[{"count":2,"href":"https:\/\/zakrasnejsivimperk.cz\/index.php?rest_route=\/wp\/v2\/posts\/370246\/revisions"}],"predecessor-version":[{"id":370329,"href":"https:\/\/zakrasnejsivimperk.cz\/index.php?rest_route=\/wp\/v2\/posts\/370246\/revisions\/370329"}],"wp:featuredmedia":[{"embeddable":true,"href":"https:\/\/zakrasnejsivimperk.cz\/index.php?rest_route=\/wp\/v2\/media\/370252"}],"wp:attachment":[{"href":"https:\/\/zakrasnejsivimperk.cz\/index.php?rest_route=%2Fwp%2Fv2%2Fmedia&parent=370246"}],"wp:term":[{"taxonomy":"category","embeddable":true,"href":"https:\/\/zakrasnejsivimperk.cz\/index.php?rest_route=%2Fwp%2Fv2%2Fcategories&post=370246"},{"taxonomy":"post_tag","embeddable":true,"href":"https:\/\/zakrasnejsivimperk.cz\/index.php?rest_route=%2Fwp%2Fv2%2Ftags&post=370246"}],"curies":[{"name":"wp","href":"https:\/\/api.w.org\/{rel}","templated":true}]}}