{"id":370016,"date":"2026-03-08T19:41:18","date_gmt":"2026-03-08T18:41:18","guid":{"rendered":"https:\/\/zakrasnejsivimperk.cz\/?p=370016"},"modified":"2026-03-08T19:41:18","modified_gmt":"2026-03-08T18:41:18","slug":"jizni-cechy-co-se-deje-v-ceskem-krumlove-stripky-ze-zasedani-mestske-rady-3","status":"publish","type":"post","link":"https:\/\/zakrasnejsivimperk.cz\/?p=370016","title":{"rendered":"JI\u017dN\u00cd \u010cECHY: Co se d\u011bje v \u010cesk\u00e9m Krumlov\u011b. St\u0159\u00edpky ze zased\u00e1n\u00ed m\u011bstsk\u00e9 rady"},"content":{"rendered":"<figure id=\"attachment_354064\" aria-describedby=\"caption-attachment-354064\" style=\"width: 1100px\" class=\"wp-caption aligncenter\"><img loading=\"lazy\" decoding=\"async\" class=\"wp-image-354064 size-full\" src=\"https:\/\/zakrasnejsivimperk.cz\/wp-content\/uploads\/2025\/08\/16\/cesky-krumlov-2-1608.jpg\" alt=\"\" width=\"1100\" height=\"618\" srcset=\"https:\/\/zakrasnejsivimperk.cz\/wp-content\/uploads\/2025\/08\/16\/cesky-krumlov-2-1608.jpg 1100w, https:\/\/zakrasnejsivimperk.cz\/wp-content\/uploads\/2025\/08\/16\/cesky-krumlov-2-1608-300x169.jpg 300w, https:\/\/zakrasnejsivimperk.cz\/wp-content\/uploads\/2025\/08\/16\/cesky-krumlov-2-1608-1024x575.jpg 1024w, https:\/\/zakrasnejsivimperk.cz\/wp-content\/uploads\/2025\/08\/16\/cesky-krumlov-2-1608-768x431.jpg 768w, https:\/\/zakrasnejsivimperk.cz\/wp-content\/uploads\/2025\/08\/16\/cesky-krumlov-2-1608-635x357.jpg 635w, https:\/\/zakrasnejsivimperk.cz\/wp-content\/uploads\/2025\/08\/16\/cesky-krumlov-2-1608-860x483.jpg 860w\" sizes=\"(max-width: 1100px) 100vw, 1100px\" \/><figcaption id=\"caption-attachment-354064\" class=\"wp-caption-text\">\u010cesk\u00fd Krumlov \/ Foto: (red) \u2013 Za kr\u00e1sn\u011bj\u0161\u00ed Vimperk<\/figcaption><\/figure>\n<hr \/>\n<p>&nbsp;<\/p>\n<h6>Rada m\u011bsta \u010cesk\u00fd Krumlov na sv\u00fdch posledn\u00edch jedn\u00e1n\u00edch projednala a schv\u00e1lila \u0159adu bod\u016f z oblasti \u0161kolstv\u00ed, energetiky i spr\u00e1vy m\u011bstsk\u00e9ho majetku. Podala \u017e\u00e1dosti o krajsk\u00e9 dotace, rozhodla o podpo\u0159e v\u00fdstavy ve ve\u0159ejn\u00e9m prostoru, p\u0159ijala dotaci na bezplatn\u00e9 \u0161koln\u00ed stravov\u00e1n\u00ed a zah\u00e1jila p\u0159\u00edpravu energetick\u00fdch a investi\u010dn\u00edch projekt\u016f. Zab\u00fdvala se tak\u00e9 \u0159e\u0161en\u00edm situace s p\u0159emno\u017een\u00fdmi holuby na s\u00eddli\u0161ti M\u00edr.<\/h6>\n<p>&nbsp;<\/p>\n<h6>P\u0159estavba b\u00fdval\u00fdch kotelen na dru\u017einu<\/h6>\n<p>Rada schv\u00e1lila pod\u00e1n\u00ed \u017e\u00e1dosti o individu\u00e1ln\u00ed dotaci z Krajsk\u00e9ho investi\u010dn\u00edho fondu Jiho\u010desk\u00e9ho kraje 2026 na projekt vyu\u017eit\u00ed star\u00fdch kotelen pro z\u0159\u00edzen\u00ed nov\u00e9ho odd\u011blen\u00ed \u0161koln\u00ed dru\u017einy Z\u0160 Ple\u0161ivec. Kapacita \u0161koln\u00ed dru\u017einy je dlouhodob\u011b napln\u011bn\u00e1, m\u011bsto proto zvolilo \u0159e\u0161en\u00ed, kter\u00e9 je ekonomicky i provozn\u011b efektivn\u00ed \u2013 p\u0159estavbu st\u00e1vaj\u00edc\u00edch, dnes ji\u017e nevyu\u017e\u00edvan\u00fdch prostor b\u00fdval\u00fdch kotelen v are\u00e1lu \u0161koly. Podle p\u0159edb\u011b\u017en\u00e9ho rozpo\u010dtu \u010din\u00ed n\u00e1klady p\u0159ibli\u017en\u011b 10 milion\u016f K\u010d. Pokud bude \u017e\u00e1dost \u00fasp\u011b\u0161n\u00e1, kraj by mohl pokr\u00fdt polovinu p\u0159edpokl\u00e1dan\u00e9 investice, zbytek by financovalo m\u011bsto ze sv\u00e9ho rozpo\u010dtu. Realizace by mohla prob\u011bhnout je\u0161t\u011b letos.<\/p>\n<p>&nbsp;<\/p>\n<h6>Dotace na bezplatn\u00e9 ob\u011bdy pro d\u011bti<\/h6>\n<p>Rada m\u011bsta souhlasila s p\u0159ijet\u00edm dotace 34 572 K\u010d z rozpo\u010dtu Jiho\u010desk\u00e9ho kraje v r\u00e1mci programu \u201eOb\u011bdy pro jiho\u010desk\u00e9 d\u011bti II.\u201c Finan\u010dn\u00ed prost\u0159edky jsou ur\u010deny na \u00fahradu \u0161koln\u00edho stravov\u00e1n\u00ed d\u011bt\u00ed z Mate\u0159sk\u00e9 \u0161koly Za Soudem, jejich\u017e rodiny se nach\u00e1zej\u00ed v nep\u0159\u00edzniv\u00e9 finan\u010dn\u00ed situaci.<\/p>\n<p>&nbsp;<\/p>\n<h6>Probl\u00e9m s p\u0159emno\u017een\u00fdmi holuby na s\u00eddli\u0161ti M\u00edr<\/h6>\n<p>Rada m\u011bsta projednala situaci t\u00fdkaj\u00edc\u00ed se v\u00fdskytu a stavu populace holub\u016f na s\u00eddli\u0161ti M\u00edr. Obyvatel\u00e9 s\u00eddli\u0161t\u011b dlouhodob\u011b upozor\u0148uj\u00ed na zne\u010di\u0161\u0165ov\u00e1n\u00ed ve\u0159ejn\u00fdch prostranstv\u00ed, fas\u00e1d dom\u016f, balkon\u016f i okenn\u00edch parapet\u016f. Probl\u00e9m m\u00e1 nejen estetick\u00fd, ale i hygienick\u00fd rozm\u011br. Trus m\u016f\u017ee p\u0159edstavovat zdravotn\u00ed riziko a z\u00e1rove\u0148 zp\u016fsobuje po\u0161kozov\u00e1n\u00ed majetku. M\u011bsto se t\u00e9matem zab\u00fdv\u00e1 opakovan\u011b a nyn\u00ed p\u0159ipravuje konkr\u00e9tn\u00ed opat\u0159en\u00ed. Zva\u017eov\u00e1ny jsou regulace populace odbornou firmou, instalace z\u00e1bran na vybran\u00fdch objektech, \u00faprava p\u0159\u00edstupov\u00fdch m\u00edst pro hn\u00edzd\u011bn\u00ed, intenzivn\u011bj\u0161\u00ed \u00faklid exponovan\u00fdch lokalit, a zejm\u00e9na informa\u010dn\u00ed kampa\u0148 sm\u011brem k obyvatel\u016fm. Kl\u00ed\u010dov\u00fdm faktorem je toti\u017e p\u0159ikrmov\u00e1n\u00ed pt\u00e1k\u016f, kter\u00e9 v\u00fdrazn\u011b podporuje jejich koncentraci v dan\u00e9 lokalit\u011b. Bez omezen\u00ed tohoto jevu nen\u00ed dlouhodob\u00e9 \u0159e\u0161en\u00ed mo\u017en\u00e9.<\/p>\n<p>&nbsp;<\/p>\n<h6>Energetick\u00e9 pr\u016fkazy budov<\/h6>\n<p>Rada m\u011bsta schv\u00e1lila vyhl\u00e1\u0161en\u00ed ve\u0159ejn\u00e9 zak\u00e1zky na zpracov\u00e1n\u00ed pr\u016fkaz\u016f energetick\u00e9 n\u00e1ro\u010dnosti budov (PENB) pro objekty ve vlastnictv\u00ed m\u011bsta. Zpracov\u00e1n\u00ed pr\u016fkaz\u016f je z\u00e1konnou povinnost\u00ed, z\u00e1rove\u0148 v\u0161ak p\u0159edstavuje odborn\u00fd podklad pro pl\u00e1nov\u00e1n\u00ed investic do energetick\u00fdch \u00faspor. V\u00fdsledky umo\u017en\u00ed m\u011bstu c\u00edlen\u011b pl\u00e1novat opat\u0159en\u00ed jako zateplen\u00ed, v\u00fdm\u011bnu zdroj\u016f tepla \u010di dal\u0161\u00ed modernizace a z\u00e1rove\u0148 l\u00e9pe p\u0159ipravovat \u017e\u00e1dosti o dota\u010dn\u00ed podporu.<\/p>\n<p>&nbsp;<\/p>\n<h6>Fotovoltaick\u00e9 elektr\u00e1rny na m\u011bstsk\u00fdch budov\u00e1ch<\/h6>\n<p>Rada m\u011bsta schv\u00e1lila zah\u00e1jen\u00ed zad\u00e1vac\u00edho \u0159\u00edzen\u00ed na instalaci nov\u00fdch fotovoltaick\u00fdch elektr\u00e1ren (tzv. FVE) na vybran\u00fdch budov\u00e1ch ve vlastnictv\u00ed m\u011bsta. C\u00edlem projektu je sn\u00ed\u017een\u00ed energetick\u00e9 n\u00e1ro\u010dnosti m\u011bstsk\u00fdch objekt\u016f, dlouhodob\u00e1 \u00faspora provozn\u00edch n\u00e1klad\u016f a pos\u00edlen\u00ed energetick\u00e9 sob\u011bsta\u010dnosti m\u011bsta. Instalace FVE je rovn\u011b\u017e sou\u010d\u00e1st\u00ed \u0161ir\u0161\u00ed strategie reaguj\u00edc\u00ed na v\u00fdvoj cen energi\u00ed a klimatick\u00e9 z\u00e1vazky. Projekt po\u010d\u00edt\u00e1 s instalac\u00ed technologi\u00ed na vybran\u00fdch objektech tak, aby byla maximalizov\u00e1na efektivita v\u00fdroby elekt\u0159iny a sou\u010dasn\u011b respektov\u00e1ny technick\u00e9 mo\u017enosti jednotliv\u00fdch budov. M\u011bsto na tuto realizaci ji\u017e z\u00edskalo dotaci v r\u00e1mci syst\u00e9mu EU pro obchodov\u00e1n\u00ed s emisemi prost\u0159ednictv\u00edm Moderniza\u010dn\u00edho fondu.<\/p>\n<p>&nbsp;<\/p>\n<h6>Projektov\u00e1 p\u0159\u00edprava rekonstrukce spr\u00e1vn\u00ed budovy h\u0159bitova<\/h6>\n<p>Rada schv\u00e1lila vyhl\u00e1\u0161en\u00ed ve\u0159ejn\u00e9 zak\u00e1zky na vypracov\u00e1n\u00ed projektov\u00e9 dokumentace na rekonstrukci budovy spr\u00e1vy h\u0159bitova v\u202ful. H\u0159bitovn\u00ed 149 v\u010detn\u011b technick\u00e9ho dvora.<\/p>\n<p>&nbsp;<\/p>\n<p><strong>Petra NEST\u00c1VALOV\u00c1, M\u011bsto \u010cesk\u00fd Krumlov<\/strong><\/p>\n<hr \/>\n<p>&nbsp;<\/p>\n<h4>Jin\u00e9 zpr\u00e1vy z \u010cesk\u00e9ho Krumlova:<\/h4>\n<h6 class=\"entry-title\"><a href=\"https:\/\/zakrasnejsivimperk.cz\/?p=369304\" target=\"_blank\" rel=\"noopener\">JI\u017dN\u00cd \u010cECHY: V \u010cesk\u00e9m Krumlov\u011b otev\u0159ou poradnu pro odvyk\u00e1n\u00ed kou\u0159en\u00ed<\/a><\/h6>\n<h6 class=\"entry-title\"><a href=\"https:\/\/zakrasnejsivimperk.cz\/?p=368366\" target=\"_blank\" rel=\"noopener\">JI\u017dN\u00cd \u010cECHY: Co se d\u011bje v \u010cesk\u00e9m Krumlov\u011b. St\u0159\u00edpky ze zased\u00e1n\u00ed m\u011bstsk\u00e9 rady<\/a><\/h6>\n<h6 class=\"entry-title\"><a href=\"https:\/\/zakrasnejsivimperk.cz\/?p=364722\" target=\"_blank\" rel=\"noopener\">JI\u017dN\u00cd \u010cECHY: Zastupitel\u00e9 \u010cesk\u00e9ho Krumlova schv\u00e1lili rozpo\u010det na leto\u0161n\u00ed rok<\/a><\/h6>\n<h6 class=\"entry-title\"><a href=\"https:\/\/zakrasnejsivimperk.cz\/?p=359728\" target=\"_blank\" rel=\"noopener\">JI\u017dN\u00cd \u010cECHY: V \u010cesk\u00e9m Krumlov\u011b za\u010dala demolice loni vyho\u0159el\u00e9ho baz\u00e9nu<\/a><\/h6>\n<h6 class=\"entry-title\"><a href=\"https:\/\/zakrasnejsivimperk.cz\/?p=358380\" target=\"_blank\" rel=\"noopener\">JI\u017dN\u00cd \u010cECHY: V Krumlov\u011b za\u010daly p\u0159\u00edpravn\u00e9 pr\u00e1ce pro demolici vyho\u0159el\u00e9ho baz\u00e9nu<\/a><\/h6>\n<h6 class=\"entry-title\"><a href=\"https:\/\/zakrasnejsivimperk.cz\/?p=353287\" target=\"_blank\" rel=\"noopener\">JI\u017dN\u00cd \u010cECHY: Dal\u0161\u00ed dru\u017estevn\u00ed d\u016fm vznikne z b\u00fdval\u00e9 vojensk\u00e9 ubytovny<\/a><\/h6>\n<h6 class=\"entry-title\"><a href=\"https:\/\/zakrasnejsivimperk.cz\/?p=351464\" target=\"_blank\" rel=\"noopener\">JI\u017dN\u00cd \u010cECHY: Pr\u00e1zdniny ve \u0161kol\u00e1ch: modernizace, opravy a speci\u00e1ln\u00ed t\u0159\u00edda<\/a><\/h6>\n<h6 class=\"entry-title\"><a href=\"https:\/\/zakrasnejsivimperk.cz\/?p=350285\" target=\"_blank\" rel=\"noopener\">JI\u017dN\u00cd \u010cECHY: \u010cesk\u00fd Krumlov uzav\u0159e partnerstv\u00ed s m\u011bstskou \u010d\u00e1st\u00ed Praha 1<\/a><\/h6>\n<h6 class=\"entry-title\"><a href=\"https:\/\/zakrasnejsivimperk.cz\/?p=347659\" target=\"_blank\" rel=\"noopener\">JI\u017dN\u00cd \u010cECHY: \u010cesk\u00fd Krumlov upravil pravidla pro vjezd vozidel do p\u011b\u0161\u00ed z\u00f3ny<\/a><\/h6>\n<h6 class=\"entry-title\"><a href=\"https:\/\/zakrasnejsivimperk.cz\/?p=347885\" target=\"_blank\" rel=\"noopener\">JI\u017dN\u00cd \u010cECHY: T\u0159i osobnosti p\u0159evzaly Cenu m\u011bsta \u010cesk\u00fd Krumlov za rok 2024<\/a><\/h6>\n<h6 class=\"entry-title\"><a href=\"https:\/\/zakrasnejsivimperk.cz\/?p=346416\" target=\"_blank\" rel=\"noopener\">JI\u017dN\u00cd \u010cECHY: Krumlovsk\u00e1 n\u00e1plavka nese jm\u00e9no v\u00fdtvarn\u00edka Miroslava P\u00e1rala<\/a><\/h6>\n<h6 class=\"entry-title\"><a href=\"https:\/\/zakrasnejsivimperk.cz\/?p=346270\" target=\"_blank\" rel=\"noopener\">STALO SE DNES: Most dr. Edvarda Bene\u0161e v \u010cesk\u00e9m Krumlov\u011b se vr\u00e1til po rekonstrukci do provozu<\/a><\/h6>\n<h6 class=\"entry-title\"><a href=\"https:\/\/zakrasnejsivimperk.cz\/?p=344533\" target=\"_blank\" rel=\"noopener\">JI\u017dN\u00cd \u010cECHY: \u010cesk\u00fd Krumlov na cest\u011b k titulu M\u011bsto p\u0159\u00e1telsk\u00e9 k d\u011btem<\/a><\/h6>\n<h6 class=\"entry-title\"><a href=\"https:\/\/zakrasnejsivimperk.cz\/?p=343814\" target=\"_blank\" rel=\"noopener\">JI\u017dN\u00cd \u010cECHY: Filipojakubsk\u00e1 noc a prvn\u00ed m\u00e1j? V \u010cesk\u00e9m Krumlov\u011b jedin\u011b kouzeln\u011b!<\/a><\/h6>\n<h6 class=\"entry-title\"><a href=\"https:\/\/zakrasnejsivimperk.cz\/?p=342521\" target=\"_blank\" rel=\"noopener\">JI\u017dN\u00cd \u010cECHY: \u010cesk\u00fd Krumlov o\u017eije velikono\u010dn\u00edmi tradicemi, chut\u011bmi a z\u00e1bavou pro celou rodinu<\/a><\/h6>\n<h6 class=\"entry-title\"><a href=\"https:\/\/zakrasnejsivimperk.cz\/?p=337371\" target=\"_blank\" rel=\"noopener\">JI\u017dN\u00cd \u010cECHY: Rej masek a r\u016f\u017ei\u010dkov\u00e1 koleda p\u0159inesou atmosf\u00e9ru masopustu tak\u00e9 do \u010cesk\u00e9ho Krumlova<\/a><\/h6>\n<h6 class=\"entry-title\"><a href=\"https:\/\/zakrasnejsivimperk.cz\/?p=336056\" target=\"_blank\" rel=\"noopener\">JI\u017dN\u00cd \u010cECHY: Bezpe\u010dn\u011b ve \u0161kol\u00e1ch. \u010cesk\u00fd Krumlov klade d\u016fraz na prevenci a \u00fa\u010dinn\u00e1 praktick\u00e1 opat\u0159en\u00ed<\/a><\/h6>\n<h6 class=\"entry-title\"><a href=\"https:\/\/zakrasnejsivimperk.cz\/?p=336051\" target=\"_blank\" rel=\"noopener\">JI\u017dN\u00cd \u010cECHY: Dobr\u00fd po\u010din. \u010cesk\u00fd Krumlov zakl\u00e1d\u00e1 m\u011bstskou radu senior\u016f<\/a><\/h6>\n<h6 class=\"entry-title\"><a href=\"https:\/\/zakrasnejsivimperk.cz\/?p=332766\" target=\"_blank\" rel=\"noopener\">JI\u017dN\u00cd \u010cECHY: M\u011bsto \u010cesk\u00fd Krumlov m\u00e1 rozpo\u010det 2025 st\u0159\u00eddm\u00fd i proinvesti\u010dn\u00ed<\/a><\/h6>\n<h6 class=\"entry-title\"><a href=\"https:\/\/zakrasnejsivimperk.cz\/?p=326806\" target=\"_blank\" rel=\"noopener\">JI\u017dN\u00cd \u010cECHY: \u010c. Krumlov ru\u0161\u00ed smlouvu na koupi sb\u00edrky ilustrac\u00ed pro d\u011bti. Sb\u00edrka ve m\u011bst\u011b ale z\u016fstane<\/a><\/h6>\n<h6 class=\"entry-title\"><a href=\"https:\/\/zakrasnejsivimperk.cz\/?p=326168\" target=\"_blank\" rel=\"noopener\">JI\u017dN\u00cd \u010cECHY: Co se d\u011bje v \u010cesk\u00e9m Krumlov\u011b. Zpr\u00e1vy z jedn\u00e1n\u00ed rady i zastupitelstva<\/a><\/h6>\n<h6 class=\"entry-title\"><a href=\"https:\/\/zakrasnejsivimperk.cz\/?p=320890\" target=\"_blank\" rel=\"noopener\">JI\u017dN\u00cd \u010cECHY: Co se d\u011bje v \u010cesk\u00e9m Krumlov\u011b. Nov\u00e9 zpr\u00e1vy z jedn\u00e1n\u00ed rady m\u011bsta<\/a><\/h6>\n<h6><a href=\"https:\/\/zakrasnejsivimperk.cz\/?p=321027\" target=\"_blank\" rel=\"noopener\">JI\u017dN\u00cd \u010cECHY: Po\u017e\u00e1r zni\u010dil plaveck\u00fd baz\u00e9n, m\u011bsto jedn\u00e1 o dal\u0161\u00edch kroc\u00edch<\/a><\/h6>\n<h6><a href=\"https:\/\/zakrasnejsivimperk.cz\/?p=319435\" target=\"_blank\" rel=\"noopener\">JI\u017dN\u00cd \u010cECHY: Investice v \u010cesk\u00e9m Krumlov\u011b: Nov\u00e9 komunikace, parkovi\u0161t\u011b, schodi\u0161t\u011b, osv\u011btlen\u00ed baz\u00e9nu<\/a><\/h6>\n<h6><a href=\"https:\/\/zakrasnejsivimperk.cz\/?p=313023\" target=\"_blank\" rel=\"noopener\">JI\u017dN\u00cd \u010cECHY: Pr\u00e1zdninov\u00e9 investice do z\u00e1kladn\u00edch \u0161kol v \u010cesk\u00e9m Krumlov\u011b p\u0159es\u00e1hnou 19 milion\u016f korun<\/a><\/h6>\n<h6><a href=\"https:\/\/zakrasnejsivimperk.cz\/?p=317347\" target=\"_blank\" rel=\"noopener\">JI\u017dN\u00cd \u010cECHY: Policie odlo\u017eila vy\u0161et\u0159ov\u00e1n\u00ed podez\u0159en\u00ed z podvodu n\u00e1kupu sb\u00edrky ilustrac\u00ed<\/a><\/h6>\n<h6 class=\"entry-title\"><a href=\"https:\/\/zakrasnejsivimperk.cz\/?p=312190\" target=\"_blank\" rel=\"noopener\">JI\u017dN\u00cd \u010cECHY: Nev\u0161edn\u00ed polepy zast\u00e1vek v \u010cesk\u00e9m Krumlov\u011b chr\u00e1n\u00ed ptactvo a o\u017eivuj\u00ed historii<\/a><\/h6>\n<h6><a href=\"https:\/\/zakrasnejsivimperk.cz\/?p=311660\" target=\"_blank\" rel=\"noopener\">JI\u017dN\u00cd \u010cECHY: Nov\u00fd kruhov\u00fd objezd v \u010cesk\u00e9m Krumlov\u011b otev\u0159ou v p\u00e1tek dopoledne<\/a><\/h6>\n<h6><a href=\"https:\/\/zakrasnejsivimperk.cz\/?p=311041\" target=\"_blank\" rel=\"noopener\">JI\u017dN\u00cd \u010cECHY: Ps\u00ed \u00fatulek v \u010cesk\u00e9m Krumlov\u011b pe\u010duje o opu\u0161t\u011bn\u00e1 zv\u00ed\u0159ata u\u017e 20 let<\/a><\/h6>\n<h6><a href=\"https:\/\/zakrasnejsivimperk.cz\/?p=310375\" target=\"_blank\" rel=\"noopener\">JI\u017dN\u00cd \u010cECHY: Novogotick\u00e1 varna, srdce centra PORT 1560, kde se va\u0159ilo skv\u011bl\u00e9 pivo<\/a><\/h6>\n<h6><a href=\"https:\/\/zakrasnejsivimperk.cz\/?p=309046\" target=\"_blank\" rel=\"noopener\">JI\u017dN\u00cd \u010cECHY: Slune\u010dn\u00edky a stromy o\u017eivily prostor n\u00e1m\u011bst\u00ed Svornosti v \u010cesk\u00e9m Krumlov\u011b<\/a><\/h6>\n<h6><a href=\"https:\/\/zakrasnejsivimperk.cz\/?p=308073\" target=\"_blank\" rel=\"noopener\">JI\u017dN\u00cd \u010cECHY: Co se d\u011bje v \u010cesk\u00e9m Krumlov\u011b. St\u0159\u00edpky ze zased\u00e1n\u00ed m\u011bstsk\u00e9 rady<\/a><\/h6>\n<h6><a href=\"https:\/\/zakrasnejsivimperk.cz\/?p=307127\" target=\"_blank\" rel=\"noopener\">JI\u017dN\u00cd \u010cECHY: Pozv\u00e1nka do \u010cesk\u00e9ho Krumlova na l\u00e9to pln\u00e9 zaj\u00edmav\u00fdch akc\u00ed<\/a><\/h6>\n<h6><a href=\"https:\/\/zakrasnejsivimperk.cz\/?p=305355\" target=\"_blank\" rel=\"noopener\">JI\u017dN\u00cd \u010cECHY: Leto\u0161n\u00ed sez\u00f3na v \u010cesk\u00e9m Krumlov\u011b nab\u00eddne novou dominantu: PORT 1560<\/a><\/h6>\n<hr \/>\n<p>&nbsp;<\/p>\n","protected":false},"excerpt":{"rendered":"<p>&nbsp; Rada <\/p>\n","protected":false},"author":2,"featured_media":354064,"comment_status":"open","ping_status":"open","sticky":false,"template":"","format":"gallery","meta":{"footnotes":""},"categories":[69],"tags":[],"jetpack_featured_media_url":"https:\/\/zakrasnejsivimperk.cz\/wp-content\/uploads\/2025\/08\/16\/cesky-krumlov-2-1608.jpg","_links":{"self":[{"href":"https:\/\/zakrasnejsivimperk.cz\/index.php?rest_route=\/wp\/v2\/posts\/370016"}],"collection":[{"href":"https:\/\/zakrasnejsivimperk.cz\/index.php?rest_route=\/wp\/v2\/posts"}],"about":[{"href":"https:\/\/zakrasnejsivimperk.cz\/index.php?rest_route=\/wp\/v2\/types\/post"}],"author":[{"embeddable":true,"href":"https:\/\/zakrasnejsivimperk.cz\/index.php?rest_route=\/wp\/v2\/users\/2"}],"replies":[{"embeddable":true,"href":"https:\/\/zakrasnejsivimperk.cz\/index.php?rest_route=%2Fwp%2Fv2%2Fcomments&post=370016"}],"version-history":[{"count":1,"href":"https:\/\/zakrasnejsivimperk.cz\/index.php?rest_route=\/wp\/v2\/posts\/370016\/revisions"}],"predecessor-version":[{"id":370017,"href":"https:\/\/zakrasnejsivimperk.cz\/index.php?rest_route=\/wp\/v2\/posts\/370016\/revisions\/370017"}],"wp:featuredmedia":[{"embeddable":true,"href":"https:\/\/zakrasnejsivimperk.cz\/index.php?rest_route=\/wp\/v2\/media\/354064"}],"wp:attachment":[{"href":"https:\/\/zakrasnejsivimperk.cz\/index.php?rest_route=%2Fwp%2Fv2%2Fmedia&parent=370016"}],"wp:term":[{"taxonomy":"category","embeddable":true,"href":"https:\/\/zakrasnejsivimperk.cz\/index.php?rest_route=%2Fwp%2Fv2%2Fcategories&post=370016"},{"taxonomy":"post_tag","embeddable":true,"href":"https:\/\/zakrasnejsivimperk.cz\/index.php?rest_route=%2Fwp%2Fv2%2Ftags&post=370016"}],"curies":[{"name":"wp","href":"https:\/\/api.w.org\/{rel}","templated":true}]}}