{"id":369304,"date":"2026-03-05T13:13:21","date_gmt":"2026-03-05T12:13:21","guid":{"rendered":"https:\/\/zakrasnejsivimperk.cz\/?p=369304"},"modified":"2026-03-05T13:13:21","modified_gmt":"2026-03-05T12:13:21","slug":"jizni-cechy-v-ceskem-krumlove-otevrou-poradnu-pro-odvykani-koureni","status":"publish","type":"post","link":"https:\/\/zakrasnejsivimperk.cz\/?p=369304","title":{"rendered":"JI\u017dN\u00cd \u010cECHY: V \u010cesk\u00e9m Krumlov\u011b otev\u0159ou poradnu pro odvyk\u00e1n\u00ed kou\u0159en\u00ed"},"content":{"rendered":"<figure id=\"attachment_369305\" aria-describedby=\"caption-attachment-369305\" style=\"width: 1280px\" class=\"wp-caption aligncenter\"><img loading=\"lazy\" decoding=\"async\" class=\"wp-image-369305 size-full\" src=\"https:\/\/zakrasnejsivimperk.cz\/wp-content\/uploads\/2026\/02\/26\/koureni.jpg\" alt=\"\" width=\"1280\" height=\"853\" srcset=\"https:\/\/zakrasnejsivimperk.cz\/wp-content\/uploads\/2026\/02\/26\/koureni.jpg 1280w, https:\/\/zakrasnejsivimperk.cz\/wp-content\/uploads\/2026\/02\/26\/koureni-300x200.jpg 300w, https:\/\/zakrasnejsivimperk.cz\/wp-content\/uploads\/2026\/02\/26\/koureni-1024x682.jpg 1024w, https:\/\/zakrasnejsivimperk.cz\/wp-content\/uploads\/2026\/02\/26\/koureni-768x512.jpg 768w, https:\/\/zakrasnejsivimperk.cz\/wp-content\/uploads\/2026\/02\/26\/koureni-536x357.jpg 536w, https:\/\/zakrasnejsivimperk.cz\/wp-content\/uploads\/2026\/02\/26\/koureni-725x483.jpg 725w\" sizes=\"(max-width: 1280px) 100vw, 1280px\" \/><figcaption id=\"caption-attachment-369305\" class=\"wp-caption-text\">Ilustra\u010dn\u00ed foto: pixabay<\/figcaption><\/figure>\n<p>&nbsp;<\/p>\n<h6>V r\u00e1mci projektu M\u011bsto bez kou\u0159e vznik\u00e1 v \u010cesk\u00e9m Krumlov\u011b nov\u00e1 adiktologick\u00e1 poradna. Nab\u00eddne odbornou pomoc lidem, kte\u0159\u00ed se rozhodli p\u0159estat kou\u0159it. Poradnu povede renomovan\u00e1 odbornice na l\u00e9\u010dbu z\u00e1vislost\u00ed MUDr. Marie Kuklov\u00e1.<\/h6>\n<p>Z\u0159\u00edzen\u00ed adiktologick\u00e9 poradny navazuje na zapojen\u00ed m\u011bsta \u010cesk\u00fd Krumlov do projektu M\u011bsto bez kou\u0159e, jeho\u017e c\u00edlem je podporovat zdrav\u011bj\u0161\u00ed \u017eivotn\u00ed styl a nab\u00eddnout ku\u0159\u00e1k\u016fm pot\u0159ebnou pomoc. Pr\u00e1v\u011b nedostupnost odborn\u00e9 p\u00e9\u010de pat\u0159\u00ed dlouhodob\u011b k nej\u010dast\u011bji zmi\u0148ovan\u00fdm bari\u00e9r\u00e1m p\u0159i odvyk\u00e1n\u00ed kou\u0159en\u00ed. Nov\u00e1 poradna m\u00e1 tuto mezeru pomoci zaplnit.<\/p>\n<p><em>\u201eNechceme ku\u0159\u00e1k\u016fm nic zakazovat ani je pou\u010dovat. Chceme jim nab\u00eddnout pomoc ve chv\u00edli, kdy sami c\u00edt\u00ed, \u017ee u\u017e cigarety ve sv\u00e9m \u017eivot\u011b necht\u011bj\u00ed,\u201c<\/em> \u0159\u00edk\u00e1 Alexandr Nogr\u00e1dy, starosta m\u011bsta \u010cesk\u00fd Krumlov. <em>\u201eAdiktologick\u00e1 poradna je konkr\u00e9tn\u00ed slu\u017ebou pro ob\u010dany \u010cesk\u00e9ho Krumlova a bl\u00edzk\u00e9ho okol\u00ed. Jednou m\u011bs\u00ed\u010dn\u011b nab\u00eddneme odbornou pomoc p\u0159\u00edmo ve m\u011bst\u011b, aby nemuseli ob\u010dan\u00e9 v\u00e1\u017eit cestu do ambulance Psychiatrick\u00e9 l\u00e9\u010debny \u010cerven\u00fd Dv\u016fr.\u201c<\/em><\/p>\n<p>Novou poradnu, kter\u00e1 se zam\u011b\u0159uje na pomoc ku\u0159\u00e1k\u016fm p\u0159i odvyk\u00e1n\u00ed, najdou obyvatel\u00e9 \u010cesk\u00e9ho Krumlova v budov\u011b na n\u00e1m\u011bst\u00ed Svornosti 2 (nad infocentrem), v\u017edy prvn\u00ed pracovn\u00ed pond\u011bl\u00ed v m\u011bs\u00edci od 15 do 18 hodin. Rezervace konkr\u00e9tn\u00edho term\u00ednu n\u00e1v\u0161t\u011bvy poradny je mo\u017en\u00e1 prost\u0159ednictv\u00edm mailu cesky.krumlov@mestobezkoure.cz. Informace o mo\u017enostech rezervace term\u00ednu naleznou ob\u010dan\u00e9 tak\u00e9 na str\u00e1nk\u00e1ch m\u011bsta: <a href=\"https:\/\/www.ckrumlov.cz\/cz\/mesto-bez-koure\/.\" target=\"_blank\" rel=\"noopener\"><strong>https:\/\/www.ckrumlov.cz\/cz\/mesto-bez-koure\/.<\/strong><\/a><\/p>\n<p>Odbornou garantkou \u010deskokrumlovsk\u00e9 poradny je MUDr. Marie Kuklov\u00e1, psychiatri\u010dka, adiktolo\u017eka a kognitivn\u011b-behavior\u00e1ln\u00ed psychoterapeutka, kter\u00e1 se l\u00e9\u010db\u011b z\u00e1vislost\u00ed v\u011bnuje od roku 2003 a p\u016fsob\u00ed v Psychiatrick\u00e1 l\u00e9\u010debna \u010cerven\u00fd Dv\u016fr. Ve sv\u00e9 praxi dlouhodob\u011b zd\u016fraz\u0148uje individu\u00e1ln\u00ed p\u0159\u00edstup a pr\u00e1ci s hlub\u0161\u00edmi souvislostmi z\u00e1vislostn\u00edho chov\u00e1n\u00ed.<\/p>\n<p><em>\u201eZ\u00e1vislost na nikotinu nen\u00ed jen ot\u00e1zkou siln\u00e9 v\u016fle. Velmi \u010dasto souvis\u00ed se stresem, \u00fazkost\u00ed, ne\u0159e\u0161en\u00fdmi probl\u00e9my nebo dlouhodob\u00fdmi n\u00e1vyky. Smyslem na\u0161\u00ed pr\u00e1ce nen\u00ed \u010dlov\u011bka soudit, ale pomoci mu pochopit vlastn\u00ed motivace a naj\u00edt re\u00e1lnou cestu ke zm\u011bn\u011b, kter\u00e1 bude dlouhodob\u011b udr\u017eiteln\u00e1,\u201c<\/em> \u0159\u00edk\u00e1 MUDr. Marie Kuklov\u00e1.<\/p>\n<p>Poradna je koncipov\u00e1na jako pravideln\u00e1 slu\u017eba dostupn\u00e1 \u0161irok\u00e9 ve\u0159ejnosti. Prvn\u00ed konzulta\u010dn\u00ed odpoledne se uskute\u010dn\u00ed v pond\u011bl\u00ed 2. b\u0159ezna 2026. Poradna bude fungovat zpravidla ka\u017ed\u00e9 prvn\u00ed pond\u011bl\u00ed v m\u011bs\u00edci od 15:00 do 18:00 hodin. Dal\u0161\u00ed pl\u00e1novan\u00e9 term\u00edny pro 1. pololet\u00ed roku 2026 jsou 13. dubna, 11. kv\u011btna a 1. \u010dervna.<\/p>\n<h6>Sou\u010d\u00e1st \u0161ir\u0161\u00ed vize M\u011bsta bez kou\u0159e<\/h6>\n<p>Adiktologick\u00e1 poradna je dal\u0161\u00edm praktick\u00fdm krokem projektu M\u011bsto bez kou\u0159e, kter\u00fd v \u010cesk\u00e9m Krumlov\u011b stav\u00ed na otev\u0159en\u00e9 komunikaci, osv\u011bt\u011b a kultivaci ve\u0159ejn\u00e9ho prostoru. C\u00edlem nen\u00ed vytla\u010dovat ku\u0159\u00e1ky na okraj, ale nab\u00eddnout jim podporu ve chv\u00edli, kdy sami hledaj\u00ed cestu ke zm\u011bn\u011b.<\/p>\n<p>Projekt M\u011bsto bez kou\u0159e se v \u010cR postupn\u011b rozv\u00edj\u00ed od roku 2019 a ukazuje, \u017ee m\u011bsta mohou sehr\u00e1t aktivn\u00ed roli p\u0159i podpo\u0159e zdrav\u011bj\u0161\u00edho \u017eivotn\u00edho stylu sv\u00fdch obyvatel \u2013 citliv\u011b, bez moralizov\u00e1n\u00ed a s d\u016frazem na konkr\u00e9tn\u00ed pomoc.<\/p>\n<ul>\n<li><strong>M\u011bsto bez kou\u0159e<\/strong> je dlouhodob\u00e1 iniciativa \u010desk\u00fdch m\u011bst zam\u011b\u0159en\u00e1 na podporu zdrav\u011bj\u0161\u00edho \u017eivotn\u00edho stylu, kultivaci ve\u0159ejn\u00e9ho prostoru a pomoc lidem, kte\u0159\u00ed se rozhodli p\u0159estat kou\u0159it. Projekt stav\u00ed na osv\u011bt\u011b, dostupnosti odborn\u00e9 pomoci a praktick\u00fdch kroc\u00edch, nikoli na z\u00e1kazech nebo restrikc\u00edch.<\/li>\n<li><strong>K iniciativ\u011b<\/strong> se postupn\u011b p\u0159ihl\u00e1sily Karlovy Vary, \u0160pindler\u016fv Ml\u00fdn, \u010cesk\u00fd Krumlov a Kutn\u00e1 Hora. Vznik adiktologick\u00e9 poradny v \u010cesk\u00e9m Krumlov\u011b je jedn\u00edm z konkr\u00e9tn\u00edch krok\u016f, jeho\u017e c\u00edlem je zv\u00fd\u0161it dostupnost odborn\u00e9 pomoci ku\u0159\u00e1k\u016fm, kte\u0159\u00ed cht\u011bj\u00ed zm\u011bnit sv\u016fj \u017eivotn\u00ed styl.<\/li>\n<li><strong>Projekt vznik\u00e1<\/strong> ve spolupr\u00e1ci m\u011bst a spole\u010dnosti Philip Morris \u010cR, kter\u00e1 dlouhodob\u011b komunikuje vizi budoucnosti bez cigaretov\u00e9ho kou\u0159e.<\/li>\n<\/ul>\n<p>&nbsp;<\/p>\n<p><strong>Petra NEST\u00c1VALOV\u00c1, M\u011bsto \u010cesk\u00fd Krumlov<\/strong><\/p>\n<hr \/>\n<p>&nbsp;<\/p>\n<h4>Jin\u00e9 zpr\u00e1vy z \u010cesk\u00e9ho Krumlova:<\/h4>\n<h6 class=\"entry-title\"><a href=\"https:\/\/zakrasnejsivimperk.cz\/?p=368366\" target=\"_blank\" rel=\"noopener\">JI\u017dN\u00cd \u010cECHY: Co se d\u011bje v \u010cesk\u00e9m Krumlov\u011b. St\u0159\u00edpky ze zased\u00e1n\u00ed m\u011bstsk\u00e9 rady<\/a><\/h6>\n<h6 class=\"entry-title\"><a href=\"https:\/\/zakrasnejsivimperk.cz\/?p=364722\" target=\"_blank\" rel=\"noopener\">JI\u017dN\u00cd \u010cECHY: Zastupitel\u00e9 \u010cesk\u00e9ho Krumlova schv\u00e1lili rozpo\u010det na leto\u0161n\u00ed rok<\/a><\/h6>\n<h6 class=\"entry-title\"><a href=\"https:\/\/zakrasnejsivimperk.cz\/?p=359728\" target=\"_blank\" rel=\"noopener\">JI\u017dN\u00cd \u010cECHY: V \u010cesk\u00e9m Krumlov\u011b za\u010dala demolice loni vyho\u0159el\u00e9ho baz\u00e9nu<\/a><\/h6>\n<h6 class=\"entry-title\"><a href=\"https:\/\/zakrasnejsivimperk.cz\/?p=358380\" target=\"_blank\" rel=\"noopener\">JI\u017dN\u00cd \u010cECHY: V Krumlov\u011b za\u010daly p\u0159\u00edpravn\u00e9 pr\u00e1ce pro demolici vyho\u0159el\u00e9ho baz\u00e9nu<\/a><\/h6>\n<h6 class=\"entry-title\"><a href=\"https:\/\/zakrasnejsivimperk.cz\/?p=353287\" target=\"_blank\" rel=\"noopener\">JI\u017dN\u00cd \u010cECHY: Dal\u0161\u00ed dru\u017estevn\u00ed d\u016fm vznikne z b\u00fdval\u00e9 vojensk\u00e9 ubytovny<\/a><\/h6>\n<h6 class=\"entry-title\"><a href=\"https:\/\/zakrasnejsivimperk.cz\/?p=351464\" target=\"_blank\" rel=\"noopener\">JI\u017dN\u00cd \u010cECHY: Pr\u00e1zdniny ve \u0161kol\u00e1ch: modernizace, opravy a speci\u00e1ln\u00ed t\u0159\u00edda<\/a><\/h6>\n<h6 class=\"entry-title\"><a href=\"https:\/\/zakrasnejsivimperk.cz\/?p=350285\" target=\"_blank\" rel=\"noopener\">JI\u017dN\u00cd \u010cECHY: \u010cesk\u00fd Krumlov uzav\u0159e partnerstv\u00ed s m\u011bstskou \u010d\u00e1st\u00ed Praha 1<\/a><\/h6>\n<h6 class=\"entry-title\"><a href=\"https:\/\/zakrasnejsivimperk.cz\/?p=347659\" target=\"_blank\" rel=\"noopener\">JI\u017dN\u00cd \u010cECHY: \u010cesk\u00fd Krumlov upravil pravidla pro vjezd vozidel do p\u011b\u0161\u00ed z\u00f3ny<\/a><\/h6>\n<h6 class=\"entry-title\"><a href=\"https:\/\/zakrasnejsivimperk.cz\/?p=347885\" target=\"_blank\" rel=\"noopener\">JI\u017dN\u00cd \u010cECHY: T\u0159i osobnosti p\u0159evzaly Cenu m\u011bsta \u010cesk\u00fd Krumlov za rok 2024<\/a><\/h6>\n<h6 class=\"entry-title\"><a href=\"https:\/\/zakrasnejsivimperk.cz\/?p=346416\" target=\"_blank\" rel=\"noopener\">JI\u017dN\u00cd \u010cECHY: Krumlovsk\u00e1 n\u00e1plavka nese jm\u00e9no v\u00fdtvarn\u00edka Miroslava P\u00e1rala<\/a><\/h6>\n<h6 class=\"entry-title\"><a href=\"https:\/\/zakrasnejsivimperk.cz\/?p=346270\" target=\"_blank\" rel=\"noopener\">STALO SE DNES: Most dr. Edvarda Bene\u0161e v \u010cesk\u00e9m Krumlov\u011b se vr\u00e1til po rekonstrukci do provozu<\/a><\/h6>\n<h6 class=\"entry-title\"><a href=\"https:\/\/zakrasnejsivimperk.cz\/?p=344533\" target=\"_blank\" rel=\"noopener\">JI\u017dN\u00cd \u010cECHY: \u010cesk\u00fd Krumlov na cest\u011b k titulu M\u011bsto p\u0159\u00e1telsk\u00e9 k d\u011btem<\/a><\/h6>\n<h6 class=\"entry-title\"><a href=\"https:\/\/zakrasnejsivimperk.cz\/?p=343814\" target=\"_blank\" rel=\"noopener\">JI\u017dN\u00cd \u010cECHY: Filipojakubsk\u00e1 noc a prvn\u00ed m\u00e1j? V \u010cesk\u00e9m Krumlov\u011b jedin\u011b kouzeln\u011b!<\/a><\/h6>\n<h6 class=\"entry-title\"><a href=\"https:\/\/zakrasnejsivimperk.cz\/?p=342521\" target=\"_blank\" rel=\"noopener\">JI\u017dN\u00cd \u010cECHY: \u010cesk\u00fd Krumlov o\u017eije velikono\u010dn\u00edmi tradicemi, chut\u011bmi a z\u00e1bavou pro celou rodinu<\/a><\/h6>\n<h6 class=\"entry-title\"><a href=\"https:\/\/zakrasnejsivimperk.cz\/?p=337371\" target=\"_blank\" rel=\"noopener\">JI\u017dN\u00cd \u010cECHY: Rej masek a r\u016f\u017ei\u010dkov\u00e1 koleda p\u0159inesou atmosf\u00e9ru masopustu tak\u00e9 do \u010cesk\u00e9ho Krumlova<\/a><\/h6>\n<h6 class=\"entry-title\"><a href=\"https:\/\/zakrasnejsivimperk.cz\/?p=336056\" target=\"_blank\" rel=\"noopener\">JI\u017dN\u00cd \u010cECHY: Bezpe\u010dn\u011b ve \u0161kol\u00e1ch. \u010cesk\u00fd Krumlov klade d\u016fraz na prevenci a \u00fa\u010dinn\u00e1 praktick\u00e1 opat\u0159en\u00ed<\/a><\/h6>\n<h6 class=\"entry-title\"><a href=\"https:\/\/zakrasnejsivimperk.cz\/?p=336051\" target=\"_blank\" rel=\"noopener\">JI\u017dN\u00cd \u010cECHY: Dobr\u00fd po\u010din. \u010cesk\u00fd Krumlov zakl\u00e1d\u00e1 m\u011bstskou radu senior\u016f<\/a><\/h6>\n<h6 class=\"entry-title\"><a href=\"https:\/\/zakrasnejsivimperk.cz\/?p=332766\" target=\"_blank\" rel=\"noopener\">JI\u017dN\u00cd \u010cECHY: M\u011bsto \u010cesk\u00fd Krumlov m\u00e1 rozpo\u010det 2025 st\u0159\u00eddm\u00fd i proinvesti\u010dn\u00ed<\/a><\/h6>\n<h6 class=\"entry-title\"><a href=\"https:\/\/zakrasnejsivimperk.cz\/?p=326806\" target=\"_blank\" rel=\"noopener\">JI\u017dN\u00cd \u010cECHY: \u010c. Krumlov ru\u0161\u00ed smlouvu na koupi sb\u00edrky ilustrac\u00ed pro d\u011bti. Sb\u00edrka ve m\u011bst\u011b ale z\u016fstane<\/a><\/h6>\n<h6 class=\"entry-title\"><a href=\"https:\/\/zakrasnejsivimperk.cz\/?p=326168\" target=\"_blank\" rel=\"noopener\">JI\u017dN\u00cd \u010cECHY: Co se d\u011bje v \u010cesk\u00e9m Krumlov\u011b. Zpr\u00e1vy z jedn\u00e1n\u00ed rady i zastupitelstva<\/a><\/h6>\n<h6 class=\"entry-title\"><a href=\"https:\/\/zakrasnejsivimperk.cz\/?p=320890\" target=\"_blank\" rel=\"noopener\">JI\u017dN\u00cd \u010cECHY: Co se d\u011bje v \u010cesk\u00e9m Krumlov\u011b. Nov\u00e9 zpr\u00e1vy z jedn\u00e1n\u00ed rady m\u011bsta<\/a><\/h6>\n<h6><a href=\"https:\/\/zakrasnejsivimperk.cz\/?p=321027\" target=\"_blank\" rel=\"noopener\">JI\u017dN\u00cd \u010cECHY: Po\u017e\u00e1r zni\u010dil plaveck\u00fd baz\u00e9n, m\u011bsto jedn\u00e1 o dal\u0161\u00edch kroc\u00edch<\/a><\/h6>\n<h6><a href=\"https:\/\/zakrasnejsivimperk.cz\/?p=319435\" target=\"_blank\" rel=\"noopener\">JI\u017dN\u00cd \u010cECHY: Investice v \u010cesk\u00e9m Krumlov\u011b: Nov\u00e9 komunikace, parkovi\u0161t\u011b, schodi\u0161t\u011b, osv\u011btlen\u00ed baz\u00e9nu<\/a><\/h6>\n<h6><a href=\"https:\/\/zakrasnejsivimperk.cz\/?p=313023\" target=\"_blank\" rel=\"noopener\">JI\u017dN\u00cd \u010cECHY: Pr\u00e1zdninov\u00e9 investice do z\u00e1kladn\u00edch \u0161kol v \u010cesk\u00e9m Krumlov\u011b p\u0159es\u00e1hnou 19 milion\u016f korun<\/a><\/h6>\n<h6><a href=\"https:\/\/zakrasnejsivimperk.cz\/?p=317347\" target=\"_blank\" rel=\"noopener\">JI\u017dN\u00cd \u010cECHY: Policie odlo\u017eila vy\u0161et\u0159ov\u00e1n\u00ed podez\u0159en\u00ed z podvodu n\u00e1kupu sb\u00edrky ilustrac\u00ed<\/a><\/h6>\n<h6 class=\"entry-title\"><a href=\"https:\/\/zakrasnejsivimperk.cz\/?p=312190\" target=\"_blank\" rel=\"noopener\">JI\u017dN\u00cd \u010cECHY: Nev\u0161edn\u00ed polepy zast\u00e1vek v \u010cesk\u00e9m Krumlov\u011b chr\u00e1n\u00ed ptactvo a o\u017eivuj\u00ed historii<\/a><\/h6>\n<h6><a href=\"https:\/\/zakrasnejsivimperk.cz\/?p=311660\" target=\"_blank\" rel=\"noopener\">JI\u017dN\u00cd \u010cECHY: Nov\u00fd kruhov\u00fd objezd v \u010cesk\u00e9m Krumlov\u011b otev\u0159ou v p\u00e1tek dopoledne<\/a><\/h6>\n<h6><a href=\"https:\/\/zakrasnejsivimperk.cz\/?p=311041\" target=\"_blank\" rel=\"noopener\">JI\u017dN\u00cd \u010cECHY: Ps\u00ed \u00fatulek v \u010cesk\u00e9m Krumlov\u011b pe\u010duje o opu\u0161t\u011bn\u00e1 zv\u00ed\u0159ata u\u017e 20 let<\/a><\/h6>\n<h6><a href=\"https:\/\/zakrasnejsivimperk.cz\/?p=310375\" target=\"_blank\" rel=\"noopener\">JI\u017dN\u00cd \u010cECHY: Novogotick\u00e1 varna, srdce centra PORT 1560, kde se va\u0159ilo skv\u011bl\u00e9 pivo<\/a><\/h6>\n<h6><a href=\"https:\/\/zakrasnejsivimperk.cz\/?p=309046\" target=\"_blank\" rel=\"noopener\">JI\u017dN\u00cd \u010cECHY: Slune\u010dn\u00edky a stromy o\u017eivily prostor n\u00e1m\u011bst\u00ed Svornosti v \u010cesk\u00e9m Krumlov\u011b<\/a><\/h6>\n<h6><a href=\"https:\/\/zakrasnejsivimperk.cz\/?p=308073\" target=\"_blank\" rel=\"noopener\">JI\u017dN\u00cd \u010cECHY: Co se d\u011bje v \u010cesk\u00e9m Krumlov\u011b. St\u0159\u00edpky ze zased\u00e1n\u00ed m\u011bstsk\u00e9 rady<\/a><\/h6>\n<h6><a href=\"https:\/\/zakrasnejsivimperk.cz\/?p=307127\" target=\"_blank\" rel=\"noopener\">JI\u017dN\u00cd \u010cECHY: Pozv\u00e1nka do \u010cesk\u00e9ho Krumlova na l\u00e9to pln\u00e9 zaj\u00edmav\u00fdch akc\u00ed<\/a><\/h6>\n<h6><a href=\"https:\/\/zakrasnejsivimperk.cz\/?p=305355\" target=\"_blank\" rel=\"noopener\">JI\u017dN\u00cd \u010cECHY: Leto\u0161n\u00ed sez\u00f3na v \u010cesk\u00e9m Krumlov\u011b nab\u00eddne novou dominantu: PORT 1560<\/a><\/h6>\n<hr \/>\n<p>&nbsp;<\/p>\n","protected":false},"excerpt":{"rendered":"<p>&nbsp; V <\/p>\n","protected":false},"author":2,"featured_media":369305,"comment_status":"open","ping_status":"open","sticky":false,"template":"","format":"gallery","meta":{"footnotes":""},"categories":[69],"tags":[],"jetpack_featured_media_url":"https:\/\/zakrasnejsivimperk.cz\/wp-content\/uploads\/2026\/02\/26\/koureni.jpg","_links":{"self":[{"href":"https:\/\/zakrasnejsivimperk.cz\/index.php?rest_route=\/wp\/v2\/posts\/369304"}],"collection":[{"href":"https:\/\/zakrasnejsivimperk.cz\/index.php?rest_route=\/wp\/v2\/posts"}],"about":[{"href":"https:\/\/zakrasnejsivimperk.cz\/index.php?rest_route=\/wp\/v2\/types\/post"}],"author":[{"embeddable":true,"href":"https:\/\/zakrasnejsivimperk.cz\/index.php?rest_route=\/wp\/v2\/users\/2"}],"replies":[{"embeddable":true,"href":"https:\/\/zakrasnejsivimperk.cz\/index.php?rest_route=%2Fwp%2Fv2%2Fcomments&post=369304"}],"version-history":[{"count":1,"href":"https:\/\/zakrasnejsivimperk.cz\/index.php?rest_route=\/wp\/v2\/posts\/369304\/revisions"}],"predecessor-version":[{"id":369306,"href":"https:\/\/zakrasnejsivimperk.cz\/index.php?rest_route=\/wp\/v2\/posts\/369304\/revisions\/369306"}],"wp:featuredmedia":[{"embeddable":true,"href":"https:\/\/zakrasnejsivimperk.cz\/index.php?rest_route=\/wp\/v2\/media\/369305"}],"wp:attachment":[{"href":"https:\/\/zakrasnejsivimperk.cz\/index.php?rest_route=%2Fwp%2Fv2%2Fmedia&parent=369304"}],"wp:term":[{"taxonomy":"category","embeddable":true,"href":"https:\/\/zakrasnejsivimperk.cz\/index.php?rest_route=%2Fwp%2Fv2%2Fcategories&post=369304"},{"taxonomy":"post_tag","embeddable":true,"href":"https:\/\/zakrasnejsivimperk.cz\/index.php?rest_route=%2Fwp%2Fv2%2Ftags&post=369304"}],"curies":[{"name":"wp","href":"https:\/\/api.w.org\/{rel}","templated":true}]}}