{"id":366631,"date":"2026-01-18T14:19:00","date_gmt":"2026-01-18T13:19:00","guid":{"rendered":"https:\/\/zakrasnejsivimperk.cz\/?p=366631"},"modified":"2026-01-21T15:17:53","modified_gmt":"2026-01-21T14:17:53","slug":"david-martinek-kupka-hnoje","status":"publish","type":"post","link":"https:\/\/zakrasnejsivimperk.cz\/?p=366631","title":{"rendered":"DAVID MARTINEK: Kupka hnoje"},"content":{"rendered":"<h6>\u201eDefinice \u0161\u00edlenstv\u00ed je d\u011blat stejnou v\u011bc znovu a znovu a o\u010dek\u00e1vat jin\u00e9 v\u00fdsledky.\u201c<br \/>\nV\u00fdrok, p\u0159ipisovan\u00fd Albertu Einsteinovi \u0159\u00edk\u00e1, \u017ee pokud chceme doc\u00edlit zm\u011bny, mus\u00edte zm\u011bnit sv\u00e9 chov\u00e1n\u00ed, jedn\u00e1n\u00ed i vlastn\u00ed uva\u017eov\u00e1n\u00ed.<br \/>\nV\u00fdrok nem\u00e1 s Einsteinem mnoho spole\u010dn\u00e9ho. Poprv\u00e9 se objevil v ti\u0161t\u011bn\u00e9 podob\u011b v roce 1981 v bro\u017eu\u0159e organizace Narcotics Anonymous (Anonymn\u00ed narkomani). M\u011bl slou\u017eit jako terapeutick\u00e1 pom\u016fcka pro pacienty, bojuj\u00edc\u00ed s drogovou z\u00e1vislost\u00ed. Tak, aby si uv\u011bdomili nesmyslnost vlastn\u00edho destruktivn\u00edho chov\u00e1n\u00ed.<\/h6>\n<p><img loading=\"lazy\" decoding=\"async\" class=\"size-full wp-image-274416 alignright\" src=\"https:\/\/zakrasnejsivimperk.cz\/wp-content\/uploads\/2023\/03\/04\/david-martinek.jpg\" alt=\"\" width=\"264\" height=\"300\" \/>Po shl\u00e9dnut\u00ed z\u00e1znam\u016f z kongresu ODS, v lednu 2026, lze poznamenat, \u017ee v\u00fdrok obdivuhodn\u011b vystihuje aktu\u00e1ln\u00ed stav ODS. O\u010dek\u00e1vat od ODS jakoukoliv zm\u011bnu je naivn\u00ed. Nestane se nic, co by umo\u017enilo zm\u011bnu politiky ODS.<br \/>\nZ\u00e1vislost na mocensk\u00e9m postaven\u00ed a touha po moci u veden\u00ed t\u00e9to partaje poka\u017ed\u00e9 p\u0159ev\u00e1\u017e\u00ed nad zdrav\u00fdm rozumem. Zm\u011bna destruktivn\u00ed politiky nen\u00ed mo\u017en\u00e1. Nep\u0159inese ani volbu nov\u00fdch a schopn\u00fdch pravicov\u00fdch l\u00eddr\u016f. Nov\u00e9ho, rozumn\u00e9ho l\u00eddra \u010di programu. Nato\u017e nov\u00e9 siln\u00e9 vize.<br \/>\nODS jednodu\u0161e nen\u00ed schopna zm\u011bny. Nato\u017e up\u0159\u00edmn\u00e9 sebereflexe.<br \/>\nPro srovn\u00e1n\u00ed uvedu ned\u00e1vn\u00fd projev Andreje Babi\u0161e p\u0159i \u017e\u00e1dosti vl\u00e1dy o vysloven\u00ed d\u016fv\u011bry. Babi\u0161 se b\u011bhem projevu ve Sn\u011bmovn\u011b up\u0159\u00edmn\u011b a od srdce omluvil lidem za \u00e9ru Covidu.<br \/>\nUznal, pod\u011blali jsme to. Ud\u011blali jsme chyby a velmi siln\u011b jsme se z toho pou\u010dili. Covid n\u00e1m zni\u010dil p\u0159edchoz\u00ed vl\u00e1du. Na\u0161e chyby n\u00e1s p\u0159ivedly do opozi\u010dn\u00edch lavic.<br \/>\nSebereflexe a p\u0159izn\u00e1n\u00ed omylu je dobr\u00e1 cesta.<br \/>\nUmo\u017e\u0148uje se pou\u010dit z chyb a vyvarovat se jich pro p\u0159\u00ed\u0161t\u011b.<\/p>\n<p>ODS cestou sebereflexe nep\u016fjde. B\u011bhem let degradovala z nejnad\u011bjn\u011bj\u0161\u00ed politick\u00e9 s\u00edly, tahouna politick\u00e9 sc\u00e9ny, prosazovatele transforma\u010dn\u00ed politiky, tv\u016frce ekonomick\u00e9 podstaty a politick\u00e9ho garanta evropsk\u00e9 formy demokracie v nejodpudiv\u011bj\u0161\u00ed verzi politick\u00fdch uzurp\u00e1tor\u016f moci. V odm\u00edtanou vrchnost, prosazuj\u00edc\u00ed protilidovou politiku, obvykle zahalenou do \u00e9tosu dobov\u00fdch ortodoxi\u00ed.<br \/>\nOd prvotn\u00edch prosazovatel\u016f ortodoxn\u00ed verze kapitalismu p\u0159es \u00e9ru kmotrovsk\u00fdch struktur, po dne\u0161n\u00ed podobu tristn\u00ed eurounijn\u00ed vrchnosti. Op\u00edraj\u00edc\u00ed se o politick\u00fd m\u00fdtus \u201ez\u00e1padn\u00edch hodnot\u201c, kter\u00fd se rozpadl spolu s v\u00e1lkou na Ukrajin\u011b v m\u011bn\u00edc\u00edm se prost\u0159ed\u00ed multipol\u00e1rn\u00edho sv\u011bta.<\/p>\n<p>Na dom\u00e1c\u00edm h\u0159i\u0161ti je politika ODS politikou \u0161tvan\u00ed, konfrontace, lhan\u00ed, stejn\u011b jako pokus\u016f ni\u010dit politick\u00e9 protivn\u00edky v nejobvyklej\u0161\u00ed h\u0159e na vn\u011bj\u0161\u00edho a vnit\u0159n\u00edho nep\u0159\u00edtele. P\u0159i\u010dem\u017e se jako spojence sna\u017e\u00ed z\u00edskat p\u0159edev\u0161\u00edm podnikatele a mladou a nejmlad\u0161\u00ed generaci. Pochopiteln\u011b, mlad\u00ed si nepamatuj\u00ed, co tady ODS a jej\u00ed satelity p\u00e1chaly po cel\u00e1 desetilet\u00ed.<\/p>\n<p>ODS jako n\u011bkdej\u0161\u00ed hybatel celospole\u010densk\u00fdch proces\u016f si po revolt\u011b 1989 p\u0159isvojila statut demokrat\u016f a dominantn\u00ed politick\u00e9 s\u00edly. A rozhodn\u011b se jej nem\u00ednila vzd\u00e1t. Ov\u0161em cesta, kterou ODS zvolila je nejm\u00e9n\u011b \u0161\u0165astn\u00e1. Nam\u00edsto, aby ODS \u00fasp\u011b\u0161n\u011b rozv\u00edjela koncept demokracie a politickou sout\u011b\u017e, cestou svobodn\u00e9 sout\u011b\u017ee ide\u00ed, konkurence program\u016f, politick\u00e9 hry o nejlep\u0161\u00ed n\u00e1pady pro \u00fasp\u011bch vlastn\u00ed zem\u011b, zneu\u017eila sv\u016fj statut pouze pro mocensk\u00e9 soupe\u0159en\u00ed. V okam\u017eiku, kdy se do politick\u00e9 sout\u011b\u017ee dostal rovnocenn\u00fd soupe\u0159, ANO, zah\u00e1jila ODS nesmi\u0159iteln\u00fd z\u00e1pas o vyt\u011bsn\u011bn\u00ed takto rovnocenn\u00e9ho protivn\u00edka. Cestou ostrakizace, pseudokauz a systematick\u00e9ho ni\u010den\u00ed pov\u011bsti. Za v\u00fdrazn\u00e9 asistence m\u00e9di\u00ed. Kter\u00e9 zainteresovan\u011b nasko\u010dily na tuto hru.<\/p>\n<p>Jedna kauza za druhou, ve kter\u00e9 byl Babi\u0161 obvin\u011bn, skon\u010dila u soudu osvobozuj\u00edc\u00edmi rozsudky. Ale o tom se p\u0159\u00edli\u0161 nemluv\u00ed. V hlav\u00e1ch lid\u00ed po t\u011bchto pseudokauz\u00e1ch z\u016fstal jen nev\u00e1bn\u00fd od\u00e9r, kter\u00fd je hlavn\u00edm politick\u00fdm kapit\u00e1lem dne\u0161n\u00ed opozice. Co\u017e bylo ostatn\u011b smyslem t\u011bchto kauz.<\/p>\n<p>Probl\u00e9m je, \u017ee to nem\u011bn\u00ed podstatu politick\u00e9ho z\u00e1pasu. A t\u00edm nen\u00ed ni\u010den\u00ed politick\u00e9 konkurence.<br \/>\nT\u00edm je starost a p\u00e9\u010de o vlastn\u00ed st\u00e1t.<br \/>\nA tady ODS systematicky, nejen b\u011bhem posledn\u00edch \u010dty\u0159 let, selhala.<\/p>\n<p>\ud835\udde5\ud835\uddf2\ud835\ude00\ud835\ude02\ud835\uddfa\ud835\uddf2\u0301 \ud835\ude07\ud835\uddee \ud835\uddd9\ud835\uddf6\ud835\uddee\ud835\uddf9\ud835\uddfc\ud835\ude02<br \/>\nKdy\u017e Babi\u0161 v roce 2021 p\u0159edal vl\u00e1du, z\u00edskala koalice veden\u00e1 ODS mimo\u0159\u00e1dnou p\u0159\u00edle\u017eitost prok\u00e1zat schopnost stabilizovat ve\u0159ejn\u00e9 finance i ekonomiku po covidov\u00e9m obdob\u00ed.<br \/>\nV\u00fdsledek?<\/p>\n<p>\ud835\udde9\ud835\uddf2\ud835\uddff\u030c\ud835\uddf2\ud835\uddf7\ud835\uddfb\ud835\ude06\u0301 \ud835\uddf1\ud835\uddf9\ud835\ude02\ud835\uddf5 \u010cesk\u00e9 republiky vzrostl mezi lety 2022\u20132025 p\u0159ibli\u017en\u011b o 1,1\u20131,2 bilionu korun. Tempo zadlu\u017eov\u00e1n\u00ed z\u016fstalo vysok\u00e9 i po odezn\u011bn\u00ed pandemie a vl\u00e1da dlouho nedok\u00e1zala prosadit \u00fa\u010dinnou struktur\u00e1ln\u00ed konsolidaci rozpo\u010dtu. Navzdory \ud835\uddff\ud835\uddf2\ud835\uddf8\ud835\uddfc\ud835\uddff\ud835\uddf1\ud835\uddfb\ud835\uddf6\u0301\ud835\uddfa\ud835\ude02 \ud835\uddf1\ud835\uddee\ud835\uddfb\u030c\ud835\uddfc\ud835\ude03\ud835\uddf2\u0301\ud835\uddfa\ud835\ude02 \ud835\uddf6\ud835\uddfb\ud835\uddf8\ud835\uddee\ud835\ude00\ud835\ude02 pokra\u010dovaly stamiliardov\u00e9 deficity, co\u017e vedlo ke zhor\u0161en\u00ed fisk\u00e1ln\u00ed stability \u010desk\u00e9ho st\u00e1tu.<\/p>\n<p>Pod z\u00e1minkou \ud835\uddef\ud835\uddfc\ud835\uddf7\ud835\uddf2 \ud835\uddfd\ud835\uddff\ud835\uddfc\ud835\ude01\ud835\uddf6 \ud835\uddf1\ud835\uddf2\ud835\ude07\ud835\uddf6\ud835\uddfb\ud835\uddf3\ud835\uddfc\ud835\uddff\ud835\uddfa\ud835\uddee\ud835\uddf0\ud835\uddf6\u0301\ud835\uddfa vznikly nov\u00e9 struktury jako Centrum proti hybridn\u00edm hrozb\u00e1m p\u0159i MV, \u010di STRATCOM p\u0159i \u00da\u0159adu vl\u00e1dy. Zv\u00fd\u0161ila se \u010dinnost r\u016fzn\u00fdch cenzurn\u00edch a vlivov\u00fdch iniciativ typu Manipul\u00e1to\u0159i, Milion Chvilek, \u0160t\u00edt demokracie apod. Do\u0161lo k vyp\u00edn\u00e1n\u00ed nepohodln\u00fdch m\u00e9di\u00ed bez standardn\u00edho soudn\u00edho r\u00e1mce. P\u0159\u00edstup vl\u00e1dy znamenal nebezpe\u010dn\u00fd posun v ot\u00e1zce svobody projevu.<\/p>\n<p>Kabinet z\u00e1rove\u0148 spustil nejdra\u017e\u0161\u00ed \ud835\ude07\ud835\uddef\ud835\uddff\ud835\uddfc\ud835\uddf7\ud835\uddfb\ud835\uddf6\u0301 \ud835\uddfb\ud835\uddee\u0301\ud835\uddf8\ud835\ude02\ud835\uddfd\ud835\ude06 v historii \u010cR (v\u010detn\u011b americk\u00fdch F-35) v dob\u011b, kdy se st\u00e1tn\u00ed rozpo\u010det ocitl v deficitech a vl\u00e1da z\u00e1rove\u0148 \u0161et\u0159ila na soci\u00e1ln\u00edch v\u00fddaj\u00edch. Prioritou se stala sp\u00ed\u0161e geopolitick\u00e1 gesta, ne\u017e vnit\u0159n\u00ed ekonomick\u00e1 stabilita zem\u011b.<\/p>\n<p>Samostatnou kapitolu p\u0159edstavuj\u00ed v\u00fddaje \u010cesk\u00e9 republiky na \ud835\ude03\ud835\uddee\u0301\ud835\uddf9\ud835\uddf8\ud835\ude02 \ud835\uddfb\ud835\uddee \ud835\udde8\ud835\uddf8\ud835\uddff\ud835\uddee\ud835\uddf7\ud835\uddf6\ud835\uddfb\ud835\uddf2\u030c. Podle \u010desk\u00e9ho Ministerstva financ\u00ed st\u00e1ly p\u0159\u00edm\u00e9 rozpo\u010dtov\u00e9 v\u00fddaje spojen\u00e9 s Ukrajinou p\u0159ibli\u017en\u011b 100 miliard korun. Mezin\u00e1rodn\u00ed Ukraine Support Tracker Kielsk\u00e9ho institutu v\u0161ak zapo\u010d\u00edt\u00e1v\u00e1 i nep\u0159\u00edm\u00e9 n\u00e1klady, evropsk\u00e9 p\u0159\u00edsp\u011bvky, zak\u00e1zky realizovan\u00e9 p\u0159es \u010desk\u00fd obrann\u00fd pr\u016fmysl a vojenskou techniku v cen\u011b jej\u00ed n\u00e1hrady. Touto metodikou je celkov\u00e1 pomoc \u010cesk\u00e9 republiky vy\u010d\u00edslov\u00e1na na 250 miliard K\u010d. Ani\u017e by o rozsahu t\u011bchto z\u00e1vazk\u016f prob\u011bhla \u0161ir\u0161\u00ed ve\u0159ejn\u00e1 debata, nato\u017e souhlas ze strany podstatn\u00e9 \u010d\u00e1sti ve\u0159ejnosti.<\/p>\n<p>Vl\u00e1da reagovala pozd\u011b a chaoticky na \ud835\uddf2\ud835\uddfb\ud835\uddf2\ud835\uddff\ud835\uddf4\ud835\uddf2\ud835\ude01\ud835\uddf6\ud835\uddf0\ud835\uddf8\ud835\uddfc\ud835\ude02 \ud835\uddf8\ud835\uddff\ud835\uddf6\ud835\ude07\ud835\uddf6. Kombinace drah\u00fdch energi\u00ed a nejvy\u0161\u0161\u00ed kumulovan\u00e9 inflace od 90. let dramaticky \ud835\ude00\ud835\uddfb\ud835\uddf6\u0301\ud835\ude07\u030c\ud835\uddf6\ud835\uddf9\ud835\uddee \ud835\uddff\ud835\uddf2\ud835\uddee\u0301\ud835\uddf9\ud835\uddfb\ud835\uddf2\u0301 \ud835\uddfd\ud835\uddff\u030c\ud835\uddf6\u0301\ud835\uddf7\ud835\uddfa\ud835\ude06 obyvatel.<\/p>\n<p>Nam\u00edsto sl\u00edben\u00e9ho nezvy\u0161ov\u00e1n\u00ed dan\u00ed \ud835\ude03\ud835\uddf9\ud835\uddee\u0301\ud835\uddf1\ud835\uddee \ud835\ude07\ud835\ude03\ud835\ude06\u0301\ud835\ude00\u030c\ud835\uddf6\ud835\uddf9\ud835\uddee \ud835\uddfc\ud835\uddf1\ud835\ude03\ud835\uddfc\ud835\uddf1\ud835\ude06 \u017eivnostn\u00edk\u016fm, majetkov\u00e9 dan\u011b i nep\u0159\u00edm\u00e9 dan\u011b. Zat\u00edmco z\u00e1rove\u0148 otev\u0159ela cestu ke zpomalen\u00ed valorizace d\u016fchod\u016f a prodlou\u017een\u00ed v\u011bku odchodu do penze. Ob\u010dan\u00e9 tak zaplatili \u00fa\u010det za rozpo\u010dtovou nekompetenci vl\u00e1dy.<\/p>\n<p>Navzdory \ud835\uddff\ud835\uddf2\ud835\uddf8\ud835\uddfc\ud835\uddff\ud835\uddf1\ud835\uddfb\ud835\uddf6\u0301\ud835\uddfa\ud835\ude02 \ud835\ude03\ud835\ude06\u0301\ud835\uddef\ud835\uddf2\u030c\ud835\uddff\ud835\ude02 \ud835\uddf1\ud835\uddee\ud835\uddfb\ud835\uddf6\u0301 nen\u00ed nikde vid\u011bt odpov\u00eddaj\u00edc\u00ed v\u00fdsledek. Ekonomika stagnovala. Investice do infrastruktury zaost\u00e1valy. \u017divotn\u00ed \u00farove\u0148 \u010cech\u016f se propadla nejrychleji v r\u00e1mci EU.<\/p>\n<p>ODS jednodu\u0161e selhala.<br \/>\n\u010cty\u0159i roky vl\u00e1dy ODS byla \u010dist\u00e1 katastrofa.<br \/>\nNep\u0159inesla ani reformy ani stabilitu, ale kombinaci zadlu\u017een\u00ed, zdra\u017eov\u00e1n\u00ed a da\u0148ov\u00e9 z\u00e1t\u011b\u017ee. Ztr\u00e1tu d\u016fv\u011bry ve schopnost st\u00e1tu h\u00e1jit vlastn\u00ed ob\u010dany. Jednodu\u0161e se uk\u00e1zalo, \u017ee ODS nen\u00ed schopna ani vl\u00e1dnout, ani politicky konkurovat. Volby 2025 byly odrazem t\u00e9to skute\u010dnosti.<\/p>\n<p>\ud835\udde7\ud835\uddff\ud835\uddfc\ud835\uddf0\ud835\uddf5\ud835\uddee \ud835\uddf5\ud835\uddf6\ud835\ude00\ud835\ude01\ud835\uddfc\ud835\uddff\ud835\uddf6\ud835\uddf2 \ud835\uddfb\ud835\uddf2\ud835\ude02\ud835\ude00\u030c\ud835\uddf8\ud835\uddfc\ud835\uddf1\ud835\uddf6\u0301<br \/>\nP\u0159ipomenu, \u017ee za politikou ODS je historicky nejdel\u0161\u00ed s\u00e9rie p\u0159e\u0161lap\u016f, mizern\u00fdch vl\u00e1d, \u010di havarijn\u00edch konc\u016f jednotliv\u00fdch politik a jejich premi\u00e9r\u016f. Zni\u010duj\u00edc\u00ed skand\u00e1ly, spojen\u00e9 s ODS a jej\u00edmi koali\u010dn\u00edmi partnery. Kter\u00e9 po\u0161kodily pojem pravicov\u00e9 politiky.<br \/>\nSebereflexe se nekon\u00e1. Kongres ODS 2026 to op\u011bt uk\u00e1zal.<br \/>\nODS nen\u00ed sebereflexe schopna.<br \/>\nDobr\u00e1. Tak ji r\u00e1d poskytnu.<\/p>\n<p>Lid\u00e9 nezapom\u00ednaj\u00ed na dluhy spojen\u00e9 s transformac\u00ed a velkou privatizac\u00ed v hodnot\u011b p\u0159es 500 miliard, dislokovan\u00e9 v Konsolida\u010dn\u00ed bance (v dne\u0161n\u00edch cen\u00e1ch p\u0159es bilion korun). Zni\u010den\u00e9 \u010desk\u00e9 fabriky a p\u00e1d cel\u00fdch odv\u011btv\u00ed. Systematickou protilidovou politiku. Korupci a korup\u010dn\u00ed skand\u00e1ly \u2013 LTO, \u010cern\u00e9 konto ODS, ProMoPro, Dal\u00edkovy Pandury, Drobilovy trafiky, ROP Severoz\u00e1pad a dal\u0161\u00ed..<\/p>\n<p>P\u0159ipomenu nejlep\u0161\u00edho ministra financ\u00ed v\u0161ech dob i p\u0159ilehl\u00e9ho vesm\u00edru, Miroslava Kalouska za \u00e9ry premi\u00e9ra Topol\u00e1nka. S jeho katastrof\u00e1ln\u00ed ekonomickou politikou b\u011bhem krize 2008. Kdy po kolapsu trhu subprime hypot\u00e9k v USA a p\u00e1du Lehman Brothers (z\u00e1\u0159\u00ed 2008) do\u0161lo k zmrazen\u00ed mezibankovn\u00edho trhu, propadu d\u016fv\u011bry a \u00fatlumu \u00fav\u011brov\u00e1n\u00ed.<br \/>\nKalousek reagoval na glob\u00e1ln\u00ed krizi zp\u016fsobem vhodn\u00fdm nikoliv pro prob\u00edhaj\u00edc\u00ed recesi. Ale postupem vhodn\u00fdm sp\u00ed\u0161e pro p\u0159eh\u0159\u00e1tou ekonomiku.<br \/>\nZat\u00edmco N\u011bmecko, USA, Francie pou\u017eili fisk\u00e1ln\u00ed stimuly, investice do infrastruktury a podporu zam\u011bstnanosti, Kalousek, za p\u0159\u00edm\u00e9 podpory Topol\u00e1nka, omezil v nesmysln\u00e9 rozpo\u010dtov\u00e9 ortodoxii r\u016fst v\u00fddaj\u016f, d\u016fchod\u016f, \u0161krtal investice st\u00e1tu a tla\u010dil na sni\u017eov\u00e1n\u00ed deficitu m\u00edsto podpory popt\u00e1vky.<br \/>\nKe stabilizaci ekonomiky pochopiteln\u011b nedo\u0161lo, naopak v\u00fdsledkem byl nejvy\u0161\u0161\u00ed deficit za tehdej\u0161\u00ed celou historii od roku 1989. \u010cesk\u00e1 ekonomika se takto dostala i do dvojit\u00e9 recese (mezi 2012-2013), zat\u00edmco jin\u00e9 st\u00e1ty se zotavily rychleji. Kdy\u017e k tomu p\u0159id\u00e1me z\u00e1bavn\u00e9 sn\u00edmky Mirka Topol\u00e1nka v Tosk\u00e1nsku a premi\u00e9rova poradce Dal\u00edka, kter\u00fd putoval do v\u011bzen\u00ed za pokus o korupci v kauze Pandur\u016f, byl to okam\u017eik zlomu.<\/p>\n<p>N\u00e1sledoval slab\u00fd premi\u00e9r Ne\u010das. Jeho\u017e kari\u00e9ru i politickou dr\u00e1hu ukon\u010dila kauza zneu\u017eit\u00ed Vojensk\u00e9ho zpravodajstv\u00ed ke sledov\u00e1n\u00ed Ne\u010dasovy man\u017eelky jeho asistentkou a tehdej\u0161\u00ed p\u0159\u00edtelkyn\u00ed Janou Nagyovou. Kter\u00e1 se pozd\u011bji stala man\u017eelkou Petra Ne\u010dase. Trestn\u00ed v\u011btev, kter\u00e1 vedla k z\u00e1sahu \u00daOOZ a p\u00e1du vl\u00e1dy se ale net\u00fdkala kabelek a sledov\u00e1n\u00ed premi\u00e9rovy man\u017eelky. \u0160lo o vyjedn\u00e1v\u00e1n\u00ed trafik pro poslance ODS (Fuksa, \u0160najdr, Tlucho\u0159), v\u00fdm\u011bnou za slo\u017een\u00ed mand\u00e1tu a podez\u0159en\u00ed na korup\u010dn\u00ed dohody uvnit\u0159 vl\u00e1dy.<\/p>\n<p>Soub\u011b\u017en\u011b ve\u0159ejnost\u00ed ot\u0159\u00e1sla i jin\u00e1 af\u00e9ra, spojen\u00e1 s ODS. Skand\u00e1l existoval u\u017e za Topol\u00e1nka, ale explodoval za Ne\u010dase. Odposlechy zve\u0159ejn\u011bn\u00e9 MF DNES a dal\u0161\u00edmi m\u00e9dii poch\u00e1zely z policejn\u00edho sledov\u00e1n\u00ed lobbisty Romana Janou\u0161ka (2007\u20132009). Zachytily velmi d\u016fv\u011brnou komunikaci mezi Janou\u0161kem a pra\u017esk\u00fdm prim\u00e1torem B\u00e9mem. Tyto nahr\u00e1vky jsou jedn\u00edm z nejikoni\u010dt\u011bj\u0161\u00edch symbol\u016f \u201ekmotrovsk\u00e9 \u00e9ry\u201c pra\u017esk\u00e9 ODS.<br \/>\nNikdo patrn\u011b nezapomene na \u0161vito\u0159\u00edc\u00edho B\u00e9ma s Janou\u0161kem, d\u016fv\u011brn\u011b se oslovuj\u00edc\u00ed \u201eMaz\u00e1nku\u201c, \u201ePa\u0161\u00edku\u201c, \u201eKolib\u0159\u00edku (p\u0159ezd\u00edvky), velmi d\u016fv\u011brnou komunikaci p\u0159i prob\u00edr\u00e1n\u00ed obsazov\u00e1n\u00ed funkc\u00ed, zak\u00e1zek, vlivu na magistr\u00e1t. Janou\u0161ek fakticky vystupoval jako \u201enevolen\u00fd spoluvl\u00e1dce Prahy\u201c.<br \/>\nTyto nahr\u00e1vky byly p\u0159elomov\u00e9, proto\u017ee poprv\u00e9 velmi n\u00e1zorn\u011b uk\u00e1zaly, \u017ee prim\u00e1tor Prahy konzultoval politick\u00e1 rozhodnut\u00ed s lobbistou. Janou\u0161ek m\u011bl p\u0159\u00edm\u00fd vliv na chod magistr\u00e1tu a pra\u017esk\u00e1 ODS byla \u0159\u00edzena mimo ofici\u00e1ln\u00ed struktury. Byl to jeden z hlavn\u00edch moment\u016f, kdy se ve\u0159ejn\u011b rozpadl obraz ODS jako standardn\u00ed pravicov\u00e9 strany a za\u010dalo se otev\u0159en\u011b mluvit o syst\u00e9mu politick\u00fdch \u201ekmotr\u016f\u201c.<\/p>\n<p>Pr\u00e1v\u011b prost\u0159ed\u00ed kmotrovsk\u00e9 politiky a rozs\u00e1hl\u00e9 korupce, zasahuj\u00edc\u00ed do nejvy\u0161\u0161\u00edch pater jak pra\u017esk\u00e9, tak i celost\u00e1tn\u00ed politiky vedly k p\u0159irozen\u00e9 politick\u00e9 reakci. K n\u00e1stupu nov\u00e9 politick\u00e9 opozice. Vzniklo ANO, jako nov\u00e9 protikorup\u010dn\u00ed hnut\u00ed, v reakci na d\u011bn\u00ed. A za\u010dala se odv\u00edjet cesta nov\u00e9 \u010desk\u00e9 politiky.<br \/>\nA jak se dalo o\u010dek\u00e1vat. Vyzyvatele, jak ANO, tak SPD, tak levicov\u00e9 subjekty prakticky bezprost\u0159edn\u011b ODS i m\u00e9dia zna\u010dila za \u201eohro\u017een\u00ed demokracie\u201c. Jak jinak.<\/p>\n<p>\ud835\uddd9\ud835\uddf6\ud835\uddee\ud835\uddf9\ud835\ude02\u030a\ud835\ude03 \ud835\uddfd\ud835\uddfc\ud835\uddf8\ud835\ude02\ud835\ude00 \ud835\uddfc \ud835\uddf0\ud835\uddfc\ud835\uddfa\ud835\uddf2\ud835\uddef\ud835\uddee\ud835\uddf0\ud835\uddf8 \ud835\udde2\ud835\uddd7\ud835\udde6<br \/>\nKdy\u017e kandidoval do \u010dela ODS Petr Fila, na kongresu roku 2013 v Olomouci, jeho projev se dal poslouchat. V\u011b\u0159it se tomu se po zku\u0161enostech s ODS dalo jen st\u011b\u017e\u00ed. P\u0159eci jen, v auditoriu konference se promenovali z\u00e1stupci v\u0161ech vlivov\u00fdch skupin, kmotr\u016f a lobbist\u016f \u010di znep\u0159\u00e1telen\u00fdch frakc\u00ed, nav\u00e1zan\u00fdch na ODS. Ale poslouchat se to dalo. Fiala znovu spojil ODS a nab\u00eddl cestu.<br \/>\nV\u00fdsledek po letech zn\u00e1me. Bohu\u017eel.<\/p>\n<p>Kdy\u017e se na to pod\u00edv\u00e1me s odstupem \u010dasu. Po v\u0161ech t\u011bch nabl\u00fdskan\u00fdch a ok\u00e1zal\u00fdch kongresech, volebn\u00edch kampan\u00edch, televizn\u00edch vystoupen\u00edch, uji\u0161\u0165ov\u00e1n\u00ed o demokracii a prosperit\u011b..<br \/>\nOb\u010dan\u00e9 a voli\u010di nakonec dostanou v\u017edy to sam\u00e9.<br \/>\nTu samou ODS, jej\u00edm\u017e DNA je protilidov\u00e1 partaj, jej\u00edm\u017e z\u00e1jmem je zastupovat z\u00e1jmy vybran\u00fdch a preferovan\u00fdch.<br \/>\nOb\u010dan\u016fm ODS nab\u00eddne z\u00e1stupn\u00e9 t\u00e9ma, adjustovan\u00e9 na pozad\u00ed dobov\u00fdch n\u00e1lad. K tomu je pot\u0159eba jen zku\u0161en\u00fd r\u00e9tor, dostate\u010dn\u011b odoln\u00fd v\u016f\u010di pravd\u011b i realit\u011b, schopn\u00fd v\u00e9st podobnou politiku a plamenn\u00e9 debaty, odv\u00e1d\u011bj\u00edc\u00ed pozornost od podstaty a pot\u0159eb zem\u011b i obyvatel.<br \/>\nPo v\u010derej\u0161ku m\u00e1 ODS p\u0159esn\u011b takov\u00e9ho politika v \u010dele.<br \/>\nDal\u0161\u00edho demiurga, kter\u00fd po p\u0159\u00edpadn\u00e9m n\u00e1stupu k moci v\u017edy znovu a znovu prosad\u00ed tut\u00e9\u017e ni\u010divou politiku pro ob\u010dany, prost\u0159ed\u00ed i st\u00e1t. Vl\u00e1dn\u00ed anga\u017em\u00e1 ODS, slogany a politick\u00e9 deklarace se tak po \u010dase poka\u017ed\u00e9 prom\u011bn\u00ed v pomyslnou kupku hnoje.<\/p>\n<p>Po v\u010derej\u0161ku m\u00e1 tedy tento princip a mechanismus i symptomatick\u00e9 pojmenov\u00e1n\u00ed.<br \/>\nP\u0159edsedou ODS se stal Martin Kupka.<br \/>\nNomen omen.<\/p>\n<p>&nbsp;<\/p>\n<p><strong>FB<\/strong>\u00a0\u2013\u00a0<a href=\"https:\/\/www.facebook.com\/david.martinek1\" target=\"_blank\" rel=\"noopener\"><strong>David MARTINEK<\/strong><\/a><a href=\"https:\/\/www.facebook.com\/david.martinek1?fref=ts\" target=\"_blank\" rel=\"noopener\"><strong>,\u00a0<\/strong><\/a><strong>publicista<\/strong>,\u00a0<strong>re\u017eis\u00e9r, producent ve spole\u010dnosti\u00a0David Martinek Production<\/strong><\/p>\n<hr \/>\n<p>&nbsp;<\/p>\n<h4>Jin\u00e9 \u010dl\u00e1nky autora:<\/h4>\n<h6 class=\"entry-title\"><a href=\"https:\/\/zakrasnejsivimperk.cz\/?p=366371\" target=\"_blank\" rel=\"noopener\">DAVID MARTINEK: Chozen\u00ed pozp\u00e1tku<\/a><\/h6>\n<h6 class=\"entry-title\"><a href=\"https:\/\/zakrasnejsivimperk.cz\/?p=357880\" target=\"_blank\" rel=\"noopener\">DAVID MARTINEK: V oku ork\u00e1nu. Do \u010desk\u00fdch voleb zb\u00fdvaj\u00ed t\u0159i dny<\/a><\/h6>\n<h6 class=\"entry-title\"><a href=\"https:\/\/zakrasnejsivimperk.cz\/?p=354001\" target=\"_blank\" rel=\"noopener\">DAVID MARTINEK: Evropsk\u00e9 selh\u00e1n\u00ed na Ukrajin\u011b v roce 2014. Moment, kdy EU ztratila Ukrajinu<\/a><\/h6>\n<h6 class=\"entry-title\"><a href=\"https:\/\/zakrasnejsivimperk.cz\/?p=353839\" target=\"_blank\" rel=\"noopener\">DAVID MARTINEK: Den p\u0159ed setk\u00e1n\u00edm na Alja\u0161ce<\/a><\/h6>\n<h6 class=\"entry-title\"><a href=\"https:\/\/zakrasnejsivimperk.cz\/?p=352365\" target=\"_blank\" rel=\"noopener\">DAVID MARTINEK: Vnimanie! Vnimanie!<\/a><\/h6>\n<h6 class=\"entry-title\"><a href=\"https:\/\/zakrasnejsivimperk.cz\/?p=352179\" target=\"_blank\" rel=\"noopener\">DAVID MARTINEK: P\u00e1d Gile\u00e1du<\/a><\/h6>\n<h6 class=\"entry-title\"><a href=\"https:\/\/zakrasnejsivimperk.cz\/?p=350580\" target=\"_blank\" rel=\"noopener\">DAVID MARTINEK: Mistr Jan Hus<\/a><\/h6>\n<h6 class=\"entry-title\"><a href=\"https:\/\/zakrasnejsivimperk.cz\/?p=347566\" target=\"_blank\" rel=\"noopener\">DAVID MARTINEK: Decroix. Spravedlnost v nouzov\u00e9m re\u017eimu<\/a><\/h6>\n<h6 class=\"entry-title\"><a href=\"https:\/\/zakrasnejsivimperk.cz\/?p=347453\" target=\"_blank\" rel=\"noopener\">DAVID MARTINEK: Casus belli<\/a><\/h6>\n<h6 class=\"entry-title\"><a href=\"https:\/\/zakrasnejsivimperk.cz\/?p=345199\" target=\"_blank\" rel=\"noopener\">DAVID MARTINEK: 80 let od konce druh\u00e9 sv\u011btov\u00e9 v\u00e1lky<\/a><\/h6>\n<h6 class=\"entry-title\"><a href=\"https:\/\/zakrasnejsivimperk.cz\/?p=340966\" target=\"_blank\" rel=\"noopener\">DAVID MARTINEK: Report\u00e1\u017e psan\u00e1 na benz\u00ednce<\/a><\/h6>\n<h6 class=\"entry-title\"><a href=\"https:\/\/zakrasnejsivimperk.cz\/?p=339136\" target=\"_blank\" rel=\"noopener\">DAVID MARTINEK: Jak ukazuj\u00ed produkce parti\u010dek, usazen\u00fdch v televizi od pofid\u00e9rn\u00ed \u201ctelevizn\u00ed revoluce\u201d, ve\u0159ejnopr\u00e1vn\u00ed televize je d\u00e1vno za zenitem<\/a><\/h6>\n<h6 class=\"entry-title\"><a href=\"https:\/\/zakrasnejsivimperk.cz\/?p=338695\" target=\"_blank\" rel=\"noopener\">DAVID MARTINEK: P\u0159\u00edb\u011bh hoch\u0161taplera je u konce<\/a><\/h6>\n<h6 class=\"entry-title\"><a href=\"https:\/\/zakrasnejsivimperk.cz\/?p=304257\" target=\"_blank\" rel=\"noopener\">DAVID MARTINEK: Den kolaborant\u016f<\/a><\/h6>\n<h6 class=\"entry-title\"><a href=\"https:\/\/zakrasnejsivimperk.cz\/?p=300628\" target=\"_blank\" rel=\"noopener\">DAVID MARTINEK: Pr\u016flom<\/a><\/h6>\n<h6 class=\"entry-title\"><a href=\"https:\/\/zakrasnejsivimperk.cz\/?p=300045\" target=\"_blank\" rel=\"noopener\">DAVID MARTINEK: Styd\u00edm se za Petra Fialu<\/a><\/h6>\n<h6 class=\"entry-title\"><a href=\"https:\/\/zakrasnejsivimperk.cz\/?p=298348\" target=\"_blank\" rel=\"noopener\">DAVID MARTINEK: V\u011bdom\u00ed, ve v\u00edru v\u011bk\u016f<\/a><\/h6>\n<h6 class=\"entry-title\"><a href=\"https:\/\/zakrasnejsivimperk.cz\/?p=298285\" target=\"_blank\" rel=\"noopener\">DAVID MARTINEK: Traktory v Praze. Protest zem\u011bd\u011blc\u016f proti Green Dealu. Evropsk\u00e1 unie a dom\u00e1c\u00ed zem\u011bd\u011blstv\u00ed<\/a><\/h6>\n<h6 class=\"entry-title\"><a href=\"https:\/\/zakrasnejsivimperk.cz\/?p=295889\" target=\"_blank\" rel=\"noopener\">DAVID MARTINEK: Raku\u0161anovo karvinsk\u00e9 extempore<\/a><\/h6>\n<h6 class=\"entry-title\"><a href=\"https:\/\/zakrasnejsivimperk.cz\/?p=295482\" target=\"_blank\" rel=\"noopener\">DAVID MARTINEK: Skirmish diletant\u016f vs. princip budov\u00e1n\u00ed st\u00e1tu<\/a><\/h6>\n<hr \/>\n<p>&nbsp;<\/p>\n","protected":false},"excerpt":{"rendered":"<p>\u201eDefinice \u0161\u00edlenstv\u00ed <\/p>\n","protected":false},"author":2,"featured_media":366635,"comment_status":"open","ping_status":"open","sticky":false,"template":"","format":"gallery","meta":{"footnotes":""},"categories":[11,85,121],"tags":[],"jetpack_featured_media_url":"https:\/\/zakrasnejsivimperk.cz\/wp-content\/uploads\/2026\/01\/18\/martinek-180126.jpg","_links":{"self":[{"href":"https:\/\/zakrasnejsivimperk.cz\/index.php?rest_route=\/wp\/v2\/posts\/366631"}],"collection":[{"href":"https:\/\/zakrasnejsivimperk.cz\/index.php?rest_route=\/wp\/v2\/posts"}],"about":[{"href":"https:\/\/zakrasnejsivimperk.cz\/index.php?rest_route=\/wp\/v2\/types\/post"}],"author":[{"embeddable":true,"href":"https:\/\/zakrasnejsivimperk.cz\/index.php?rest_route=\/wp\/v2\/users\/2"}],"replies":[{"embeddable":true,"href":"https:\/\/zakrasnejsivimperk.cz\/index.php?rest_route=%2Fwp%2Fv2%2Fcomments&post=366631"}],"version-history":[{"count":4,"href":"https:\/\/zakrasnejsivimperk.cz\/index.php?rest_route=\/wp\/v2\/posts\/366631\/revisions"}],"predecessor-version":[{"id":366637,"href":"https:\/\/zakrasnejsivimperk.cz\/index.php?rest_route=\/wp\/v2\/posts\/366631\/revisions\/366637"}],"wp:featuredmedia":[{"embeddable":true,"href":"https:\/\/zakrasnejsivimperk.cz\/index.php?rest_route=\/wp\/v2\/media\/366635"}],"wp:attachment":[{"href":"https:\/\/zakrasnejsivimperk.cz\/index.php?rest_route=%2Fwp%2Fv2%2Fmedia&parent=366631"}],"wp:term":[{"taxonomy":"category","embeddable":true,"href":"https:\/\/zakrasnejsivimperk.cz\/index.php?rest_route=%2Fwp%2Fv2%2Fcategories&post=366631"},{"taxonomy":"post_tag","embeddable":true,"href":"https:\/\/zakrasnejsivimperk.cz\/index.php?rest_route=%2Fwp%2Fv2%2Ftags&post=366631"}],"curies":[{"name":"wp","href":"https:\/\/api.w.org\/{rel}","templated":true}]}}