{"id":362725,"date":"2025-11-26T18:46:33","date_gmt":"2025-11-26T17:46:33","guid":{"rendered":"https:\/\/zakrasnejsivimperk.cz\/?p=362725"},"modified":"2025-11-26T18:46:33","modified_gmt":"2025-11-26T17:46:33","slug":"nase-mesto-vimperk-informace-z-radnice-na-vodniku-uz-se-bezkuje","status":"publish","type":"post","link":"https:\/\/zakrasnejsivimperk.cz\/?p=362725","title":{"rendered":"NA\u0160E M\u011aSTO VIMPERK \u2013 INFORMACE Z RADNICE: Na Vodn\u00edku u\u017e se b\u011b\u017ekuje"},"content":{"rendered":"<p><img loading=\"lazy\" decoding=\"async\" class=\"aligncenter wp-image-362727 size-full\" src=\"https:\/\/zakrasnejsivimperk.cz\/wp-content\/uploads\/2025\/11\/26\/lyzovani-na-vodniku-261125-2.jpg\" alt=\"\" width=\"1619\" height=\"911\" srcset=\"https:\/\/zakrasnejsivimperk.cz\/wp-content\/uploads\/2025\/11\/26\/lyzovani-na-vodniku-261125-2.jpg 1619w, https:\/\/zakrasnejsivimperk.cz\/wp-content\/uploads\/2025\/11\/26\/lyzovani-na-vodniku-261125-2-300x169.jpg 300w, https:\/\/zakrasnejsivimperk.cz\/wp-content\/uploads\/2025\/11\/26\/lyzovani-na-vodniku-261125-2-1024x576.jpg 1024w, https:\/\/zakrasnejsivimperk.cz\/wp-content\/uploads\/2025\/11\/26\/lyzovani-na-vodniku-261125-2-768x432.jpg 768w, https:\/\/zakrasnejsivimperk.cz\/wp-content\/uploads\/2025\/11\/26\/lyzovani-na-vodniku-261125-2-1536x864.jpg 1536w, https:\/\/zakrasnejsivimperk.cz\/wp-content\/uploads\/2025\/11\/26\/lyzovani-na-vodniku-261125-2-634x357.jpg 634w, https:\/\/zakrasnejsivimperk.cz\/wp-content\/uploads\/2025\/11\/26\/lyzovani-na-vodniku-261125-2-858x483.jpg 858w\" sizes=\"(max-width: 1619px) 100vw, 1619px\" \/><\/p>\n<p>&nbsp;<\/p>\n<h6>Sice jen na malink\u00e9m okruhu, ale sez\u00f3na u\u017e za\u010d\u00edn\u00e1. O v\u00edkendu Fischer Ski klub \u0160umava ve spolupr\u00e1ci s M\u011bstsk\u00fdmi slu\u017ebami Vimperk vyu\u017eil mraziv\u00e9ho po\u010das\u00ed a pustil poprv\u00e9 sn\u011b\u017en\u00e1 d\u011bla, do toho pr\u016fb\u011b\u017en\u011b p\u0159ipad\u00e1v\u00e1 p\u0159\u00edrodn\u00ed sn\u00edh.<\/h6>\n<p>Hromady um\u011bl\u00e9ho sn\u011bhu byly rolbou rozhrnuty zat\u00edm do mal\u00e9ho, asi dvousetmetrov\u00e9ho okruhu. P\u0159\u00edle\u017eitost k prvn\u00ed proj\u00ed\u017e\u010fce u\u017e si nenechali uj\u00edt prvn\u00ed nad\u0161enci. P\u0159\u00edprava del\u0161\u00edch trat\u00ed a stop za\u010dne, a\u017e sn\u011bhu op\u011bt p\u0159ibude. Chladn\u00e9 mikroklima \u00fadol\u00ed K\u0159esanovsk\u00e9ho potoka um\u011bl\u00e9mu nasn\u011b\u017eov\u00e1n\u00ed do \u201ez\u00e1soby\u201c sv\u011bd\u010d\u00ed.<\/p>\n<p>Sportovn\u00ed are\u00e1l Vodn\u00edk pat\u0159\u00ed m\u011bstu, spravuj\u00ed ho M\u011bstsk\u00e9 slu\u017eby Vimperk ve spolupr\u00e1ci se sportovn\u00edmi odd\u00edly, kter\u00e9 zde po\u0159\u00e1daj\u00ed tr\u00e9ninky i z\u00e1vody. Are\u00e1l Vodn\u00edk je voln\u011b a bezplatn\u011b p\u0159\u00edstupn\u00fd ve\u0159ejnosti. Aktu\u00e1ln\u00ed po\u010das\u00ed a stav sn\u011bhov\u00e9 pokr\u00fdvky v are\u00e1lu lze zkontrolovat p\u0159es webkameru. D\u00edky um\u011bl\u00e9mu zasn\u011b\u017eov\u00e1n\u00ed, kter\u00e9 m\u011bsto loni vylep\u0161ilo novou \u010derpac\u00ed stanic\u00ed, se zde nap\u0159\u00edklad konal lo\u0148sk\u00fd \u0160umavsk\u00fd skimaraton \u0160umava, proto\u017ee p\u0159\u00edrodn\u00edho sn\u011bhu na Kvild\u011b nebylo dost.<\/p>\n<p>&nbsp;<\/p>\n<p><strong>Text a foto: Milan BRABEC, vedouc\u00ed komunikace m\u011bsta<\/strong><\/p>\n<p>&nbsp;<\/p>\n<p><img loading=\"lazy\" decoding=\"async\" class=\"aligncenter wp-image-362728 size-full\" src=\"https:\/\/zakrasnejsivimperk.cz\/wp-content\/uploads\/2025\/11\/26\/lyzovani-na-vodniku-261125-3.jpg\" alt=\"\" width=\"1619\" height=\"911\" srcset=\"https:\/\/zakrasnejsivimperk.cz\/wp-content\/uploads\/2025\/11\/26\/lyzovani-na-vodniku-261125-3.jpg 1619w, https:\/\/zakrasnejsivimperk.cz\/wp-content\/uploads\/2025\/11\/26\/lyzovani-na-vodniku-261125-3-300x169.jpg 300w, https:\/\/zakrasnejsivimperk.cz\/wp-content\/uploads\/2025\/11\/26\/lyzovani-na-vodniku-261125-3-1024x576.jpg 1024w, https:\/\/zakrasnejsivimperk.cz\/wp-content\/uploads\/2025\/11\/26\/lyzovani-na-vodniku-261125-3-768x432.jpg 768w, https:\/\/zakrasnejsivimperk.cz\/wp-content\/uploads\/2025\/11\/26\/lyzovani-na-vodniku-261125-3-1536x864.jpg 1536w, https:\/\/zakrasnejsivimperk.cz\/wp-content\/uploads\/2025\/11\/26\/lyzovani-na-vodniku-261125-3-634x357.jpg 634w, https:\/\/zakrasnejsivimperk.cz\/wp-content\/uploads\/2025\/11\/26\/lyzovani-na-vodniku-261125-3-858x483.jpg 858w\" sizes=\"(max-width: 1619px) 100vw, 1619px\" \/><\/p>\n<p>&nbsp;<\/p>\n<p><img loading=\"lazy\" decoding=\"async\" class=\"aligncenter wp-image-362726 size-full\" src=\"https:\/\/zakrasnejsivimperk.cz\/wp-content\/uploads\/2025\/11\/26\/lyzovani-na-vodniku-261125-1.jpg\" alt=\"\" width=\"1619\" height=\"911\" srcset=\"https:\/\/zakrasnejsivimperk.cz\/wp-content\/uploads\/2025\/11\/26\/lyzovani-na-vodniku-261125-1.jpg 1619w, https:\/\/zakrasnejsivimperk.cz\/wp-content\/uploads\/2025\/11\/26\/lyzovani-na-vodniku-261125-1-300x169.jpg 300w, https:\/\/zakrasnejsivimperk.cz\/wp-content\/uploads\/2025\/11\/26\/lyzovani-na-vodniku-261125-1-1024x576.jpg 1024w, https:\/\/zakrasnejsivimperk.cz\/wp-content\/uploads\/2025\/11\/26\/lyzovani-na-vodniku-261125-1-768x432.jpg 768w, https:\/\/zakrasnejsivimperk.cz\/wp-content\/uploads\/2025\/11\/26\/lyzovani-na-vodniku-261125-1-1536x864.jpg 1536w, https:\/\/zakrasnejsivimperk.cz\/wp-content\/uploads\/2025\/11\/26\/lyzovani-na-vodniku-261125-1-634x357.jpg 634w, https:\/\/zakrasnejsivimperk.cz\/wp-content\/uploads\/2025\/11\/26\/lyzovani-na-vodniku-261125-1-858x483.jpg 858w\" sizes=\"(max-width: 1619px) 100vw, 1619px\" \/><\/p>\n<hr \/>\n<p>&nbsp;<\/p>\n","protected":false},"excerpt":{"rendered":"<p>&nbsp; Sice <\/p>\n","protected":false},"author":2,"featured_media":362729,"comment_status":"open","ping_status":"open","sticky":false,"template":"","format":"gallery","meta":{"footnotes":""},"categories":[179],"tags":[],"jetpack_featured_media_url":"https:\/\/zakrasnejsivimperk.cz\/wp-content\/uploads\/2025\/11\/26\/nove-na-vodniku.jpg","_links":{"self":[{"href":"https:\/\/zakrasnejsivimperk.cz\/index.php?rest_route=\/wp\/v2\/posts\/362725"}],"collection":[{"href":"https:\/\/zakrasnejsivimperk.cz\/index.php?rest_route=\/wp\/v2\/posts"}],"about":[{"href":"https:\/\/zakrasnejsivimperk.cz\/index.php?rest_route=\/wp\/v2\/types\/post"}],"author":[{"embeddable":true,"href":"https:\/\/zakrasnejsivimperk.cz\/index.php?rest_route=\/wp\/v2\/users\/2"}],"replies":[{"embeddable":true,"href":"https:\/\/zakrasnejsivimperk.cz\/index.php?rest_route=%2Fwp%2Fv2%2Fcomments&post=362725"}],"version-history":[{"count":1,"href":"https:\/\/zakrasnejsivimperk.cz\/index.php?rest_route=\/wp\/v2\/posts\/362725\/revisions"}],"predecessor-version":[{"id":362732,"href":"https:\/\/zakrasnejsivimperk.cz\/index.php?rest_route=\/wp\/v2\/posts\/362725\/revisions\/362732"}],"wp:featuredmedia":[{"embeddable":true,"href":"https:\/\/zakrasnejsivimperk.cz\/index.php?rest_route=\/wp\/v2\/media\/362729"}],"wp:attachment":[{"href":"https:\/\/zakrasnejsivimperk.cz\/index.php?rest_route=%2Fwp%2Fv2%2Fmedia&parent=362725"}],"wp:term":[{"taxonomy":"category","embeddable":true,"href":"https:\/\/zakrasnejsivimperk.cz\/index.php?rest_route=%2Fwp%2Fv2%2Fcategories&post=362725"},{"taxonomy":"post_tag","embeddable":true,"href":"https:\/\/zakrasnejsivimperk.cz\/index.php?rest_route=%2Fwp%2Fv2%2Ftags&post=362725"}],"curies":[{"name":"wp","href":"https:\/\/api.w.org\/{rel}","templated":true}]}}