{"id":362524,"date":"2025-11-24T18:07:07","date_gmt":"2025-11-24T17:07:07","guid":{"rendered":"https:\/\/zakrasnejsivimperk.cz\/?p=362524"},"modified":"2025-11-24T18:07:07","modified_gmt":"2025-11-24T17:07:07","slug":"aktuality-ikonicky-fotoatelier-seidel-prechazi-pod-jihocesky-kraj","status":"publish","type":"post","link":"https:\/\/zakrasnejsivimperk.cz\/?p=362524","title":{"rendered":"AKTUALITY: Ikonick\u00fd Fotoateli\u00e9r Seidel p\u0159ech\u00e1z\u00ed pod Jiho\u010desk\u00fd kraj"},"content":{"rendered":"<p><img loading=\"lazy\" decoding=\"async\" class=\"aligncenter wp-image-335946 size-large\" src=\"https:\/\/zakrasnejsivimperk.cz\/wp-content\/uploads\/2025\/01\/31\/jihocesky-kraj-logo-1024x295.jpg\" alt=\"\" width=\"700\" height=\"202\" srcset=\"https:\/\/zakrasnejsivimperk.cz\/wp-content\/uploads\/2025\/01\/31\/jihocesky-kraj-logo-1024x295.jpg 1024w, https:\/\/zakrasnejsivimperk.cz\/wp-content\/uploads\/2025\/01\/31\/jihocesky-kraj-logo-300x86.jpg 300w, https:\/\/zakrasnejsivimperk.cz\/wp-content\/uploads\/2025\/01\/31\/jihocesky-kraj-logo-768x221.jpg 768w, https:\/\/zakrasnejsivimperk.cz\/wp-content\/uploads\/2025\/01\/31\/jihocesky-kraj-logo.jpg 1100w\" sizes=\"(max-width: 700px) 100vw, 700px\" \/><\/p>\n<p>&nbsp;<\/p>\n<h6>Rada Jiho\u010desk\u00e9ho kraje schv\u00e1lila p\u0159evod Musea Fotoateli\u00e9ru Seidel v \u010cesk\u00e9m Krumlov\u011b pod spr\u00e1vu Region\u00e1ln\u00edho muzea v \u010cesk\u00e9m Krumlov\u011b, p\u0159\u00edsp\u011bvkov\u00e9 organizace kraje. Kraj tak z\u00edsk\u00e1v\u00e1 do sv\u00e9 p\u0159\u00edm\u00e9 p\u00e9\u010de jednu z nejv\u00fdznamn\u011bj\u0161\u00edch fotografick\u00fdch pam\u00e1tek ve st\u0159edn\u00ed Evrop\u011b. P\u0159evod, kter\u00fd vstoup\u00ed v platnost 1. ledna 2026, zajist\u00ed t\u00e9to v\u00fdjime\u010dn\u00e9 instituci odborn\u00e9 z\u00e1zem\u00ed, dlouhodobou stabilitu i nov\u00e9 mo\u017enosti rozvoje.<\/h6>\n<p>Seidel\u016fv fotoateli\u00e9r, spojen\u00fd se jm\u00e9nem fotografa Josefa Seidela a jeho syna Franti\u0161ka, p\u0159edstavuje naprost\u00fd unik\u00e1t \u2013 historickou fotografickou d\u00edlnu, kter\u00e1 se dochovala v autentick\u00e9 podob\u011b v\u010detn\u011b p\u016fvodn\u00edho vybaven\u00ed, archiv\u016f a rozs\u00e1hl\u00e9 sb\u00edrky negativ\u016f. Toto m\u00edsto, zapsan\u00e9 hluboko do kulturn\u00ed pam\u011bti regionu, je jedn\u00edm z nejobl\u00edben\u011bj\u0161\u00edch turistick\u00fdch c\u00edl\u016f \u010ceskokrumlovska. Sb\u00edrka obsahuje tis\u00edce sn\u00edmk\u016f dokumentuj\u00edc\u00edch \u017eivot na \u0160umav\u011b a v ji\u017en\u00edch \u010cech\u00e1ch na p\u0159elomu 19. a 20. stolet\u00ed a m\u00e1 mimo\u0159\u00e1dn\u00fd dokumenta\u010dn\u00ed i historick\u00fd v\u00fdznam pro cel\u00fd kraj.<\/p>\n<p><em>\u201eFotoateli\u00e9r Seidel se st\u00e1v\u00e1 dal\u0161\u00edm kulturn\u00edm pokladem pod spr\u00e1vou Jiho\u010desk\u00e9ho kraje. Je to autentick\u00fd prostor, kde se zastavil \u010das \u2013 a pr\u00e1v\u011b proto m\u00e1 obrovskou s\u00edlu. P\u0159evod pod Jiho\u010desk\u00fd kraj je z\u00e1sadn\u00edm miln\u00edkem, kter\u00fd t\u00e9to unik\u00e1tn\u00ed instituci zajist\u00ed profesion\u00e1ln\u00ed z\u00e1zem\u00ed a dlouhodob\u00e9 jistoty,\u201c<\/em> uvedla n\u00e1m\u011bstkyn\u011b hejtmana pro oblast kultury Lucie Kozlov\u00e1. \u201e<em>P\u0159eb\u00edr\u00e1me odpov\u011bdnost nejen za celou sb\u00edrku, ale tak\u00e9 za p\u0159\u00edb\u011bh rodiny Seidel\u016f. To v\u0161e nesmazateln\u011b ovlivnilo vizu\u00e1ln\u00ed pam\u011b\u0165 ji\u017en\u00edch \u010cech. Chceme tento odkaz nejen chr\u00e1nit, ale tak\u00e9 ho d\u00e1l rozv\u00edjet modern\u00ed digitalizac\u00ed, vzd\u011bl\u00e1vac\u00edmi aktivitami a nov\u00fdmi formami prezentace,\u201c<\/em> dodala n\u00e1m\u011bstkyn\u011b.<\/p>\n<p>P\u0159evod zahrnuje kompletn\u00ed sb\u00edrku, archivn\u00ed fondy, autorsk\u00e1 pr\u00e1va, provoz muzea i p\u0159echod v\u0161ech zam\u011bstnanc\u016f pod Region\u00e1ln\u00ed muzeum v \u010cesk\u00e9m Krumlov\u011b. Kraj spolu s muzeem p\u0159evezme tak\u00e9 veden\u00ed v\u00fdznamn\u00e9ho mezin\u00e1rodn\u00edho projektu Interreg Rakousko\u2013\u010cesko, kter\u00fd je zam\u011b\u0159en na modern\u00ed digitalizaci rozs\u00e1hl\u00e9ho archivn\u00edho materi\u00e1lu, n\u00e1kup jedine\u010dn\u00fdch sb\u00edrek a inovativn\u00ed prezentaci tohoto kulturn\u00edho d\u011bdictv\u00ed.<\/p>\n<h6>Hlavn\u00ed p\u0159\u00ednosy pro ve\u0159ejnost<\/h6>\n<p>\u2022 odborn\u00e1, stabiln\u00ed a dlouhodob\u011b udr\u017eiteln\u00e1 spr\u00e1va jedine\u010dn\u00e9 sb\u00edrky evropsk\u00e9ho v\u00fdznamu<\/p>\n<p>\u2022 garance pokra\u010dov\u00e1n\u00ed provozu a zachov\u00e1n\u00ed pracovn\u00edch m\u00edst<\/p>\n<p>\u2022 rozs\u00e1hl\u00e1 digitalizace a modern\u00ed zp\u0159\u00edstupn\u011bn\u00ed cel\u00e9ho archivn\u00edho bohatstv\u00ed<\/p>\n<p>\u2022 pos\u00edlen\u00ed kulturn\u00ed nab\u00eddky Jiho\u010desk\u00e9ho kraje i mezin\u00e1rodn\u00ed spolupr\u00e1ce<\/p>\n<p>\u2022 lep\u0161\u00ed z\u00e1zem\u00ed pro n\u00e1v\u0161t\u011bvn\u00edky a rozvoj vzd\u011bl\u00e1vac\u00edch, komunitn\u00edch i turistick\u00fdch aktivit<\/p>\n<p>&nbsp;<\/p>\n<p><strong>(tz-j\u010d)<\/strong><\/p>\n<hr \/>\n<p>&nbsp;<\/p>\n","protected":false},"excerpt":{"rendered":"<p>&nbsp; Rada <\/p>\n","protected":false},"author":2,"featured_media":362525,"comment_status":"open","ping_status":"open","sticky":false,"template":"","format":"gallery","meta":{"footnotes":""},"categories":[179],"tags":[],"jetpack_featured_media_url":"https:\/\/zakrasnejsivimperk.cz\/wp-content\/uploads\/2025\/11\/24\/nove-seidel.jpg","_links":{"self":[{"href":"https:\/\/zakrasnejsivimperk.cz\/index.php?rest_route=\/wp\/v2\/posts\/362524"}],"collection":[{"href":"https:\/\/zakrasnejsivimperk.cz\/index.php?rest_route=\/wp\/v2\/posts"}],"about":[{"href":"https:\/\/zakrasnejsivimperk.cz\/index.php?rest_route=\/wp\/v2\/types\/post"}],"author":[{"embeddable":true,"href":"https:\/\/zakrasnejsivimperk.cz\/index.php?rest_route=\/wp\/v2\/users\/2"}],"replies":[{"embeddable":true,"href":"https:\/\/zakrasnejsivimperk.cz\/index.php?rest_route=%2Fwp%2Fv2%2Fcomments&post=362524"}],"version-history":[{"count":1,"href":"https:\/\/zakrasnejsivimperk.cz\/index.php?rest_route=\/wp\/v2\/posts\/362524\/revisions"}],"predecessor-version":[{"id":362526,"href":"https:\/\/zakrasnejsivimperk.cz\/index.php?rest_route=\/wp\/v2\/posts\/362524\/revisions\/362526"}],"wp:featuredmedia":[{"embeddable":true,"href":"https:\/\/zakrasnejsivimperk.cz\/index.php?rest_route=\/wp\/v2\/media\/362525"}],"wp:attachment":[{"href":"https:\/\/zakrasnejsivimperk.cz\/index.php?rest_route=%2Fwp%2Fv2%2Fmedia&parent=362524"}],"wp:term":[{"taxonomy":"category","embeddable":true,"href":"https:\/\/zakrasnejsivimperk.cz\/index.php?rest_route=%2Fwp%2Fv2%2Fcategories&post=362524"},{"taxonomy":"post_tag","embeddable":true,"href":"https:\/\/zakrasnejsivimperk.cz\/index.php?rest_route=%2Fwp%2Fv2%2Ftags&post=362524"}],"curies":[{"name":"wp","href":"https:\/\/api.w.org\/{rel}","templated":true}]}}