{"id":36219,"date":"2015-11-17T18:16:11","date_gmt":"2015-11-17T17:16:11","guid":{"rendered":"http:\/\/zakrasnejsivimperk.cz\/?p=36219"},"modified":"2015-11-17T18:17:42","modified_gmt":"2015-11-17T17:17:42","slug":"recepty-ze-sumavske-vesnice-myslivecke-brambory-rychla-vecere-podle-receptu-z-posumavi","status":"publish","type":"post","link":"https:\/\/zakrasnejsivimperk.cz\/?p=36219","title":{"rendered":"RECEPTY ZE \u0160UMAVSK\u00c9 VESNICE: Mysliveck\u00e9 brambory podle receptu z Po\u0161umav\u00ed"},"content":{"rendered":"<p><strong>Velmi zn\u00e1m\u00e1 \u00faprava brambor, na\u0161la jsem ji v n\u011bkolika kucha\u0159k\u00e1ch. Za\u0159azuji ji pro inspiraci na rychlou ve\u010de\u0159i.<\/strong><\/p>\n<p><strong>Suroviny:<\/strong><span class=\"text_exposed_show\"><br \/>\nbrambory<br \/>\ns\u00e1dlo<br \/>\nrozmar\u00fdn<br \/>\n\u010desnek<br \/>\ns\u016fl<br \/>\nmlet\u00fd z\u00e1zvor nebo drcen\u00e9 jalov\u010dinky<br \/>\n\u0161kvare\u010dky<\/span><\/p>\n<div class=\"text_exposed_show\">\n<p style=\"text-align: justify;\">Syrov\u00e9 brambory nakr\u00e1j\u00edme na siln\u011bj\u0161\u00ed pl\u00e1tky, d\u00e1me do misky, promast\u00edme rozpu\u0161t\u011bn\u00fdm s\u00e1dlem, osol\u00edme, prosypeme z\u00e1zvorem a p\u0159id\u00e1me hojn\u011b \u010desneku. Nasek\u00e1me rozmar\u00fdn a zam\u00edch\u00e1me do brambor. D\u016fkladn\u011b prom\u00edch\u00e1me a nech\u00e1me aspo\u0148 p\u016fl hodinky st\u00e1t.<br \/>\nD\u00e1me do vymazan\u00e9ho pek\u00e1\u010de, posypeme \u0161kvarer\u010dkama a pe\u010deme asi 1 hodinu,dokud nemaj\u00ed bramb\u016frky k\u016fr\u010di\u010dku.<br \/>\nPod\u00e1v\u00e1me se zeln\u00fdm sal\u00e1tem nebo s kysel\u00fdm zel\u00edm.<\/p>\n<p style=\"text-align: justify;\"><strong>P\u0159ipravuje: Lucie KOHOUTOV\u00c1<\/strong><\/p>\n\n<\/div>\n","protected":false},"excerpt":{"rendered":"<p>Velmi zn\u00e1m\u00e1 <\/p>\n","protected":false},"author":2,"featured_media":0,"comment_status":"open","ping_status":"open","sticky":false,"template":"","format":"gallery","meta":{"footnotes":""},"categories":[34],"tags":[],"jetpack_featured_media_url":"","_links":{"self":[{"href":"https:\/\/zakrasnejsivimperk.cz\/index.php?rest_route=\/wp\/v2\/posts\/36219"}],"collection":[{"href":"https:\/\/zakrasnejsivimperk.cz\/index.php?rest_route=\/wp\/v2\/posts"}],"about":[{"href":"https:\/\/zakrasnejsivimperk.cz\/index.php?rest_route=\/wp\/v2\/types\/post"}],"author":[{"embeddable":true,"href":"https:\/\/zakrasnejsivimperk.cz\/index.php?rest_route=\/wp\/v2\/users\/2"}],"replies":[{"embeddable":true,"href":"https:\/\/zakrasnejsivimperk.cz\/index.php?rest_route=%2Fwp%2Fv2%2Fcomments&post=36219"}],"version-history":[{"count":3,"href":"https:\/\/zakrasnejsivimperk.cz\/index.php?rest_route=\/wp\/v2\/posts\/36219\/revisions"}],"predecessor-version":[{"id":37173,"href":"https:\/\/zakrasnejsivimperk.cz\/index.php?rest_route=\/wp\/v2\/posts\/36219\/revisions\/37173"}],"wp:attachment":[{"href":"https:\/\/zakrasnejsivimperk.cz\/index.php?rest_route=%2Fwp%2Fv2%2Fmedia&parent=36219"}],"wp:term":[{"taxonomy":"category","embeddable":true,"href":"https:\/\/zakrasnejsivimperk.cz\/index.php?rest_route=%2Fwp%2Fv2%2Fcategories&post=36219"},{"taxonomy":"post_tag","embeddable":true,"href":"https:\/\/zakrasnejsivimperk.cz\/index.php?rest_route=%2Fwp%2Fv2%2Ftags&post=36219"}],"curies":[{"name":"wp","href":"https:\/\/api.w.org\/{rel}","templated":true}]}}