{"id":36201,"date":"2015-11-12T15:17:06","date_gmt":"2015-11-12T14:17:06","guid":{"rendered":"http:\/\/zakrasnejsivimperk.cz\/?p=36201"},"modified":"2024-03-19T20:16:51","modified_gmt":"2024-03-19T19:16:51","slug":"recepty-ze-sumavske-vesnice-bramborove-placicky-se-skvarky-a-uzenym-masem-recept-z-malce","status":"publish","type":"post","link":"https:\/\/zakrasnejsivimperk.cz\/?p=36201","title":{"rendered":"RECEPTY ZE \u0160UMAVSK\u00c9 VESNICE: Bramborov\u00e9 placi\u010dky se \u0161kvarky a uzen\u00fdm masem"},"content":{"rendered":"<p><strong>Rychl\u00e1 v\u00fdborn\u00e1 ve\u010de\u0159e z brambor, \u0161kvark\u016f a uzen\u00e9ho. Recept je z Mal\u010de.<\/strong><\/p>\n<p><strong>Suroviny:<\/strong><span class=\"text_exposed_show\"><br \/>\n90 dkg &#8211; 1 kg brambor va\u0159en\u00fdch ve slupce<br \/>\n25 dkg hrub\u00e9 mouky<br \/>\n8 -10 dkg jemn\u00e9 krupice<br \/>\n2 vejce<br \/>\n1 \u017eloutek<br \/>\ns\u016fl<br \/>\n\u0161kvarky &#8211; podle chuti<br \/>\nuzen\u00e9 (\u0161unka) podle chuti<br \/>\ns\u00e1dlo<\/span><\/p>\n<div class=\"text_exposed_show\">\n<p style=\"text-align: justify;\">Uva\u0159en\u00e9 vychladl\u00e9 brambory nastrouh\u00e1me nebo prolisujeme. P\u0159id\u00e1me s\u016fl, vejce, mouku, krupici a promneme rukama. Zapracujeme \u0161kvarky, uzen\u00e9 a spoj\u00edme s bramborovou hmotou. J\u00e1 dala omylem v\u0161e najednou a spojilo se to tak\u00e9 kr\u00e1sn\u011b.<br \/>\nV ruce tvo\u0159\u00edme kuli\u010dky, kter\u00e9 na plechu vytvarujeme do placi\u010dek. Doporu\u010duji omastit trochu ruce v s\u00e1dle, jde to l\u00e9pe.<br \/>\nPot\u0159eme s\u00e1dlem a d\u00e1me p\u00e9ct do trouby na 200 st. Pe\u010deme do zlatav\u00e9 barvy. Placi\u010dky hl\u00edd\u00e1me, jinak jsou k\u0159upav\u00e9. Ale zase, jak kdo m\u00e1 r\u00e1d. Po vyta\u017een\u00ed z trouby m\u016f\u017eeme je\u0161t\u011b pot\u0159\u00edt s\u00e1dlem.<\/p>\n<p style=\"text-align: justify;\"><strong>P\u0159ipravuje: Lucie KOHOUTOV\u00c1<\/strong><\/p>\n<\/div>\n","protected":false},"excerpt":{"rendered":"<p>Rychl\u00e1 v\u00fdborn\u00e1 <\/p>\n","protected":false},"author":2,"featured_media":0,"comment_status":"open","ping_status":"open","sticky":false,"template":"","format":"gallery","meta":{"footnotes":""},"categories":[34],"tags":[],"jetpack_featured_media_url":"","_links":{"self":[{"href":"https:\/\/zakrasnejsivimperk.cz\/index.php?rest_route=\/wp\/v2\/posts\/36201"}],"collection":[{"href":"https:\/\/zakrasnejsivimperk.cz\/index.php?rest_route=\/wp\/v2\/posts"}],"about":[{"href":"https:\/\/zakrasnejsivimperk.cz\/index.php?rest_route=\/wp\/v2\/types\/post"}],"author":[{"embeddable":true,"href":"https:\/\/zakrasnejsivimperk.cz\/index.php?rest_route=\/wp\/v2\/users\/2"}],"replies":[{"embeddable":true,"href":"https:\/\/zakrasnejsivimperk.cz\/index.php?rest_route=%2Fwp%2Fv2%2Fcomments&post=36201"}],"version-history":[{"count":3,"href":"https:\/\/zakrasnejsivimperk.cz\/index.php?rest_route=\/wp\/v2\/posts\/36201\/revisions"}],"predecessor-version":[{"id":301162,"href":"https:\/\/zakrasnejsivimperk.cz\/index.php?rest_route=\/wp\/v2\/posts\/36201\/revisions\/301162"}],"wp:attachment":[{"href":"https:\/\/zakrasnejsivimperk.cz\/index.php?rest_route=%2Fwp%2Fv2%2Fmedia&parent=36201"}],"wp:term":[{"taxonomy":"category","embeddable":true,"href":"https:\/\/zakrasnejsivimperk.cz\/index.php?rest_route=%2Fwp%2Fv2%2Fcategories&post=36201"},{"taxonomy":"post_tag","embeddable":true,"href":"https:\/\/zakrasnejsivimperk.cz\/index.php?rest_route=%2Fwp%2Fv2%2Ftags&post=36201"}],"curies":[{"name":"wp","href":"https:\/\/api.w.org\/{rel}","templated":true}]}}