{"id":361628,"date":"2025-11-13T19:18:32","date_gmt":"2025-11-13T18:18:32","guid":{"rendered":"https:\/\/zakrasnejsivimperk.cz\/?p=361628"},"modified":"2025-11-22T19:03:51","modified_gmt":"2025-11-22T18:03:51","slug":"sumava-adventni-spolecenske-a-kulturni-akce-ve-stachach","status":"publish","type":"post","link":"https:\/\/zakrasnejsivimperk.cz\/?p=361628","title":{"rendered":"\u0160UMAVA: Adventn\u00ed spole\u010densk\u00e9 a kulturn\u00ed akce ve Stach\u00e1ch"},"content":{"rendered":"<p><img loading=\"lazy\" decoding=\"async\" class=\"aligncenter wp-image-361741\" src=\"https:\/\/zakrasnejsivimperk.cz\/wp-content\/uploads\/2025\/11\/13\/plakat-stachy-2611-212x300.jpg\" alt=\"\" width=\"700\" height=\"990\" srcset=\"https:\/\/zakrasnejsivimperk.cz\/wp-content\/uploads\/2025\/11\/13\/plakat-stachy-2611-212x300.jpg 212w, https:\/\/zakrasnejsivimperk.cz\/wp-content\/uploads\/2025\/11\/13\/plakat-stachy-2611-252x357.jpg 252w, https:\/\/zakrasnejsivimperk.cz\/wp-content\/uploads\/2025\/11\/13\/plakat-stachy-2611-341x483.jpg 341w, https:\/\/zakrasnejsivimperk.cz\/wp-content\/uploads\/2025\/11\/13\/plakat-stachy-2611.jpg 509w\" sizes=\"(max-width: 700px) 100vw, 700px\" \/><\/p>\n<p>&nbsp;<\/p>\n<p>&nbsp;<\/p>\n<p><img loading=\"lazy\" decoding=\"async\" class=\"aligncenter wp-image-361632 size-large\" src=\"https:\/\/zakrasnejsivimperk.cz\/wp-content\/uploads\/2025\/11\/13\/advent-stachy-2911-x-724x1024.jpg\" alt=\"\" width=\"700\" height=\"990\" srcset=\"https:\/\/zakrasnejsivimperk.cz\/wp-content\/uploads\/2025\/11\/13\/advent-stachy-2911-x-724x1024.jpg 724w, https:\/\/zakrasnejsivimperk.cz\/wp-content\/uploads\/2025\/11\/13\/advent-stachy-2911-x-212x300.jpg 212w, https:\/\/zakrasnejsivimperk.cz\/wp-content\/uploads\/2025\/11\/13\/advent-stachy-2911-x-768x1086.jpg 768w, https:\/\/zakrasnejsivimperk.cz\/wp-content\/uploads\/2025\/11\/13\/advent-stachy-2911-x-1086x1536.jpg 1086w, https:\/\/zakrasnejsivimperk.cz\/wp-content\/uploads\/2025\/11\/13\/advent-stachy-2911-x-252x357.jpg 252w, https:\/\/zakrasnejsivimperk.cz\/wp-content\/uploads\/2025\/11\/13\/advent-stachy-2911-x-341x483.jpg 341w, https:\/\/zakrasnejsivimperk.cz\/wp-content\/uploads\/2025\/11\/13\/advent-stachy-2911-x.jpg 1414w\" sizes=\"(max-width: 700px) 100vw, 700px\" \/><\/p>\n<p>&nbsp;<\/p>\n<p>&nbsp;<\/p>\n<p><img loading=\"lazy\" decoding=\"async\" class=\"aligncenter wp-image-361633 size-large\" src=\"https:\/\/zakrasnejsivimperk.cz\/wp-content\/uploads\/2025\/11\/13\/advent-stachy-2911-724x1024.jpg\" alt=\"\" width=\"700\" height=\"990\" srcset=\"https:\/\/zakrasnejsivimperk.cz\/wp-content\/uploads\/2025\/11\/13\/advent-stachy-2911-724x1024.jpg 724w, https:\/\/zakrasnejsivimperk.cz\/wp-content\/uploads\/2025\/11\/13\/advent-stachy-2911-212x300.jpg 212w, https:\/\/zakrasnejsivimperk.cz\/wp-content\/uploads\/2025\/11\/13\/advent-stachy-2911-768x1086.jpg 768w, https:\/\/zakrasnejsivimperk.cz\/wp-content\/uploads\/2025\/11\/13\/advent-stachy-2911-1086x1536.jpg 1086w, https:\/\/zakrasnejsivimperk.cz\/wp-content\/uploads\/2025\/11\/13\/advent-stachy-2911-252x357.jpg 252w, https:\/\/zakrasnejsivimperk.cz\/wp-content\/uploads\/2025\/11\/13\/advent-stachy-2911-341x483.jpg 341w, https:\/\/zakrasnejsivimperk.cz\/wp-content\/uploads\/2025\/11\/13\/advent-stachy-2911.jpg 1414w\" sizes=\"(max-width: 700px) 100vw, 700px\" \/><\/p>\n<p>&nbsp;<\/p>\n<p>&nbsp;<\/p>\n<p><img loading=\"lazy\" decoding=\"async\" class=\"aligncenter wp-image-361629 size-large\" src=\"https:\/\/zakrasnejsivimperk.cz\/wp-content\/uploads\/2025\/11\/13\/advent-stachy-0412-724x1024.jpg\" alt=\"\" width=\"700\" height=\"990\" srcset=\"https:\/\/zakrasnejsivimperk.cz\/wp-content\/uploads\/2025\/11\/13\/advent-stachy-0412-724x1024.jpg 724w, https:\/\/zakrasnejsivimperk.cz\/wp-content\/uploads\/2025\/11\/13\/advent-stachy-0412-212x300.jpg 212w, https:\/\/zakrasnejsivimperk.cz\/wp-content\/uploads\/2025\/11\/13\/advent-stachy-0412-768x1086.jpg 768w, https:\/\/zakrasnejsivimperk.cz\/wp-content\/uploads\/2025\/11\/13\/advent-stachy-0412-252x357.jpg 252w, https:\/\/zakrasnejsivimperk.cz\/wp-content\/uploads\/2025\/11\/13\/advent-stachy-0412-342x483.jpg 342w, https:\/\/zakrasnejsivimperk.cz\/wp-content\/uploads\/2025\/11\/13\/advent-stachy-0412.jpg 778w\" sizes=\"(max-width: 700px) 100vw, 700px\" \/><\/p>\n<p>&nbsp;<\/p>\n<p>&nbsp;<\/p>\n<p><img loading=\"lazy\" decoding=\"async\" class=\"aligncenter wp-image-361634 size-large\" src=\"https:\/\/zakrasnejsivimperk.cz\/wp-content\/uploads\/2025\/11\/13\/mikulas-stachy-0512-728x1024.jpg\" alt=\"\" width=\"700\" height=\"985\" srcset=\"https:\/\/zakrasnejsivimperk.cz\/wp-content\/uploads\/2025\/11\/13\/mikulas-stachy-0512-728x1024.jpg 728w, https:\/\/zakrasnejsivimperk.cz\/wp-content\/uploads\/2025\/11\/13\/mikulas-stachy-0512-213x300.jpg 213w, https:\/\/zakrasnejsivimperk.cz\/wp-content\/uploads\/2025\/11\/13\/mikulas-stachy-0512-768x1080.jpg 768w, https:\/\/zakrasnejsivimperk.cz\/wp-content\/uploads\/2025\/11\/13\/mikulas-stachy-0512-254x357.jpg 254w, https:\/\/zakrasnejsivimperk.cz\/wp-content\/uploads\/2025\/11\/13\/mikulas-stachy-0512-343x483.jpg 343w, https:\/\/zakrasnejsivimperk.cz\/wp-content\/uploads\/2025\/11\/13\/mikulas-stachy-0512.jpg 782w\" sizes=\"(max-width: 700px) 100vw, 700px\" \/><\/p>\n<p>&nbsp;<\/p>\n<p>&nbsp;<\/p>\n<p><img loading=\"lazy\" decoding=\"async\" class=\"aligncenter wp-image-361630 size-large\" src=\"https:\/\/zakrasnejsivimperk.cz\/wp-content\/uploads\/2025\/11\/13\/advent-stachy-1012-739x1024.jpg\" alt=\"\" width=\"700\" height=\"970\" srcset=\"https:\/\/zakrasnejsivimperk.cz\/wp-content\/uploads\/2025\/11\/13\/advent-stachy-1012-739x1024.jpg 739w, https:\/\/zakrasnejsivimperk.cz\/wp-content\/uploads\/2025\/11\/13\/advent-stachy-1012-217x300.jpg 217w, https:\/\/zakrasnejsivimperk.cz\/wp-content\/uploads\/2025\/11\/13\/advent-stachy-1012-768x1064.jpg 768w, https:\/\/zakrasnejsivimperk.cz\/wp-content\/uploads\/2025\/11\/13\/advent-stachy-1012-258x357.jpg 258w, https:\/\/zakrasnejsivimperk.cz\/wp-content\/uploads\/2025\/11\/13\/advent-stachy-1012-349x483.jpg 349w, https:\/\/zakrasnejsivimperk.cz\/wp-content\/uploads\/2025\/11\/13\/advent-stachy-1012.jpg 794w\" sizes=\"(max-width: 700px) 100vw, 700px\" \/><\/p>\n<p>&nbsp;<\/p>\n<p>&nbsp;<\/p>\n<p><img loading=\"lazy\" decoding=\"async\" class=\"aligncenter wp-image-362350 size-large\" src=\"https:\/\/zakrasnejsivimperk.cz\/wp-content\/uploads\/2025\/11\/13\/advent-stachy-1112-724x1024.png\" alt=\"\" width=\"700\" height=\"990\" srcset=\"https:\/\/zakrasnejsivimperk.cz\/wp-content\/uploads\/2025\/11\/13\/advent-stachy-1112-724x1024.png 724w, https:\/\/zakrasnejsivimperk.cz\/wp-content\/uploads\/2025\/11\/13\/advent-stachy-1112-212x300.png 212w, https:\/\/zakrasnejsivimperk.cz\/wp-content\/uploads\/2025\/11\/13\/advent-stachy-1112-768x1086.png 768w, https:\/\/zakrasnejsivimperk.cz\/wp-content\/uploads\/2025\/11\/13\/advent-stachy-1112-1086x1536.png 1086w, https:\/\/zakrasnejsivimperk.cz\/wp-content\/uploads\/2025\/11\/13\/advent-stachy-1112-252x357.png 252w, https:\/\/zakrasnejsivimperk.cz\/wp-content\/uploads\/2025\/11\/13\/advent-stachy-1112-341x483.png 341w, https:\/\/zakrasnejsivimperk.cz\/wp-content\/uploads\/2025\/11\/13\/advent-stachy-1112.png 1414w\" sizes=\"(max-width: 700px) 100vw, 700px\" \/><\/p>\n<p>&nbsp;<\/p>\n<p>&nbsp;<\/p>\n<p><img loading=\"lazy\" decoding=\"async\" class=\"aligncenter wp-image-361631 size-large\" src=\"https:\/\/zakrasnejsivimperk.cz\/wp-content\/uploads\/2025\/11\/13\/advent-stachy-1212-726x1024.jpg\" alt=\"\" width=\"700\" height=\"987\" srcset=\"https:\/\/zakrasnejsivimperk.cz\/wp-content\/uploads\/2025\/11\/13\/advent-stachy-1212-726x1024.jpg 726w, https:\/\/zakrasnejsivimperk.cz\/wp-content\/uploads\/2025\/11\/13\/advent-stachy-1212-213x300.jpg 213w, https:\/\/zakrasnejsivimperk.cz\/wp-content\/uploads\/2025\/11\/13\/advent-stachy-1212-768x1083.jpg 768w, https:\/\/zakrasnejsivimperk.cz\/wp-content\/uploads\/2025\/11\/13\/advent-stachy-1212-253x357.jpg 253w, https:\/\/zakrasnejsivimperk.cz\/wp-content\/uploads\/2025\/11\/13\/advent-stachy-1212-342x483.jpg 342w, https:\/\/zakrasnejsivimperk.cz\/wp-content\/uploads\/2025\/11\/13\/advent-stachy-1212.jpg 780w\" sizes=\"(max-width: 700px) 100vw, 700px\" \/><\/p>\n<p>&nbsp;<\/p>\n<p><strong>Obecn\u00ed knihovna a Informa\u010dn\u00ed centrum Stachy<\/strong><\/p>\n<hr \/>\n<p>&nbsp;<\/p>\n","protected":false},"excerpt":{"rendered":"<p>&nbsp; &nbsp; <\/p>\n","protected":false},"author":2,"featured_media":361635,"comment_status":"open","ping_status":"open","sticky":false,"template":"","format":"gallery","meta":{"footnotes":""},"categories":[125,107],"tags":[],"jetpack_featured_media_url":"https:\/\/zakrasnejsivimperk.cz\/wp-content\/uploads\/2025\/11\/13\/ram-advent-stachy.jpg","_links":{"self":[{"href":"https:\/\/zakrasnejsivimperk.cz\/index.php?rest_route=\/wp\/v2\/posts\/361628"}],"collection":[{"href":"https:\/\/zakrasnejsivimperk.cz\/index.php?rest_route=\/wp\/v2\/posts"}],"about":[{"href":"https:\/\/zakrasnejsivimperk.cz\/index.php?rest_route=\/wp\/v2\/types\/post"}],"author":[{"embeddable":true,"href":"https:\/\/zakrasnejsivimperk.cz\/index.php?rest_route=\/wp\/v2\/users\/2"}],"replies":[{"embeddable":true,"href":"https:\/\/zakrasnejsivimperk.cz\/index.php?rest_route=%2Fwp%2Fv2%2Fcomments&post=361628"}],"version-history":[{"count":4,"href":"https:\/\/zakrasnejsivimperk.cz\/index.php?rest_route=\/wp\/v2\/posts\/361628\/revisions"}],"predecessor-version":[{"id":362351,"href":"https:\/\/zakrasnejsivimperk.cz\/index.php?rest_route=\/wp\/v2\/posts\/361628\/revisions\/362351"}],"wp:featuredmedia":[{"embeddable":true,"href":"https:\/\/zakrasnejsivimperk.cz\/index.php?rest_route=\/wp\/v2\/media\/361635"}],"wp:attachment":[{"href":"https:\/\/zakrasnejsivimperk.cz\/index.php?rest_route=%2Fwp%2Fv2%2Fmedia&parent=361628"}],"wp:term":[{"taxonomy":"category","embeddable":true,"href":"https:\/\/zakrasnejsivimperk.cz\/index.php?rest_route=%2Fwp%2Fv2%2Fcategories&post=361628"},{"taxonomy":"post_tag","embeddable":true,"href":"https:\/\/zakrasnejsivimperk.cz\/index.php?rest_route=%2Fwp%2Fv2%2Ftags&post=361628"}],"curies":[{"name":"wp","href":"https:\/\/api.w.org\/{rel}","templated":true}]}}