{"id":361499,"date":"2025-11-12T13:37:30","date_gmt":"2025-11-12T12:37:30","guid":{"rendered":"https:\/\/zakrasnejsivimperk.cz\/?p=361499"},"modified":"2025-11-13T13:54:10","modified_gmt":"2025-11-13T12:54:10","slug":"reci-cisel-zemreli-podle-pricin-smrti-v-jihoceskem-kraji-v-roce-2024","status":"publish","type":"post","link":"https:\/\/zakrasnejsivimperk.cz\/?p=361499","title":{"rendered":"\u0158E\u010c\u00cd \u010c\u00cdSEL: Zem\u0159el\u00ed podle p\u0159\u00ed\u010din smrti v Jiho\u010desk\u00e9m kraji v roce 2024"},"content":{"rendered":"<p><img loading=\"lazy\" decoding=\"async\" class=\"aligncenter wp-image-219756 size-large\" src=\"https:\/\/zakrasnejsivimperk.cz\/wp-content\/uploads\/2021\/03\/29\/\u010ds\u00fa-logo-1024x277.png\" alt=\"\" width=\"700\" height=\"189\" srcset=\"https:\/\/zakrasnejsivimperk.cz\/wp-content\/uploads\/2021\/03\/29\/\u010ds\u00fa-logo-1024x277.png 1024w, https:\/\/zakrasnejsivimperk.cz\/wp-content\/uploads\/2021\/03\/29\/\u010ds\u00fa-logo-300x81.png 300w, https:\/\/zakrasnejsivimperk.cz\/wp-content\/uploads\/2021\/03\/29\/\u010ds\u00fa-logo-768x208.png 768w, https:\/\/zakrasnejsivimperk.cz\/wp-content\/uploads\/2021\/03\/29\/\u010ds\u00fa-logo.png 1280w\" sizes=\"(max-width: 700px) 100vw, 700px\" \/><\/p>\n<p>&nbsp;<\/p>\n<h6 style=\"font-weight: 400;\"><strong>V\u00a0roce 2024 zem\u0159elo v\u00a0Jiho\u010desk\u00e9m kraji 6\u00a0938 osob, co\u017e bylo t\u00e9m\u011b\u0159 stejn\u011b jako v\u00a0p\u0159edchoz\u00edm roce. Nej\u010dast\u011bj\u0161\u00ed p\u0159\u00ed\u010dinou \u00famrt\u00ed byly v\u00a0kraji nemoci ob\u011bhov\u00e9 soustavy (32,6\u00a0% z\u00a0celkov\u00e9ho po\u010dtu \u00famrt\u00ed). Druhou nej\u010dast\u011bj\u0161\u00ed p\u0159\u00ed\u010dinou \u00famrt\u00ed byly novotvary (26,1\u00a0%) a\u00a0t\u0159et\u00ed v\u00fdznamnou p\u0159\u00ed\u010dinou \u00famrt\u00ed byly nemoci d\u00fdchac\u00ed soustavy (9,1\u00a0%).<\/strong><\/h6>\n<p style=\"font-weight: 400;\">P\u0159\u00ed\u010diny \u00famrt\u00ed jsou k\u00f3dov\u00e1ny podle Mezin\u00e1rodn\u00ed statistick\u00e9 klasifikace nemoc\u00ed a\u00a0p\u0159idru\u017een\u00fdch zdravotn\u00edch probl\u00e9m\u016f (MKN-10). Po\u010d\u00e1tkem roku 2020 do\u0161lo nav\u00edc k\u00a0aktualizaci MKN-10 v\u00a0souvislosti s\u00a0v\u00fdskytem nov\u00e9ho onemocn\u011bn\u00ed COVID-19.<\/p>\n<p style=\"font-weight: 400;\">V\u00a0roce 2024 v\u00a0\u010cesku zem\u0159elo 112\u00a0211 osob a\u00a0nej\u010dast\u011bj\u0161\u00ed p\u0159\u00ed\u010dinou \u00famrt\u00ed byly nemoci ob\u011bhov\u00e9 soustavy (38,0\u00a0%). Nejvy\u0161\u0161\u00ed pod\u00edl t\u011bchto \u00famrt\u00ed vykazoval Kr\u00e1lov\u00e9hradeck\u00fd kraj (41,3\u00a0%) naopak nejm\u00e9n\u011b \u010dasto byly nemoci ob\u011bhov\u00e9 soustavy p\u0159\u00ed\u010dinou \u00famrt\u00ed v\u00a0Jiho\u010desk\u00e9m kraji (32,6\u00a0%). Novotvary byly p\u0159\u00ed\u010dinou \u00famrt\u00ed u\u00a0jedn\u00e9 \u010dtvrtiny zem\u0159el\u00fdch, nej\u010dast\u011bji v\u00a0Jiho\u010desk\u00e9m kraji (26,1\u00a0%) a\u00a0nejm\u00e9n\u011b \u010dasto Olomouck\u00e9m kraji (23,5\u00a0%). Na probl\u00e9my s\u00a0d\u00fdchac\u00ed soustavou zem\u0159elo 7,7\u00a0% osob, pod\u00edlov\u011b nejv\u00edce v\u00a0Jiho\u010desk\u00e9m a\u00a0Libereck\u00e9m kraji (9,1\u00a0%) a\u00a0nejm\u00e9n\u011b ve Zl\u00ednsk\u00e9m kraji (6,2\u00a0%). Vn\u011bj\u0161\u00ed p\u0159\u00ed\u010diny (dopravn\u00ed nehody, utonut\u00ed, napaden\u00ed, sebevra\u017edy a\u00a0dal\u0161\u00ed) byly v\u00a0\u010cesku p\u0159\u00ed\u010dinou \u00famrt\u00ed u\u00a04,9\u00a0% osob, nej\u010dast\u011bji v\u00a0Olomouck\u00e9m kraji (6,2\u00a0%) a\u00a0nejm\u00e9n\u011b \u010dasto ve St\u0159edo\u010desk\u00e9m kraji (4,0\u00a0%).<\/p>\n<h4><a href=\"https:\/\/csu.gov.cz\/jhc\/zemreli-podle-pricin-smrti-v-jihoceskem-kraji-v-roce-2024\" target=\"_blank\" rel=\"noopener\">CEL\u00dd \u010cL\u00c1NEK<\/a><\/h4>\n<p><strong>(\u010ds\u00fa)<\/strong><\/p>\n<hr \/>\n<p>&nbsp;<\/p>\n","protected":false},"excerpt":{"rendered":"<p>&nbsp; V\u00a0roce <\/p>\n","protected":false},"author":2,"featured_media":361500,"comment_status":"open","ping_status":"open","sticky":false,"template":"","format":"gallery","meta":{"footnotes":""},"categories":[72,175,83],"tags":[],"jetpack_featured_media_url":"https:\/\/zakrasnejsivimperk.cz\/wp-content\/uploads\/2025\/11\/12\/ram-zemreli.jpg","_links":{"self":[{"href":"https:\/\/zakrasnejsivimperk.cz\/index.php?rest_route=\/wp\/v2\/posts\/361499"}],"collection":[{"href":"https:\/\/zakrasnejsivimperk.cz\/index.php?rest_route=\/wp\/v2\/posts"}],"about":[{"href":"https:\/\/zakrasnejsivimperk.cz\/index.php?rest_route=\/wp\/v2\/types\/post"}],"author":[{"embeddable":true,"href":"https:\/\/zakrasnejsivimperk.cz\/index.php?rest_route=\/wp\/v2\/users\/2"}],"replies":[{"embeddable":true,"href":"https:\/\/zakrasnejsivimperk.cz\/index.php?rest_route=%2Fwp%2Fv2%2Fcomments&post=361499"}],"version-history":[{"count":1,"href":"https:\/\/zakrasnejsivimperk.cz\/index.php?rest_route=\/wp\/v2\/posts\/361499\/revisions"}],"predecessor-version":[{"id":361501,"href":"https:\/\/zakrasnejsivimperk.cz\/index.php?rest_route=\/wp\/v2\/posts\/361499\/revisions\/361501"}],"wp:featuredmedia":[{"embeddable":true,"href":"https:\/\/zakrasnejsivimperk.cz\/index.php?rest_route=\/wp\/v2\/media\/361500"}],"wp:attachment":[{"href":"https:\/\/zakrasnejsivimperk.cz\/index.php?rest_route=%2Fwp%2Fv2%2Fmedia&parent=361499"}],"wp:term":[{"taxonomy":"category","embeddable":true,"href":"https:\/\/zakrasnejsivimperk.cz\/index.php?rest_route=%2Fwp%2Fv2%2Fcategories&post=361499"},{"taxonomy":"post_tag","embeddable":true,"href":"https:\/\/zakrasnejsivimperk.cz\/index.php?rest_route=%2Fwp%2Fv2%2Ftags&post=361499"}],"curies":[{"name":"wp","href":"https:\/\/api.w.org\/{rel}","templated":true}]}}