{"id":361256,"date":"2025-11-08T19:18:50","date_gmt":"2025-11-08T18:18:50","guid":{"rendered":"https:\/\/zakrasnejsivimperk.cz\/?p=361256"},"modified":"2025-11-09T16:58:44","modified_gmt":"2025-11-09T15:58:44","slug":"jizni-cechy-pozvanka-na-vanocni-recital","status":"publish","type":"post","link":"https:\/\/zakrasnejsivimperk.cz\/?p=361256","title":{"rendered":"JI\u017dN\u00cd \u010cECHY: Pozv\u00e1nka na v\u00e1no\u010dn\u00ed recit\u00e1l"},"content":{"rendered":"<p><img loading=\"lazy\" decoding=\"async\" class=\"aligncenter wp-image-361257 size-full\" src=\"https:\/\/zakrasnejsivimperk.cz\/wp-content\/uploads\/2025\/11\/08\/plakat-st-0911.jpg\" alt=\"\" width=\"1191\" height=\"1488\" srcset=\"https:\/\/zakrasnejsivimperk.cz\/wp-content\/uploads\/2025\/11\/08\/plakat-st-0911.jpg 1191w, https:\/\/zakrasnejsivimperk.cz\/wp-content\/uploads\/2025\/11\/08\/plakat-st-0911-240x300.jpg 240w, https:\/\/zakrasnejsivimperk.cz\/wp-content\/uploads\/2025\/11\/08\/plakat-st-0911-820x1024.jpg 820w, https:\/\/zakrasnejsivimperk.cz\/wp-content\/uploads\/2025\/11\/08\/plakat-st-0911-768x960.jpg 768w, https:\/\/zakrasnejsivimperk.cz\/wp-content\/uploads\/2025\/11\/08\/plakat-st-0911-326x406.jpg 326w, https:\/\/zakrasnejsivimperk.cz\/wp-content\/uploads\/2025\/11\/08\/plakat-st-0911-286x357.jpg 286w, https:\/\/zakrasnejsivimperk.cz\/wp-content\/uploads\/2025\/11\/08\/plakat-st-0911-387x483.jpg 387w\" sizes=\"(max-width: 1191px) 100vw, 1191px\" \/><\/p>\n<hr \/>\n<p>&nbsp;<\/p>\n","protected":false},"excerpt":{"rendered":"<p>&nbsp;<\/p>\n","protected":false},"author":2,"featured_media":361258,"comment_status":"open","ping_status":"open","sticky":false,"template":"","format":"gallery","meta":{"footnotes":""},"categories":[72],"tags":[],"jetpack_featured_media_url":"https:\/\/zakrasnejsivimperk.cz\/wp-content\/uploads\/2025\/11\/08\/ram-svetlana.jpg","_links":{"self":[{"href":"https:\/\/zakrasnejsivimperk.cz\/index.php?rest_route=\/wp\/v2\/posts\/361256"}],"collection":[{"href":"https:\/\/zakrasnejsivimperk.cz\/index.php?rest_route=\/wp\/v2\/posts"}],"about":[{"href":"https:\/\/zakrasnejsivimperk.cz\/index.php?rest_route=\/wp\/v2\/types\/post"}],"author":[{"embeddable":true,"href":"https:\/\/zakrasnejsivimperk.cz\/index.php?rest_route=\/wp\/v2\/users\/2"}],"replies":[{"embeddable":true,"href":"https:\/\/zakrasnejsivimperk.cz\/index.php?rest_route=%2Fwp%2Fv2%2Fcomments&post=361256"}],"version-history":[{"count":2,"href":"https:\/\/zakrasnejsivimperk.cz\/index.php?rest_route=\/wp\/v2\/posts\/361256\/revisions"}],"predecessor-version":[{"id":361275,"href":"https:\/\/zakrasnejsivimperk.cz\/index.php?rest_route=\/wp\/v2\/posts\/361256\/revisions\/361275"}],"wp:featuredmedia":[{"embeddable":true,"href":"https:\/\/zakrasnejsivimperk.cz\/index.php?rest_route=\/wp\/v2\/media\/361258"}],"wp:attachment":[{"href":"https:\/\/zakrasnejsivimperk.cz\/index.php?rest_route=%2Fwp%2Fv2%2Fmedia&parent=361256"}],"wp:term":[{"taxonomy":"category","embeddable":true,"href":"https:\/\/zakrasnejsivimperk.cz\/index.php?rest_route=%2Fwp%2Fv2%2Fcategories&post=361256"},{"taxonomy":"post_tag","embeddable":true,"href":"https:\/\/zakrasnejsivimperk.cz\/index.php?rest_route=%2Fwp%2Fv2%2Ftags&post=361256"}],"curies":[{"name":"wp","href":"https:\/\/api.w.org\/{rel}","templated":true}]}}