{"id":361140,"date":"2025-11-09T16:58:10","date_gmt":"2025-11-09T15:58:10","guid":{"rendered":"https:\/\/zakrasnejsivimperk.cz\/?p=361140"},"modified":"2025-11-11T13:56:03","modified_gmt":"2025-11-11T12:56:03","slug":"sumava-pozvanka-na-posviceni","status":"publish","type":"post","link":"https:\/\/zakrasnejsivimperk.cz\/?p=361140","title":{"rendered":"\u0160UMAVA: Pozv\u00e1nka na posv\u00edcen\u00ed"},"content":{"rendered":"<figure id=\"attachment_361141\" aria-describedby=\"caption-attachment-361141\" style=\"width: 1100px\" class=\"wp-caption aligncenter\"><img loading=\"lazy\" decoding=\"async\" class=\"wp-image-361141 size-full\" src=\"https:\/\/zakrasnejsivimperk.cz\/wp-content\/uploads\/2025\/11\/07\/javornik-podzim-4.jpg\" alt=\"\" width=\"1100\" height=\"697\" srcset=\"https:\/\/zakrasnejsivimperk.cz\/wp-content\/uploads\/2025\/11\/07\/javornik-podzim-4.jpg 1100w, https:\/\/zakrasnejsivimperk.cz\/wp-content\/uploads\/2025\/11\/07\/javornik-podzim-4-300x190.jpg 300w, https:\/\/zakrasnejsivimperk.cz\/wp-content\/uploads\/2025\/11\/07\/javornik-podzim-4-1024x649.jpg 1024w, https:\/\/zakrasnejsivimperk.cz\/wp-content\/uploads\/2025\/11\/07\/javornik-podzim-4-768x487.jpg 768w, https:\/\/zakrasnejsivimperk.cz\/wp-content\/uploads\/2025\/11\/07\/javornik-podzim-4-563x357.jpg 563w, https:\/\/zakrasnejsivimperk.cz\/wp-content\/uploads\/2025\/11\/07\/javornik-podzim-4-762x483.jpg 762w\" sizes=\"(max-width: 1100px) 100vw, 1100px\" \/><figcaption id=\"caption-attachment-361141\" class=\"wp-caption-text\">Javorn\u00edk &#8211; Hotel Kr\u00e1sn\u00e1 Vyhl\u00eddka \/ Foto: (red) &#8211; Za kr\u00e1sn\u011bj\u0161\u00ed Vimperk<\/figcaption><\/figure>\n<hr \/>\n<p>&nbsp;<\/p>\n<p><img loading=\"lazy\" decoding=\"async\" class=\"aligncenter wp-image-361143 size-full\" src=\"https:\/\/zakrasnejsivimperk.cz\/wp-content\/uploads\/2025\/11\/07\/plakat-javornik-1511.jpg\" alt=\"\" width=\"2048\" height=\"1430\" srcset=\"https:\/\/zakrasnejsivimperk.cz\/wp-content\/uploads\/2025\/11\/07\/plakat-javornik-1511.jpg 2048w, https:\/\/zakrasnejsivimperk.cz\/wp-content\/uploads\/2025\/11\/07\/plakat-javornik-1511-300x209.jpg 300w, https:\/\/zakrasnejsivimperk.cz\/wp-content\/uploads\/2025\/11\/07\/plakat-javornik-1511-1024x715.jpg 1024w, https:\/\/zakrasnejsivimperk.cz\/wp-content\/uploads\/2025\/11\/07\/plakat-javornik-1511-768x536.jpg 768w, https:\/\/zakrasnejsivimperk.cz\/wp-content\/uploads\/2025\/11\/07\/plakat-javornik-1511-1536x1073.jpg 1536w, https:\/\/zakrasnejsivimperk.cz\/wp-content\/uploads\/2025\/11\/07\/plakat-javornik-1511-511x357.jpg 511w, https:\/\/zakrasnejsivimperk.cz\/wp-content\/uploads\/2025\/11\/07\/plakat-javornik-1511-692x483.jpg 692w\" sizes=\"(max-width: 2048px) 100vw, 2048px\" \/><\/p>\n<p>&nbsp;<\/p>\n<p><img loading=\"lazy\" decoding=\"async\" class=\"aligncenter wp-image-361142 size-full\" src=\"https:\/\/zakrasnejsivimperk.cz\/wp-content\/uploads\/2025\/11\/07\/plakat-javornik-1411-hody.jpeg\" alt=\"\" width=\"644\" height=\"911\" srcset=\"https:\/\/zakrasnejsivimperk.cz\/wp-content\/uploads\/2025\/11\/07\/plakat-javornik-1411-hody.jpeg 644w, https:\/\/zakrasnejsivimperk.cz\/wp-content\/uploads\/2025\/11\/07\/plakat-javornik-1411-hody-212x300.jpeg 212w, https:\/\/zakrasnejsivimperk.cz\/wp-content\/uploads\/2025\/11\/07\/plakat-javornik-1411-hody-252x357.jpeg 252w, https:\/\/zakrasnejsivimperk.cz\/wp-content\/uploads\/2025\/11\/07\/plakat-javornik-1411-hody-341x483.jpeg 341w\" sizes=\"(max-width: 644px) 100vw, 644px\" \/><\/p>\n<hr \/>\n<p>&nbsp;<\/p>\n","protected":false},"excerpt":{"rendered":"<p>&nbsp; &nbsp; <\/p>\n","protected":false},"author":2,"featured_media":361144,"comment_status":"open","ping_status":"open","sticky":false,"template":"","format":"gallery","meta":{"footnotes":""},"categories":[71],"tags":[],"jetpack_featured_media_url":"https:\/\/zakrasnejsivimperk.cz\/wp-content\/uploads\/2025\/11\/07\/ram-posviceni-javornik.jpg","_links":{"self":[{"href":"https:\/\/zakrasnejsivimperk.cz\/index.php?rest_route=\/wp\/v2\/posts\/361140"}],"collection":[{"href":"https:\/\/zakrasnejsivimperk.cz\/index.php?rest_route=\/wp\/v2\/posts"}],"about":[{"href":"https:\/\/zakrasnejsivimperk.cz\/index.php?rest_route=\/wp\/v2\/types\/post"}],"author":[{"embeddable":true,"href":"https:\/\/zakrasnejsivimperk.cz\/index.php?rest_route=\/wp\/v2\/users\/2"}],"replies":[{"embeddable":true,"href":"https:\/\/zakrasnejsivimperk.cz\/index.php?rest_route=%2Fwp%2Fv2%2Fcomments&post=361140"}],"version-history":[{"count":1,"href":"https:\/\/zakrasnejsivimperk.cz\/index.php?rest_route=\/wp\/v2\/posts\/361140\/revisions"}],"predecessor-version":[{"id":361145,"href":"https:\/\/zakrasnejsivimperk.cz\/index.php?rest_route=\/wp\/v2\/posts\/361140\/revisions\/361145"}],"wp:featuredmedia":[{"embeddable":true,"href":"https:\/\/zakrasnejsivimperk.cz\/index.php?rest_route=\/wp\/v2\/media\/361144"}],"wp:attachment":[{"href":"https:\/\/zakrasnejsivimperk.cz\/index.php?rest_route=%2Fwp%2Fv2%2Fmedia&parent=361140"}],"wp:term":[{"taxonomy":"category","embeddable":true,"href":"https:\/\/zakrasnejsivimperk.cz\/index.php?rest_route=%2Fwp%2Fv2%2Fcategories&post=361140"},{"taxonomy":"post_tag","embeddable":true,"href":"https:\/\/zakrasnejsivimperk.cz\/index.php?rest_route=%2Fwp%2Fv2%2Ftags&post=361140"}],"curies":[{"name":"wp","href":"https:\/\/api.w.org\/{rel}","templated":true}]}}