{"id":361095,"date":"2025-11-04T09:37:13","date_gmt":"2025-11-04T08:37:13","guid":{"rendered":"https:\/\/zakrasnejsivimperk.cz\/?p=361095"},"modified":"2025-11-08T14:28:54","modified_gmt":"2025-11-08T13:28:54","slug":"jizni-cechy-vikendova-pozvanka-do-strakonic","status":"publish","type":"post","link":"https:\/\/zakrasnejsivimperk.cz\/?p=361095","title":{"rendered":"JI\u017dN\u00cd \u010cECHY: V\u00edkendov\u00e1 pozv\u00e1nka do Strakonic"},"content":{"rendered":"<p><img loading=\"lazy\" decoding=\"async\" class=\"aligncenter wp-image-361096 size-full\" src=\"https:\/\/zakrasnejsivimperk.cz\/wp-content\/uploads\/2025\/11\/07\/plakat-st-0811.jpg\" alt=\"\" width=\"1414\" height=\"2000\" srcset=\"https:\/\/zakrasnejsivimperk.cz\/wp-content\/uploads\/2025\/11\/07\/plakat-st-0811.jpg 1414w, https:\/\/zakrasnejsivimperk.cz\/wp-content\/uploads\/2025\/11\/07\/plakat-st-0811-212x300.jpg 212w, https:\/\/zakrasnejsivimperk.cz\/wp-content\/uploads\/2025\/11\/07\/plakat-st-0811-724x1024.jpg 724w, https:\/\/zakrasnejsivimperk.cz\/wp-content\/uploads\/2025\/11\/07\/plakat-st-0811-768x1086.jpg 768w, https:\/\/zakrasnejsivimperk.cz\/wp-content\/uploads\/2025\/11\/07\/plakat-st-0811-1086x1536.jpg 1086w, https:\/\/zakrasnejsivimperk.cz\/wp-content\/uploads\/2025\/11\/07\/plakat-st-0811-252x357.jpg 252w, https:\/\/zakrasnejsivimperk.cz\/wp-content\/uploads\/2025\/11\/07\/plakat-st-0811-341x483.jpg 341w\" sizes=\"(max-width: 1414px) 100vw, 1414px\" \/><\/p>\n<hr \/>\n<p>&nbsp;<\/p>\n","protected":false},"excerpt":{"rendered":"<p>&nbsp;<\/p>\n","protected":false},"author":2,"featured_media":361098,"comment_status":"open","ping_status":"open","sticky":false,"template":"","format":"gallery","meta":{"footnotes":""},"categories":[72],"tags":[],"jetpack_featured_media_url":"https:\/\/zakrasnejsivimperk.cz\/wp-content\/uploads\/2025\/11\/07\/Desktop426.jpg","_links":{"self":[{"href":"https:\/\/zakrasnejsivimperk.cz\/index.php?rest_route=\/wp\/v2\/posts\/361095"}],"collection":[{"href":"https:\/\/zakrasnejsivimperk.cz\/index.php?rest_route=\/wp\/v2\/posts"}],"about":[{"href":"https:\/\/zakrasnejsivimperk.cz\/index.php?rest_route=\/wp\/v2\/types\/post"}],"author":[{"embeddable":true,"href":"https:\/\/zakrasnejsivimperk.cz\/index.php?rest_route=\/wp\/v2\/users\/2"}],"replies":[{"embeddable":true,"href":"https:\/\/zakrasnejsivimperk.cz\/index.php?rest_route=%2Fwp%2Fv2%2Fcomments&post=361095"}],"version-history":[{"count":2,"href":"https:\/\/zakrasnejsivimperk.cz\/index.php?rest_route=\/wp\/v2\/posts\/361095\/revisions"}],"predecessor-version":[{"id":361177,"href":"https:\/\/zakrasnejsivimperk.cz\/index.php?rest_route=\/wp\/v2\/posts\/361095\/revisions\/361177"}],"wp:featuredmedia":[{"embeddable":true,"href":"https:\/\/zakrasnejsivimperk.cz\/index.php?rest_route=\/wp\/v2\/media\/361098"}],"wp:attachment":[{"href":"https:\/\/zakrasnejsivimperk.cz\/index.php?rest_route=%2Fwp%2Fv2%2Fmedia&parent=361095"}],"wp:term":[{"taxonomy":"category","embeddable":true,"href":"https:\/\/zakrasnejsivimperk.cz\/index.php?rest_route=%2Fwp%2Fv2%2Fcategories&post=361095"},{"taxonomy":"post_tag","embeddable":true,"href":"https:\/\/zakrasnejsivimperk.cz\/index.php?rest_route=%2Fwp%2Fv2%2Ftags&post=361095"}],"curies":[{"name":"wp","href":"https:\/\/api.w.org\/{rel}","templated":true}]}}