{"id":361075,"date":"2025-11-12T19:03:41","date_gmt":"2025-11-12T18:03:41","guid":{"rendered":"https:\/\/zakrasnejsivimperk.cz\/?p=361075"},"modified":"2025-11-13T13:56:13","modified_gmt":"2025-11-13T12:56:13","slug":"jizni-cechy-kraj-pokracuje-v-podpore-zivota-v-regionu-na-dotace-vyclenil-temer-350-milionu-korun","status":"publish","type":"post","link":"https:\/\/zakrasnejsivimperk.cz\/?p=361075","title":{"rendered":"JI\u017dN\u00cd \u010cECHY: Kraj pokra\u010duje v podpo\u0159e \u017eivota v regionu. Na dotace vy\u010dlenil t\u00e9m\u011b\u0159 350 milion\u016f korun"},"content":{"rendered":"<p><img loading=\"lazy\" decoding=\"async\" class=\"aligncenter wp-image-335946 size-full\" src=\"https:\/\/zakrasnejsivimperk.cz\/wp-content\/uploads\/2025\/01\/31\/jihocesky-kraj-logo.jpg\" alt=\"\" width=\"1100\" height=\"317\" srcset=\"https:\/\/zakrasnejsivimperk.cz\/wp-content\/uploads\/2025\/01\/31\/jihocesky-kraj-logo.jpg 1100w, https:\/\/zakrasnejsivimperk.cz\/wp-content\/uploads\/2025\/01\/31\/jihocesky-kraj-logo-300x86.jpg 300w, https:\/\/zakrasnejsivimperk.cz\/wp-content\/uploads\/2025\/01\/31\/jihocesky-kraj-logo-1024x295.jpg 1024w, https:\/\/zakrasnejsivimperk.cz\/wp-content\/uploads\/2025\/01\/31\/jihocesky-kraj-logo-768x221.jpg 768w\" sizes=\"(max-width: 1100px) 100vw, 1100px\" \/><\/p>\n<p>&nbsp;<\/p>\n<h6><strong>Jiho\u010desk\u00fd kraj bude i v roce 2026 podporovat \u017eivot v regionu prost\u0159ednictv\u00edm 23 dota\u010dn\u00edch program\u016f v celkov\u00e9 v\u00fd\u0161i 348,98 milion\u016f K\u010d.<\/strong>\u00a0D\u00edky nim poputuj\u00ed pen\u00edze na sport, venkov, opravy silnic, vodohospod\u00e1\u0159skou infrastrukturu, kulturu, zdravotnictv\u00ed i na podporu dobrovoln\u00fdch hasi\u010d\u016f.<\/h6>\n<p>\u201e<em>Na\u0161\u00edm c\u00edlem je, aby se Jiho\u010dech\u016fm \u017eilo l\u00e9pe a aby prost\u0159edky z kraje putovaly tam, kde maj\u00ed skute\u010dn\u00fd v\u00fdznam \u2013 tedy k men\u0161\u00edm obc\u00edm, spolk\u016fm \u010di sportovc\u016fm. Celkovou alokaci dota\u010dn\u00edch program\u016f zvy\u0161ujeme oproti minul\u00e9mu roku o v\u00edce ne\u017e 13 milion\u016f K\u010d a \u017eadatel\u00e9 nep\u0159ijdou o\u00a0\u017e\u00e1dn\u00fd z tradi\u010dn\u00edch program\u016f, na kter\u00e9 jsou zvykl\u00ed. Posilujeme zejm\u00e9na podporu sportu a\u00a0oblast\u00ed, kter\u00e9 pom\u00e1haj\u00ed lidem, nap\u0159\u00edklad paliativn\u00ed p\u00e9\u010di<\/em>,\u201c uvedl Tom\u00e1\u0161 Hajdu\u0161ek, prvn\u00ed n\u00e1m\u011bstek hejtmana Jiho\u010desk\u00e9ho kraje.<\/p>\n<p>Nejv\u011bt\u0161\u00ed \u010d\u00e1st pen\u011bz zam\u00ed\u0159\u00ed tradi\u010dn\u011b do sportu, venkova a vodohospod\u00e1\u0159sk\u00e9 infrastruktury \u2013 to jsou t\u0159i oblasti s nejvy\u0161\u0161\u00ed alokac\u00ed:<\/p>\n<ul>\n<li>Podpora sportovn\u00ed \u010dinnosti d\u011bt\u00ed a ml\u00e1de\u017ee a tren\u00e9rsk\u00e9 \u010dinnosti \u2013 51 milion\u016f K\u010d<\/li>\n<li>Program obnovy venkova \u2013 47,5 milion\u016f K\u010d<\/li>\n<li>Podpora obnovy a rozvoje vodohospod\u00e1\u0159sk\u00e9 infrastruktury \u2013 45 milion\u016f K\u010d<\/li>\n<\/ul>\n<p>V\u00a0oblasti sportu do\u0161lo k\u00a0pozitivn\u00ed zm\u011bn\u011b, a sice k\u00a0rozd\u011blen\u00ed velk\u00e9ho dota\u010dn\u00edho programu zam\u011b\u0159en\u00e9ho na sportovn\u00ed \u010dinnost d\u011bt\u00ed ml\u00e1de\u017ee, v\u00fdkonnostn\u00ed sport a parasport na dva programy. Nov\u011b vznikl\u00fd program Podpora sportovn\u00ed \u010dinnosti d\u011bt\u00ed a ml\u00e1de\u017ee a tren\u00e9rsk\u00e9 \u010dinnosti s\u00a0\u010d\u00e1stkou 51 milion\u016f K\u010d byl ji\u017e podle n\u00e1zvu roz\u0161\u00ed\u0159en o podporu tren\u00e9r\u016f v\u011bnuj\u00edc\u00edch se mlad\u00fdm sportovc\u016fm. \u201e<em>Prost\u0159edky pro tren\u00e9ry p\u0159in\u00e1\u0161\u00edme nav\u00edc, nen\u00ed to tak, \u017ee bychom o n\u011b ochudili kluby. S financov\u00e1n\u00edm tren\u00e9r\u016f je velk\u00fd probl\u00e9m a my je chceme podpo\u0159it, aby mohli v\u016fbec dojet na h\u0159i\u0161t\u011b a nemuseli d\u00e1vat pen\u00edze ze sv\u00e9ho. Tren\u00e9\u0159i si takovou podporu opravdu zaslou\u017e\u00ed. V\u00fdchovu ml\u00e1de\u017ee bereme jako velmi d\u016fle\u017eitou v\u011bc a v\u011b\u0159\u00edme, \u017ee tahle podpora bude tren\u00e9ry motivovat,<\/em>\u201c uvedl n\u00e1m\u011bstek hejtmana Tom\u00e1\u0161 Hajdu\u0161ek. Druh\u00fd program \u2013 Podpora v\u00fdkonnostn\u00edho sportu a parasportu \u2013 s \u010d\u00e1stkou 13 milion\u016f korun zachov\u00e1v\u00e1 tradi\u010dn\u00ed podporu kolektivn\u00edch a individu\u00e1ln\u00edch sport\u016f i sportovc\u016f se zdravotn\u00edm posti\u017een\u00edm.<\/p>\n<p>Jiho\u010desk\u00fd kraj bude pokra\u010dovat tak\u00e9 ve zjednodu\u0161en\u00e9 administraci drobn\u00fdch dotac\u00ed do 50 000 K\u010d, kterou zavedl v roce 2025. \u017dadatel\u00e9 u t\u011bchto men\u0161\u00edch \u010d\u00e1stek u\u017e nemus\u00ed dokl\u00e1dat jednotliv\u00e9 v\u00fddaje a pen\u00edze dost\u00e1vaj\u00ed formou pau\u0161\u00e1lu. \u201e<em>Tento p\u0159\u00edstup se vloni velmi osv\u011bd\u010dil \u2013 odpadla slo\u017eit\u00e1 administrativa a starostov\u00e9 a starostky se mohou v\u00edc v\u011bnovat sv\u00e9 pr\u00e1ci nam\u00edsto pap\u00edrov\u00e1n\u00ed. Takov\u00e9 v\u011bci maj\u00ed podle m\u00e9ho smysl,<\/em>\u201c doplnil Tom\u00e1\u0161 Hajdu\u0161ek.<\/p>\n<p>O dota\u010dn\u00ed programy Jiho\u010desk\u00e9ho kraje je dlouhodob\u011b velk\u00fd z\u00e1jem. U t\u00e9m\u011b\u0159 v\u0161ech dota\u010dn\u00edch titul\u016f je v\u00fdznamn\u00fd p\u0159evis \u017eadatel\u016f i finan\u010dn\u00edch po\u017eadavk\u016f, a pr\u00e1v\u011b z tohoto d\u016fvodu kraj n\u011bkter\u00e9 programy pro rok 2026 finan\u010dn\u011b navy\u0161oval. \u201e<em>Z toho je vid\u011bt, \u017ee pomoc kraje m\u00e1 v praxi opravdov\u00fd dopad. Dotace jsou vyu\u017e\u00edv\u00e1ny a projekty, kter\u00e9 z nich vznikaj\u00ed, maj\u00ed viditeln\u00e9 v\u00fdsledky v ka\u017edodenn\u00edm \u017eivot\u011b Jiho\u010dech\u016f,<\/em>\u201c dodal Hajdu\u0161ek<\/p>\n<p>Dota\u010dn\u00ed programy pro rok 2026 budou vyhla\u0161ov\u00e1ny ve dvou vln\u00e1ch. Prvn\u00ed vlna (17 program\u016f) bude vyhl\u00e1\u0161ena 5. prosince 2025. Druh\u00e1 vlna (6 program\u016f) pak v\u00a0pr\u016fb\u011bhu prvn\u00edch dvou m\u011bs\u00edc\u016f roku 2026.<\/p>\n<p>O administraci dotac\u00ed se star\u00e1 odbor evropsk\u00fdch z\u00e1le\u017eitost\u00ed Krajsk\u00e9ho \u00fa\u0159adu Jiho\u010desk\u00e9ho kraje, \u017e\u00e1dosti i z\u00e1v\u011bre\u010dn\u00e9 vy\u00fa\u010dtov\u00e1n\u00ed se pod\u00e1vaj\u00ed elektronicky p\u0159es Port\u00e1l ob\u010dana Jiho\u010desk\u00e9ho kraje.<\/p>\n<p><strong>(tz-j\u010d)<\/strong><\/p>\n<hr \/>\n<p>&nbsp;<\/p>\n","protected":false},"excerpt":{"rendered":"<p>&nbsp; Jiho\u010desk\u00fd <\/p>\n","protected":false},"author":2,"featured_media":361076,"comment_status":"open","ping_status":"open","sticky":false,"template":"","format":"gallery","meta":{"footnotes":""},"categories":[70,72],"tags":[],"jetpack_featured_media_url":"https:\/\/zakrasnejsivimperk.cz\/wp-content\/uploads\/2025\/11\/06\/ram-kraj.jpg","_links":{"self":[{"href":"https:\/\/zakrasnejsivimperk.cz\/index.php?rest_route=\/wp\/v2\/posts\/361075"}],"collection":[{"href":"https:\/\/zakrasnejsivimperk.cz\/index.php?rest_route=\/wp\/v2\/posts"}],"about":[{"href":"https:\/\/zakrasnejsivimperk.cz\/index.php?rest_route=\/wp\/v2\/types\/post"}],"author":[{"embeddable":true,"href":"https:\/\/zakrasnejsivimperk.cz\/index.php?rest_route=\/wp\/v2\/users\/2"}],"replies":[{"embeddable":true,"href":"https:\/\/zakrasnejsivimperk.cz\/index.php?rest_route=%2Fwp%2Fv2%2Fcomments&post=361075"}],"version-history":[{"count":1,"href":"https:\/\/zakrasnejsivimperk.cz\/index.php?rest_route=\/wp\/v2\/posts\/361075\/revisions"}],"predecessor-version":[{"id":361077,"href":"https:\/\/zakrasnejsivimperk.cz\/index.php?rest_route=\/wp\/v2\/posts\/361075\/revisions\/361077"}],"wp:featuredmedia":[{"embeddable":true,"href":"https:\/\/zakrasnejsivimperk.cz\/index.php?rest_route=\/wp\/v2\/media\/361076"}],"wp:attachment":[{"href":"https:\/\/zakrasnejsivimperk.cz\/index.php?rest_route=%2Fwp%2Fv2%2Fmedia&parent=361075"}],"wp:term":[{"taxonomy":"category","embeddable":true,"href":"https:\/\/zakrasnejsivimperk.cz\/index.php?rest_route=%2Fwp%2Fv2%2Fcategories&post=361075"},{"taxonomy":"post_tag","embeddable":true,"href":"https:\/\/zakrasnejsivimperk.cz\/index.php?rest_route=%2Fwp%2Fv2%2Ftags&post=361075"}],"curies":[{"name":"wp","href":"https:\/\/api.w.org\/{rel}","templated":true}]}}