{"id":360952,"date":"2025-11-06T14:39:20","date_gmt":"2025-11-06T13:39:20","guid":{"rendered":"https:\/\/zakrasnejsivimperk.cz\/?p=360952"},"modified":"2025-11-09T13:36:59","modified_gmt":"2025-11-09T12:36:59","slug":"jizni-cechy-novy-usek-vltavske-cyklostezky-v-ceskem-krumlove-prinasi-bezpecnejsi-a-krasnejsi-cestu-podel-vltavy","status":"publish","type":"post","link":"https:\/\/zakrasnejsivimperk.cz\/?p=360952","title":{"rendered":"JI\u017dN\u00cd \u010cECHY: Nov\u00fd \u00fasek Vltavsk\u00e9 cyklostezky v \u010cesk\u00e9m Krumlov\u011b p\u0159in\u00e1\u0161\u00ed bezpe\u010dn\u011bj\u0161\u00ed a kr\u00e1sn\u011bj\u0161\u00ed cestu pod\u00e9l Vltavy"},"content":{"rendered":"<p><img loading=\"lazy\" decoding=\"async\" class=\"aligncenter wp-image-360955 size-full\" src=\"https:\/\/zakrasnejsivimperk.cz\/wp-content\/uploads\/2025\/11\/05\/Jihocesky-kraj-slavnostne-otevrel-dalsi-etapu-Vltavske-cyklostezky-tentokrat-v-Ceskem-Krumlove-3.jpeg\" alt=\"\" width=\"1920\" height=\"1440\" srcset=\"https:\/\/zakrasnejsivimperk.cz\/wp-content\/uploads\/2025\/11\/05\/Jihocesky-kraj-slavnostne-otevrel-dalsi-etapu-Vltavske-cyklostezky-tentokrat-v-Ceskem-Krumlove-3.jpeg 1920w, https:\/\/zakrasnejsivimperk.cz\/wp-content\/uploads\/2025\/11\/05\/Jihocesky-kraj-slavnostne-otevrel-dalsi-etapu-Vltavske-cyklostezky-tentokrat-v-Ceskem-Krumlove-3-300x225.jpeg 300w, https:\/\/zakrasnejsivimperk.cz\/wp-content\/uploads\/2025\/11\/05\/Jihocesky-kraj-slavnostne-otevrel-dalsi-etapu-Vltavske-cyklostezky-tentokrat-v-Ceskem-Krumlove-3-1024x768.jpeg 1024w, https:\/\/zakrasnejsivimperk.cz\/wp-content\/uploads\/2025\/11\/05\/Jihocesky-kraj-slavnostne-otevrel-dalsi-etapu-Vltavske-cyklostezky-tentokrat-v-Ceskem-Krumlove-3-768x576.jpeg 768w, https:\/\/zakrasnejsivimperk.cz\/wp-content\/uploads\/2025\/11\/05\/Jihocesky-kraj-slavnostne-otevrel-dalsi-etapu-Vltavske-cyklostezky-tentokrat-v-Ceskem-Krumlove-3-1536x1152.jpeg 1536w, https:\/\/zakrasnejsivimperk.cz\/wp-content\/uploads\/2025\/11\/05\/Jihocesky-kraj-slavnostne-otevrel-dalsi-etapu-Vltavske-cyklostezky-tentokrat-v-Ceskem-Krumlove-3-476x357.jpeg 476w, https:\/\/zakrasnejsivimperk.cz\/wp-content\/uploads\/2025\/11\/05\/Jihocesky-kraj-slavnostne-otevrel-dalsi-etapu-Vltavske-cyklostezky-tentokrat-v-Ceskem-Krumlove-3-644x483.jpeg 644w\" sizes=\"(max-width: 1920px) 100vw, 1920px\" \/><\/p>\n<p>&nbsp;<\/p>\n<h6>Jiho\u010desk\u00fd kraj slavnostn\u011b otev\u0159el dal\u0161\u00ed etapu Vltavsk\u00e9 cyklostezky, tentokr\u00e1t v \u010cesk\u00e9m Krumlov\u011b. Nov\u00fd \u00fasek v ulici Pod Kamenem o d\u00e9lce 720 metr\u016f propojuje atraktivn\u00ed \u010d\u00e1st m\u011bsta s okoln\u00ed krajinou a nab\u00edz\u00ed pohodln\u00e9, bezpe\u010dn\u00e9 i esteticky p\u016fsobiv\u00e9 veden\u00ed trasy pod\u00e9l \u0159eky Vltavy.<\/h6>\n<p><img loading=\"lazy\" decoding=\"async\" class=\"size-medium wp-image-335946 alignright\" src=\"https:\/\/zakrasnejsivimperk.cz\/wp-content\/uploads\/2025\/01\/31\/jihocesky-kraj-logo-300x86.jpg\" alt=\"\" width=\"300\" height=\"86\" srcset=\"https:\/\/zakrasnejsivimperk.cz\/wp-content\/uploads\/2025\/01\/31\/jihocesky-kraj-logo-300x86.jpg 300w, https:\/\/zakrasnejsivimperk.cz\/wp-content\/uploads\/2025\/01\/31\/jihocesky-kraj-logo-1024x295.jpg 1024w, https:\/\/zakrasnejsivimperk.cz\/wp-content\/uploads\/2025\/01\/31\/jihocesky-kraj-logo-768x221.jpg 768w, https:\/\/zakrasnejsivimperk.cz\/wp-content\/uploads\/2025\/01\/31\/jihocesky-kraj-logo.jpg 1100w\" sizes=\"(max-width: 300px) 100vw, 300px\" \/>Za\u010d\u00edn\u00e1 rampov\u00fdm napojen\u00edm na parkovi\u0161t\u011b Obj\u00ed\u017e\u010fkov\u00e1 u Vo\u0161ahl\u00edkova ml\u00fdnu, pokra\u010duje pod Por\u00e1kov\u00fdm mostem po lev\u00e9m b\u0159ehu Vltavy a vy\u00fas\u0165uje na m\u00edstn\u00ed komunikaci Na Svahu u\u00a0k\u0159i\u017eovatky U Trojice. Tento \u00fasek je dal\u0161\u00edm z d\u00edl\u010d\u00edch projekt\u016f, kter\u00e9 postupn\u011b skl\u00e1daj\u00ed mozaiku Vltavsk\u00e9 cyklostezky, ambici\u00f3zn\u00edho z\u00e1m\u011bru propojit \u0160umavu s jiho\u010deskou metropol\u00ed a d\u00e1le sm\u011brem k Praze.<\/p>\n<p>Tak\u00e9 hejtman Jiho\u010desk\u00e9ho kraje Martin Kuba p\u0159ipomn\u011bl, \u017ee pr\u00e1v\u011b otev\u0159en\u00fd \u00fasek je \u010d\u00e1st\u00ed tohoto rozs\u00e1hl\u00e9ho projektu. \u201e<em>\u010c\u00e1st cyklostezky, kterou dnes otev\u00edr\u00e1me, je sou\u010d\u00e1st\u00ed trasy, kterou bychom jednou r\u00e1di vid\u011bli v\u00e9st z ji\u017en\u00edch \u010cech, tedy od Lipna a\u017e do st\u0159edn\u00edch \u010cech. Vznikla by tak unik\u00e1tn\u00ed evropsk\u00e1 cyklostezka. Tento \u00fasek je nav\u00edc v\u00fdjime\u010dn\u00fd t\u00edm, \u017ee vede pod\u00e9l \u0159eky p\u0159\u00edmo v Krumlov\u011b. M\u016f\u017ee tak slou\u017eit nejen turist\u016fm, ale i m\u00edstn\u00edm obyvatel\u016fm pro ka\u017edodenn\u00ed pohyb po m\u011bst\u011b. Tak\u017ee se tu potk\u00e1vaj\u00ed v\u0161echny v\u00fdhody, kter\u00e9 m\u00e1 cyklostezka m\u00edt<\/em>,\u201c uvedl hejtman.<\/p>\n<p>Dodal tak\u00e9, \u017ee vybudovat cyklostezku je mnohdy slo\u017eit\u011bj\u0161\u00ed ne\u017e realizovat silnici: \u201e<em>Cyklostezka m\u00e1 \u00fapln\u011b jin\u00e9 z\u00e1konn\u00e9 parametry ne\u017e silnice. Ka\u017ed\u00e1 obec se m\u016f\u017ee sama rozhodnout, zda ji chce v\u00e9st sv\u00fdm \u00fazem\u00edm a kudy. \u010casto proch\u00e1z\u00edme katastrem des\u00edtek obc\u00ed, kter\u00e9 maj\u00ed r\u016fzn\u00e9 p\u0159edstavy o veden\u00ed trasy, a je velmi n\u00e1ro\u010dn\u00e9 dos\u00e1hnout shody. My potom mus\u00edme \u010dekat, jestli si ji obce daj\u00ed do sv\u00e9ho \u00fazemn\u00edho pl\u00e1nu a vlastn\u011b nem\u00e1me \u017e\u00e1dn\u00fd n\u00e1stroj, abychom pokra\u010dovali, dokud se s ka\u017edou obc\u00ed nedohodneme. Je proto i t\u011b\u017ek\u00e9 odpov\u00eddat, kdy u\u017e bude cel\u00e1 unik\u00e1tn\u00ed cyklostezka hotov\u00e1.\u201c<\/em><\/p>\n<p>Starosta \u010cesk\u00e9ho Krumlova Alexandr Nogr\u00e1dy p\u0159i slavnostn\u00edm otev\u0159en\u00ed zd\u016fraznil praktick\u00fd p\u0159\u00ednos nov\u00e9ho \u00faseku pro m\u00edstn\u00ed obyvatele. \u201e<em>Tato cyklostezka usnadn\u00ed na\u0161im ob\u010dan\u016fm pohyb pod\u00e9l velmi nep\u0159\u00edjemn\u00e9 komunikace, kter\u00e1 vede nad n\u00e1mi, tak\u017ee v\u011b\u0159\u00edm, \u017ee pro n\u011b bude velk\u00fdm p\u0159\u00ednosem,<\/em>\u201c uvedl Nogr\u00e1dy.<\/p>\n<p>Pr\u00e1ce na krumlovsk\u00e9m \u00faseku prob\u00edhaly v n\u00e1ro\u010dn\u00fdch geologick\u00fdch i logistick\u00fdch podm\u00ednk\u00e1ch. V podlo\u017e\u00ed se nach\u00e1zely zvodn\u011bl\u00e9 sedimenty, kter\u00e9 bylo nutn\u00e9 odt\u011b\u017eit a nahradit lomov\u00fdm kamenem. Pod\u00e9l \u0159eky byl zpevn\u011bn svah a sm\u011brem k silnici vznikla n\u00edzk\u00e1 kamenn\u00e1 op\u011brn\u00e1 z\u00eddka. Stavba byla nav\u00edc p\u0159\u00edstupn\u00e1 pouze z jedn\u00e9 strany, bez mo\u017enosti v\u00fdjezdu na konci \u00faseku, co\u017e v\u00fdrazn\u011b zt\u011b\u017eovalo organizaci prac\u00ed.<\/p>\n<p>I p\u0159es tyto komplikace se poda\u0159ilo stavbu \u00fasp\u011b\u0161n\u011b dokon\u010dit a od 3. listopadu slou\u017e\u00ed nov\u00e1 \u010d\u00e1st Vltavsk\u00e9 cyklostezky ve\u0159ejnosti. Nab\u00edz\u00ed obyvatel\u016fm i n\u00e1v\u0161t\u011bvn\u00edk\u016fm \u010cesk\u00e9ho Krumlova pohodln\u00e9 a bezpe\u010dn\u00e9 propojen\u00ed pod\u00e9l \u0159eky a p\u0159isp\u00edv\u00e1 k v\u011bt\u0161\u00ed atraktivit\u011b i dostupnosti t\u00e9to \u010d\u00e1sti m\u011bsta. Na \u00fazem\u00ed m\u011bsta z\u00e1rove\u0148 pokra\u010duje p\u0159\u00edprava dal\u0161\u00edch etap, kter\u00e9 na nov\u011b otev\u0159en\u00fd \u00fasek plynule nav\u00e1\u017eou. Jiho\u010desk\u00fd kraj tak napl\u0148uje svou dlouhodobou vizi budov\u00e1n\u00ed p\u00e1te\u0159n\u00ed cyklistick\u00e9 trasy pod\u00e9l Vltavy, spojuj\u00edc\u00ed \u0160umavu s jiho\u010deskou metropol\u00ed \u2013 symbolu modern\u00edho, p\u0159\u00edv\u011btiv\u00e9ho a aktivn\u00edho regionu.<\/p>\n<p>Podrobnosti o projektu:<\/p>\n<ul>\n<li>Ofici\u00e1ln\u00ed n\u00e1zev stavby: Prota\u017een\u00ed cyklostezky pod \u010cB branou, \u010cK \u2013 \u00daSEK 2<\/li>\n<li>Celkov\u00e9 n\u00e1klady na realizaci: 41 milion\u016f K\u010d<\/li>\n<li>Investo\u0159i: Jiho\u010desk\u00fd kraj 18 milion\u016f K\u010d, SFDI 23 milion\u016f K\u010d<\/li>\n<li>Zhotovitel: EUROVIA CZ a.s.<\/li>\n<li>V\u00edce o Vltavsk\u00e9 cyklostezce:\u00a0<strong><a href=\"https:\/\/www.kraj-jihocesky.cz\/cs\/krajsky-urad\/odbor-dopravy-silnicniho-hospodarstvi#projekt-vltavska-cyklostezka\" target=\"_blank\" rel=\"noopener\">https:\/\/www.kraj-jihocesky.cz\/cs\/krajsky-urad\/odbor-dopravy-silnicniho-hospodarstvi#projekt-vltavska-cyklostezka<\/a><\/strong><\/li>\n<\/ul>\n<p>&nbsp;<\/p>\n<p><strong>Text, video a foto: (tz-j\u010d)<\/strong><\/p>\n<p>&nbsp;<\/p>\n<p><iframe loading=\"lazy\" title=\"Vltavsk\u00e1 cyklostezka - \u00fasek \u010cesk\u00fd Krumlov\" width=\"700\" height=\"394\" src=\"https:\/\/www.youtube.com\/embed\/BpR2mAJmdvw?feature=oembed\" frameborder=\"0\" allow=\"accelerometer; autoplay; clipboard-write; encrypted-media; gyroscope; picture-in-picture; web-share\" referrerpolicy=\"strict-origin-when-cross-origin\" allowfullscreen><\/iframe><\/p>\n<p>&nbsp;<\/p>\n<p><img loading=\"lazy\" decoding=\"async\" class=\"aligncenter wp-image-360954 size-full\" src=\"https:\/\/zakrasnejsivimperk.cz\/wp-content\/uploads\/2025\/11\/05\/Jihocesky-kraj-slavnostne-otevrel-dalsi-etapu-Vltavske-cyklostezky-tentokrat-v-Ceskem-Krumlove-2.jpeg\" alt=\"\" width=\"1920\" height=\"1440\" srcset=\"https:\/\/zakrasnejsivimperk.cz\/wp-content\/uploads\/2025\/11\/05\/Jihocesky-kraj-slavnostne-otevrel-dalsi-etapu-Vltavske-cyklostezky-tentokrat-v-Ceskem-Krumlove-2.jpeg 1920w, https:\/\/zakrasnejsivimperk.cz\/wp-content\/uploads\/2025\/11\/05\/Jihocesky-kraj-slavnostne-otevrel-dalsi-etapu-Vltavske-cyklostezky-tentokrat-v-Ceskem-Krumlove-2-300x225.jpeg 300w, https:\/\/zakrasnejsivimperk.cz\/wp-content\/uploads\/2025\/11\/05\/Jihocesky-kraj-slavnostne-otevrel-dalsi-etapu-Vltavske-cyklostezky-tentokrat-v-Ceskem-Krumlove-2-1024x768.jpeg 1024w, https:\/\/zakrasnejsivimperk.cz\/wp-content\/uploads\/2025\/11\/05\/Jihocesky-kraj-slavnostne-otevrel-dalsi-etapu-Vltavske-cyklostezky-tentokrat-v-Ceskem-Krumlove-2-768x576.jpeg 768w, https:\/\/zakrasnejsivimperk.cz\/wp-content\/uploads\/2025\/11\/05\/Jihocesky-kraj-slavnostne-otevrel-dalsi-etapu-Vltavske-cyklostezky-tentokrat-v-Ceskem-Krumlove-2-1536x1152.jpeg 1536w, https:\/\/zakrasnejsivimperk.cz\/wp-content\/uploads\/2025\/11\/05\/Jihocesky-kraj-slavnostne-otevrel-dalsi-etapu-Vltavske-cyklostezky-tentokrat-v-Ceskem-Krumlove-2-476x357.jpeg 476w, https:\/\/zakrasnejsivimperk.cz\/wp-content\/uploads\/2025\/11\/05\/Jihocesky-kraj-slavnostne-otevrel-dalsi-etapu-Vltavske-cyklostezky-tentokrat-v-Ceskem-Krumlove-2-644x483.jpeg 644w\" sizes=\"(max-width: 1920px) 100vw, 1920px\" \/><\/p>\n<p>&nbsp;<\/p>\n<p><img loading=\"lazy\" decoding=\"async\" class=\"aligncenter wp-image-360953 size-full\" src=\"https:\/\/zakrasnejsivimperk.cz\/wp-content\/uploads\/2025\/11\/05\/Jihocesky-kraj-slavnostne-otevrel-dalsi-etapu-Vltavske-cyklostezky-tentokrat-v-Ceskem-Krumlove-1.jpeg\" alt=\"\" width=\"1920\" height=\"1440\" srcset=\"https:\/\/zakrasnejsivimperk.cz\/wp-content\/uploads\/2025\/11\/05\/Jihocesky-kraj-slavnostne-otevrel-dalsi-etapu-Vltavske-cyklostezky-tentokrat-v-Ceskem-Krumlove-1.jpeg 1920w, https:\/\/zakrasnejsivimperk.cz\/wp-content\/uploads\/2025\/11\/05\/Jihocesky-kraj-slavnostne-otevrel-dalsi-etapu-Vltavske-cyklostezky-tentokrat-v-Ceskem-Krumlove-1-300x225.jpeg 300w, https:\/\/zakrasnejsivimperk.cz\/wp-content\/uploads\/2025\/11\/05\/Jihocesky-kraj-slavnostne-otevrel-dalsi-etapu-Vltavske-cyklostezky-tentokrat-v-Ceskem-Krumlove-1-1024x768.jpeg 1024w, https:\/\/zakrasnejsivimperk.cz\/wp-content\/uploads\/2025\/11\/05\/Jihocesky-kraj-slavnostne-otevrel-dalsi-etapu-Vltavske-cyklostezky-tentokrat-v-Ceskem-Krumlove-1-768x576.jpeg 768w, https:\/\/zakrasnejsivimperk.cz\/wp-content\/uploads\/2025\/11\/05\/Jihocesky-kraj-slavnostne-otevrel-dalsi-etapu-Vltavske-cyklostezky-tentokrat-v-Ceskem-Krumlove-1-1536x1152.jpeg 1536w, https:\/\/zakrasnejsivimperk.cz\/wp-content\/uploads\/2025\/11\/05\/Jihocesky-kraj-slavnostne-otevrel-dalsi-etapu-Vltavske-cyklostezky-tentokrat-v-Ceskem-Krumlove-1-476x357.jpeg 476w, https:\/\/zakrasnejsivimperk.cz\/wp-content\/uploads\/2025\/11\/05\/Jihocesky-kraj-slavnostne-otevrel-dalsi-etapu-Vltavske-cyklostezky-tentokrat-v-Ceskem-Krumlove-1-644x483.jpeg 644w\" sizes=\"(max-width: 1920px) 100vw, 1920px\" \/><\/p>\n<hr \/>\n<p>&nbsp;<\/p>\n","protected":false},"excerpt":{"rendered":"<p>&nbsp; Jiho\u010desk\u00fd <\/p>\n","protected":false},"author":2,"featured_media":360956,"comment_status":"open","ping_status":"open","sticky":false,"template":"","format":"gallery","meta":{"footnotes":""},"categories":[72,107],"tags":[],"jetpack_featured_media_url":"https:\/\/zakrasnejsivimperk.cz\/wp-content\/uploads\/2025\/11\/05\/ram-cyklostezka.jpg","_links":{"self":[{"href":"https:\/\/zakrasnejsivimperk.cz\/index.php?rest_route=\/wp\/v2\/posts\/360952"}],"collection":[{"href":"https:\/\/zakrasnejsivimperk.cz\/index.php?rest_route=\/wp\/v2\/posts"}],"about":[{"href":"https:\/\/zakrasnejsivimperk.cz\/index.php?rest_route=\/wp\/v2\/types\/post"}],"author":[{"embeddable":true,"href":"https:\/\/zakrasnejsivimperk.cz\/index.php?rest_route=\/wp\/v2\/users\/2"}],"replies":[{"embeddable":true,"href":"https:\/\/zakrasnejsivimperk.cz\/index.php?rest_route=%2Fwp%2Fv2%2Fcomments&post=360952"}],"version-history":[{"count":1,"href":"https:\/\/zakrasnejsivimperk.cz\/index.php?rest_route=\/wp\/v2\/posts\/360952\/revisions"}],"predecessor-version":[{"id":360957,"href":"https:\/\/zakrasnejsivimperk.cz\/index.php?rest_route=\/wp\/v2\/posts\/360952\/revisions\/360957"}],"wp:featuredmedia":[{"embeddable":true,"href":"https:\/\/zakrasnejsivimperk.cz\/index.php?rest_route=\/wp\/v2\/media\/360956"}],"wp:attachment":[{"href":"https:\/\/zakrasnejsivimperk.cz\/index.php?rest_route=%2Fwp%2Fv2%2Fmedia&parent=360952"}],"wp:term":[{"taxonomy":"category","embeddable":true,"href":"https:\/\/zakrasnejsivimperk.cz\/index.php?rest_route=%2Fwp%2Fv2%2Fcategories&post=360952"},{"taxonomy":"post_tag","embeddable":true,"href":"https:\/\/zakrasnejsivimperk.cz\/index.php?rest_route=%2Fwp%2Fv2%2Ftags&post=360952"}],"curies":[{"name":"wp","href":"https:\/\/api.w.org\/{rel}","templated":true}]}}