{"id":360893,"date":"2025-11-06T14:35:08","date_gmt":"2025-11-06T13:35:08","guid":{"rendered":"https:\/\/zakrasnejsivimperk.cz\/?p=360893"},"modified":"2025-11-15T21:24:05","modified_gmt":"2025-11-15T20:24:05","slug":"sumava-sumavska-regionalni-znacka-se-rozrostla-o-mistni-kvetiny-papirenske-vyrobky-i-zverinove-delikatesy","status":"publish","type":"post","link":"https:\/\/zakrasnejsivimperk.cz\/?p=360893","title":{"rendered":"\u0160UMAVA: \u0160umavsk\u00e1 region\u00e1ln\u00ed zna\u010dka se rozrostla o m\u00edstn\u00ed kv\u011btiny, pap\u00edrensk\u00e9 v\u00fdrobky i zv\u011b\u0159inov\u00e9 delikatesy"},"content":{"rendered":"<p><img loading=\"lazy\" decoding=\"async\" class=\"aligncenter wp-image-360897 size-full\" src=\"https:\/\/zakrasnejsivimperk.cz\/wp-content\/uploads\/2025\/11\/05\/sumava-originalni-produkt-4.jpg\" alt=\"\" width=\"820\" height=\"740\" srcset=\"https:\/\/zakrasnejsivimperk.cz\/wp-content\/uploads\/2025\/11\/05\/sumava-originalni-produkt-4.jpg 820w, https:\/\/zakrasnejsivimperk.cz\/wp-content\/uploads\/2025\/11\/05\/sumava-originalni-produkt-4-300x271.jpg 300w, https:\/\/zakrasnejsivimperk.cz\/wp-content\/uploads\/2025\/11\/05\/sumava-originalni-produkt-4-768x693.jpg 768w, https:\/\/zakrasnejsivimperk.cz\/wp-content\/uploads\/2025\/11\/05\/sumava-originalni-produkt-4-396x357.jpg 396w, https:\/\/zakrasnejsivimperk.cz\/wp-content\/uploads\/2025\/11\/05\/sumava-originalni-produkt-4-535x483.jpg 535w\" sizes=\"(max-width: 820px) 100vw, 820px\" \/><\/p>\n<p>&nbsp;<\/p>\n<h6><strong>Ve Stach\u00e1ch se se\u0161la certifika\u010dn\u00ed komise zna\u010dky \u0160UMAVA origin\u00e1ln\u00ed produkt\u00ae, aby posoudila nov\u00e9 \u017e\u00e1dosti i obnovy certifik\u00e1t\u016f pro zdej\u0161\u00ed v\u00fdrobce a poskytovatele slu\u017eeb. Zna\u010dku nov\u011b z\u00edskali t\u0159i \u0161umav\u0161t\u00ed tv\u016frci, jejich\u017e v\u00fdrobky vynikaj\u00ed originalitou, poctivost\u00ed a vazbou k regionu.<\/strong><\/h6>\n<p><strong><img loading=\"lazy\" decoding=\"async\" class=\"alignright wp-image-166712\" src=\"https:\/\/zakrasnejsivimperk.cz\/wp-content\/uploads\/2019\/07\/25\/origin\u00e1ln\u00ed-produkt-logo-2.jpg\" alt=\"\" width=\"200\" height=\"197\" \/>Veronika Mare\u0161ov\u00e1 \u2013 Ru\u010dn\u011b v\u00e1zan\u00e9 \u0161umavsk\u00e9 kv\u011btiny pod zna\u010dkou \u010c\u00e1ry Mary;<\/strong> certifik\u00e1t z\u00edskaly \u0159ezan\u00e9 kv\u011btiny, vlastnoru\u010dn\u011b vyp\u011bstovan\u00e9 nebo sb\u00edran\u00e9 v \u0161umavsk\u00fdch str\u00e1n\u00edch, pro n\u011b\u017e je charakteristick\u00e1 sez\u00f3nnost, jemnost i kreativn\u00ed n\u00e1paditost.<\/p>\n<p><strong>Petra Nekolov\u00e1 \u2013 Autorsk\u00e9 \u0161umavsk\u00e9 pap\u00edrnictv\u00ed \u2013 \u0160umava mezi listy;\u00a0<\/strong><br \/>\nAutorsk\u00e9 pap\u00edrensk\u00e9 v\u00fdrobky inspirovan\u00e9 krajinou \u0160umavy, kombinuj\u00edc\u00ed ru\u010dn\u00ed pr\u00e1ci, v\u00fdtvarn\u00fd cit a \u00factu k p\u0159\u00edrodn\u00edm materi\u00e1l\u016fm. Ka\u017ed\u00fd z\u00e1pisn\u00edk, n\u00e1\u010drtn\u00edk \u010di pohlednice z jej\u00ed d\u00edlny v sob\u011b nesou kousek \u0161umavsk\u00e9ho klidu a poezie.<\/p>\n<p><strong>Josef Kopa\u010dka \u2013 \u0160umavsk\u00e1 zv\u011b\u0159ina \u2013 Tepeln\u011b opracovan\u00e9 a fermentovan\u00e9 v\u00fdrobky ze zv\u011b\u0159iny;<\/strong><br \/>\nV\u00fdrobky ze \u0161umavsk\u00e9 zv\u011b\u0159iny \u2013 tepeln\u011b opracovan\u00e9 a fermentovan\u00e9 speciality, kter\u00e9 navazuj\u00ed na dlouhou mysliveckou tradici regionu. Kvalitn\u00ed suroviny z voln\u00e9 p\u0159\u00edrody a \u0161etrn\u00e9 zpracov\u00e1n\u00ed d\u011blaj\u00ed z produkt\u016f \u0160umavsk\u00e9 zv\u011b\u0159iny v\u00fdjime\u010dn\u00fd gurm\u00e1nsk\u00fd z\u00e1\u017eitek.<\/p>\n<p>Zna\u010dka \u0160UMAVA origin\u00e1ln\u00ed produkt<sup>\u00ae<\/sup> byla obnovena tak\u00e9 n\u011bkolika <strong>dlouholet\u00fdm dr\u017eitel\u016fm, jejich\u017e v\u00fdrobky pat\u0159\u00ed k neodmysliteln\u00fdm symbol\u016fm regionu<\/strong>:<\/p>\n<ul>\n<li>Pavel Sarauer \u2013 \u0160umavsk\u00e1 holubi\u010dka<\/li>\n<li>Josef Kopa\u010dka \u2013 \u0160umavsk\u00e1 zv\u011b\u0159ina<\/li>\n<li>Romana Mathausov\u00e1 \u2013 Ru\u010dn\u011b \u0161it\u00e1 zv\u00ed\u0159\u00e1tka a panenky<\/li>\n<li>Jaroslav Zelinger \u2013 Houby ze \u0160umavy<\/li>\n<li>V\u00e1clav Fran\u010de \u2013 Ru\u010dn\u011b \u0161it\u00e9 ko\u017een\u00e9 p\u0159edm\u011bty<\/li>\n<li>Ji\u0159\u00ed Zelen\u00fd \u2013 Hov\u011bz\u00ed maso<\/li>\n<li>Franti\u0161ek Mare\u0161 \u2013 Cukr\u00e1\u0159sk\u00e9 ozdoby<\/li>\n<li>Iveta Lahovcov\u00e1 \u2013 K\u0159i\u0161\u0165\u00e1lov\u00e1 l\u00edz\u00e1tka z Po\u0161umav\u00ed<\/li>\n<\/ul>\n<p><strong>Komise potvrdila i obnovu certifik\u00e1tu pro slu\u017ebu:<\/strong><\/p>\n<ul>\n<li>Eva Mich\u0148\u00e1kov\u00e1 \u2013 Srub Javorn\u00e1 (<strong><a href=\"http:\/\/www.srubjavorna.cz\" target=\"_blank\" rel=\"noopener\">srubjavorna.cz<\/a><\/strong>)<\/li>\n<\/ul>\n<p>Srub Javorn\u00e1 pat\u0159\u00ed k obl\u00edben\u00fdm m\u00edst\u016fm pro odpo\u010dinek uprost\u0159ed p\u0159\u00edrody. Nab\u00edz\u00ed ubytov\u00e1n\u00ed v tradi\u010dn\u00edm stylu, respektuj\u00edc\u00edm krajinu i \u0161umavsk\u00fd charakter.<\/p>\n<p><em>\u201eNa \u0160umav\u011b se st\u00e1le da\u0159\u00ed nach\u00e1zet lidi, kte\u0159\u00ed vytv\u00e1\u0159ej\u00ed hodnotn\u00e9 a origin\u00e1ln\u00ed m\u00edstn\u00ed produkty. T\u011b\u0161\u00ed n\u00e1s, \u017ee z\u00e1jem o zna\u010dku nekles\u00e1 a \u017ee se k n\u00e1m hl\u00e1s\u00ed i nov\u00ed v\u00fdrobci, kte\u0159\u00ed c\u00edt\u00ed s regionem siln\u00e9 spojen\u00ed,\u201c<\/em> uvedla Monika Kytlicov\u00e1 z Region\u00e1ln\u00ed rozvojov\u00e9 agentury \u0160umava, kter\u00e1 je region\u00e1ln\u00edm koordin\u00e1torem zna\u010dky.<\/p>\n<p>Zna\u010dka \u0160UMAVA origin\u00e1ln\u00ed produkt<sup>\u00ae <\/sup>oslav\u00ed v p\u0159\u00ed\u0161t\u00edm roce dvac\u00e1t\u00e9 narozeniny. Aktu\u00e1ln\u011b ji nese na 70 v\u00fdrobk\u016f, slu\u017eeb a z\u00e1\u017eitk\u016f. Ud\u011bluje se v\u00fdrobk\u016fm, slu\u017eb\u00e1m a z\u00e1\u017eitk\u016fm, kter\u00e9 vznikaj\u00ed na \u0160umav\u011b, jsou \u0161etrn\u00e9 k p\u0159\u00edrod\u011b a sv\u00fdm charakterem i p\u0159\u00edb\u011bhem p\u0159isp\u00edvaj\u00ed k jedine\u010dnosti regionu.<\/p>\n<p>Chcete se p\u0159idat? Dal\u0161\u00ed kolo certifikace prob\u011bhne na ja\u0159e 2026. V\u00fdrobci, \u0159emesln\u00edci i poskytovatel\u00e9 slu\u017eeb mohou pod\u00e1vat \u017e\u00e1dosti pr\u016fb\u011b\u017en\u011b.<br \/>\nPodrobnosti, p\u0159ihl\u00e1\u0161ky a krit\u00e9ria naleznete na <strong><a href=\"http:\/\/www.regionalni-znacky.cz\/sumava\" target=\"_blank\" rel=\"noopener\">www.regionalniznacky.cz\/sumava<\/a><\/strong><\/p>\n<p><strong>O region\u00e1ln\u00edch zna\u010dk\u00e1ch<\/strong><\/p>\n<p>Region\u00e1ln\u00ed zna\u010dky pom\u00e1haj\u00ed ji\u017e dvacet let zaz\u00e1\u0159it produkt\u016fm s\u00a0prov\u011b\u0159enou kvalitou a zaru\u010den\u00fdm p\u016fvodem v\u00a0n\u011bkter\u00e9m z\u00a0region\u016f \u010cesk\u00e9 republiky. Asociace region\u00e1ln\u00edch zna\u010dek zast\u0159e\u0161uje aktu\u00e1ln\u011b 32 zna\u010dek, kter\u00e9 spojuje stejn\u00fd styl loga, a tak\u00e9 pravidla ud\u011blov\u00e1n\u00ed, v\u00a0nich\u017e se klade d\u016fraz na tradici, pod\u00edl ru\u010dn\u00ed pr\u00e1ce a m\u00edstn\u00edch surovin, vztah k\u00a0dan\u00e9mu regionu a mimo\u0159\u00e1dnou kvalitu. Za ka\u017ed\u00fdm v\u00fdrobkem stoj\u00ed konkr\u00e9tn\u00ed \u0159emesln\u00edk, farm\u00e1\u0159 nebo mal\u00e1 m\u00edstn\u00ed firma. Kolekci v\u00fdrobk\u016f dopl\u0148uj\u00ed i slu\u017eby v\u00a0cestovn\u00edm ruchu a z\u00e1\u017eitky, kter\u00e9 nab\u00edzej\u00ed aktivn\u00ed zku\u0161enost p\u0159i pozn\u00e1v\u00e1n\u00ed zaj\u00edmavost\u00ed a kr\u00e1s konkr\u00e9tn\u00edho regionu.<\/p>\n<p><strong>Text a foto: (tz-arz)<\/strong><\/p>\n<p>&nbsp;<\/p>\n<p><img loading=\"lazy\" decoding=\"async\" class=\"aligncenter wp-image-360898 size-full\" src=\"https:\/\/zakrasnejsivimperk.cz\/wp-content\/uploads\/2025\/11\/05\/sumava-originalni-produkt-5.jpg\" alt=\"\" width=\"820\" height=\"740\" srcset=\"https:\/\/zakrasnejsivimperk.cz\/wp-content\/uploads\/2025\/11\/05\/sumava-originalni-produkt-5.jpg 820w, https:\/\/zakrasnejsivimperk.cz\/wp-content\/uploads\/2025\/11\/05\/sumava-originalni-produkt-5-300x271.jpg 300w, https:\/\/zakrasnejsivimperk.cz\/wp-content\/uploads\/2025\/11\/05\/sumava-originalni-produkt-5-768x693.jpg 768w, https:\/\/zakrasnejsivimperk.cz\/wp-content\/uploads\/2025\/11\/05\/sumava-originalni-produkt-5-396x357.jpg 396w, https:\/\/zakrasnejsivimperk.cz\/wp-content\/uploads\/2025\/11\/05\/sumava-originalni-produkt-5-535x483.jpg 535w\" sizes=\"(max-width: 820px) 100vw, 820px\" \/><\/p>\n<p>&nbsp;<\/p>\n<p><img loading=\"lazy\" decoding=\"async\" class=\"aligncenter wp-image-360896 size-full\" src=\"https:\/\/zakrasnejsivimperk.cz\/wp-content\/uploads\/2025\/11\/05\/sumava-originalni-produkt-3.jpg\" alt=\"\" width=\"820\" height=\"740\" srcset=\"https:\/\/zakrasnejsivimperk.cz\/wp-content\/uploads\/2025\/11\/05\/sumava-originalni-produkt-3.jpg 820w, https:\/\/zakrasnejsivimperk.cz\/wp-content\/uploads\/2025\/11\/05\/sumava-originalni-produkt-3-300x271.jpg 300w, https:\/\/zakrasnejsivimperk.cz\/wp-content\/uploads\/2025\/11\/05\/sumava-originalni-produkt-3-768x693.jpg 768w, https:\/\/zakrasnejsivimperk.cz\/wp-content\/uploads\/2025\/11\/05\/sumava-originalni-produkt-3-396x357.jpg 396w, https:\/\/zakrasnejsivimperk.cz\/wp-content\/uploads\/2025\/11\/05\/sumava-originalni-produkt-3-535x483.jpg 535w\" sizes=\"(max-width: 820px) 100vw, 820px\" \/><\/p>\n<p>&nbsp;<\/p>\n<p><img loading=\"lazy\" decoding=\"async\" class=\"aligncenter wp-image-360895 size-full\" src=\"https:\/\/zakrasnejsivimperk.cz\/wp-content\/uploads\/2025\/11\/05\/sumava-originalni-produkt-1.jpg\" alt=\"\" width=\"820\" height=\"740\" srcset=\"https:\/\/zakrasnejsivimperk.cz\/wp-content\/uploads\/2025\/11\/05\/sumava-originalni-produkt-1.jpg 820w, https:\/\/zakrasnejsivimperk.cz\/wp-content\/uploads\/2025\/11\/05\/sumava-originalni-produkt-1-300x271.jpg 300w, https:\/\/zakrasnejsivimperk.cz\/wp-content\/uploads\/2025\/11\/05\/sumava-originalni-produkt-1-768x693.jpg 768w, https:\/\/zakrasnejsivimperk.cz\/wp-content\/uploads\/2025\/11\/05\/sumava-originalni-produkt-1-396x357.jpg 396w, https:\/\/zakrasnejsivimperk.cz\/wp-content\/uploads\/2025\/11\/05\/sumava-originalni-produkt-1-535x483.jpg 535w\" sizes=\"(max-width: 820px) 100vw, 820px\" \/><\/p>\n<hr \/>\n<p>&nbsp;<\/p>\n","protected":false},"excerpt":{"rendered":"<p>&nbsp; Ve <\/p>\n","protected":false},"author":2,"featured_media":360899,"comment_status":"open","ping_status":"open","sticky":false,"template":"","format":"gallery","meta":{"footnotes":""},"categories":[70,71],"tags":[],"jetpack_featured_media_url":"https:\/\/zakrasnejsivimperk.cz\/wp-content\/uploads\/2025\/11\/05\/ram-sumavska-znacka.jpg","_links":{"self":[{"href":"https:\/\/zakrasnejsivimperk.cz\/index.php?rest_route=\/wp\/v2\/posts\/360893"}],"collection":[{"href":"https:\/\/zakrasnejsivimperk.cz\/index.php?rest_route=\/wp\/v2\/posts"}],"about":[{"href":"https:\/\/zakrasnejsivimperk.cz\/index.php?rest_route=\/wp\/v2\/types\/post"}],"author":[{"embeddable":true,"href":"https:\/\/zakrasnejsivimperk.cz\/index.php?rest_route=\/wp\/v2\/users\/2"}],"replies":[{"embeddable":true,"href":"https:\/\/zakrasnejsivimperk.cz\/index.php?rest_route=%2Fwp%2Fv2%2Fcomments&post=360893"}],"version-history":[{"count":4,"href":"https:\/\/zakrasnejsivimperk.cz\/index.php?rest_route=\/wp\/v2\/posts\/360893\/revisions"}],"predecessor-version":[{"id":360923,"href":"https:\/\/zakrasnejsivimperk.cz\/index.php?rest_route=\/wp\/v2\/posts\/360893\/revisions\/360923"}],"wp:featuredmedia":[{"embeddable":true,"href":"https:\/\/zakrasnejsivimperk.cz\/index.php?rest_route=\/wp\/v2\/media\/360899"}],"wp:attachment":[{"href":"https:\/\/zakrasnejsivimperk.cz\/index.php?rest_route=%2Fwp%2Fv2%2Fmedia&parent=360893"}],"wp:term":[{"taxonomy":"category","embeddable":true,"href":"https:\/\/zakrasnejsivimperk.cz\/index.php?rest_route=%2Fwp%2Fv2%2Fcategories&post=360893"},{"taxonomy":"post_tag","embeddable":true,"href":"https:\/\/zakrasnejsivimperk.cz\/index.php?rest_route=%2Fwp%2Fv2%2Ftags&post=360893"}],"curies":[{"name":"wp","href":"https:\/\/api.w.org\/{rel}","templated":true}]}}