{"id":360647,"date":"2025-11-03T12:33:56","date_gmt":"2025-11-03T11:33:56","guid":{"rendered":"https:\/\/zakrasnejsivimperk.cz\/?p=360647"},"modified":"2025-11-04T14:56:09","modified_gmt":"2025-11-04T13:56:09","slug":"jizni-cechy-ambulance-detske-obezitologie-ve-strakonicich-rok-od-otevreni-pocty-pacientu-dal-rostou","status":"publish","type":"post","link":"https:\/\/zakrasnejsivimperk.cz\/?p=360647","title":{"rendered":"JI\u017dN\u00cd \u010cECHY: Ambulance d\u011btsk\u00e9 obezitologie ve Strakonic\u00edch: rok od otev\u0159en\u00ed po\u010dty pacient\u016f d\u00e1l rostou"},"content":{"rendered":"<figure id=\"attachment_360649\" aria-describedby=\"caption-attachment-360649\" style=\"width: 1215px\" class=\"wp-caption aligncenter\"><img loading=\"lazy\" decoding=\"async\" class=\"wp-image-360649 size-full\" src=\"https:\/\/zakrasnejsivimperk.cz\/wp-content\/uploads\/2025\/11\/03\/nem-st-obezitologie-2.jpeg\" alt=\"\" width=\"1215\" height=\"911\" srcset=\"https:\/\/zakrasnejsivimperk.cz\/wp-content\/uploads\/2025\/11\/03\/nem-st-obezitologie-2.jpeg 1215w, https:\/\/zakrasnejsivimperk.cz\/wp-content\/uploads\/2025\/11\/03\/nem-st-obezitologie-2-300x225.jpeg 300w, https:\/\/zakrasnejsivimperk.cz\/wp-content\/uploads\/2025\/11\/03\/nem-st-obezitologie-2-1024x768.jpeg 1024w, https:\/\/zakrasnejsivimperk.cz\/wp-content\/uploads\/2025\/11\/03\/nem-st-obezitologie-2-768x576.jpeg 768w, https:\/\/zakrasnejsivimperk.cz\/wp-content\/uploads\/2025\/11\/03\/nem-st-obezitologie-2-476x357.jpeg 476w, https:\/\/zakrasnejsivimperk.cz\/wp-content\/uploads\/2025\/11\/03\/nem-st-obezitologie-2-644x483.jpeg 644w\" sizes=\"(max-width: 1215px) 100vw, 1215px\" \/><figcaption id=\"caption-attachment-360649\" class=\"wp-caption-text\">MUDr. Andrea Strakov\u00e1 s klientem d\u011btsk\u00e9 obezitologie p\u0159i kontrole a konzultaci j\u00eddeln\u00ed\u010dku<\/figcaption><\/figure>\n<p>&nbsp;<\/p>\n<h6>Obezita u d\u011bt\u00ed je celosv\u011btov\u00fdm probl\u00e9mem a \u010cesk\u00e1 republika nen\u00ed v\u00fdjimkou. Podle \u00fadaj\u016f \u010cesk\u00e9ho zdravotn\u00edho \u00fastavu bylo v roce 2021 ob\u00e9zn\u00edch 16 % d\u011bt\u00ed. Nemocnice Strakonice proto v z\u00e1v\u011bru roku 2024 otev\u0159ela specializovanou ambulanci d\u011btsk\u00e9 obezitologie, kterou vede MUDr. Andrea Strakov\u00e1.<\/h6>\n<p><em><img loading=\"lazy\" decoding=\"async\" class=\"size-full wp-image-146407 alignright\" src=\"https:\/\/zakrasnejsivimperk.cz\/wp-content\/uploads\/2018\/11\/23\/nemocnice-strakonice-logo.png\" alt=\"\" width=\"227\" height=\"222\" \/>\u201eObezita nen\u00ed pouze estetick\u00fd probl\u00e9m, ale p\u0159edev\u0161\u00edm chronick\u00e9 onemocn\u011bn\u00ed s mnoha zdravotn\u00edmi d\u016fsledky. Zvy\u0161uje riziko vzniku vysok\u00e9ho krevn\u00edho tlaku, cukrovky, jatern\u00edch onemocn\u011bn\u00ed a negativn\u011b ovliv\u0148uje psychick\u00e9 zdrav\u00ed d\u00edt\u011bte,\u201c<\/em> vysv\u011btluje MUDr. Andrea Strakov\u00e1.<\/p>\n<p>Ambulance poskytuje komplexn\u00ed p\u00e9\u010di d\u011btem s nadv\u00e1hou a obezitou. Zahrnuje podrobnou anal\u00fdzu stravovac\u00edch a pohybov\u00fdch n\u00e1vyk\u016f, odborn\u00e1 m\u011b\u0159en\u00ed, laboratorn\u00ed vy\u0161et\u0159en\u00ed a individu\u00e1ln\u00ed pl\u00e1n terapie. Ke sledov\u00e1n\u00ed v\u00fdvoje zdravotn\u00edho stavu se vyu\u017e\u00edvaj\u00ed percentilov\u00e9 grafy BMI i bioimpedan\u010dn\u00ed m\u011b\u0159en\u00ed slo\u017een\u00ed t\u011bla.<\/p>\n<p>Za rok fungov\u00e1n\u00ed se stalo pacienty ambulance t\u00e9m\u011b\u0159 70 d\u011bt\u00ed a z\u00e1jem st\u00e1le roste. <em>\u201eJe pro n\u00e1s d\u016fle\u017eit\u00e9, aby rostouc\u00ed popt\u00e1vka ne\u0161la na \u00fakor kvality p\u00e9\u010de. Uva\u017eujeme proto o roz\u0161\u00ed\u0159en\u00ed ordina\u010dn\u00edch hodin,\u201c<\/em> \u0159\u00edk\u00e1 MUDr. Strakov\u00e1. V\u011bt\u0161ina pacient\u016f p\u0159ich\u00e1z\u00ed na doporu\u010den\u00ed praktick\u00fdch l\u00e9ka\u0159\u016f, kte\u0159\u00ed byli s novou ambulanc\u00ed sezn\u00e1meni i na odborn\u00e9m semin\u00e1\u0159i. N\u011bkter\u00e9 rodiny se o ambulanci dozv\u00eddaj\u00ed tak\u00e9 z m\u00e9di\u00ed, soci\u00e1ln\u00edch s\u00edt\u00ed nebo d\u00edky doporu\u010den\u00ed zn\u00e1m\u00fdch.<\/p>\n<p>A\u010dkoliv by bylo ide\u00e1ln\u00ed zachytit d\u011bti u\u017e ve f\u00e1zi nadv\u00e1hy, drtiv\u00e1 v\u011bt\u0161ina p\u0159ich\u00e1z\u00ed s obezitou t\u011b\u017ek\u00e9ho stupn\u011b. P\u0159esto jsou v\u00fdsledky povzbuzuj\u00edc\u00ed. Jeden z prvn\u00edch pacient\u016f zhubl b\u011bhem roku t\u00e9m\u011b\u0159 deset kilogram\u016f a z obezity t\u0159et\u00edho stupn\u011b se dostal na hranici nadv\u00e1hy. \u201e<em>Je to pro n\u00e1s i rodinu velk\u00e1 radost a jasn\u00fd d\u016fkaz, \u017ee spolupr\u00e1ce m\u00e1 smysl,\u201c<\/em> dod\u00e1v\u00e1 Strakov\u00e1.<\/p>\n<p>Podle l\u00e9ka\u0159ky je nejv\u011bt\u0161\u00ed v\u00fdzvou udr\u017eet motivaci. <em>\u201eHubnout je pom\u011brn\u011b snadn\u00e9, ale udr\u017eet si v\u00e1hu je to nejt\u011b\u017e\u0161\u00ed,\u201c<\/em> \u0159\u00edk\u00e1. V ambulanci proto vyu\u017e\u00edvaj\u00ed i netradi\u010dn\u00ed metody \u2013 nap\u0159\u00edklad krokovac\u00ed sout\u011b\u017ee, sd\u00edlen\u00ed recept\u016f a fotografi\u00ed j\u00eddel v uzav\u0159en\u00e9 WhatsApp skupin\u011b, nebo drobn\u00e9 v\u00fdzvy mezi d\u011btmi a rodi\u010di. \u201e<em>Tyto aktivity bav\u00ed d\u011bti i rodi\u010de a p\u0159in\u00e1\u0161ej\u00ed jim pocit, \u017ee na to nejsou sami,\u201c<\/em> vysv\u011btluje l\u00e9ka\u0159ka.<\/p>\n<p>Ambulance nen\u00ed jen o l\u00e9ka\u0159i a d\u00edt\u011bti. \u201e<em>Z\u00e1kladem l\u00e9\u010dby obezity je zm\u011bna \u017eivotn\u00edho stylu cel\u00e9 rodiny. Nejde o kr\u00e1tkodobou dietu, ale o dlouhodobou zm\u011bnu n\u00e1vyk\u016f. Proto spolupracujeme s nutri\u010dn\u00edmi terapeuty, psychology, endokrinology i l\u00e1ze\u0148sk\u00fdmi za\u0159\u00edzen\u00edmi,\u201c<\/em> dod\u00e1v\u00e1 Strakov\u00e1.<\/p>\n<p>\u0158editel Nemocnice Strakonice Tom\u00e1\u0161 Fiala p\u0159ipom\u00edn\u00e1 i preventivn\u00ed rovinu: \u201e<em>Uv\u011bdomujeme si rostouc\u00ed probl\u00e9m d\u011btsk\u00e9 obezity. V\u011b\u0159\u00edme, \u017ee na\u0161e ambulance pom\u016f\u017ee nejen v diagnostice a l\u00e9\u010db\u011b, ale i v prevenci. Na\u0161\u00edm c\u00edlem je nab\u00edzet modern\u00ed medic\u00ednu lidem v regionu bez nutnosti cestovat do velk\u00fdch m\u011bst.\u201c<\/em><\/p>\n<p>Ambulance d\u011btsk\u00e9 obezitologie se nach\u00e1z\u00ed v p\u0159\u00edzem\u00ed pavilonu N.O.R.D. v Nemocnici Strakonice. Ordina\u010dn\u00ed hodiny jsou ka\u017ed\u00fd \u010dtvrtek od 8 do 12 hodin. Rodi\u010de mohou sv\u00e9 d\u00edt\u011b objednat prost\u0159ednictv\u00edm on-line formul\u00e1\u0159e na webu nemocnice nebo telefonicky na \u010d\u00edsle 383 314 474.<\/p>\n<p><strong>Text a foto: (tz-nem)<\/strong><\/p>\n<p>&nbsp;<\/p>\n<figure id=\"attachment_360648\" aria-describedby=\"caption-attachment-360648\" style=\"width: 940px\" class=\"wp-caption aligncenter\"><img loading=\"lazy\" decoding=\"async\" class=\"wp-image-360648 size-full\" src=\"https:\/\/zakrasnejsivimperk.cz\/wp-content\/uploads\/2025\/11\/03\/nem-st-obezitologie-1.jpeg\" alt=\"\" width=\"940\" height=\"788\" srcset=\"https:\/\/zakrasnejsivimperk.cz\/wp-content\/uploads\/2025\/11\/03\/nem-st-obezitologie-1.jpeg 940w, https:\/\/zakrasnejsivimperk.cz\/wp-content\/uploads\/2025\/11\/03\/nem-st-obezitologie-1-300x251.jpeg 300w, https:\/\/zakrasnejsivimperk.cz\/wp-content\/uploads\/2025\/11\/03\/nem-st-obezitologie-1-768x644.jpeg 768w, https:\/\/zakrasnejsivimperk.cz\/wp-content\/uploads\/2025\/11\/03\/nem-st-obezitologie-1-426x357.jpeg 426w, https:\/\/zakrasnejsivimperk.cz\/wp-content\/uploads\/2025\/11\/03\/nem-st-obezitologie-1-576x483.jpeg 576w\" sizes=\"(max-width: 940px) 100vw, 940px\" \/><figcaption id=\"caption-attachment-360648\" class=\"wp-caption-text\">Vz\u00e1jemn\u00e1 inspirace j\u00eddeln\u00ed\u010dku \u010dlen\u016f whatsappov\u00e9 skupiny klient\u016f obezitologick\u00e9 ambulance<\/figcaption><\/figure>\n<hr \/>\n<p>&nbsp;<\/p>\n","protected":false},"excerpt":{"rendered":"<p>&nbsp; Obezita <\/p>\n","protected":false},"author":2,"featured_media":360651,"comment_status":"open","ping_status":"open","sticky":false,"template":"","format":"gallery","meta":{"footnotes":""},"categories":[70,72],"tags":[],"jetpack_featured_media_url":"https:\/\/zakrasnejsivimperk.cz\/wp-content\/uploads\/2025\/11\/03\/ram-nem-st.jpg","_links":{"self":[{"href":"https:\/\/zakrasnejsivimperk.cz\/index.php?rest_route=\/wp\/v2\/posts\/360647"}],"collection":[{"href":"https:\/\/zakrasnejsivimperk.cz\/index.php?rest_route=\/wp\/v2\/posts"}],"about":[{"href":"https:\/\/zakrasnejsivimperk.cz\/index.php?rest_route=\/wp\/v2\/types\/post"}],"author":[{"embeddable":true,"href":"https:\/\/zakrasnejsivimperk.cz\/index.php?rest_route=\/wp\/v2\/users\/2"}],"replies":[{"embeddable":true,"href":"https:\/\/zakrasnejsivimperk.cz\/index.php?rest_route=%2Fwp%2Fv2%2Fcomments&post=360647"}],"version-history":[{"count":3,"href":"https:\/\/zakrasnejsivimperk.cz\/index.php?rest_route=\/wp\/v2\/posts\/360647\/revisions"}],"predecessor-version":[{"id":360654,"href":"https:\/\/zakrasnejsivimperk.cz\/index.php?rest_route=\/wp\/v2\/posts\/360647\/revisions\/360654"}],"wp:featuredmedia":[{"embeddable":true,"href":"https:\/\/zakrasnejsivimperk.cz\/index.php?rest_route=\/wp\/v2\/media\/360651"}],"wp:attachment":[{"href":"https:\/\/zakrasnejsivimperk.cz\/index.php?rest_route=%2Fwp%2Fv2%2Fmedia&parent=360647"}],"wp:term":[{"taxonomy":"category","embeddable":true,"href":"https:\/\/zakrasnejsivimperk.cz\/index.php?rest_route=%2Fwp%2Fv2%2Fcategories&post=360647"},{"taxonomy":"post_tag","embeddable":true,"href":"https:\/\/zakrasnejsivimperk.cz\/index.php?rest_route=%2Fwp%2Fv2%2Ftags&post=360647"}],"curies":[{"name":"wp","href":"https:\/\/api.w.org\/{rel}","templated":true}]}}