{"id":360545,"date":"2025-12-04T23:38:26","date_gmt":"2025-12-04T22:38:26","guid":{"rendered":"https:\/\/zakrasnejsivimperk.cz\/?p=360545"},"modified":"2025-12-16T13:16:17","modified_gmt":"2025-12-16T12:16:17","slug":"spolecenske-a-kulturni-akce-v-case-adventnim-a-vanocnim","status":"publish","type":"post","link":"https:\/\/zakrasnejsivimperk.cz\/?p=360545","title":{"rendered":"Spole\u010densk\u00e9 a kulturn\u00ed akce v \u010dase adventn\u00edm a v\u00e1no\u010dn\u00edm (postupn\u011b aktualizujeme)"},"content":{"rendered":"<p><strong>Za zm\u011bny programu nebo zru\u0161en\u00ed akc\u00ed po\u0159adateli nezodpov\u00edd\u00e1me.<\/strong><\/p>\n<hr \/>\n<p>&nbsp;<\/p>\n<h4>Informujeme:<\/h4>\n<h6 class=\"entry-title\"><a href=\"https:\/\/zakrasnejsivimperk.cz\/?p=362987\" target=\"_blank\" rel=\"noopener\">\u0160UMAVA: Pozv\u00e1nka do Stach\u016f<\/a><\/h6>\n<h6 class=\"entry-title\"><a href=\"https:\/\/zakrasnejsivimperk.cz\/?p=362792\" target=\"_blank\" rel=\"noopener\">JI\u017dN\u00cd \u010cECHY: V Zoo Hlubok\u00e1 rozsv\u00edtili veverku. Adventn\u00ed sv\u011bteln\u00e1 akce l\u00e1k\u00e1 ji\u017e popatn\u00e1ct\u00e9<\/a><\/h6>\n<h6 class=\"entry-title\"><a href=\"https:\/\/zakrasnejsivimperk.cz\/?p=362337\" target=\"_blank\" rel=\"noopener\">REGION: Pozv\u00e1nka na zah\u00e1jen\u00ed adventu ve Vacov\u011b<\/a><\/h6>\n<h6 class=\"entry-title\"><a href=\"https:\/\/zakrasnejsivimperk.cz\/?p=362452\" target=\"_blank\" rel=\"noopener\">JI\u017dN\u00cd \u010cECHY: Advent a V\u00e1noce v Prachatic\u00edch<\/a><\/h6>\n<h6 class=\"entry-title\"><a href=\"https:\/\/zakrasnejsivimperk.cz\/?p=362199\" target=\"_blank\" rel=\"noopener\">JI\u017dN\u00cd \u010cECHY: Advent v P\u00edsku l\u00e1k\u00e1 na venkovn\u00ed kluzi\u0161t\u011b, trhy, prohl\u00eddky v\u011b\u017ee i bohat\u00fd doprovodn\u00fd program<\/a><\/h6>\n<h6 class=\"entry-title\"><a href=\"https:\/\/zakrasnejsivimperk.cz\/?p=361856\" target=\"_blank\" rel=\"noopener\">JI\u017dN\u00cd \u010cECHY: Advent a V\u00e1noce ve Strakonic\u00edch<\/a><\/h6>\n<h6 class=\"entry-title\"><a href=\"https:\/\/zakrasnejsivimperk.cz\/?p=362383\" target=\"_blank\" rel=\"noopener\">JI\u017dN\u00cd \u010cECHY: Pozv\u00e1nka na v\u00fdstavu do \u010cesk\u00fdch Bud\u011bjovic<\/a><\/h6>\n<h6 class=\"entry-title\"><a href=\"https:\/\/zakrasnejsivimperk.cz\/?p=361926\" target=\"_blank\" rel=\"noopener\">REGION: Adventn\u00ed spole\u010densk\u00e9 a kulturn\u00ed akce ve \u010ckyni<\/a><\/h6>\n<h6 class=\"entry-title\"><a href=\"https:\/\/zakrasnejsivimperk.cz\/?p=362238\" target=\"_blank\" rel=\"noopener\">NA\u0160E M\u011aSTO VIMPERK: P\u0159ehled adventn\u00edch a v\u00e1no\u010dn\u00edch spole\u010densk\u00fdch a kulturn\u00edch akc\u00ed<\/a><\/h6>\n<h6 class=\"entry-title\"><a href=\"https:\/\/zakrasnejsivimperk.cz\/?p=362250\" target=\"_blank\" rel=\"noopener\">REGION: Pozv\u00e1nka na zah\u00e1jen\u00ed adventu ve Zd\u00edkov\u011b<\/a><\/h6>\n<h6 class=\"entry-title\"><a href=\"https:\/\/zakrasnejsivimperk.cz\/?p=362039\" target=\"_blank\" rel=\"noopener\">REGION: Pozv\u00e1nka na v\u00e1no\u010dn\u00ed trhy ve \u0160t\u00edtkov\u011b<\/a><\/h6>\n<h6 class=\"entry-title\"><a href=\"https:\/\/zakrasnejsivimperk.cz\/?p=361997\" target=\"_blank\" rel=\"noopener\">JI\u017dN\u00cd \u010cECHY: Adventn\u00ed koncert The Tap Tap v Prachatic\u00edch. Hudba, sm\u00edch a poselstv\u00ed<\/a><\/h6>\n<h6 class=\"entry-title\"><a href=\"https:\/\/zakrasnejsivimperk.cz\/?p=361725\" target=\"_blank\" rel=\"noopener\">JI\u017dN\u00cd \u010cECHY: Program adventu a V\u00e1noc v \u010cesk\u00e9m Krumlov\u011b<\/a><\/h6>\n<h6 class=\"entry-title\"><a href=\"https:\/\/zakrasnejsivimperk.cz\/?p=361135\" target=\"_blank\" rel=\"noopener\">JI\u017dN\u00cd \u010cECHY: Adventn\u00ed spole\u010densk\u00e9 a kulturn\u00ed akce v Z\u00e1lezlech<\/a><\/h6>\n<h6 class=\"entry-title\"><a href=\"https:\/\/zakrasnejsivimperk.cz\/?p=361720\" target=\"_blank\" rel=\"noopener\">JI\u017dN\u00cd \u010cECHY: Advent na Bud\u011bjovicku<\/a><\/h6>\n<h6 class=\"entry-title\"><a href=\"https:\/\/zakrasnejsivimperk.cz\/?p=361364\" target=\"_blank\" rel=\"noopener\">JI\u017dN\u00cd \u010cECHY: V\u00e1no\u010dn\u00ed \u010das na jihu \u010cech rozz\u00e1\u0159\u00ed tis\u00edce sv\u011bt\u00fdlek. Adventn\u00ed atmosf\u00e9ru nab\u00eddnou m\u011bsta, z\u00e1mky i zoo<\/a><\/h6>\n<h6 class=\"entry-title\"><a href=\"https:\/\/zakrasnejsivimperk.cz\/?p=361628\" target=\"_blank\" rel=\"noopener\">\u0160UMAVA: Adventn\u00ed spole\u010densk\u00e9 a kulturn\u00ed akce ve Stach\u00e1ch<\/a><\/h6>\n<h6 class=\"entry-title\"><a href=\"https:\/\/zakrasnejsivimperk.cz\/?p=360534\" target=\"_blank\" rel=\"noopener\">JI\u017dN\u00cd \u010cECHY: Pozv\u00e1nka na v\u00fdstavu v Muzeu st\u0159edn\u00edho Pootav\u00ed Strakonice<\/a><\/h6>\n<hr \/>\n<p>&nbsp;<\/p>\n<p><img loading=\"lazy\" decoding=\"async\" class=\"aligncenter wp-image-364294 size-large\" src=\"https:\/\/zakrasnejsivimperk.cz\/wp-content\/uploads\/2025\/12\/04\/advent-vpk-1912-724x1024.jpg\" alt=\"\" width=\"700\" height=\"990\" srcset=\"https:\/\/zakrasnejsivimperk.cz\/wp-content\/uploads\/2025\/12\/04\/advent-vpk-1912-724x1024.jpg 724w, https:\/\/zakrasnejsivimperk.cz\/wp-content\/uploads\/2025\/12\/04\/advent-vpk-1912-212x300.jpg 212w, https:\/\/zakrasnejsivimperk.cz\/wp-content\/uploads\/2025\/12\/04\/advent-vpk-1912-768x1086.jpg 768w, https:\/\/zakrasnejsivimperk.cz\/wp-content\/uploads\/2025\/12\/04\/advent-vpk-1912-1086x1536.jpg 1086w, https:\/\/zakrasnejsivimperk.cz\/wp-content\/uploads\/2025\/12\/04\/advent-vpk-1912-252x357.jpg 252w, https:\/\/zakrasnejsivimperk.cz\/wp-content\/uploads\/2025\/12\/04\/advent-vpk-1912-341x483.jpg 341w, https:\/\/zakrasnejsivimperk.cz\/wp-content\/uploads\/2025\/12\/04\/advent-vpk-1912.jpg 1414w\" sizes=\"(max-width: 700px) 100vw, 700px\" \/><\/p>\n<p>&nbsp;<\/p>\n<p>&nbsp;<\/p>\n<p><img loading=\"lazy\" decoding=\"async\" class=\"aligncenter wp-image-364293 size-large\" src=\"https:\/\/zakrasnejsivimperk.cz\/wp-content\/uploads\/2025\/12\/04\/advent-volyne-2012-683x1024.jpg\" alt=\"\" width=\"683\" height=\"1024\" srcset=\"https:\/\/zakrasnejsivimperk.cz\/wp-content\/uploads\/2025\/12\/04\/advent-volyne-2012-683x1024.jpg 683w, https:\/\/zakrasnejsivimperk.cz\/wp-content\/uploads\/2025\/12\/04\/advent-volyne-2012-200x300.jpg 200w, https:\/\/zakrasnejsivimperk.cz\/wp-content\/uploads\/2025\/12\/04\/advent-volyne-2012-768x1152.jpg 768w, https:\/\/zakrasnejsivimperk.cz\/wp-content\/uploads\/2025\/12\/04\/advent-volyne-2012-238x357.jpg 238w, https:\/\/zakrasnejsivimperk.cz\/wp-content\/uploads\/2025\/12\/04\/advent-volyne-2012-322x483.jpg 322w, https:\/\/zakrasnejsivimperk.cz\/wp-content\/uploads\/2025\/12\/04\/advent-volyne-2012.jpg 1024w\" sizes=\"(max-width: 683px) 100vw, 683px\" \/><\/p>\n<p>&nbsp;<\/p>\n<p>&nbsp;<\/p>\n<p><img loading=\"lazy\" decoding=\"async\" class=\"aligncenter wp-image-364291 size-large\" src=\"https:\/\/zakrasnejsivimperk.cz\/wp-content\/uploads\/2025\/12\/04\/advent-lenora-1812-724x1024.jpg\" alt=\"\" width=\"700\" height=\"990\" srcset=\"https:\/\/zakrasnejsivimperk.cz\/wp-content\/uploads\/2025\/12\/04\/advent-lenora-1812-724x1024.jpg 724w, https:\/\/zakrasnejsivimperk.cz\/wp-content\/uploads\/2025\/12\/04\/advent-lenora-1812-212x300.jpg 212w, https:\/\/zakrasnejsivimperk.cz\/wp-content\/uploads\/2025\/12\/04\/advent-lenora-1812-768x1086.jpg 768w, https:\/\/zakrasnejsivimperk.cz\/wp-content\/uploads\/2025\/12\/04\/advent-lenora-1812-1086x1536.jpg 1086w, https:\/\/zakrasnejsivimperk.cz\/wp-content\/uploads\/2025\/12\/04\/advent-lenora-1812-252x357.jpg 252w, https:\/\/zakrasnejsivimperk.cz\/wp-content\/uploads\/2025\/12\/04\/advent-lenora-1812-341x483.jpg 341w, https:\/\/zakrasnejsivimperk.cz\/wp-content\/uploads\/2025\/12\/04\/advent-lenora-1812.jpg 1448w\" sizes=\"(max-width: 700px) 100vw, 700px\" \/><\/p>\n<p>&nbsp;<\/p>\n<p>&nbsp;<\/p>\n<p><img loading=\"lazy\" decoding=\"async\" class=\"aligncenter wp-image-364290 size-large\" src=\"https:\/\/zakrasnejsivimperk.cz\/wp-content\/uploads\/2025\/12\/04\/advent-kasperky-2412-724x1024.jpg\" alt=\"\" width=\"700\" height=\"990\" srcset=\"https:\/\/zakrasnejsivimperk.cz\/wp-content\/uploads\/2025\/12\/04\/advent-kasperky-2412-724x1024.jpg 724w, https:\/\/zakrasnejsivimperk.cz\/wp-content\/uploads\/2025\/12\/04\/advent-kasperky-2412-212x300.jpg 212w, https:\/\/zakrasnejsivimperk.cz\/wp-content\/uploads\/2025\/12\/04\/advent-kasperky-2412-768x1086.jpg 768w, https:\/\/zakrasnejsivimperk.cz\/wp-content\/uploads\/2025\/12\/04\/advent-kasperky-2412-1086x1536.jpg 1086w, https:\/\/zakrasnejsivimperk.cz\/wp-content\/uploads\/2025\/12\/04\/advent-kasperky-2412-252x357.jpg 252w, https:\/\/zakrasnejsivimperk.cz\/wp-content\/uploads\/2025\/12\/04\/advent-kasperky-2412-341x483.jpg 341w, https:\/\/zakrasnejsivimperk.cz\/wp-content\/uploads\/2025\/12\/04\/advent-kasperky-2412.jpg 1414w\" sizes=\"(max-width: 700px) 100vw, 700px\" \/><\/p>\n<p>&nbsp;<\/p>\n<p>&nbsp;<\/p>\n<p><img loading=\"lazy\" decoding=\"async\" class=\"aligncenter wp-image-364295 size-large\" src=\"https:\/\/zakrasnejsivimperk.cz\/wp-content\/uploads\/2025\/12\/04\/vanoce-lenora-2712-724x1024.jpg\" alt=\"\" width=\"700\" height=\"990\" srcset=\"https:\/\/zakrasnejsivimperk.cz\/wp-content\/uploads\/2025\/12\/04\/vanoce-lenora-2712-724x1024.jpg 724w, https:\/\/zakrasnejsivimperk.cz\/wp-content\/uploads\/2025\/12\/04\/vanoce-lenora-2712-212x300.jpg 212w, https:\/\/zakrasnejsivimperk.cz\/wp-content\/uploads\/2025\/12\/04\/vanoce-lenora-2712-768x1086.jpg 768w, https:\/\/zakrasnejsivimperk.cz\/wp-content\/uploads\/2025\/12\/04\/vanoce-lenora-2712-1086x1536.jpg 1086w, https:\/\/zakrasnejsivimperk.cz\/wp-content\/uploads\/2025\/12\/04\/vanoce-lenora-2712-252x357.jpg 252w, https:\/\/zakrasnejsivimperk.cz\/wp-content\/uploads\/2025\/12\/04\/vanoce-lenora-2712-341x483.jpg 341w, https:\/\/zakrasnejsivimperk.cz\/wp-content\/uploads\/2025\/12\/04\/vanoce-lenora-2712.jpg 1448w\" sizes=\"(max-width: 700px) 100vw, 700px\" \/><\/p>\n<p>&nbsp;<\/p>\n<p>&nbsp;<\/p>\n<p><img loading=\"lazy\" decoding=\"async\" class=\"aligncenter wp-image-364296 size-large\" src=\"https:\/\/zakrasnejsivimperk.cz\/wp-content\/uploads\/2025\/12\/04\/plakat-cestice-od-2212-724x1024.jpg\" alt=\"\" width=\"700\" height=\"990\" srcset=\"https:\/\/zakrasnejsivimperk.cz\/wp-content\/uploads\/2025\/12\/04\/plakat-cestice-od-2212-724x1024.jpg 724w, https:\/\/zakrasnejsivimperk.cz\/wp-content\/uploads\/2025\/12\/04\/plakat-cestice-od-2212-212x300.jpg 212w, https:\/\/zakrasnejsivimperk.cz\/wp-content\/uploads\/2025\/12\/04\/plakat-cestice-od-2212-768x1086.jpg 768w, https:\/\/zakrasnejsivimperk.cz\/wp-content\/uploads\/2025\/12\/04\/plakat-cestice-od-2212-1086x1536.jpg 1086w, https:\/\/zakrasnejsivimperk.cz\/wp-content\/uploads\/2025\/12\/04\/plakat-cestice-od-2212-252x357.jpg 252w, https:\/\/zakrasnejsivimperk.cz\/wp-content\/uploads\/2025\/12\/04\/plakat-cestice-od-2212-341x483.jpg 341w, https:\/\/zakrasnejsivimperk.cz\/wp-content\/uploads\/2025\/12\/04\/plakat-cestice-od-2212.jpg 1414w\" sizes=\"(max-width: 700px) 100vw, 700px\" \/><\/p>\n<p>&nbsp;<\/p>\n<p>&nbsp;<\/p>\n<p><img loading=\"lazy\" decoding=\"async\" class=\"aligncenter wp-image-363273 size-large\" src=\"https:\/\/zakrasnejsivimperk.cz\/wp-content\/uploads\/2025\/11\/30\/advent-kvilda-724x1024.jpg\" alt=\"\" width=\"700\" height=\"990\" srcset=\"https:\/\/zakrasnejsivimperk.cz\/wp-content\/uploads\/2025\/11\/30\/advent-kvilda-724x1024.jpg 724w, https:\/\/zakrasnejsivimperk.cz\/wp-content\/uploads\/2025\/11\/30\/advent-kvilda-212x300.jpg 212w, https:\/\/zakrasnejsivimperk.cz\/wp-content\/uploads\/2025\/11\/30\/advent-kvilda-768x1086.jpg 768w, https:\/\/zakrasnejsivimperk.cz\/wp-content\/uploads\/2025\/11\/30\/advent-kvilda-1086x1536.jpg 1086w, https:\/\/zakrasnejsivimperk.cz\/wp-content\/uploads\/2025\/11\/30\/advent-kvilda-252x357.jpg 252w, https:\/\/zakrasnejsivimperk.cz\/wp-content\/uploads\/2025\/11\/30\/advent-kvilda-341x483.jpg 341w, https:\/\/zakrasnejsivimperk.cz\/wp-content\/uploads\/2025\/11\/30\/advent-kvilda.jpg 1448w\" sizes=\"(max-width: 700px) 100vw, 700px\" \/><\/p>\n<p>&nbsp;<\/p>\n<p>&nbsp;<\/p>\n<p><img loading=\"lazy\" decoding=\"async\" class=\"wp-image-363274 size-large aligncenter\" src=\"https:\/\/zakrasnejsivimperk.cz\/wp-content\/uploads\/2025\/11\/30\/advent-strasin-1912-724x1024.jpg\" alt=\"\" width=\"700\" height=\"990\" srcset=\"https:\/\/zakrasnejsivimperk.cz\/wp-content\/uploads\/2025\/11\/30\/advent-strasin-1912-724x1024.jpg 724w, https:\/\/zakrasnejsivimperk.cz\/wp-content\/uploads\/2025\/11\/30\/advent-strasin-1912-212x300.jpg 212w, https:\/\/zakrasnejsivimperk.cz\/wp-content\/uploads\/2025\/11\/30\/advent-strasin-1912-768x1086.jpg 768w, https:\/\/zakrasnejsivimperk.cz\/wp-content\/uploads\/2025\/11\/30\/advent-strasin-1912-1086x1536.jpg 1086w, https:\/\/zakrasnejsivimperk.cz\/wp-content\/uploads\/2025\/11\/30\/advent-strasin-1912-252x357.jpg 252w, https:\/\/zakrasnejsivimperk.cz\/wp-content\/uploads\/2025\/11\/30\/advent-strasin-1912-341x483.jpg 341w, https:\/\/zakrasnejsivimperk.cz\/wp-content\/uploads\/2025\/11\/30\/advent-strasin-1912.jpg 1414w\" sizes=\"(max-width: 700px) 100vw, 700px\" \/><\/p>\n<p>&nbsp;<\/p>\n<p>&nbsp;<\/p>\n<p><img loading=\"lazy\" decoding=\"async\" class=\"aligncenter wp-image-363277 size-large\" src=\"https:\/\/zakrasnejsivimperk.cz\/wp-content\/uploads\/2025\/11\/30\/advent-zus-stachy-724x1024.jpg\" alt=\"\" width=\"700\" height=\"990\" srcset=\"https:\/\/zakrasnejsivimperk.cz\/wp-content\/uploads\/2025\/11\/30\/advent-zus-stachy-724x1024.jpg 724w, https:\/\/zakrasnejsivimperk.cz\/wp-content\/uploads\/2025\/11\/30\/advent-zus-stachy-212x300.jpg 212w, https:\/\/zakrasnejsivimperk.cz\/wp-content\/uploads\/2025\/11\/30\/advent-zus-stachy-768x1086.jpg 768w, https:\/\/zakrasnejsivimperk.cz\/wp-content\/uploads\/2025\/11\/30\/advent-zus-stachy-1086x1536.jpg 1086w, https:\/\/zakrasnejsivimperk.cz\/wp-content\/uploads\/2025\/11\/30\/advent-zus-stachy-252x357.jpg 252w, https:\/\/zakrasnejsivimperk.cz\/wp-content\/uploads\/2025\/11\/30\/advent-zus-stachy-341x483.jpg 341w, https:\/\/zakrasnejsivimperk.cz\/wp-content\/uploads\/2025\/11\/30\/advent-zus-stachy.jpg 1414w\" sizes=\"(max-width: 700px) 100vw, 700px\" \/><\/p>\n<p>&nbsp;<\/p>\n<p>&nbsp;<\/p>\n<p><img loading=\"lazy\" decoding=\"async\" class=\"aligncenter wp-image-363276 size-large\" src=\"https:\/\/zakrasnejsivimperk.cz\/wp-content\/uploads\/2025\/11\/30\/advent-zdikov-0912-724x1024.jpg\" alt=\"\" width=\"700\" height=\"990\" srcset=\"https:\/\/zakrasnejsivimperk.cz\/wp-content\/uploads\/2025\/11\/30\/advent-zdikov-0912-724x1024.jpg 724w, https:\/\/zakrasnejsivimperk.cz\/wp-content\/uploads\/2025\/11\/30\/advent-zdikov-0912-212x300.jpg 212w, https:\/\/zakrasnejsivimperk.cz\/wp-content\/uploads\/2025\/11\/30\/advent-zdikov-0912-768x1086.jpg 768w, https:\/\/zakrasnejsivimperk.cz\/wp-content\/uploads\/2025\/11\/30\/advent-zdikov-0912-1086x1536.jpg 1086w, https:\/\/zakrasnejsivimperk.cz\/wp-content\/uploads\/2025\/11\/30\/advent-zdikov-0912-252x357.jpg 252w, https:\/\/zakrasnejsivimperk.cz\/wp-content\/uploads\/2025\/11\/30\/advent-zdikov-0912-341x483.jpg 341w, https:\/\/zakrasnejsivimperk.cz\/wp-content\/uploads\/2025\/11\/30\/advent-zdikov-0912.jpg 1414w\" sizes=\"(max-width: 700px) 100vw, 700px\" \/><\/p>\n<p>&nbsp;<\/p>\n<p>&nbsp;<\/p>\n<p><img loading=\"lazy\" decoding=\"async\" class=\"aligncenter wp-image-363174 size-large\" src=\"https:\/\/zakrasnejsivimperk.cz\/wp-content\/uploads\/2025\/11\/30\/advent-lnare-0612-719x1024.jpg\" alt=\"\" width=\"700\" height=\"997\" srcset=\"https:\/\/zakrasnejsivimperk.cz\/wp-content\/uploads\/2025\/11\/30\/advent-lnare-0612-719x1024.jpg 719w, https:\/\/zakrasnejsivimperk.cz\/wp-content\/uploads\/2025\/11\/30\/advent-lnare-0612-211x300.jpg 211w, https:\/\/zakrasnejsivimperk.cz\/wp-content\/uploads\/2025\/11\/30\/advent-lnare-0612-768x1093.jpg 768w, https:\/\/zakrasnejsivimperk.cz\/wp-content\/uploads\/2025\/11\/30\/advent-lnare-0612-251x357.jpg 251w, https:\/\/zakrasnejsivimperk.cz\/wp-content\/uploads\/2025\/11\/30\/advent-lnare-0612-339x483.jpg 339w, https:\/\/zakrasnejsivimperk.cz\/wp-content\/uploads\/2025\/11\/30\/advent-lnare-0612.jpg 973w\" sizes=\"(max-width: 700px) 100vw, 700px\" \/><\/p>\n<p><img loading=\"lazy\" decoding=\"async\" class=\"aligncenter wp-image-363161 size-large\" src=\"https:\/\/zakrasnejsivimperk.cz\/wp-content\/uploads\/2025\/12\/01\/advent-cestice-0712-724x1024.jpg\" alt=\"\" width=\"700\" height=\"990\" srcset=\"https:\/\/zakrasnejsivimperk.cz\/wp-content\/uploads\/2025\/12\/01\/advent-cestice-0712-724x1024.jpg 724w, https:\/\/zakrasnejsivimperk.cz\/wp-content\/uploads\/2025\/12\/01\/advent-cestice-0712-212x300.jpg 212w, https:\/\/zakrasnejsivimperk.cz\/wp-content\/uploads\/2025\/12\/01\/advent-cestice-0712-768x1086.jpg 768w, https:\/\/zakrasnejsivimperk.cz\/wp-content\/uploads\/2025\/12\/01\/advent-cestice-0712-1086x1536.jpg 1086w, https:\/\/zakrasnejsivimperk.cz\/wp-content\/uploads\/2025\/12\/01\/advent-cestice-0712-252x357.jpg 252w, https:\/\/zakrasnejsivimperk.cz\/wp-content\/uploads\/2025\/12\/01\/advent-cestice-0712-341x483.jpg 341w, https:\/\/zakrasnejsivimperk.cz\/wp-content\/uploads\/2025\/12\/01\/advent-cestice-0712.jpg 1448w\" sizes=\"(max-width: 700px) 100vw, 700px\" \/><\/p>\n<p><img loading=\"lazy\" decoding=\"async\" class=\"aligncenter wp-image-363122\" src=\"https:\/\/zakrasnejsivimperk.cz\/wp-content\/uploads\/2025\/11\/26\/advent-brezi-0712-300x207.jpg\" alt=\"\" width=\"700\" height=\"482\" srcset=\"https:\/\/zakrasnejsivimperk.cz\/wp-content\/uploads\/2025\/11\/26\/advent-brezi-0712-300x207.jpg 300w, https:\/\/zakrasnejsivimperk.cz\/wp-content\/uploads\/2025\/11\/26\/advent-brezi-0712-768x529.jpg 768w, https:\/\/zakrasnejsivimperk.cz\/wp-content\/uploads\/2025\/11\/26\/advent-brezi-0712-518x357.jpg 518w, https:\/\/zakrasnejsivimperk.cz\/wp-content\/uploads\/2025\/11\/26\/advent-brezi-0712-701x483.jpg 701w, https:\/\/zakrasnejsivimperk.cz\/wp-content\/uploads\/2025\/11\/26\/advent-brezi-0712.jpg 959w\" sizes=\"(max-width: 700px) 100vw, 700px\" \/><\/p>\n<p>&nbsp;<\/p>\n<p>&nbsp;<\/p>\n<p><img loading=\"lazy\" decoding=\"async\" class=\"aligncenter wp-image-363111 size-full\" src=\"https:\/\/zakrasnejsivimperk.cz\/wp-content\/uploads\/2025\/11\/26\/advent-bohumilice-0612.jpg\" alt=\"\" width=\"686\" height=\"973\" srcset=\"https:\/\/zakrasnejsivimperk.cz\/wp-content\/uploads\/2025\/11\/26\/advent-bohumilice-0612.jpg 686w, https:\/\/zakrasnejsivimperk.cz\/wp-content\/uploads\/2025\/11\/26\/advent-bohumilice-0612-212x300.jpg 212w, https:\/\/zakrasnejsivimperk.cz\/wp-content\/uploads\/2025\/11\/26\/advent-bohumilice-0612-252x357.jpg 252w, https:\/\/zakrasnejsivimperk.cz\/wp-content\/uploads\/2025\/11\/26\/advent-bohumilice-0612-341x483.jpg 341w\" sizes=\"(max-width: 686px) 100vw, 686px\" \/><\/p>\n<p>&nbsp;<\/p>\n<p>&nbsp;<\/p>\n<p><img loading=\"lazy\" decoding=\"async\" class=\"aligncenter wp-image-363113 size-large\" src=\"https:\/\/zakrasnejsivimperk.cz\/wp-content\/uploads\/2025\/11\/26\/advent-javornik-1312-724x1024.jpg\" alt=\"\" width=\"700\" height=\"990\" srcset=\"https:\/\/zakrasnejsivimperk.cz\/wp-content\/uploads\/2025\/11\/26\/advent-javornik-1312-724x1024.jpg 724w, https:\/\/zakrasnejsivimperk.cz\/wp-content\/uploads\/2025\/11\/26\/advent-javornik-1312-212x300.jpg 212w, https:\/\/zakrasnejsivimperk.cz\/wp-content\/uploads\/2025\/11\/26\/advent-javornik-1312-768x1086.jpg 768w, https:\/\/zakrasnejsivimperk.cz\/wp-content\/uploads\/2025\/11\/26\/advent-javornik-1312-1086x1536.jpg 1086w, https:\/\/zakrasnejsivimperk.cz\/wp-content\/uploads\/2025\/11\/26\/advent-javornik-1312-252x357.jpg 252w, https:\/\/zakrasnejsivimperk.cz\/wp-content\/uploads\/2025\/11\/26\/advent-javornik-1312-341x483.jpg 341w, https:\/\/zakrasnejsivimperk.cz\/wp-content\/uploads\/2025\/11\/26\/advent-javornik-1312.jpg 1448w\" sizes=\"(max-width: 700px) 100vw, 700px\" \/><\/p>\n<p>&nbsp;<\/p>\n<p>&nbsp;<\/p>\n<p><img loading=\"lazy\" decoding=\"async\" class=\"aligncenter wp-image-363114\" src=\"https:\/\/zakrasnejsivimperk.cz\/wp-content\/uploads\/2025\/11\/26\/advent-malenice-1912-298x300.jpg\" alt=\"\" width=\"700\" height=\"704\" srcset=\"https:\/\/zakrasnejsivimperk.cz\/wp-content\/uploads\/2025\/11\/26\/advent-malenice-1912-298x300.jpg 298w, https:\/\/zakrasnejsivimperk.cz\/wp-content\/uploads\/2025\/11\/26\/advent-malenice-1912-150x150.jpg 150w, https:\/\/zakrasnejsivimperk.cz\/wp-content\/uploads\/2025\/11\/26\/advent-malenice-1912-768x772.jpg 768w, https:\/\/zakrasnejsivimperk.cz\/wp-content\/uploads\/2025\/11\/26\/advent-malenice-1912-355x357.jpg 355w, https:\/\/zakrasnejsivimperk.cz\/wp-content\/uploads\/2025\/11\/26\/advent-malenice-1912-481x483.jpg 481w, https:\/\/zakrasnejsivimperk.cz\/wp-content\/uploads\/2025\/11\/26\/advent-malenice-1912-210x210.jpg 210w, https:\/\/zakrasnejsivimperk.cz\/wp-content\/uploads\/2025\/11\/26\/advent-malenice-1912.jpg 784w\" sizes=\"(max-width: 700px) 100vw, 700px\" \/><\/p>\n<p>&nbsp;<\/p>\n<p>&nbsp;<\/p>\n<p><img loading=\"lazy\" decoding=\"async\" class=\"aligncenter wp-image-362634 size-large\" src=\"https:\/\/zakrasnejsivimperk.cz\/wp-content\/uploads\/2025\/11\/24\/advent-trebon-2911-725x1024.jpg\" alt=\"\" width=\"700\" height=\"989\" srcset=\"https:\/\/zakrasnejsivimperk.cz\/wp-content\/uploads\/2025\/11\/24\/advent-trebon-2911-725x1024.jpg 725w, https:\/\/zakrasnejsivimperk.cz\/wp-content\/uploads\/2025\/11\/24\/advent-trebon-2911-212x300.jpg 212w, https:\/\/zakrasnejsivimperk.cz\/wp-content\/uploads\/2025\/11\/24\/advent-trebon-2911-768x1085.jpg 768w, https:\/\/zakrasnejsivimperk.cz\/wp-content\/uploads\/2025\/11\/24\/advent-trebon-2911-1087x1536.jpg 1087w, https:\/\/zakrasnejsivimperk.cz\/wp-content\/uploads\/2025\/11\/24\/advent-trebon-2911-253x357.jpg 253w, https:\/\/zakrasnejsivimperk.cz\/wp-content\/uploads\/2025\/11\/24\/advent-trebon-2911-342x483.jpg 342w, https:\/\/zakrasnejsivimperk.cz\/wp-content\/uploads\/2025\/11\/24\/advent-trebon-2911.jpg 1200w\" sizes=\"(max-width: 700px) 100vw, 700px\" \/><\/p>\n<p>&nbsp;<\/p>\n<p>&nbsp;<\/p>\n<p><img loading=\"lazy\" decoding=\"async\" class=\"aligncenter wp-image-362633 size-full\" src=\"https:\/\/zakrasnejsivimperk.cz\/wp-content\/uploads\/2025\/11\/24\/advent-strunkovice-3011.jpg\" alt=\"\" width=\"721\" height=\"1024\" srcset=\"https:\/\/zakrasnejsivimperk.cz\/wp-content\/uploads\/2025\/11\/24\/advent-strunkovice-3011.jpg 721w, https:\/\/zakrasnejsivimperk.cz\/wp-content\/uploads\/2025\/11\/24\/advent-strunkovice-3011-211x300.jpg 211w, https:\/\/zakrasnejsivimperk.cz\/wp-content\/uploads\/2025\/11\/24\/advent-strunkovice-3011-251x357.jpg 251w, https:\/\/zakrasnejsivimperk.cz\/wp-content\/uploads\/2025\/11\/24\/advent-strunkovice-3011-340x483.jpg 340w\" sizes=\"(max-width: 721px) 100vw, 721px\" \/><\/p>\n<p>&nbsp;<\/p>\n<p>&nbsp;<\/p>\n<p><img loading=\"lazy\" decoding=\"async\" class=\"aligncenter wp-image-362632 size-large\" src=\"https:\/\/zakrasnejsivimperk.cz\/wp-content\/uploads\/2025\/11\/24\/advent-strunkovice-2811-1024x724.jpg\" alt=\"\" width=\"700\" height=\"495\" srcset=\"https:\/\/zakrasnejsivimperk.cz\/wp-content\/uploads\/2025\/11\/24\/advent-strunkovice-2811-1024x724.jpg 1024w, https:\/\/zakrasnejsivimperk.cz\/wp-content\/uploads\/2025\/11\/24\/advent-strunkovice-2811-300x212.jpg 300w, https:\/\/zakrasnejsivimperk.cz\/wp-content\/uploads\/2025\/11\/24\/advent-strunkovice-2811-768x543.jpg 768w, https:\/\/zakrasnejsivimperk.cz\/wp-content\/uploads\/2025\/11\/24\/advent-strunkovice-2811-505x357.jpg 505w, https:\/\/zakrasnejsivimperk.cz\/wp-content\/uploads\/2025\/11\/24\/advent-strunkovice-2811-683x483.jpg 683w, https:\/\/zakrasnejsivimperk.cz\/wp-content\/uploads\/2025\/11\/24\/advent-strunkovice-2811.jpg 1280w\" sizes=\"(max-width: 700px) 100vw, 700px\" \/><\/p>\n<p>&nbsp;<\/p>\n<p>&nbsp;<\/p>\n<p><img loading=\"lazy\" decoding=\"async\" class=\"aligncenter wp-image-362631 size-large\" src=\"https:\/\/zakrasnejsivimperk.cz\/wp-content\/uploads\/2025\/11\/24\/advent-lenora-1312-724x1024.jpg\" alt=\"\" width=\"700\" height=\"990\" srcset=\"https:\/\/zakrasnejsivimperk.cz\/wp-content\/uploads\/2025\/11\/24\/advent-lenora-1312-724x1024.jpg 724w, https:\/\/zakrasnejsivimperk.cz\/wp-content\/uploads\/2025\/11\/24\/advent-lenora-1312-212x300.jpg 212w, https:\/\/zakrasnejsivimperk.cz\/wp-content\/uploads\/2025\/11\/24\/advent-lenora-1312-768x1086.jpg 768w, https:\/\/zakrasnejsivimperk.cz\/wp-content\/uploads\/2025\/11\/24\/advent-lenora-1312-1086x1536.jpg 1086w, https:\/\/zakrasnejsivimperk.cz\/wp-content\/uploads\/2025\/11\/24\/advent-lenora-1312-252x357.jpg 252w, https:\/\/zakrasnejsivimperk.cz\/wp-content\/uploads\/2025\/11\/24\/advent-lenora-1312-341x483.jpg 341w, https:\/\/zakrasnejsivimperk.cz\/wp-content\/uploads\/2025\/11\/24\/advent-lenora-1312.jpg 1448w\" sizes=\"(max-width: 700px) 100vw, 700px\" \/><\/p>\n<p>&nbsp;<\/p>\n<p>&nbsp;<\/p>\n<p><img loading=\"lazy\" decoding=\"async\" class=\"aligncenter wp-image-362355\" src=\"https:\/\/zakrasnejsivimperk.cz\/wp-content\/uploads\/2025\/11\/21\/advent-zablati-218x300.jpg\" alt=\"\" width=\"700\" height=\"964\" srcset=\"https:\/\/zakrasnejsivimperk.cz\/wp-content\/uploads\/2025\/11\/21\/advent-zablati-218x300.jpg 218w, https:\/\/zakrasnejsivimperk.cz\/wp-content\/uploads\/2025\/11\/21\/advent-zablati-259x357.jpg 259w, https:\/\/zakrasnejsivimperk.cz\/wp-content\/uploads\/2025\/11\/21\/advent-zablati-351x483.jpg 351w, https:\/\/zakrasnejsivimperk.cz\/wp-content\/uploads\/2025\/11\/21\/advent-zablati.jpg 634w\" sizes=\"(max-width: 700px) 100vw, 700px\" \/><\/p>\n<p>&nbsp;<\/p>\n<p><img loading=\"lazy\" decoding=\"async\" class=\"aligncenter wp-image-362354 size-large\" src=\"https:\/\/zakrasnejsivimperk.cz\/wp-content\/uploads\/2025\/11\/21\/advent-vacov-1312-724x1024.jpg\" alt=\"\" width=\"700\" height=\"990\" srcset=\"https:\/\/zakrasnejsivimperk.cz\/wp-content\/uploads\/2025\/11\/21\/advent-vacov-1312-724x1024.jpg 724w, https:\/\/zakrasnejsivimperk.cz\/wp-content\/uploads\/2025\/11\/21\/advent-vacov-1312-212x300.jpg 212w, https:\/\/zakrasnejsivimperk.cz\/wp-content\/uploads\/2025\/11\/21\/advent-vacov-1312-768x1086.jpg 768w, https:\/\/zakrasnejsivimperk.cz\/wp-content\/uploads\/2025\/11\/21\/advent-vacov-1312-1086x1536.jpg 1086w, https:\/\/zakrasnejsivimperk.cz\/wp-content\/uploads\/2025\/11\/21\/advent-vacov-1312-1448x2048.jpg 1448w, https:\/\/zakrasnejsivimperk.cz\/wp-content\/uploads\/2025\/11\/21\/advent-vacov-1312-252x357.jpg 252w, https:\/\/zakrasnejsivimperk.cz\/wp-content\/uploads\/2025\/11\/21\/advent-vacov-1312-342x483.jpg 342w, https:\/\/zakrasnejsivimperk.cz\/wp-content\/uploads\/2025\/11\/21\/advent-vacov-1312-scaled.jpg 1810w\" sizes=\"(max-width: 700px) 100vw, 700px\" \/><\/p>\n<p>&nbsp;<\/p>\n<p><img loading=\"lazy\" decoding=\"async\" class=\"aligncenter wp-image-362353 size-large\" src=\"https:\/\/zakrasnejsivimperk.cz\/wp-content\/uploads\/2025\/11\/21\/advent-vacov-3011-724x1024.png\" alt=\"\" width=\"700\" height=\"990\" srcset=\"https:\/\/zakrasnejsivimperk.cz\/wp-content\/uploads\/2025\/11\/21\/advent-vacov-3011-724x1024.png 724w, https:\/\/zakrasnejsivimperk.cz\/wp-content\/uploads\/2025\/11\/21\/advent-vacov-3011-212x300.png 212w, https:\/\/zakrasnejsivimperk.cz\/wp-content\/uploads\/2025\/11\/21\/advent-vacov-3011-768x1086.png 768w, https:\/\/zakrasnejsivimperk.cz\/wp-content\/uploads\/2025\/11\/21\/advent-vacov-3011-1086x1536.png 1086w, https:\/\/zakrasnejsivimperk.cz\/wp-content\/uploads\/2025\/11\/21\/advent-vacov-3011-1448x2048.png 1448w, https:\/\/zakrasnejsivimperk.cz\/wp-content\/uploads\/2025\/11\/21\/advent-vacov-3011-252x357.png 252w, https:\/\/zakrasnejsivimperk.cz\/wp-content\/uploads\/2025\/11\/21\/advent-vacov-3011-341x483.png 341w, https:\/\/zakrasnejsivimperk.cz\/wp-content\/uploads\/2025\/11\/21\/advent-vacov-3011.png 1587w\" sizes=\"(max-width: 700px) 100vw, 700px\" \/><\/p>\n<p>&nbsp;<\/p>\n<p>&nbsp;<\/p>\n<p><img loading=\"lazy\" decoding=\"async\" class=\"aligncenter wp-image-362352 size-large\" src=\"https:\/\/zakrasnejsivimperk.cz\/wp-content\/uploads\/2025\/11\/21\/advent-kasperky-3011-720x1024.jpg\" alt=\"\" width=\"700\" height=\"996\" srcset=\"https:\/\/zakrasnejsivimperk.cz\/wp-content\/uploads\/2025\/11\/21\/advent-kasperky-3011-720x1024.jpg 720w, https:\/\/zakrasnejsivimperk.cz\/wp-content\/uploads\/2025\/11\/21\/advent-kasperky-3011-211x300.jpg 211w, https:\/\/zakrasnejsivimperk.cz\/wp-content\/uploads\/2025\/11\/21\/advent-kasperky-3011-768x1093.jpg 768w, https:\/\/zakrasnejsivimperk.cz\/wp-content\/uploads\/2025\/11\/21\/advent-kasperky-3011-251x357.jpg 251w, https:\/\/zakrasnejsivimperk.cz\/wp-content\/uploads\/2025\/11\/21\/advent-kasperky-3011-339x483.jpg 339w, https:\/\/zakrasnejsivimperk.cz\/wp-content\/uploads\/2025\/11\/21\/advent-kasperky-3011.jpg 773w\" sizes=\"(max-width: 700px) 100vw, 700px\" \/><\/p>\n<p>&nbsp;<\/p>\n<p>&nbsp;<\/p>\n<p><img loading=\"lazy\" decoding=\"async\" class=\"aligncenter wp-image-362222 size-large\" src=\"https:\/\/zakrasnejsivimperk.cz\/wp-content\/uploads\/2025\/11\/18\/vanoce-kasperk-2812-724x1024.jpg\" alt=\"\" width=\"700\" height=\"990\" srcset=\"https:\/\/zakrasnejsivimperk.cz\/wp-content\/uploads\/2025\/11\/18\/vanoce-kasperk-2812-724x1024.jpg 724w, https:\/\/zakrasnejsivimperk.cz\/wp-content\/uploads\/2025\/11\/18\/vanoce-kasperk-2812-212x300.jpg 212w, https:\/\/zakrasnejsivimperk.cz\/wp-content\/uploads\/2025\/11\/18\/vanoce-kasperk-2812-768x1086.jpg 768w, https:\/\/zakrasnejsivimperk.cz\/wp-content\/uploads\/2025\/11\/18\/vanoce-kasperk-2812-1086x1536.jpg 1086w, https:\/\/zakrasnejsivimperk.cz\/wp-content\/uploads\/2025\/11\/18\/vanoce-kasperk-2812-252x357.jpg 252w, https:\/\/zakrasnejsivimperk.cz\/wp-content\/uploads\/2025\/11\/18\/vanoce-kasperk-2812-341x483.jpg 341w, https:\/\/zakrasnejsivimperk.cz\/wp-content\/uploads\/2025\/11\/18\/vanoce-kasperk-2812.jpg 1414w\" sizes=\"(max-width: 700px) 100vw, 700px\" \/><\/p>\n<p>&nbsp;<\/p>\n<p>&nbsp;<\/p>\n<p><img loading=\"lazy\" decoding=\"async\" class=\"aligncenter wp-image-362220 size-large\" src=\"https:\/\/zakrasnejsivimperk.cz\/wp-content\/uploads\/2025\/11\/18\/advent-zdikov-3011-694x1024.jpg\" alt=\"\" width=\"694\" height=\"1024\" srcset=\"https:\/\/zakrasnejsivimperk.cz\/wp-content\/uploads\/2025\/11\/18\/advent-zdikov-3011-694x1024.jpg 694w, https:\/\/zakrasnejsivimperk.cz\/wp-content\/uploads\/2025\/11\/18\/advent-zdikov-3011-203x300.jpg 203w, https:\/\/zakrasnejsivimperk.cz\/wp-content\/uploads\/2025\/11\/18\/advent-zdikov-3011-242x357.jpg 242w, https:\/\/zakrasnejsivimperk.cz\/wp-content\/uploads\/2025\/11\/18\/advent-zdikov-3011-328x483.jpg 328w, https:\/\/zakrasnejsivimperk.cz\/wp-content\/uploads\/2025\/11\/18\/advent-zdikov-3011.jpg 746w\" sizes=\"(max-width: 694px) 100vw, 694px\" \/><\/p>\n<p>&nbsp;<\/p>\n<p>&nbsp;<\/p>\n<p><img loading=\"lazy\" decoding=\"async\" class=\"aligncenter wp-image-362219 size-large\" src=\"https:\/\/zakrasnejsivimperk.cz\/wp-content\/uploads\/2025\/11\/18\/advent-volyne-3011-724x1024.jpg\" alt=\"\" width=\"700\" height=\"990\" srcset=\"https:\/\/zakrasnejsivimperk.cz\/wp-content\/uploads\/2025\/11\/18\/advent-volyne-3011-724x1024.jpg 724w, https:\/\/zakrasnejsivimperk.cz\/wp-content\/uploads\/2025\/11\/18\/advent-volyne-3011-212x300.jpg 212w, https:\/\/zakrasnejsivimperk.cz\/wp-content\/uploads\/2025\/11\/18\/advent-volyne-3011-768x1086.jpg 768w, https:\/\/zakrasnejsivimperk.cz\/wp-content\/uploads\/2025\/11\/18\/advent-volyne-3011-1086x1536.jpg 1086w, https:\/\/zakrasnejsivimperk.cz\/wp-content\/uploads\/2025\/11\/18\/advent-volyne-3011-252x357.jpg 252w, https:\/\/zakrasnejsivimperk.cz\/wp-content\/uploads\/2025\/11\/18\/advent-volyne-3011-341x483.jpg 341w, https:\/\/zakrasnejsivimperk.cz\/wp-content\/uploads\/2025\/11\/18\/advent-volyne-3011.jpg 1448w\" sizes=\"(max-width: 700px) 100vw, 700px\" \/><\/p>\n<p>&nbsp;<\/p>\n<p>&nbsp;<\/p>\n<p><img loading=\"lazy\" decoding=\"async\" class=\"aligncenter wp-image-362217 size-large\" src=\"https:\/\/zakrasnejsivimperk.cz\/wp-content\/uploads\/2025\/11\/18\/advent-susicko-724x1024.jpg\" alt=\"\" width=\"700\" height=\"990\" srcset=\"https:\/\/zakrasnejsivimperk.cz\/wp-content\/uploads\/2025\/11\/18\/advent-susicko-724x1024.jpg 724w, https:\/\/zakrasnejsivimperk.cz\/wp-content\/uploads\/2025\/11\/18\/advent-susicko-212x300.jpg 212w, https:\/\/zakrasnejsivimperk.cz\/wp-content\/uploads\/2025\/11\/18\/advent-susicko-768x1086.jpg 768w, https:\/\/zakrasnejsivimperk.cz\/wp-content\/uploads\/2025\/11\/18\/advent-susicko-1086x1536.jpg 1086w, https:\/\/zakrasnejsivimperk.cz\/wp-content\/uploads\/2025\/11\/18\/advent-susicko-252x357.jpg 252w, https:\/\/zakrasnejsivimperk.cz\/wp-content\/uploads\/2025\/11\/18\/advent-susicko-341x483.jpg 341w, https:\/\/zakrasnejsivimperk.cz\/wp-content\/uploads\/2025\/11\/18\/advent-susicko.jpg 1414w\" sizes=\"(max-width: 700px) 100vw, 700px\" \/><\/p>\n<p>&nbsp;<\/p>\n<p>&nbsp;<\/p>\n<p><img loading=\"lazy\" decoding=\"async\" class=\"aligncenter wp-image-362216 size-large\" src=\"https:\/\/zakrasnejsivimperk.cz\/wp-content\/uploads\/2025\/11\/18\/advent-susice-3011-724x1024.jpg\" alt=\"\" width=\"700\" height=\"990\" srcset=\"https:\/\/zakrasnejsivimperk.cz\/wp-content\/uploads\/2025\/11\/18\/advent-susice-3011-724x1024.jpg 724w, https:\/\/zakrasnejsivimperk.cz\/wp-content\/uploads\/2025\/11\/18\/advent-susice-3011-212x300.jpg 212w, https:\/\/zakrasnejsivimperk.cz\/wp-content\/uploads\/2025\/11\/18\/advent-susice-3011-768x1086.jpg 768w, https:\/\/zakrasnejsivimperk.cz\/wp-content\/uploads\/2025\/11\/18\/advent-susice-3011-1086x1536.jpg 1086w, https:\/\/zakrasnejsivimperk.cz\/wp-content\/uploads\/2025\/11\/18\/advent-susice-3011-252x357.jpg 252w, https:\/\/zakrasnejsivimperk.cz\/wp-content\/uploads\/2025\/11\/18\/advent-susice-3011-341x483.jpg 341w, https:\/\/zakrasnejsivimperk.cz\/wp-content\/uploads\/2025\/11\/18\/advent-susice-3011.jpg 1448w\" sizes=\"(max-width: 700px) 100vw, 700px\" \/><\/p>\n<p>&nbsp;<\/p>\n<p>&nbsp;<\/p>\n<p><img loading=\"lazy\" decoding=\"async\" class=\"aligncenter wp-image-362215 size-large\" src=\"https:\/\/zakrasnejsivimperk.cz\/wp-content\/uploads\/2025\/11\/18\/advent-pt-1012-724x1024.jpg\" alt=\"\" width=\"700\" height=\"990\" srcset=\"https:\/\/zakrasnejsivimperk.cz\/wp-content\/uploads\/2025\/11\/18\/advent-pt-1012-724x1024.jpg 724w, https:\/\/zakrasnejsivimperk.cz\/wp-content\/uploads\/2025\/11\/18\/advent-pt-1012-212x300.jpg 212w, https:\/\/zakrasnejsivimperk.cz\/wp-content\/uploads\/2025\/11\/18\/advent-pt-1012-768x1086.jpg 768w, https:\/\/zakrasnejsivimperk.cz\/wp-content\/uploads\/2025\/11\/18\/advent-pt-1012-1086x1536.jpg 1086w, https:\/\/zakrasnejsivimperk.cz\/wp-content\/uploads\/2025\/11\/18\/advent-pt-1012-252x357.jpg 252w, https:\/\/zakrasnejsivimperk.cz\/wp-content\/uploads\/2025\/11\/18\/advent-pt-1012-341x483.jpg 341w, https:\/\/zakrasnejsivimperk.cz\/wp-content\/uploads\/2025\/11\/18\/advent-pt-1012.jpg 1448w\" sizes=\"(max-width: 700px) 100vw, 700px\" \/><\/p>\n<p>&nbsp;<\/p>\n<p>&nbsp;<\/p>\n<p><img loading=\"lazy\" decoding=\"async\" class=\"aligncenter wp-image-362214 size-large\" src=\"https:\/\/zakrasnejsivimperk.cz\/wp-content\/uploads\/2025\/11\/18\/advent-pt-0412-724x1024.jpg\" alt=\"\" width=\"700\" height=\"990\" srcset=\"https:\/\/zakrasnejsivimperk.cz\/wp-content\/uploads\/2025\/11\/18\/advent-pt-0412-724x1024.jpg 724w, https:\/\/zakrasnejsivimperk.cz\/wp-content\/uploads\/2025\/11\/18\/advent-pt-0412-212x300.jpg 212w, https:\/\/zakrasnejsivimperk.cz\/wp-content\/uploads\/2025\/11\/18\/advent-pt-0412-768x1086.jpg 768w, https:\/\/zakrasnejsivimperk.cz\/wp-content\/uploads\/2025\/11\/18\/advent-pt-0412-1086x1536.jpg 1086w, https:\/\/zakrasnejsivimperk.cz\/wp-content\/uploads\/2025\/11\/18\/advent-pt-0412-252x357.jpg 252w, https:\/\/zakrasnejsivimperk.cz\/wp-content\/uploads\/2025\/11\/18\/advent-pt-0412-341x483.jpg 341w, https:\/\/zakrasnejsivimperk.cz\/wp-content\/uploads\/2025\/11\/18\/advent-pt-0412.jpg 1448w\" sizes=\"(max-width: 700px) 100vw, 700px\" \/><\/p>\n<p>&nbsp;<\/p>\n<p>&nbsp;<\/p>\n<p><img loading=\"lazy\" decoding=\"async\" class=\"aligncenter wp-image-362213 size-large\" src=\"https:\/\/zakrasnejsivimperk.cz\/wp-content\/uploads\/2025\/11\/18\/advent-kvilda-3011-724x1024.jpg\" alt=\"\" width=\"700\" height=\"990\" srcset=\"https:\/\/zakrasnejsivimperk.cz\/wp-content\/uploads\/2025\/11\/18\/advent-kvilda-3011-724x1024.jpg 724w, https:\/\/zakrasnejsivimperk.cz\/wp-content\/uploads\/2025\/11\/18\/advent-kvilda-3011-212x300.jpg 212w, https:\/\/zakrasnejsivimperk.cz\/wp-content\/uploads\/2025\/11\/18\/advent-kvilda-3011-768x1086.jpg 768w, https:\/\/zakrasnejsivimperk.cz\/wp-content\/uploads\/2025\/11\/18\/advent-kvilda-3011-1086x1536.jpg 1086w, https:\/\/zakrasnejsivimperk.cz\/wp-content\/uploads\/2025\/11\/18\/advent-kvilda-3011-252x357.jpg 252w, https:\/\/zakrasnejsivimperk.cz\/wp-content\/uploads\/2025\/11\/18\/advent-kvilda-3011-341x483.jpg 341w, https:\/\/zakrasnejsivimperk.cz\/wp-content\/uploads\/2025\/11\/18\/advent-kvilda-3011.jpg 1414w\" sizes=\"(max-width: 700px) 100vw, 700px\" \/><\/p>\n<p>&nbsp;<\/p>\n<p>&nbsp;<\/p>\n<p><img loading=\"lazy\" decoding=\"async\" class=\"aligncenter wp-image-362212 size-large\" src=\"https:\/\/zakrasnejsivimperk.cz\/wp-content\/uploads\/2025\/11\/18\/advent-cestice-2312-724x1024.jpg\" alt=\"\" width=\"700\" height=\"990\" srcset=\"https:\/\/zakrasnejsivimperk.cz\/wp-content\/uploads\/2025\/11\/18\/advent-cestice-2312-724x1024.jpg 724w, https:\/\/zakrasnejsivimperk.cz\/wp-content\/uploads\/2025\/11\/18\/advent-cestice-2312-212x300.jpg 212w, https:\/\/zakrasnejsivimperk.cz\/wp-content\/uploads\/2025\/11\/18\/advent-cestice-2312-768x1086.jpg 768w, https:\/\/zakrasnejsivimperk.cz\/wp-content\/uploads\/2025\/11\/18\/advent-cestice-2312-1086x1536.jpg 1086w, https:\/\/zakrasnejsivimperk.cz\/wp-content\/uploads\/2025\/11\/18\/advent-cestice-2312-252x357.jpg 252w, https:\/\/zakrasnejsivimperk.cz\/wp-content\/uploads\/2025\/11\/18\/advent-cestice-2312-341x483.jpg 341w, https:\/\/zakrasnejsivimperk.cz\/wp-content\/uploads\/2025\/11\/18\/advent-cestice-2312.jpg 1448w\" sizes=\"(max-width: 700px) 100vw, 700px\" \/><\/p>\n<p>&nbsp;<\/p>\n<p>&nbsp;<\/p>\n<p><img loading=\"lazy\" decoding=\"async\" class=\"aligncenter wp-image-362053 size-large\" src=\"https:\/\/zakrasnejsivimperk.cz\/wp-content\/uploads\/2025\/11\/16\/advent-cestice-3011-724x1024.jpg\" alt=\"\" width=\"700\" height=\"990\" srcset=\"https:\/\/zakrasnejsivimperk.cz\/wp-content\/uploads\/2025\/11\/16\/advent-cestice-3011-724x1024.jpg 724w, https:\/\/zakrasnejsivimperk.cz\/wp-content\/uploads\/2025\/11\/16\/advent-cestice-3011-212x300.jpg 212w, https:\/\/zakrasnejsivimperk.cz\/wp-content\/uploads\/2025\/11\/16\/advent-cestice-3011-768x1086.jpg 768w, https:\/\/zakrasnejsivimperk.cz\/wp-content\/uploads\/2025\/11\/16\/advent-cestice-3011-1086x1536.jpg 1086w, https:\/\/zakrasnejsivimperk.cz\/wp-content\/uploads\/2025\/11\/16\/advent-cestice-3011-252x357.jpg 252w, https:\/\/zakrasnejsivimperk.cz\/wp-content\/uploads\/2025\/11\/16\/advent-cestice-3011-341x483.jpg 341w, https:\/\/zakrasnejsivimperk.cz\/wp-content\/uploads\/2025\/11\/16\/advent-cestice-3011.jpg 1448w\" sizes=\"(max-width: 700px) 100vw, 700px\" \/><\/p>\n<p>&nbsp;<\/p>\n<p>&nbsp;<\/p>\n<p><img loading=\"lazy\" decoding=\"async\" class=\"aligncenter wp-image-362052\" src=\"https:\/\/zakrasnejsivimperk.cz\/wp-content\/uploads\/2025\/11\/16\/advent-ceprovice-3011-200x300.jpg\" alt=\"\" width=\"700\" height=\"1050\" srcset=\"https:\/\/zakrasnejsivimperk.cz\/wp-content\/uploads\/2025\/11\/16\/advent-ceprovice-3011-200x300.jpg 200w, https:\/\/zakrasnejsivimperk.cz\/wp-content\/uploads\/2025\/11\/16\/advent-ceprovice-3011-683x1024.jpg 683w, https:\/\/zakrasnejsivimperk.cz\/wp-content\/uploads\/2025\/11\/16\/advent-ceprovice-3011-768x1152.jpg 768w, https:\/\/zakrasnejsivimperk.cz\/wp-content\/uploads\/2025\/11\/16\/advent-ceprovice-3011-238x357.jpg 238w, https:\/\/zakrasnejsivimperk.cz\/wp-content\/uploads\/2025\/11\/16\/advent-ceprovice-3011-322x483.jpg 322w, https:\/\/zakrasnejsivimperk.cz\/wp-content\/uploads\/2025\/11\/16\/advent-ceprovice-3011.jpg 1024w\" sizes=\"(max-width: 700px) 100vw, 700px\" \/><\/p>\n<p>&nbsp;<\/p>\n<p>&nbsp;<\/p>\n<p><img loading=\"lazy\" decoding=\"async\" class=\"aligncenter wp-image-362051\" src=\"https:\/\/zakrasnejsivimperk.cz\/wp-content\/uploads\/2025\/11\/16\/advent-ceprovice-1412-200x300.jpg\" alt=\"\" width=\"700\" height=\"1050\" srcset=\"https:\/\/zakrasnejsivimperk.cz\/wp-content\/uploads\/2025\/11\/16\/advent-ceprovice-1412-200x300.jpg 200w, https:\/\/zakrasnejsivimperk.cz\/wp-content\/uploads\/2025\/11\/16\/advent-ceprovice-1412-683x1024.jpg 683w, https:\/\/zakrasnejsivimperk.cz\/wp-content\/uploads\/2025\/11\/16\/advent-ceprovice-1412-768x1152.jpg 768w, https:\/\/zakrasnejsivimperk.cz\/wp-content\/uploads\/2025\/11\/16\/advent-ceprovice-1412-238x357.jpg 238w, https:\/\/zakrasnejsivimperk.cz\/wp-content\/uploads\/2025\/11\/16\/advent-ceprovice-1412-322x483.jpg 322w, https:\/\/zakrasnejsivimperk.cz\/wp-content\/uploads\/2025\/11\/16\/advent-ceprovice-1412.jpg 1024w\" sizes=\"(max-width: 700px) 100vw, 700px\" \/><\/p>\n<p>&nbsp;<\/p>\n<p>&nbsp;<\/p>\n<p><img loading=\"lazy\" decoding=\"async\" class=\"aligncenter wp-image-362050\" src=\"https:\/\/zakrasnejsivimperk.cz\/wp-content\/uploads\/2025\/11\/16\/advent-ceprovice-0712-200x300.jpg\" alt=\"\" width=\"700\" height=\"1050\" srcset=\"https:\/\/zakrasnejsivimperk.cz\/wp-content\/uploads\/2025\/11\/16\/advent-ceprovice-0712-200x300.jpg 200w, https:\/\/zakrasnejsivimperk.cz\/wp-content\/uploads\/2025\/11\/16\/advent-ceprovice-0712-683x1024.jpg 683w, https:\/\/zakrasnejsivimperk.cz\/wp-content\/uploads\/2025\/11\/16\/advent-ceprovice-0712-768x1152.jpg 768w, https:\/\/zakrasnejsivimperk.cz\/wp-content\/uploads\/2025\/11\/16\/advent-ceprovice-0712-238x357.jpg 238w, https:\/\/zakrasnejsivimperk.cz\/wp-content\/uploads\/2025\/11\/16\/advent-ceprovice-0712-322x483.jpg 322w, https:\/\/zakrasnejsivimperk.cz\/wp-content\/uploads\/2025\/11\/16\/advent-ceprovice-0712.jpg 1024w\" sizes=\"(max-width: 700px) 100vw, 700px\" \/><\/p>\n<p>&nbsp;<\/p>\n<p>&nbsp;<\/p>\n<p><img loading=\"lazy\" decoding=\"async\" class=\"aligncenter wp-image-362049 size-large\" src=\"https:\/\/zakrasnejsivimperk.cz\/wp-content\/uploads\/2025\/11\/16\/advent-borovka-3011-724x1024.jpg\" alt=\"\" width=\"700\" height=\"990\" srcset=\"https:\/\/zakrasnejsivimperk.cz\/wp-content\/uploads\/2025\/11\/16\/advent-borovka-3011-724x1024.jpg 724w, https:\/\/zakrasnejsivimperk.cz\/wp-content\/uploads\/2025\/11\/16\/advent-borovka-3011-212x300.jpg 212w, https:\/\/zakrasnejsivimperk.cz\/wp-content\/uploads\/2025\/11\/16\/advent-borovka-3011-768x1086.jpg 768w, https:\/\/zakrasnejsivimperk.cz\/wp-content\/uploads\/2025\/11\/16\/advent-borovka-3011-1086x1536.jpg 1086w, https:\/\/zakrasnejsivimperk.cz\/wp-content\/uploads\/2025\/11\/16\/advent-borovka-3011-252x357.jpg 252w, https:\/\/zakrasnejsivimperk.cz\/wp-content\/uploads\/2025\/11\/16\/advent-borovka-3011-341x483.jpg 341w, https:\/\/zakrasnejsivimperk.cz\/wp-content\/uploads\/2025\/11\/16\/advent-borovka-3011.jpg 1448w\" sizes=\"(max-width: 700px) 100vw, 700px\" \/><\/p>\n<p>&nbsp;<\/p>\n<p>&nbsp;<\/p>\n<p><img loading=\"lazy\" decoding=\"async\" class=\"aligncenter wp-image-362016 size-large\" src=\"https:\/\/zakrasnejsivimperk.cz\/wp-content\/uploads\/2025\/11\/16\/advent-volyne-1812-724x1024.jpg\" alt=\"\" width=\"700\" height=\"990\" srcset=\"https:\/\/zakrasnejsivimperk.cz\/wp-content\/uploads\/2025\/11\/16\/advent-volyne-1812-724x1024.jpg 724w, https:\/\/zakrasnejsivimperk.cz\/wp-content\/uploads\/2025\/11\/16\/advent-volyne-1812-212x300.jpg 212w, https:\/\/zakrasnejsivimperk.cz\/wp-content\/uploads\/2025\/11\/16\/advent-volyne-1812-768x1086.jpg 768w, https:\/\/zakrasnejsivimperk.cz\/wp-content\/uploads\/2025\/11\/16\/advent-volyne-1812-1086x1536.jpg 1086w, https:\/\/zakrasnejsivimperk.cz\/wp-content\/uploads\/2025\/11\/16\/advent-volyne-1812-252x357.jpg 252w, https:\/\/zakrasnejsivimperk.cz\/wp-content\/uploads\/2025\/11\/16\/advent-volyne-1812-341x483.jpg 341w, https:\/\/zakrasnejsivimperk.cz\/wp-content\/uploads\/2025\/11\/16\/advent-volyne-1812.jpg 1448w\" sizes=\"(max-width: 700px) 100vw, 700px\" \/><\/p>\n<p>&nbsp;<\/p>\n<p>&nbsp;<\/p>\n<p><img loading=\"lazy\" decoding=\"async\" class=\"aligncenter wp-image-362015 size-large\" src=\"https:\/\/zakrasnejsivimperk.cz\/wp-content\/uploads\/2025\/11\/16\/advent-vacov-0212-724x1024.jpg\" alt=\"\" width=\"700\" height=\"990\" srcset=\"https:\/\/zakrasnejsivimperk.cz\/wp-content\/uploads\/2025\/11\/16\/advent-vacov-0212-724x1024.jpg 724w, https:\/\/zakrasnejsivimperk.cz\/wp-content\/uploads\/2025\/11\/16\/advent-vacov-0212-212x300.jpg 212w, https:\/\/zakrasnejsivimperk.cz\/wp-content\/uploads\/2025\/11\/16\/advent-vacov-0212-768x1086.jpg 768w, https:\/\/zakrasnejsivimperk.cz\/wp-content\/uploads\/2025\/11\/16\/advent-vacov-0212-1086x1536.jpg 1086w, https:\/\/zakrasnejsivimperk.cz\/wp-content\/uploads\/2025\/11\/16\/advent-vacov-0212-1448x2048.jpg 1448w, https:\/\/zakrasnejsivimperk.cz\/wp-content\/uploads\/2025\/11\/16\/advent-vacov-0212-252x357.jpg 252w, https:\/\/zakrasnejsivimperk.cz\/wp-content\/uploads\/2025\/11\/16\/advent-vacov-0212-341x483.jpg 341w, https:\/\/zakrasnejsivimperk.cz\/wp-content\/uploads\/2025\/11\/16\/advent-vacov-0212.jpg 1587w\" sizes=\"(max-width: 700px) 100vw, 700px\" \/><\/p>\n<p>&nbsp;<\/p>\n<p>&nbsp;<\/p>\n<p><img loading=\"lazy\" decoding=\"async\" class=\"aligncenter wp-image-362014 size-large\" src=\"https:\/\/zakrasnejsivimperk.cz\/wp-content\/uploads\/2025\/11\/16\/advent-pisek-betlemy-1024x536.jpg\" alt=\"\" width=\"700\" height=\"366\" srcset=\"https:\/\/zakrasnejsivimperk.cz\/wp-content\/uploads\/2025\/11\/16\/advent-pisek-betlemy-1024x536.jpg 1024w, https:\/\/zakrasnejsivimperk.cz\/wp-content\/uploads\/2025\/11\/16\/advent-pisek-betlemy-300x157.jpg 300w, https:\/\/zakrasnejsivimperk.cz\/wp-content\/uploads\/2025\/11\/16\/advent-pisek-betlemy-768x402.jpg 768w, https:\/\/zakrasnejsivimperk.cz\/wp-content\/uploads\/2025\/11\/16\/advent-pisek-betlemy-682x357.jpg 682w, https:\/\/zakrasnejsivimperk.cz\/wp-content\/uploads\/2025\/11\/16\/advent-pisek-betlemy-923x483.jpg 923w, https:\/\/zakrasnejsivimperk.cz\/wp-content\/uploads\/2025\/11\/16\/advent-pisek-betlemy.jpg 1200w\" sizes=\"(max-width: 700px) 100vw, 700px\" \/><\/p>\n<p>&nbsp;<\/p>\n<p>&nbsp;<\/p>\n<p><img loading=\"lazy\" decoding=\"async\" class=\"aligncenter wp-image-362013 size-large\" src=\"https:\/\/zakrasnejsivimperk.cz\/wp-content\/uploads\/2025\/11\/16\/advent-lenora-2911-724x1024.jpg\" alt=\"\" width=\"700\" height=\"990\" srcset=\"https:\/\/zakrasnejsivimperk.cz\/wp-content\/uploads\/2025\/11\/16\/advent-lenora-2911-724x1024.jpg 724w, https:\/\/zakrasnejsivimperk.cz\/wp-content\/uploads\/2025\/11\/16\/advent-lenora-2911-212x300.jpg 212w, https:\/\/zakrasnejsivimperk.cz\/wp-content\/uploads\/2025\/11\/16\/advent-lenora-2911-768x1086.jpg 768w, https:\/\/zakrasnejsivimperk.cz\/wp-content\/uploads\/2025\/11\/16\/advent-lenora-2911-1086x1536.jpg 1086w, https:\/\/zakrasnejsivimperk.cz\/wp-content\/uploads\/2025\/11\/16\/advent-lenora-2911-252x357.jpg 252w, https:\/\/zakrasnejsivimperk.cz\/wp-content\/uploads\/2025\/11\/16\/advent-lenora-2911-341x483.jpg 341w, https:\/\/zakrasnejsivimperk.cz\/wp-content\/uploads\/2025\/11\/16\/advent-lenora-2911.jpg 1448w\" sizes=\"(max-width: 700px) 100vw, 700px\" \/><\/p>\n<p>&nbsp;<\/p>\n<p>&nbsp;<\/p>\n<p><img loading=\"lazy\" decoding=\"async\" class=\"aligncenter wp-image-362012 size-large\" src=\"https:\/\/zakrasnejsivimperk.cz\/wp-content\/uploads\/2025\/11\/16\/advent-cestice-2911-724x1024.jpg\" alt=\"\" width=\"700\" height=\"990\" srcset=\"https:\/\/zakrasnejsivimperk.cz\/wp-content\/uploads\/2025\/11\/16\/advent-cestice-2911-724x1024.jpg 724w, https:\/\/zakrasnejsivimperk.cz\/wp-content\/uploads\/2025\/11\/16\/advent-cestice-2911-212x300.jpg 212w, https:\/\/zakrasnejsivimperk.cz\/wp-content\/uploads\/2025\/11\/16\/advent-cestice-2911-768x1086.jpg 768w, https:\/\/zakrasnejsivimperk.cz\/wp-content\/uploads\/2025\/11\/16\/advent-cestice-2911-1086x1536.jpg 1086w, https:\/\/zakrasnejsivimperk.cz\/wp-content\/uploads\/2025\/11\/16\/advent-cestice-2911-252x357.jpg 252w, https:\/\/zakrasnejsivimperk.cz\/wp-content\/uploads\/2025\/11\/16\/advent-cestice-2911-341x483.jpg 341w, https:\/\/zakrasnejsivimperk.cz\/wp-content\/uploads\/2025\/11\/16\/advent-cestice-2911.jpg 1448w\" sizes=\"(max-width: 700px) 100vw, 700px\" \/><\/p>\n<p>&nbsp;<\/p>\n<p><img loading=\"lazy\" decoding=\"async\" class=\"aligncenter wp-image-361999 size-large\" src=\"https:\/\/zakrasnejsivimperk.cz\/wp-content\/uploads\/2025\/11\/18\/advent-pt-0712-xxx-739x1024.jpg\" alt=\"\" width=\"700\" height=\"970\" srcset=\"https:\/\/zakrasnejsivimperk.cz\/wp-content\/uploads\/2025\/11\/18\/advent-pt-0712-xxx-739x1024.jpg 739w, https:\/\/zakrasnejsivimperk.cz\/wp-content\/uploads\/2025\/11\/18\/advent-pt-0712-xxx-217x300.jpg 217w, https:\/\/zakrasnejsivimperk.cz\/wp-content\/uploads\/2025\/11\/18\/advent-pt-0712-xxx-768x1064.jpg 768w, https:\/\/zakrasnejsivimperk.cz\/wp-content\/uploads\/2025\/11\/18\/advent-pt-0712-xxx-258x357.jpg 258w, https:\/\/zakrasnejsivimperk.cz\/wp-content\/uploads\/2025\/11\/18\/advent-pt-0712-xxx-349x483.jpg 349w, https:\/\/zakrasnejsivimperk.cz\/wp-content\/uploads\/2025\/11\/18\/advent-pt-0712-xxx.jpg 794w\" sizes=\"(max-width: 700px) 100vw, 700px\" \/><\/p>\n<p>&nbsp;<\/p>\n<p>&nbsp;<\/p>\n<p><img loading=\"lazy\" decoding=\"async\" class=\"aligncenter wp-image-361798 size-large\" src=\"https:\/\/zakrasnejsivimperk.cz\/wp-content\/uploads\/2025\/11\/01\/advernt-nem-pt-0112-1024x1024.jpg\" alt=\"\" width=\"700\" height=\"700\" srcset=\"https:\/\/zakrasnejsivimperk.cz\/wp-content\/uploads\/2025\/11\/01\/advernt-nem-pt-0112-1024x1024.jpg 1024w, https:\/\/zakrasnejsivimperk.cz\/wp-content\/uploads\/2025\/11\/01\/advernt-nem-pt-0112-300x300.jpg 300w, https:\/\/zakrasnejsivimperk.cz\/wp-content\/uploads\/2025\/11\/01\/advernt-nem-pt-0112-150x150.jpg 150w, https:\/\/zakrasnejsivimperk.cz\/wp-content\/uploads\/2025\/11\/01\/advernt-nem-pt-0112-768x768.jpg 768w, https:\/\/zakrasnejsivimperk.cz\/wp-content\/uploads\/2025\/11\/01\/advernt-nem-pt-0112-357x357.jpg 357w, https:\/\/zakrasnejsivimperk.cz\/wp-content\/uploads\/2025\/11\/01\/advernt-nem-pt-0112-483x483.jpg 483w, https:\/\/zakrasnejsivimperk.cz\/wp-content\/uploads\/2025\/11\/01\/advernt-nem-pt-0112-210x210.jpg 210w, https:\/\/zakrasnejsivimperk.cz\/wp-content\/uploads\/2025\/11\/01\/advernt-nem-pt-0112.jpg 1080w\" sizes=\"(max-width: 700px) 100vw, 700px\" \/><\/p>\n<p>&nbsp;<\/p>\n<p>&nbsp;<\/p>\n<p><img loading=\"lazy\" decoding=\"async\" class=\"aligncenter wp-image-361797 size-large\" src=\"https:\/\/zakrasnejsivimperk.cz\/wp-content\/uploads\/2025\/11\/01\/advent-pisek-od-2211-724x1024.jpg\" alt=\"\" width=\"700\" height=\"990\" srcset=\"https:\/\/zakrasnejsivimperk.cz\/wp-content\/uploads\/2025\/11\/01\/advent-pisek-od-2211-724x1024.jpg 724w, https:\/\/zakrasnejsivimperk.cz\/wp-content\/uploads\/2025\/11\/01\/advent-pisek-od-2211-212x300.jpg 212w, https:\/\/zakrasnejsivimperk.cz\/wp-content\/uploads\/2025\/11\/01\/advent-pisek-od-2211-768x1086.jpg 768w, https:\/\/zakrasnejsivimperk.cz\/wp-content\/uploads\/2025\/11\/01\/advent-pisek-od-2211-252x357.jpg 252w, https:\/\/zakrasnejsivimperk.cz\/wp-content\/uploads\/2025\/11\/01\/advent-pisek-od-2211-342x483.jpg 342w, https:\/\/zakrasnejsivimperk.cz\/wp-content\/uploads\/2025\/11\/01\/advent-pisek-od-2211.jpg 980w\" sizes=\"(max-width: 700px) 100vw, 700px\" \/><\/p>\n<p>&nbsp;<\/p>\n<p>&nbsp;<\/p>\n<p><img loading=\"lazy\" decoding=\"async\" class=\"aligncenter wp-image-361796 size-large\" src=\"https:\/\/zakrasnejsivimperk.cz\/wp-content\/uploads\/2025\/11\/01\/advent-husinec-0712-724x1024.jpg\" alt=\"\" width=\"700\" height=\"990\" srcset=\"https:\/\/zakrasnejsivimperk.cz\/wp-content\/uploads\/2025\/11\/01\/advent-husinec-0712-724x1024.jpg 724w, https:\/\/zakrasnejsivimperk.cz\/wp-content\/uploads\/2025\/11\/01\/advent-husinec-0712-212x300.jpg 212w, https:\/\/zakrasnejsivimperk.cz\/wp-content\/uploads\/2025\/11\/01\/advent-husinec-0712-768x1086.jpg 768w, https:\/\/zakrasnejsivimperk.cz\/wp-content\/uploads\/2025\/11\/01\/advent-husinec-0712-1086x1536.jpg 1086w, https:\/\/zakrasnejsivimperk.cz\/wp-content\/uploads\/2025\/11\/01\/advent-husinec-0712-252x357.jpg 252w, https:\/\/zakrasnejsivimperk.cz\/wp-content\/uploads\/2025\/11\/01\/advent-husinec-0712-341x483.jpg 341w, https:\/\/zakrasnejsivimperk.cz\/wp-content\/uploads\/2025\/11\/01\/advent-husinec-0712.jpg 1414w\" sizes=\"(max-width: 700px) 100vw, 700px\" \/><\/p>\n<p>&nbsp;<\/p>\n<p>&nbsp;<\/p>\n<p><img loading=\"lazy\" decoding=\"async\" class=\"aligncenter wp-image-361795 size-large\" src=\"https:\/\/zakrasnejsivimperk.cz\/wp-content\/uploads\/2025\/11\/01\/vanoce-hostice-2612-1024x724.jpg\" alt=\"\" width=\"700\" height=\"495\" srcset=\"https:\/\/zakrasnejsivimperk.cz\/wp-content\/uploads\/2025\/11\/01\/vanoce-hostice-2612-1024x724.jpg 1024w, https:\/\/zakrasnejsivimperk.cz\/wp-content\/uploads\/2025\/11\/01\/vanoce-hostice-2612-300x212.jpg 300w, https:\/\/zakrasnejsivimperk.cz\/wp-content\/uploads\/2025\/11\/01\/vanoce-hostice-2612-768x543.jpg 768w, https:\/\/zakrasnejsivimperk.cz\/wp-content\/uploads\/2025\/11\/01\/vanoce-hostice-2612-1536x1086.jpg 1536w, https:\/\/zakrasnejsivimperk.cz\/wp-content\/uploads\/2025\/11\/01\/vanoce-hostice-2612-505x357.jpg 505w, https:\/\/zakrasnejsivimperk.cz\/wp-content\/uploads\/2025\/11\/01\/vanoce-hostice-2612-683x483.jpg 683w, https:\/\/zakrasnejsivimperk.cz\/wp-content\/uploads\/2025\/11\/01\/vanoce-hostice-2612.jpg 1683w\" sizes=\"(max-width: 700px) 100vw, 700px\" \/><\/p>\n<p>&nbsp;<\/p>\n<p>&nbsp;<\/p>\n<p><img loading=\"lazy\" decoding=\"async\" class=\"aligncenter wp-image-361579 size-large\" src=\"https:\/\/zakrasnejsivimperk.cz\/wp-content\/uploads\/2025\/11\/01\/advent-stachy-1012-739x1024.jpg\" alt=\"\" width=\"700\" height=\"970\" srcset=\"https:\/\/zakrasnejsivimperk.cz\/wp-content\/uploads\/2025\/11\/01\/advent-stachy-1012-739x1024.jpg 739w, https:\/\/zakrasnejsivimperk.cz\/wp-content\/uploads\/2025\/11\/01\/advent-stachy-1012-217x300.jpg 217w, https:\/\/zakrasnejsivimperk.cz\/wp-content\/uploads\/2025\/11\/01\/advent-stachy-1012-768x1064.jpg 768w, https:\/\/zakrasnejsivimperk.cz\/wp-content\/uploads\/2025\/11\/01\/advent-stachy-1012-258x357.jpg 258w, https:\/\/zakrasnejsivimperk.cz\/wp-content\/uploads\/2025\/11\/01\/advent-stachy-1012-349x483.jpg 349w, https:\/\/zakrasnejsivimperk.cz\/wp-content\/uploads\/2025\/11\/01\/advent-stachy-1012.jpg 794w\" sizes=\"(max-width: 700px) 100vw, 700px\" \/><\/p>\n<p>&nbsp;<\/p>\n<p>&nbsp;<\/p>\n<p><img loading=\"lazy\" decoding=\"async\" class=\"aligncenter wp-image-361577 size-large\" src=\"https:\/\/zakrasnejsivimperk.cz\/wp-content\/uploads\/2025\/11\/01\/advent-stachy-2911-x-724x1024.jpg\" alt=\"\" width=\"700\" height=\"990\" srcset=\"https:\/\/zakrasnejsivimperk.cz\/wp-content\/uploads\/2025\/11\/01\/advent-stachy-2911-x-724x1024.jpg 724w, https:\/\/zakrasnejsivimperk.cz\/wp-content\/uploads\/2025\/11\/01\/advent-stachy-2911-x-212x300.jpg 212w, https:\/\/zakrasnejsivimperk.cz\/wp-content\/uploads\/2025\/11\/01\/advent-stachy-2911-x-768x1086.jpg 768w, https:\/\/zakrasnejsivimperk.cz\/wp-content\/uploads\/2025\/11\/01\/advent-stachy-2911-x-1086x1536.jpg 1086w, https:\/\/zakrasnejsivimperk.cz\/wp-content\/uploads\/2025\/11\/01\/advent-stachy-2911-x-252x357.jpg 252w, https:\/\/zakrasnejsivimperk.cz\/wp-content\/uploads\/2025\/11\/01\/advent-stachy-2911-x-341x483.jpg 341w, https:\/\/zakrasnejsivimperk.cz\/wp-content\/uploads\/2025\/11\/01\/advent-stachy-2911-x.jpg 1414w\" sizes=\"(max-width: 700px) 100vw, 700px\" \/><\/p>\n<p>&nbsp;<\/p>\n<p>&nbsp;<\/p>\n<p><img loading=\"lazy\" decoding=\"async\" class=\"aligncenter wp-image-361578 size-large\" src=\"https:\/\/zakrasnejsivimperk.cz\/wp-content\/uploads\/2025\/11\/01\/advent-stachy-2911-724x1024.jpg\" alt=\"\" width=\"700\" height=\"990\" srcset=\"https:\/\/zakrasnejsivimperk.cz\/wp-content\/uploads\/2025\/11\/01\/advent-stachy-2911-724x1024.jpg 724w, https:\/\/zakrasnejsivimperk.cz\/wp-content\/uploads\/2025\/11\/01\/advent-stachy-2911-212x300.jpg 212w, https:\/\/zakrasnejsivimperk.cz\/wp-content\/uploads\/2025\/11\/01\/advent-stachy-2911-768x1086.jpg 768w, https:\/\/zakrasnejsivimperk.cz\/wp-content\/uploads\/2025\/11\/01\/advent-stachy-2911-1086x1536.jpg 1086w, https:\/\/zakrasnejsivimperk.cz\/wp-content\/uploads\/2025\/11\/01\/advent-stachy-2911-252x357.jpg 252w, https:\/\/zakrasnejsivimperk.cz\/wp-content\/uploads\/2025\/11\/01\/advent-stachy-2911-341x483.jpg 341w, https:\/\/zakrasnejsivimperk.cz\/wp-content\/uploads\/2025\/11\/01\/advent-stachy-2911.jpg 1414w\" sizes=\"(max-width: 700px) 100vw, 700px\" \/><\/p>\n<p>&nbsp;<\/p>\n<p>&nbsp;<\/p>\n<p><img loading=\"lazy\" decoding=\"async\" class=\"aligncenter wp-image-361510 size-large\" src=\"https:\/\/zakrasnejsivimperk.cz\/wp-content\/uploads\/2025\/11\/01\/advent-pisek-3011-724x1024.jpg\" alt=\"\" width=\"700\" height=\"990\" srcset=\"https:\/\/zakrasnejsivimperk.cz\/wp-content\/uploads\/2025\/11\/01\/advent-pisek-3011-724x1024.jpg 724w, https:\/\/zakrasnejsivimperk.cz\/wp-content\/uploads\/2025\/11\/01\/advent-pisek-3011-212x300.jpg 212w, https:\/\/zakrasnejsivimperk.cz\/wp-content\/uploads\/2025\/11\/01\/advent-pisek-3011-768x1086.jpg 768w, https:\/\/zakrasnejsivimperk.cz\/wp-content\/uploads\/2025\/11\/01\/advent-pisek-3011-1086x1536.jpg 1086w, https:\/\/zakrasnejsivimperk.cz\/wp-content\/uploads\/2025\/11\/01\/advent-pisek-3011-252x357.jpg 252w, https:\/\/zakrasnejsivimperk.cz\/wp-content\/uploads\/2025\/11\/01\/advent-pisek-3011-341x483.jpg 341w, https:\/\/zakrasnejsivimperk.cz\/wp-content\/uploads\/2025\/11\/01\/advent-pisek-3011.jpg 1448w\" sizes=\"(max-width: 700px) 100vw, 700px\" \/><\/p>\n<p>&nbsp;<\/p>\n<p>&nbsp;<\/p>\n<p><img loading=\"lazy\" decoding=\"async\" class=\"aligncenter wp-image-361509 size-large\" src=\"https:\/\/zakrasnejsivimperk.cz\/wp-content\/uploads\/2025\/11\/01\/advent-hostice-2911-724x1024.jpg\" alt=\"\" width=\"700\" height=\"990\" srcset=\"https:\/\/zakrasnejsivimperk.cz\/wp-content\/uploads\/2025\/11\/01\/advent-hostice-2911-724x1024.jpg 724w, https:\/\/zakrasnejsivimperk.cz\/wp-content\/uploads\/2025\/11\/01\/advent-hostice-2911-212x300.jpg 212w, https:\/\/zakrasnejsivimperk.cz\/wp-content\/uploads\/2025\/11\/01\/advent-hostice-2911-768x1086.jpg 768w, https:\/\/zakrasnejsivimperk.cz\/wp-content\/uploads\/2025\/11\/01\/advent-hostice-2911-1086x1536.jpg 1086w, https:\/\/zakrasnejsivimperk.cz\/wp-content\/uploads\/2025\/11\/01\/advent-hostice-2911-252x357.jpg 252w, https:\/\/zakrasnejsivimperk.cz\/wp-content\/uploads\/2025\/11\/01\/advent-hostice-2911-341x483.jpg 341w, https:\/\/zakrasnejsivimperk.cz\/wp-content\/uploads\/2025\/11\/01\/advent-hostice-2911.jpg 1131w\" sizes=\"(max-width: 700px) 100vw, 700px\" \/><\/p>\n<p>&nbsp;<\/p>\n<p>&nbsp;<\/p>\n<p><img loading=\"lazy\" decoding=\"async\" class=\"aligncenter wp-image-361508\" src=\"https:\/\/zakrasnejsivimperk.cz\/wp-content\/uploads\/2025\/11\/01\/advent-hostice-2511.jpg\" alt=\"\" width=\"700\" height=\"587\" srcset=\"https:\/\/zakrasnejsivimperk.cz\/wp-content\/uploads\/2025\/11\/01\/advent-hostice-2511.jpg 940w, https:\/\/zakrasnejsivimperk.cz\/wp-content\/uploads\/2025\/11\/01\/advent-hostice-2511-300x251.jpg 300w, https:\/\/zakrasnejsivimperk.cz\/wp-content\/uploads\/2025\/11\/01\/advent-hostice-2511-768x644.jpg 768w, https:\/\/zakrasnejsivimperk.cz\/wp-content\/uploads\/2025\/11\/01\/advent-hostice-2511-426x357.jpg 426w, https:\/\/zakrasnejsivimperk.cz\/wp-content\/uploads\/2025\/11\/01\/advent-hostice-2511-576x483.jpg 576w\" sizes=\"(max-width: 700px) 100vw, 700px\" \/><\/p>\n<p>&nbsp;<\/p>\n<p>&nbsp;<\/p>\n<p><img loading=\"lazy\" decoding=\"async\" class=\"aligncenter wp-image-361507 size-large\" src=\"https:\/\/zakrasnejsivimperk.cz\/wp-content\/uploads\/2025\/11\/01\/advent-hoslovice-1312-724x1024.jpg\" alt=\"\" width=\"700\" height=\"990\" srcset=\"https:\/\/zakrasnejsivimperk.cz\/wp-content\/uploads\/2025\/11\/01\/advent-hoslovice-1312-724x1024.jpg 724w, https:\/\/zakrasnejsivimperk.cz\/wp-content\/uploads\/2025\/11\/01\/advent-hoslovice-1312-212x300.jpg 212w, https:\/\/zakrasnejsivimperk.cz\/wp-content\/uploads\/2025\/11\/01\/advent-hoslovice-1312-768x1087.jpg 768w, https:\/\/zakrasnejsivimperk.cz\/wp-content\/uploads\/2025\/11\/01\/advent-hoslovice-1312-1085x1536.jpg 1085w, https:\/\/zakrasnejsivimperk.cz\/wp-content\/uploads\/2025\/11\/01\/advent-hoslovice-1312-252x357.jpg 252w, https:\/\/zakrasnejsivimperk.cz\/wp-content\/uploads\/2025\/11\/01\/advent-hoslovice-1312-341x483.jpg 341w, https:\/\/zakrasnejsivimperk.cz\/wp-content\/uploads\/2025\/11\/01\/advent-hoslovice-1312.jpg 1447w\" sizes=\"(max-width: 700px) 100vw, 700px\" \/><\/p>\n<p>&nbsp;<\/p>\n<p>&nbsp;<\/p>\n<p><img loading=\"lazy\" decoding=\"async\" class=\"aligncenter wp-image-361506 size-large\" src=\"https:\/\/zakrasnejsivimperk.cz\/wp-content\/uploads\/2025\/11\/01\/advent-bosice-2911-1024x755.jpg\" alt=\"\" width=\"700\" height=\"516\" srcset=\"https:\/\/zakrasnejsivimperk.cz\/wp-content\/uploads\/2025\/11\/01\/advent-bosice-2911-1024x755.jpg 1024w, https:\/\/zakrasnejsivimperk.cz\/wp-content\/uploads\/2025\/11\/01\/advent-bosice-2911-300x221.jpg 300w, https:\/\/zakrasnejsivimperk.cz\/wp-content\/uploads\/2025\/11\/01\/advent-bosice-2911-768x566.jpg 768w, https:\/\/zakrasnejsivimperk.cz\/wp-content\/uploads\/2025\/11\/01\/advent-bosice-2911-1536x1132.jpg 1536w, https:\/\/zakrasnejsivimperk.cz\/wp-content\/uploads\/2025\/11\/01\/advent-bosice-2911-485x357.jpg 485w, https:\/\/zakrasnejsivimperk.cz\/wp-content\/uploads\/2025\/11\/01\/advent-bosice-2911-656x483.jpg 656w, https:\/\/zakrasnejsivimperk.cz\/wp-content\/uploads\/2025\/11\/01\/advent-bosice-2911.jpg 2048w\" sizes=\"(max-width: 700px) 100vw, 700px\" \/><\/p>\n<p>&nbsp;<\/p>\n<p><img loading=\"lazy\" decoding=\"async\" class=\"aligncenter wp-image-361505 size-large\" src=\"https:\/\/zakrasnejsivimperk.cz\/wp-content\/uploads\/2025\/11\/01\/advent-blatna-trhy-1024x574.jpg\" alt=\"\" width=\"700\" height=\"392\" srcset=\"https:\/\/zakrasnejsivimperk.cz\/wp-content\/uploads\/2025\/11\/01\/advent-blatna-trhy-1024x574.jpg 1024w, https:\/\/zakrasnejsivimperk.cz\/wp-content\/uploads\/2025\/11\/01\/advent-blatna-trhy-300x168.jpg 300w, https:\/\/zakrasnejsivimperk.cz\/wp-content\/uploads\/2025\/11\/01\/advent-blatna-trhy-768x431.jpg 768w, https:\/\/zakrasnejsivimperk.cz\/wp-content\/uploads\/2025\/11\/01\/advent-blatna-trhy-1536x861.jpg 1536w, https:\/\/zakrasnejsivimperk.cz\/wp-content\/uploads\/2025\/11\/01\/advent-blatna-trhy-637x357.jpg 637w, https:\/\/zakrasnejsivimperk.cz\/wp-content\/uploads\/2025\/11\/01\/advent-blatna-trhy-862x483.jpg 862w, https:\/\/zakrasnejsivimperk.cz\/wp-content\/uploads\/2025\/11\/01\/advent-blatna-trhy.jpg 2048w\" sizes=\"(max-width: 700px) 100vw, 700px\" \/><\/p>\n<p>&nbsp;<\/p>\n<p>&nbsp;<\/p>\n<p><img loading=\"lazy\" decoding=\"async\" class=\"aligncenter wp-image-361504 size-full\" src=\"https:\/\/zakrasnejsivimperk.cz\/wp-content\/uploads\/2025\/11\/01\/adcent-lenora-2011.jpg\" alt=\"\" width=\"747\" height=\"1079\" srcset=\"https:\/\/zakrasnejsivimperk.cz\/wp-content\/uploads\/2025\/11\/01\/adcent-lenora-2011.jpg 747w, https:\/\/zakrasnejsivimperk.cz\/wp-content\/uploads\/2025\/11\/01\/adcent-lenora-2011-208x300.jpg 208w, https:\/\/zakrasnejsivimperk.cz\/wp-content\/uploads\/2025\/11\/01\/adcent-lenora-2011-709x1024.jpg 709w, https:\/\/zakrasnejsivimperk.cz\/wp-content\/uploads\/2025\/11\/01\/adcent-lenora-2011-247x357.jpg 247w, https:\/\/zakrasnejsivimperk.cz\/wp-content\/uploads\/2025\/11\/01\/adcent-lenora-2011-334x483.jpg 334w\" sizes=\"(max-width: 747px) 100vw, 747px\" \/><\/p>\n<p>&nbsp;<\/p>\n<p>&nbsp;<\/p>\n<p><img loading=\"lazy\" decoding=\"async\" class=\"aligncenter wp-image-361137 size-large\" src=\"https:\/\/zakrasnejsivimperk.cz\/wp-content\/uploads\/2025\/11\/07\/advent-zalezly-do-2112-2-1024x724.jpg\" alt=\"\" width=\"700\" height=\"495\" srcset=\"https:\/\/zakrasnejsivimperk.cz\/wp-content\/uploads\/2025\/11\/07\/advent-zalezly-do-2112-2-1024x724.jpg 1024w, https:\/\/zakrasnejsivimperk.cz\/wp-content\/uploads\/2025\/11\/07\/advent-zalezly-do-2112-2-300x212.jpg 300w, https:\/\/zakrasnejsivimperk.cz\/wp-content\/uploads\/2025\/11\/07\/advent-zalezly-do-2112-2-768x543.jpg 768w, https:\/\/zakrasnejsivimperk.cz\/wp-content\/uploads\/2025\/11\/07\/advent-zalezly-do-2112-2-1536x1086.jpg 1536w, https:\/\/zakrasnejsivimperk.cz\/wp-content\/uploads\/2025\/11\/07\/advent-zalezly-do-2112-2-505x357.jpg 505w, https:\/\/zakrasnejsivimperk.cz\/wp-content\/uploads\/2025\/11\/07\/advent-zalezly-do-2112-2-683x483.jpg 683w, https:\/\/zakrasnejsivimperk.cz\/wp-content\/uploads\/2025\/11\/07\/advent-zalezly-do-2112-2.jpg 2000w\" sizes=\"(max-width: 700px) 100vw, 700px\" \/><\/p>\n<p><img loading=\"lazy\" decoding=\"async\" class=\"aligncenter wp-image-361136 size-large\" src=\"https:\/\/zakrasnejsivimperk.cz\/wp-content\/uploads\/2025\/11\/07\/advent-zalezly-do-2112-1-1024x724.jpg\" alt=\"\" width=\"700\" height=\"495\" srcset=\"https:\/\/zakrasnejsivimperk.cz\/wp-content\/uploads\/2025\/11\/07\/advent-zalezly-do-2112-1-1024x724.jpg 1024w, https:\/\/zakrasnejsivimperk.cz\/wp-content\/uploads\/2025\/11\/07\/advent-zalezly-do-2112-1-300x212.jpg 300w, https:\/\/zakrasnejsivimperk.cz\/wp-content\/uploads\/2025\/11\/07\/advent-zalezly-do-2112-1-768x543.jpg 768w, https:\/\/zakrasnejsivimperk.cz\/wp-content\/uploads\/2025\/11\/07\/advent-zalezly-do-2112-1-1536x1086.jpg 1536w, https:\/\/zakrasnejsivimperk.cz\/wp-content\/uploads\/2025\/11\/07\/advent-zalezly-do-2112-1-505x357.jpg 505w, https:\/\/zakrasnejsivimperk.cz\/wp-content\/uploads\/2025\/11\/07\/advent-zalezly-do-2112-1-683x483.jpg 683w, https:\/\/zakrasnejsivimperk.cz\/wp-content\/uploads\/2025\/11\/07\/advent-zalezly-do-2112-1.jpg 2000w\" sizes=\"(max-width: 700px) 100vw, 700px\" \/><\/p>\n<p>&nbsp;<\/p>\n<p>&nbsp;<\/p>\n<p><img loading=\"lazy\" decoding=\"async\" class=\"aligncenter wp-image-360981 size-large\" src=\"https:\/\/zakrasnejsivimperk.cz\/wp-content\/uploads\/2025\/11\/01\/advent-vpk-2911-723x1024.jpg\" alt=\"\" width=\"700\" height=\"991\" srcset=\"https:\/\/zakrasnejsivimperk.cz\/wp-content\/uploads\/2025\/11\/01\/advent-vpk-2911-723x1024.jpg 723w, https:\/\/zakrasnejsivimperk.cz\/wp-content\/uploads\/2025\/11\/01\/advent-vpk-2911-212x300.jpg 212w, https:\/\/zakrasnejsivimperk.cz\/wp-content\/uploads\/2025\/11\/01\/advent-vpk-2911-768x1088.jpg 768w, https:\/\/zakrasnejsivimperk.cz\/wp-content\/uploads\/2025\/11\/01\/advent-vpk-2911-1085x1536.jpg 1085w, https:\/\/zakrasnejsivimperk.cz\/wp-content\/uploads\/2025\/11\/01\/advent-vpk-2911-252x357.jpg 252w, https:\/\/zakrasnejsivimperk.cz\/wp-content\/uploads\/2025\/11\/01\/advent-vpk-2911-341x483.jpg 341w, https:\/\/zakrasnejsivimperk.cz\/wp-content\/uploads\/2025\/11\/01\/advent-vpk-2911.jpg 1446w\" sizes=\"(max-width: 700px) 100vw, 700px\" \/><\/p>\n<p>&nbsp;<\/p>\n<p>&nbsp;<\/p>\n<p><img loading=\"lazy\" decoding=\"async\" class=\"aligncenter wp-image-360982 size-large\" src=\"https:\/\/zakrasnejsivimperk.cz\/wp-content\/uploads\/2025\/11\/01\/advent-vpk-3011-726x1024.jpg\" alt=\"\" width=\"700\" height=\"987\" srcset=\"https:\/\/zakrasnejsivimperk.cz\/wp-content\/uploads\/2025\/11\/01\/advent-vpk-3011-726x1024.jpg 726w, https:\/\/zakrasnejsivimperk.cz\/wp-content\/uploads\/2025\/11\/01\/advent-vpk-3011-213x300.jpg 213w, https:\/\/zakrasnejsivimperk.cz\/wp-content\/uploads\/2025\/11\/01\/advent-vpk-3011-768x1083.jpg 768w, https:\/\/zakrasnejsivimperk.cz\/wp-content\/uploads\/2025\/11\/01\/advent-vpk-3011-1089x1536.jpg 1089w, https:\/\/zakrasnejsivimperk.cz\/wp-content\/uploads\/2025\/11\/01\/advent-vpk-3011-253x357.jpg 253w, https:\/\/zakrasnejsivimperk.cz\/wp-content\/uploads\/2025\/11\/01\/advent-vpk-3011-342x483.jpg 342w, https:\/\/zakrasnejsivimperk.cz\/wp-content\/uploads\/2025\/11\/01\/advent-vpk-3011.jpg 1452w\" sizes=\"(max-width: 700px) 100vw, 700px\" \/><\/p>\n<p>&nbsp;<\/p>\n<p>&nbsp;<\/p>\n<p><img loading=\"lazy\" decoding=\"async\" class=\"aligncenter wp-image-360978 size-large\" src=\"https:\/\/zakrasnejsivimperk.cz\/wp-content\/uploads\/2025\/11\/01\/advent-pisek-program-1024x683.jpg\" alt=\"\" width=\"700\" height=\"467\" srcset=\"https:\/\/zakrasnejsivimperk.cz\/wp-content\/uploads\/2025\/11\/01\/advent-pisek-program-1024x683.jpg 1024w, https:\/\/zakrasnejsivimperk.cz\/wp-content\/uploads\/2025\/11\/01\/advent-pisek-program-300x200.jpg 300w, https:\/\/zakrasnejsivimperk.cz\/wp-content\/uploads\/2025\/11\/01\/advent-pisek-program-768x512.jpg 768w, https:\/\/zakrasnejsivimperk.cz\/wp-content\/uploads\/2025\/11\/01\/advent-pisek-program-1536x1025.jpg 1536w, https:\/\/zakrasnejsivimperk.cz\/wp-content\/uploads\/2025\/11\/01\/advent-pisek-program-535x357.jpg 535w, https:\/\/zakrasnejsivimperk.cz\/wp-content\/uploads\/2025\/11\/01\/advent-pisek-program-724x483.jpg 724w, https:\/\/zakrasnejsivimperk.cz\/wp-content\/uploads\/2025\/11\/01\/advent-pisek-program.jpg 2048w\" sizes=\"(max-width: 700px) 100vw, 700px\" \/><\/p>\n<p>&nbsp;<\/p>\n<p>&nbsp;<\/p>\n<p><img loading=\"lazy\" decoding=\"async\" class=\"wp-image-360977 size-large aligncenter\" src=\"https:\/\/zakrasnejsivimperk.cz\/wp-content\/uploads\/2025\/11\/01\/advent-market-cb-0612-1024x576.jpg\" alt=\"\" width=\"700\" height=\"394\" srcset=\"https:\/\/zakrasnejsivimperk.cz\/wp-content\/uploads\/2025\/11\/01\/advent-market-cb-0612-1024x576.jpg 1024w, https:\/\/zakrasnejsivimperk.cz\/wp-content\/uploads\/2025\/11\/01\/advent-market-cb-0612-300x169.jpg 300w, https:\/\/zakrasnejsivimperk.cz\/wp-content\/uploads\/2025\/11\/01\/advent-market-cb-0612-768x432.jpg 768w, https:\/\/zakrasnejsivimperk.cz\/wp-content\/uploads\/2025\/11\/01\/advent-market-cb-0612-1536x864.jpg 1536w, https:\/\/zakrasnejsivimperk.cz\/wp-content\/uploads\/2025\/11\/01\/advent-market-cb-0612-635x357.jpg 635w, https:\/\/zakrasnejsivimperk.cz\/wp-content\/uploads\/2025\/11\/01\/advent-market-cb-0612-859x483.jpg 859w, https:\/\/zakrasnejsivimperk.cz\/wp-content\/uploads\/2025\/11\/01\/advent-market-cb-0612.jpg 1920w\" sizes=\"(max-width: 700px) 100vw, 700px\" \/><\/p>\n<p>&nbsp;<\/p>\n<p>&nbsp;<\/p>\n<p><img loading=\"lazy\" decoding=\"async\" class=\"aligncenter wp-image-360976 size-large\" src=\"https:\/\/zakrasnejsivimperk.cz\/wp-content\/uploads\/2025\/11\/01\/advent-malenice-0612-726x1024.jpg\" alt=\"\" width=\"700\" height=\"987\" srcset=\"https:\/\/zakrasnejsivimperk.cz\/wp-content\/uploads\/2025\/11\/01\/advent-malenice-0612-726x1024.jpg 726w, https:\/\/zakrasnejsivimperk.cz\/wp-content\/uploads\/2025\/11\/01\/advent-malenice-0612-213x300.jpg 213w, https:\/\/zakrasnejsivimperk.cz\/wp-content\/uploads\/2025\/11\/01\/advent-malenice-0612-768x1083.jpg 768w, https:\/\/zakrasnejsivimperk.cz\/wp-content\/uploads\/2025\/11\/01\/advent-malenice-0612-1090x1536.jpg 1090w, https:\/\/zakrasnejsivimperk.cz\/wp-content\/uploads\/2025\/11\/01\/advent-malenice-0612-253x357.jpg 253w, https:\/\/zakrasnejsivimperk.cz\/wp-content\/uploads\/2025\/11\/01\/advent-malenice-0612-343x483.jpg 343w, https:\/\/zakrasnejsivimperk.cz\/wp-content\/uploads\/2025\/11\/01\/advent-malenice-0612.jpg 1240w\" sizes=\"(max-width: 700px) 100vw, 700px\" \/><\/p>\n<p>&nbsp;<\/p>\n<p>&nbsp;<\/p>\n<p><img loading=\"lazy\" decoding=\"async\" class=\"aligncenter wp-image-360535\" src=\"https:\/\/zakrasnejsivimperk.cz\/wp-content\/uploads\/2025\/11\/01\/plakat-advent-st-do-3012.jpeg\" alt=\"\" width=\"700\" height=\"996\" srcset=\"https:\/\/zakrasnejsivimperk.cz\/wp-content\/uploads\/2025\/11\/01\/plakat-advent-st-do-3012.jpeg 640w, https:\/\/zakrasnejsivimperk.cz\/wp-content\/uploads\/2025\/11\/01\/plakat-advent-st-do-3012-211x300.jpeg 211w, https:\/\/zakrasnejsivimperk.cz\/wp-content\/uploads\/2025\/11\/01\/plakat-advent-st-do-3012-251x357.jpeg 251w, https:\/\/zakrasnejsivimperk.cz\/wp-content\/uploads\/2025\/11\/01\/plakat-advent-st-do-3012-339x483.jpeg 339w\" sizes=\"(max-width: 700px) 100vw, 700px\" \/><\/p>\n<p>&nbsp;<\/p>\n<p><img loading=\"lazy\" decoding=\"async\" class=\"aligncenter wp-image-360552 size-full\" src=\"https:\/\/zakrasnejsivimperk.cz\/wp-content\/uploads\/2025\/11\/01\/advent-st-3011-strom.jpeg\" alt=\"\" width=\"644\" height=\"911\" srcset=\"https:\/\/zakrasnejsivimperk.cz\/wp-content\/uploads\/2025\/11\/01\/advent-st-3011-strom.jpeg 644w, https:\/\/zakrasnejsivimperk.cz\/wp-content\/uploads\/2025\/11\/01\/advent-st-3011-strom-212x300.jpeg 212w, https:\/\/zakrasnejsivimperk.cz\/wp-content\/uploads\/2025\/11\/01\/advent-st-3011-strom-252x357.jpeg 252w, https:\/\/zakrasnejsivimperk.cz\/wp-content\/uploads\/2025\/11\/01\/advent-st-3011-strom-341x483.jpeg 341w\" sizes=\"(max-width: 644px) 100vw, 644px\" \/><\/p>\n<p>&nbsp;<\/p>\n<p>&nbsp;<\/p>\n<p><img loading=\"lazy\" decoding=\"async\" class=\"aligncenter wp-image-360554 size-large\" src=\"https:\/\/zakrasnejsivimperk.cz\/wp-content\/uploads\/2025\/11\/01\/advent-st-hrad-program-724x1024.jpg\" alt=\"\" width=\"700\" height=\"990\" srcset=\"https:\/\/zakrasnejsivimperk.cz\/wp-content\/uploads\/2025\/11\/01\/advent-st-hrad-program-724x1024.jpg 724w, https:\/\/zakrasnejsivimperk.cz\/wp-content\/uploads\/2025\/11\/01\/advent-st-hrad-program-212x300.jpg 212w, https:\/\/zakrasnejsivimperk.cz\/wp-content\/uploads\/2025\/11\/01\/advent-st-hrad-program-768x1086.jpg 768w, https:\/\/zakrasnejsivimperk.cz\/wp-content\/uploads\/2025\/11\/01\/advent-st-hrad-program-252x357.jpg 252w, https:\/\/zakrasnejsivimperk.cz\/wp-content\/uploads\/2025\/11\/01\/advent-st-hrad-program-342x483.jpg 342w, https:\/\/zakrasnejsivimperk.cz\/wp-content\/uploads\/2025\/11\/01\/advent-st-hrad-program.jpg 778w\" sizes=\"(max-width: 700px) 100vw, 700px\" \/><\/p>\n<p>&nbsp;<\/p>\n<p>&nbsp;<\/p>\n<p><img loading=\"lazy\" decoding=\"async\" class=\"aligncenter wp-image-360549 size-large\" src=\"https:\/\/zakrasnejsivimperk.cz\/wp-content\/uploads\/2025\/11\/01\/advent-st-0512-1-724x1024.jpg\" alt=\"\" width=\"700\" height=\"990\" srcset=\"https:\/\/zakrasnejsivimperk.cz\/wp-content\/uploads\/2025\/11\/01\/advent-st-0512-1-724x1024.jpg 724w, https:\/\/zakrasnejsivimperk.cz\/wp-content\/uploads\/2025\/11\/01\/advent-st-0512-1-212x300.jpg 212w, https:\/\/zakrasnejsivimperk.cz\/wp-content\/uploads\/2025\/11\/01\/advent-st-0512-1-768x1087.jpg 768w, https:\/\/zakrasnejsivimperk.cz\/wp-content\/uploads\/2025\/11\/01\/advent-st-0512-1-1085x1536.jpg 1085w, https:\/\/zakrasnejsivimperk.cz\/wp-content\/uploads\/2025\/11\/01\/advent-st-0512-1-252x357.jpg 252w, https:\/\/zakrasnejsivimperk.cz\/wp-content\/uploads\/2025\/11\/01\/advent-st-0512-1-341x483.jpg 341w, https:\/\/zakrasnejsivimperk.cz\/wp-content\/uploads\/2025\/11\/01\/advent-st-0512-1.jpg 1447w\" sizes=\"(max-width: 700px) 100vw, 700px\" \/><\/p>\n<p>&nbsp;<\/p>\n<p><img loading=\"lazy\" decoding=\"async\" class=\"aligncenter wp-image-360551 size-large\" src=\"https:\/\/zakrasnejsivimperk.cz\/wp-content\/uploads\/2025\/11\/01\/advent-st-1212-724x1024.jpg\" alt=\"\" width=\"700\" height=\"990\" srcset=\"https:\/\/zakrasnejsivimperk.cz\/wp-content\/uploads\/2025\/11\/01\/advent-st-1212-724x1024.jpg 724w, https:\/\/zakrasnejsivimperk.cz\/wp-content\/uploads\/2025\/11\/01\/advent-st-1212-212x300.jpg 212w, https:\/\/zakrasnejsivimperk.cz\/wp-content\/uploads\/2025\/11\/01\/advent-st-1212-768x1086.jpg 768w, https:\/\/zakrasnejsivimperk.cz\/wp-content\/uploads\/2025\/11\/01\/advent-st-1212-1086x1536.jpg 1086w, https:\/\/zakrasnejsivimperk.cz\/wp-content\/uploads\/2025\/11\/01\/advent-st-1212-253x357.jpg 253w, https:\/\/zakrasnejsivimperk.cz\/wp-content\/uploads\/2025\/11\/01\/advent-st-1212-342x483.jpg 342w, https:\/\/zakrasnejsivimperk.cz\/wp-content\/uploads\/2025\/11\/01\/advent-st-1212.jpg 1414w\" sizes=\"(max-width: 700px) 100vw, 700px\" \/><\/p>\n<p>&nbsp;<\/p>\n<p>&nbsp;<\/p>\n<p><img loading=\"lazy\" decoding=\"async\" class=\"aligncenter wp-image-360555 size-large\" src=\"https:\/\/zakrasnejsivimperk.cz\/wp-content\/uploads\/2025\/11\/01\/advent-vodnany-2911-819x1024.jpg\" alt=\"\" width=\"700\" height=\"875\" srcset=\"https:\/\/zakrasnejsivimperk.cz\/wp-content\/uploads\/2025\/11\/01\/advent-vodnany-2911-819x1024.jpg 819w, https:\/\/zakrasnejsivimperk.cz\/wp-content\/uploads\/2025\/11\/01\/advent-vodnany-2911-240x300.jpg 240w, https:\/\/zakrasnejsivimperk.cz\/wp-content\/uploads\/2025\/11\/01\/advent-vodnany-2911-768x960.jpg 768w, https:\/\/zakrasnejsivimperk.cz\/wp-content\/uploads\/2025\/11\/01\/advent-vodnany-2911-286x357.jpg 286w, https:\/\/zakrasnejsivimperk.cz\/wp-content\/uploads\/2025\/11\/01\/advent-vodnany-2911-386x483.jpg 386w, https:\/\/zakrasnejsivimperk.cz\/wp-content\/uploads\/2025\/11\/01\/advent-vodnany-2911.jpg 1080w\" sizes=\"(max-width: 700px) 100vw, 700px\" \/><\/p>\n<p>&nbsp;<\/p>\n<p>&nbsp;<\/p>\n<p><img loading=\"lazy\" decoding=\"async\" class=\"aligncenter wp-image-360557 size-large\" src=\"https:\/\/zakrasnejsivimperk.cz\/wp-content\/uploads\/2025\/11\/01\/advent-zauezly-724x1024.jpg\" alt=\"\" width=\"700\" height=\"990\" srcset=\"https:\/\/zakrasnejsivimperk.cz\/wp-content\/uploads\/2025\/11\/01\/advent-zauezly-724x1024.jpg 724w, https:\/\/zakrasnejsivimperk.cz\/wp-content\/uploads\/2025\/11\/01\/advent-zauezly-212x300.jpg 212w, https:\/\/zakrasnejsivimperk.cz\/wp-content\/uploads\/2025\/11\/01\/advent-zauezly-768x1086.jpg 768w, https:\/\/zakrasnejsivimperk.cz\/wp-content\/uploads\/2025\/11\/01\/advent-zauezly-1086x1536.jpg 1086w, https:\/\/zakrasnejsivimperk.cz\/wp-content\/uploads\/2025\/11\/01\/advent-zauezly-252x357.jpg 252w, https:\/\/zakrasnejsivimperk.cz\/wp-content\/uploads\/2025\/11\/01\/advent-zauezly-341x483.jpg 341w, https:\/\/zakrasnejsivimperk.cz\/wp-content\/uploads\/2025\/11\/01\/advent-zauezly.jpg 1414w\" sizes=\"(max-width: 700px) 100vw, 700px\" \/><\/p>\n<p>&nbsp;<\/p>\n<p><img loading=\"lazy\" decoding=\"async\" class=\"aligncenter wp-image-360556 size-large\" src=\"https:\/\/zakrasnejsivimperk.cz\/wp-content\/uploads\/2025\/11\/01\/advent-zalezly-3011-1024x724.jpg\" alt=\"\" width=\"700\" height=\"495\" srcset=\"https:\/\/zakrasnejsivimperk.cz\/wp-content\/uploads\/2025\/11\/01\/advent-zalezly-3011-1024x724.jpg 1024w, https:\/\/zakrasnejsivimperk.cz\/wp-content\/uploads\/2025\/11\/01\/advent-zalezly-3011-300x212.jpg 300w, https:\/\/zakrasnejsivimperk.cz\/wp-content\/uploads\/2025\/11\/01\/advent-zalezly-3011-768x543.jpg 768w, https:\/\/zakrasnejsivimperk.cz\/wp-content\/uploads\/2025\/11\/01\/advent-zalezly-3011-1536x1086.jpg 1536w, https:\/\/zakrasnejsivimperk.cz\/wp-content\/uploads\/2025\/11\/01\/advent-zalezly-3011-505x357.jpg 505w, https:\/\/zakrasnejsivimperk.cz\/wp-content\/uploads\/2025\/11\/01\/advent-zalezly-3011-683x483.jpg 683w, https:\/\/zakrasnejsivimperk.cz\/wp-content\/uploads\/2025\/11\/01\/advent-zalezly-3011.jpg 2000w\" sizes=\"(max-width: 700px) 100vw, 700px\" \/><\/p>\n<p>&nbsp;<\/p>\n<p><img loading=\"lazy\" decoding=\"async\" class=\"aligncenter wp-image-360548 size-large\" src=\"https:\/\/zakrasnejsivimperk.cz\/wp-content\/uploads\/2025\/11\/01\/advent-setechovice-0612-1024x724.jpg\" alt=\"\" width=\"700\" height=\"495\" srcset=\"https:\/\/zakrasnejsivimperk.cz\/wp-content\/uploads\/2025\/11\/01\/advent-setechovice-0612-1024x724.jpg 1024w, https:\/\/zakrasnejsivimperk.cz\/wp-content\/uploads\/2025\/11\/01\/advent-setechovice-0612-300x212.jpg 300w, https:\/\/zakrasnejsivimperk.cz\/wp-content\/uploads\/2025\/11\/01\/advent-setechovice-0612-768x543.jpg 768w, https:\/\/zakrasnejsivimperk.cz\/wp-content\/uploads\/2025\/11\/01\/advent-setechovice-0612-1536x1086.jpg 1536w, https:\/\/zakrasnejsivimperk.cz\/wp-content\/uploads\/2025\/11\/01\/advent-setechovice-0612-505x357.jpg 505w, https:\/\/zakrasnejsivimperk.cz\/wp-content\/uploads\/2025\/11\/01\/advent-setechovice-0612-683x483.jpg 683w, https:\/\/zakrasnejsivimperk.cz\/wp-content\/uploads\/2025\/11\/01\/advent-setechovice-0612.jpg 2000w\" sizes=\"(max-width: 700px) 100vw, 700px\" \/><\/p>\n<p>&nbsp;<\/p>\n<hr \/>\n<p>&nbsp;<\/p>\n","protected":false},"excerpt":{"rendered":"<p>Za zm\u011bny <\/p>\n","protected":false},"author":2,"featured_media":362256,"comment_status":"open","ping_status":"open","sticky":false,"template":"","format":"gallery","meta":{"footnotes":""},"categories":[125],"tags":[],"jetpack_featured_media_url":"https:\/\/zakrasnejsivimperk.cz\/wp-content\/uploads\/2025\/11\/18\/akce-adventni-celkova-nabidka.jpg","_links":{"self":[{"href":"https:\/\/zakrasnejsivimperk.cz\/index.php?rest_route=\/wp\/v2\/posts\/360545"}],"collection":[{"href":"https:\/\/zakrasnejsivimperk.cz\/index.php?rest_route=\/wp\/v2\/posts"}],"about":[{"href":"https:\/\/zakrasnejsivimperk.cz\/index.php?rest_route=\/wp\/v2\/types\/post"}],"author":[{"embeddable":true,"href":"https:\/\/zakrasnejsivimperk.cz\/index.php?rest_route=\/wp\/v2\/users\/2"}],"replies":[{"embeddable":true,"href":"https:\/\/zakrasnejsivimperk.cz\/index.php?rest_route=%2Fwp%2Fv2%2Fcomments&post=360545"}],"version-history":[{"count":33,"href":"https:\/\/zakrasnejsivimperk.cz\/index.php?rest_route=\/wp\/v2\/posts\/360545\/revisions"}],"predecessor-version":[{"id":364297,"href":"https:\/\/zakrasnejsivimperk.cz\/index.php?rest_route=\/wp\/v2\/posts\/360545\/revisions\/364297"}],"wp:featuredmedia":[{"embeddable":true,"href":"https:\/\/zakrasnejsivimperk.cz\/index.php?rest_route=\/wp\/v2\/media\/362256"}],"wp:attachment":[{"href":"https:\/\/zakrasnejsivimperk.cz\/index.php?rest_route=%2Fwp%2Fv2%2Fmedia&parent=360545"}],"wp:term":[{"taxonomy":"category","embeddable":true,"href":"https:\/\/zakrasnejsivimperk.cz\/index.php?rest_route=%2Fwp%2Fv2%2Fcategories&post=360545"},{"taxonomy":"post_tag","embeddable":true,"href":"https:\/\/zakrasnejsivimperk.cz\/index.php?rest_route=%2Fwp%2Fv2%2Ftags&post=360545"}],"curies":[{"name":"wp","href":"https:\/\/api.w.org\/{rel}","templated":true}]}}