{"id":360293,"date":"2025-10-29T18:38:36","date_gmt":"2025-10-29T17:38:36","guid":{"rendered":"https:\/\/zakrasnejsivimperk.cz\/?p=360293"},"modified":"2025-10-29T18:38:36","modified_gmt":"2025-10-29T17:38:36","slug":"policie-cr-patrani-po-motorovem-vozidle-kterym-rodina-prijela-na-sumavu","status":"publish","type":"post","link":"https:\/\/zakrasnejsivimperk.cz\/?p=360293","title":{"rendered":"POLICIE \u010cR: P\u00e1tr\u00e1n\u00ed po motorov\u00e9m vozidle, kter\u00fdm rodina p\u0159ijela na \u0160umavu"},"content":{"rendered":"<h6>Hornovltavi\u010dt\u00ed policist\u00e9 zah\u00e1jili \u00fakony trestn\u00edho \u0159\u00edzen\u00ed ve v\u011bci p\u0159e\u010dinu kr\u00e1de\u017ee. Od \u00fatern\u00edho odpoledne p\u00e1traj\u00ed po osobn\u00edm motorov\u00e9m vozidle VW Golf, modr\u00e9 barvy, registra\u010dn\u00ed zna\u010dky 8U84268, kter\u00e9 oznamovatelka zaparkovala dne 28.10.2025 po 14:00 hodin\u011b na parkovi\u0161ti u Jezern\u00ed slati v katastru obce Kvilda.<\/h6>\n<p>Kdy\u017e se zhruba v 16:20 hodin na parkovi\u0161t\u011b vr\u00e1tila, vozidlo tam ji\u017e nena\u0161la. Ve vozidle se d\u00e1le nach\u00e1zely t\u0159i bundy, t\u0159i p\u00e1ry bot a doklady k vozidlu. Odcizen\u00edm vozidla vznikla po\u0161kozen\u00e9 \u0161koda za nejm\u00e9n\u011b 415 000 korun.<\/p>\n<p>Po vozidle VW Golf policist\u00e9 vyhl\u00e1sili\u00a0p\u00e1tr\u00e1n\u00ed. Hornovltavi\u010dt\u00ed policist\u00e9 z\u00e1rove\u0148 \u017e\u00e1daj\u00ed p\u0159\u00edpadn\u00e9 sv\u011bdky, kte\u0159\u00ed by vozidlo spat\u0159ili, aby ihned kontaktovali policisty na t\u00eds\u0148ov\u00e9 lince 158. D\u011bkujeme.<\/p>\n<p><strong>POLICIE \u010cR<\/strong><\/p>\n<hr \/>\n<p>&nbsp;<\/p>\n","protected":false},"excerpt":{"rendered":"<p>Hornovltavi\u010dt\u00ed policist\u00e9 <\/p>\n","protected":false},"author":2,"featured_media":43386,"comment_status":"open","ping_status":"open","sticky":false,"template":"","format":"gallery","meta":{"footnotes":""},"categories":[13],"tags":[],"jetpack_featured_media_url":"https:\/\/zakrasnejsivimperk.cz\/wp-content\/uploads\/2016\/01\/17\/policie-2.jpg","_links":{"self":[{"href":"https:\/\/zakrasnejsivimperk.cz\/index.php?rest_route=\/wp\/v2\/posts\/360293"}],"collection":[{"href":"https:\/\/zakrasnejsivimperk.cz\/index.php?rest_route=\/wp\/v2\/posts"}],"about":[{"href":"https:\/\/zakrasnejsivimperk.cz\/index.php?rest_route=\/wp\/v2\/types\/post"}],"author":[{"embeddable":true,"href":"https:\/\/zakrasnejsivimperk.cz\/index.php?rest_route=\/wp\/v2\/users\/2"}],"replies":[{"embeddable":true,"href":"https:\/\/zakrasnejsivimperk.cz\/index.php?rest_route=%2Fwp%2Fv2%2Fcomments&post=360293"}],"version-history":[{"count":2,"href":"https:\/\/zakrasnejsivimperk.cz\/index.php?rest_route=\/wp\/v2\/posts\/360293\/revisions"}],"predecessor-version":[{"id":360341,"href":"https:\/\/zakrasnejsivimperk.cz\/index.php?rest_route=\/wp\/v2\/posts\/360293\/revisions\/360341"}],"wp:featuredmedia":[{"embeddable":true,"href":"https:\/\/zakrasnejsivimperk.cz\/index.php?rest_route=\/wp\/v2\/media\/43386"}],"wp:attachment":[{"href":"https:\/\/zakrasnejsivimperk.cz\/index.php?rest_route=%2Fwp%2Fv2%2Fmedia&parent=360293"}],"wp:term":[{"taxonomy":"category","embeddable":true,"href":"https:\/\/zakrasnejsivimperk.cz\/index.php?rest_route=%2Fwp%2Fv2%2Fcategories&post=360293"},{"taxonomy":"post_tag","embeddable":true,"href":"https:\/\/zakrasnejsivimperk.cz\/index.php?rest_route=%2Fwp%2Fv2%2Ftags&post=360293"}],"curies":[{"name":"wp","href":"https:\/\/api.w.org\/{rel}","templated":true}]}}