{"id":360039,"date":"2025-10-25T15:28:09","date_gmt":"2025-10-25T14:28:09","guid":{"rendered":"https:\/\/zakrasnejsivimperk.cz\/?p=360039"},"modified":"2025-10-25T15:33:18","modified_gmt":"2025-10-25T14:33:18","slug":"sumava-kvilda-25-rijna-2","status":"publish","type":"post","link":"https:\/\/zakrasnejsivimperk.cz\/?p=360039","title":{"rendered":"\u0160UMAVA: Kvilda &#8211; 25. \u0159\u00edjna"},"content":{"rendered":"<p><img loading=\"lazy\" decoding=\"async\" class=\"aligncenter wp-image-360033 size-full\" src=\"https:\/\/zakrasnejsivimperk.cz\/wp-content\/uploads\/2025\/10\/25\/kvilda-251025-1.jpeg\" alt=\"\" width=\"2048\" height=\"1150\" srcset=\"https:\/\/zakrasnejsivimperk.cz\/wp-content\/uploads\/2025\/10\/25\/kvilda-251025-1.jpeg 2048w, https:\/\/zakrasnejsivimperk.cz\/wp-content\/uploads\/2025\/10\/25\/kvilda-251025-1-300x168.jpeg 300w, https:\/\/zakrasnejsivimperk.cz\/wp-content\/uploads\/2025\/10\/25\/kvilda-251025-1-1024x575.jpeg 1024w, https:\/\/zakrasnejsivimperk.cz\/wp-content\/uploads\/2025\/10\/25\/kvilda-251025-1-768x431.jpeg 768w, https:\/\/zakrasnejsivimperk.cz\/wp-content\/uploads\/2025\/10\/25\/kvilda-251025-1-1536x863.jpeg 1536w, https:\/\/zakrasnejsivimperk.cz\/wp-content\/uploads\/2025\/10\/25\/kvilda-251025-1-636x357.jpeg 636w, https:\/\/zakrasnejsivimperk.cz\/wp-content\/uploads\/2025\/10\/25\/kvilda-251025-1-860x483.jpeg 860w\" sizes=\"(max-width: 2048px) 100vw, 2048px\" \/><\/p>\n<p>&nbsp;<\/p>\n<p><img loading=\"lazy\" decoding=\"async\" class=\"aligncenter wp-image-360035 size-full\" src=\"https:\/\/zakrasnejsivimperk.cz\/wp-content\/uploads\/2025\/10\/25\/kvilda-251025-3.jpeg\" alt=\"\" width=\"2048\" height=\"1150\" srcset=\"https:\/\/zakrasnejsivimperk.cz\/wp-content\/uploads\/2025\/10\/25\/kvilda-251025-3.jpeg 2048w, https:\/\/zakrasnejsivimperk.cz\/wp-content\/uploads\/2025\/10\/25\/kvilda-251025-3-300x168.jpeg 300w, https:\/\/zakrasnejsivimperk.cz\/wp-content\/uploads\/2025\/10\/25\/kvilda-251025-3-1024x575.jpeg 1024w, https:\/\/zakrasnejsivimperk.cz\/wp-content\/uploads\/2025\/10\/25\/kvilda-251025-3-768x431.jpeg 768w, https:\/\/zakrasnejsivimperk.cz\/wp-content\/uploads\/2025\/10\/25\/kvilda-251025-3-1536x863.jpeg 1536w, https:\/\/zakrasnejsivimperk.cz\/wp-content\/uploads\/2025\/10\/25\/kvilda-251025-3-636x357.jpeg 636w, https:\/\/zakrasnejsivimperk.cz\/wp-content\/uploads\/2025\/10\/25\/kvilda-251025-3-860x483.jpeg 860w\" sizes=\"(max-width: 2048px) 100vw, 2048px\" \/><\/p>\n<p>&nbsp;<\/p>\n<p><img loading=\"lazy\" decoding=\"async\" class=\"aligncenter wp-image-360036 size-full\" src=\"https:\/\/zakrasnejsivimperk.cz\/wp-content\/uploads\/2025\/10\/25\/kvilda-251025-4.jpeg\" alt=\"\" width=\"1150\" height=\"2048\" srcset=\"https:\/\/zakrasnejsivimperk.cz\/wp-content\/uploads\/2025\/10\/25\/kvilda-251025-4.jpeg 1150w, https:\/\/zakrasnejsivimperk.cz\/wp-content\/uploads\/2025\/10\/25\/kvilda-251025-4-168x300.jpeg 168w, https:\/\/zakrasnejsivimperk.cz\/wp-content\/uploads\/2025\/10\/25\/kvilda-251025-4-575x1024.jpeg 575w, https:\/\/zakrasnejsivimperk.cz\/wp-content\/uploads\/2025\/10\/25\/kvilda-251025-4-768x1368.jpeg 768w, https:\/\/zakrasnejsivimperk.cz\/wp-content\/uploads\/2025\/10\/25\/kvilda-251025-4-863x1536.jpeg 863w, https:\/\/zakrasnejsivimperk.cz\/wp-content\/uploads\/2025\/10\/25\/kvilda-251025-4-200x357.jpeg 200w, https:\/\/zakrasnejsivimperk.cz\/wp-content\/uploads\/2025\/10\/25\/kvilda-251025-4-271x483.jpeg 271w\" sizes=\"(max-width: 1150px) 100vw, 1150px\" \/><\/p>\n<p>&nbsp;<\/p>\n<figure id=\"attachment_360034\" aria-describedby=\"caption-attachment-360034\" style=\"width: 2048px\" class=\"wp-caption aligncenter\"><img loading=\"lazy\" decoding=\"async\" class=\"wp-image-360034 size-full\" src=\"https:\/\/zakrasnejsivimperk.cz\/wp-content\/uploads\/2025\/10\/25\/kvilda-251025-2.jpeg\" alt=\"\" width=\"2048\" height=\"1150\" srcset=\"https:\/\/zakrasnejsivimperk.cz\/wp-content\/uploads\/2025\/10\/25\/kvilda-251025-2.jpeg 2048w, https:\/\/zakrasnejsivimperk.cz\/wp-content\/uploads\/2025\/10\/25\/kvilda-251025-2-300x168.jpeg 300w, https:\/\/zakrasnejsivimperk.cz\/wp-content\/uploads\/2025\/10\/25\/kvilda-251025-2-1024x575.jpeg 1024w, https:\/\/zakrasnejsivimperk.cz\/wp-content\/uploads\/2025\/10\/25\/kvilda-251025-2-768x431.jpeg 768w, https:\/\/zakrasnejsivimperk.cz\/wp-content\/uploads\/2025\/10\/25\/kvilda-251025-2-1536x863.jpeg 1536w, https:\/\/zakrasnejsivimperk.cz\/wp-content\/uploads\/2025\/10\/25\/kvilda-251025-2-636x357.jpeg 636w, https:\/\/zakrasnejsivimperk.cz\/wp-content\/uploads\/2025\/10\/25\/kvilda-251025-2-860x483.jpeg 860w\" sizes=\"(max-width: 2048px) 100vw, 2048px\" \/><figcaption id=\"caption-attachment-360034\" class=\"wp-caption-text\">Foto: (red) &#8211; Za kr\u00e1sn\u011bj\u0161\u00ed Vimperk<\/figcaption><\/figure>\n<hr \/>\n<p>&nbsp;<\/p>\n","protected":false},"excerpt":{"rendered":"<p>&nbsp; &nbsp; <\/p>\n","protected":false},"author":2,"featured_media":360034,"comment_status":"open","ping_status":"open","sticky":false,"template":"","format":"gallery","meta":{"footnotes":""},"categories":[179],"tags":[],"jetpack_featured_media_url":"https:\/\/zakrasnejsivimperk.cz\/wp-content\/uploads\/2025\/10\/25\/kvilda-251025-2.jpeg","_links":{"self":[{"href":"https:\/\/zakrasnejsivimperk.cz\/index.php?rest_route=\/wp\/v2\/posts\/360039"}],"collection":[{"href":"https:\/\/zakrasnejsivimperk.cz\/index.php?rest_route=\/wp\/v2\/posts"}],"about":[{"href":"https:\/\/zakrasnejsivimperk.cz\/index.php?rest_route=\/wp\/v2\/types\/post"}],"author":[{"embeddable":true,"href":"https:\/\/zakrasnejsivimperk.cz\/index.php?rest_route=\/wp\/v2\/users\/2"}],"replies":[{"embeddable":true,"href":"https:\/\/zakrasnejsivimperk.cz\/index.php?rest_route=%2Fwp%2Fv2%2Fcomments&post=360039"}],"version-history":[{"count":4,"href":"https:\/\/zakrasnejsivimperk.cz\/index.php?rest_route=\/wp\/v2\/posts\/360039\/revisions"}],"predecessor-version":[{"id":360048,"href":"https:\/\/zakrasnejsivimperk.cz\/index.php?rest_route=\/wp\/v2\/posts\/360039\/revisions\/360048"}],"wp:featuredmedia":[{"embeddable":true,"href":"https:\/\/zakrasnejsivimperk.cz\/index.php?rest_route=\/wp\/v2\/media\/360034"}],"wp:attachment":[{"href":"https:\/\/zakrasnejsivimperk.cz\/index.php?rest_route=%2Fwp%2Fv2%2Fmedia&parent=360039"}],"wp:term":[{"taxonomy":"category","embeddable":true,"href":"https:\/\/zakrasnejsivimperk.cz\/index.php?rest_route=%2Fwp%2Fv2%2Fcategories&post=360039"},{"taxonomy":"post_tag","embeddable":true,"href":"https:\/\/zakrasnejsivimperk.cz\/index.php?rest_route=%2Fwp%2Fv2%2Ftags&post=360039"}],"curies":[{"name":"wp","href":"https:\/\/api.w.org\/{rel}","templated":true}]}}