{"id":360032,"date":"2025-10-25T15:24:31","date_gmt":"2025-10-25T14:24:31","guid":{"rendered":"https:\/\/zakrasnejsivimperk.cz\/?p=360032"},"modified":"2025-10-25T15:26:04","modified_gmt":"2025-10-25T14:26:04","slug":"sumava-kvilda-25-rijna","status":"publish","type":"post","link":"https:\/\/zakrasnejsivimperk.cz\/?p=360032","title":{"rendered":"\u0160UMAVA: Kvilda &#8211; 25. \u0159\u00edjna"},"content":{"rendered":"<figure id=\"attachment_360033\" aria-describedby=\"caption-attachment-360033\" style=\"width: 2048px\" class=\"wp-caption aligncenter\"><img loading=\"lazy\" decoding=\"async\" class=\"wp-image-360033 size-full\" src=\"https:\/\/zakrasnejsivimperk.cz\/wp-content\/uploads\/2025\/10\/25\/kvilda-251025-1.jpeg\" alt=\"\" width=\"2048\" height=\"1150\" srcset=\"https:\/\/zakrasnejsivimperk.cz\/wp-content\/uploads\/2025\/10\/25\/kvilda-251025-1.jpeg 2048w, https:\/\/zakrasnejsivimperk.cz\/wp-content\/uploads\/2025\/10\/25\/kvilda-251025-1-300x168.jpeg 300w, https:\/\/zakrasnejsivimperk.cz\/wp-content\/uploads\/2025\/10\/25\/kvilda-251025-1-1024x575.jpeg 1024w, https:\/\/zakrasnejsivimperk.cz\/wp-content\/uploads\/2025\/10\/25\/kvilda-251025-1-768x431.jpeg 768w, https:\/\/zakrasnejsivimperk.cz\/wp-content\/uploads\/2025\/10\/25\/kvilda-251025-1-1536x863.jpeg 1536w, https:\/\/zakrasnejsivimperk.cz\/wp-content\/uploads\/2025\/10\/25\/kvilda-251025-1-636x357.jpeg 636w, https:\/\/zakrasnejsivimperk.cz\/wp-content\/uploads\/2025\/10\/25\/kvilda-251025-1-860x483.jpeg 860w\" sizes=\"(max-width: 2048px) 100vw, 2048px\" \/><figcaption id=\"caption-attachment-360033\" class=\"wp-caption-text\">Foto: (red) &#8211; Za kr\u00e1sn\u011bj\u0161\u00ed Vimperk<\/figcaption><\/figure>\n<hr \/>\n<p>&nbsp;<\/p>\n","protected":false},"excerpt":{"rendered":"<p>&nbsp;<\/p>\n","protected":false},"author":2,"featured_media":360033,"comment_status":"open","ping_status":"open","sticky":false,"template":"","format":"gallery","meta":{"footnotes":""},"categories":[8],"tags":[],"jetpack_featured_media_url":"https:\/\/zakrasnejsivimperk.cz\/wp-content\/uploads\/2025\/10\/25\/kvilda-251025-1.jpeg","_links":{"self":[{"href":"https:\/\/zakrasnejsivimperk.cz\/index.php?rest_route=\/wp\/v2\/posts\/360032"}],"collection":[{"href":"https:\/\/zakrasnejsivimperk.cz\/index.php?rest_route=\/wp\/v2\/posts"}],"about":[{"href":"https:\/\/zakrasnejsivimperk.cz\/index.php?rest_route=\/wp\/v2\/types\/post"}],"author":[{"embeddable":true,"href":"https:\/\/zakrasnejsivimperk.cz\/index.php?rest_route=\/wp\/v2\/users\/2"}],"replies":[{"embeddable":true,"href":"https:\/\/zakrasnejsivimperk.cz\/index.php?rest_route=%2Fwp%2Fv2%2Fcomments&post=360032"}],"version-history":[{"count":2,"href":"https:\/\/zakrasnejsivimperk.cz\/index.php?rest_route=\/wp\/v2\/posts\/360032\/revisions"}],"predecessor-version":[{"id":360038,"href":"https:\/\/zakrasnejsivimperk.cz\/index.php?rest_route=\/wp\/v2\/posts\/360032\/revisions\/360038"}],"wp:featuredmedia":[{"embeddable":true,"href":"https:\/\/zakrasnejsivimperk.cz\/index.php?rest_route=\/wp\/v2\/media\/360033"}],"wp:attachment":[{"href":"https:\/\/zakrasnejsivimperk.cz\/index.php?rest_route=%2Fwp%2Fv2%2Fmedia&parent=360032"}],"wp:term":[{"taxonomy":"category","embeddable":true,"href":"https:\/\/zakrasnejsivimperk.cz\/index.php?rest_route=%2Fwp%2Fv2%2Fcategories&post=360032"},{"taxonomy":"post_tag","embeddable":true,"href":"https:\/\/zakrasnejsivimperk.cz\/index.php?rest_route=%2Fwp%2Fv2%2Ftags&post=360032"}],"curies":[{"name":"wp","href":"https:\/\/api.w.org\/{rel}","templated":true}]}}