{"id":359906,"date":"2025-10-24T15:46:18","date_gmt":"2025-10-24T14:46:18","guid":{"rendered":"https:\/\/zakrasnejsivimperk.cz\/?p=359906"},"modified":"2025-10-24T15:46:18","modified_gmt":"2025-10-24T14:46:18","slug":"jizni-cechy-svatecni-pozvanka-k-hrazi-rybnika-bezdrev","status":"publish","type":"post","link":"https:\/\/zakrasnejsivimperk.cz\/?p=359906","title":{"rendered":"JI\u017dN\u00cd \u010cECHY: Sv\u00e1te\u010dn\u00ed pozv\u00e1nka k hr\u00e1zi rybn\u00edka Bezdrev"},"content":{"rendered":"<p><img loading=\"lazy\" decoding=\"async\" class=\"aligncenter wp-image-359893 size-full\" src=\"https:\/\/zakrasnejsivimperk.cz\/wp-content\/uploads\/2025\/10\/23\/RYBARSKE_SLAVNOSTI2025.jpeg\" alt=\"\" width=\"904\" height=\"1280\" srcset=\"https:\/\/zakrasnejsivimperk.cz\/wp-content\/uploads\/2025\/10\/23\/RYBARSKE_SLAVNOSTI2025.jpeg 904w, https:\/\/zakrasnejsivimperk.cz\/wp-content\/uploads\/2025\/10\/23\/RYBARSKE_SLAVNOSTI2025-212x300.jpeg 212w, https:\/\/zakrasnejsivimperk.cz\/wp-content\/uploads\/2025\/10\/23\/RYBARSKE_SLAVNOSTI2025-723x1024.jpeg 723w, https:\/\/zakrasnejsivimperk.cz\/wp-content\/uploads\/2025\/10\/23\/RYBARSKE_SLAVNOSTI2025-768x1087.jpeg 768w, https:\/\/zakrasnejsivimperk.cz\/wp-content\/uploads\/2025\/10\/23\/RYBARSKE_SLAVNOSTI2025-252x357.jpeg 252w, https:\/\/zakrasnejsivimperk.cz\/wp-content\/uploads\/2025\/10\/23\/RYBARSKE_SLAVNOSTI2025-341x483.jpeg 341w\" sizes=\"(max-width: 904px) 100vw, 904px\" \/><\/p>\n<hr \/>\n<p>&nbsp;<\/p>\n<h6>Informujeme:<\/h6>\n<h4 class=\"entry-title\"><a href=\"https:\/\/zakrasnejsivimperk.cz\/?p=359785\" target=\"_blank\" rel=\"noopener\">JI\u017dN\u00cd \u010cECHY: Ryb\u00e1\u0159i lov\u00ed druh\u00fd nejv\u011bt\u0161\u00ed rybn\u00edk v \u010cesku. Extra prodlou\u017een\u00fd v\u00edkend l\u00e1k\u00e1 do ji\u017en\u00edch \u010cech<\/a><\/h4>\n<hr \/>\n<p>&nbsp;<\/p>\n","protected":false},"excerpt":{"rendered":"<p>&nbsp; Informujeme: <\/p>\n","protected":false},"author":2,"featured_media":359896,"comment_status":"open","ping_status":"open","sticky":false,"template":"","format":"gallery","meta":{"footnotes":""},"categories":[72],"tags":[],"jetpack_featured_media_url":"https:\/\/zakrasnejsivimperk.cz\/wp-content\/uploads\/2025\/10\/23\/ram-svatecni-pozvanka-3.jpg","_links":{"self":[{"href":"https:\/\/zakrasnejsivimperk.cz\/index.php?rest_route=\/wp\/v2\/posts\/359906"}],"collection":[{"href":"https:\/\/zakrasnejsivimperk.cz\/index.php?rest_route=\/wp\/v2\/posts"}],"about":[{"href":"https:\/\/zakrasnejsivimperk.cz\/index.php?rest_route=\/wp\/v2\/types\/post"}],"author":[{"embeddable":true,"href":"https:\/\/zakrasnejsivimperk.cz\/index.php?rest_route=\/wp\/v2\/users\/2"}],"replies":[{"embeddable":true,"href":"https:\/\/zakrasnejsivimperk.cz\/index.php?rest_route=%2Fwp%2Fv2%2Fcomments&post=359906"}],"version-history":[{"count":2,"href":"https:\/\/zakrasnejsivimperk.cz\/index.php?rest_route=\/wp\/v2\/posts\/359906\/revisions"}],"predecessor-version":[{"id":359975,"href":"https:\/\/zakrasnejsivimperk.cz\/index.php?rest_route=\/wp\/v2\/posts\/359906\/revisions\/359975"}],"wp:featuredmedia":[{"embeddable":true,"href":"https:\/\/zakrasnejsivimperk.cz\/index.php?rest_route=\/wp\/v2\/media\/359896"}],"wp:attachment":[{"href":"https:\/\/zakrasnejsivimperk.cz\/index.php?rest_route=%2Fwp%2Fv2%2Fmedia&parent=359906"}],"wp:term":[{"taxonomy":"category","embeddable":true,"href":"https:\/\/zakrasnejsivimperk.cz\/index.php?rest_route=%2Fwp%2Fv2%2Fcategories&post=359906"},{"taxonomy":"post_tag","embeddable":true,"href":"https:\/\/zakrasnejsivimperk.cz\/index.php?rest_route=%2Fwp%2Fv2%2Ftags&post=359906"}],"curies":[{"name":"wp","href":"https:\/\/api.w.org\/{rel}","templated":true}]}}